{"id":15955,"date":"2026-03-18T15:58:01","date_gmt":"2026-03-18T15:58:01","guid":{"rendered":"https:\/\/www.greenpeace.org\/chile\/?p=15955"},"modified":"2026-03-23T19:50:46","modified_gmt":"2026-03-23T19:50:46","slug":"gracias-por-nada-a-los-poderosos-y-gracias-por-todo-a-las-personas-somos-independientes-porque-la-gente-lo-hace-posible","status":"publish","type":"post","link":"https:\/\/www.greenpeace.org\/chile\/blog\/greenpeace\/gracias-por-nada-a-los-poderosos-y-gracias-por-todo-a-las-personas-somos-independientes-porque-la-gente-lo-hace-posible\/","title":{"rendered":"\u201cGracias por Nada\u201d a los poderosos y \u201cGracias por Todo\u201d a las personas: somos independientes porque la gente lo hace posible"},"content":{"rendered":"\n<figure class=\"wp-block-image\"><img loading=\"lazy\" decoding=\"async\" width=\"800\" height=\"528\" src=\"https:\/\/www.greenpeace.org\/static\/planet4-chile-stateless\/2026\/03\/6dbce04b-gif-header-horizontal.gif\" alt=\"\" class=\"wp-image-15971\"\/><\/figure>\n\n<p><strong>Vivimos en una \u00e9poca en que los intereses econ\u00f3micos y pol\u00edticos condicionan decisiones ambientales clave. Empresas que priorizan ganancias y gobiernos presionados por lobbies hacen que muchas veces la protecci\u00f3n del medioambiente quede en segundo plano. Frente a ese problema, la respuesta de Greenpeace es clara: no dependemos de ellos.<\/strong><\/p>\n\n<div class=\"wp-block-buttons is-content-justification-center is-layout-flex wp-container-core-buttons-is-layout-16018d1d wp-block-buttons-is-layout-flex\">\n<div class=\"wp-block-button is-style-cta\"><a class=\"wp-block-button__link wp-element-button\" href=\"https:\/\/landing.infogreenpeace.org\/greenpeace-independencia?\" target=\"_blank\" rel=\"noreferrer noopener\">\u00a1S\u00famate a Greenpeace!<\/a><\/div>\n<\/div>\n\n<div class=\"wp-block-columns is-layout-flex wp-container-core-columns-is-layout-9d6595d7 wp-block-columns-is-layout-flex\">\n<div class=\"wp-block-column is-layout-flow wp-block-column-is-layout-flow\">\n<figure class=\"wp-block-image size-full\"><img loading=\"lazy\" decoding=\"async\" width=\"1024\" height=\"684\" src=\"https:\/\/www.greenpeace.org\/static\/planet4-chile-stateless\/2023\/01\/b3003303-chile.jpeg\" alt=\"\" class=\"wp-image-8633\" srcset=\"https:\/\/www.greenpeace.org\/static\/planet4-chile-stateless\/2023\/01\/b3003303-chile.jpeg 1024w, https:\/\/www.greenpeace.org\/static\/planet4-chile-stateless\/2023\/01\/b3003303-chile-300x200.jpeg 300w, https:\/\/www.greenpeace.org\/static\/planet4-chile-stateless\/2023\/01\/b3003303-chile-768x513.jpeg 768w, https:\/\/www.greenpeace.org\/static\/planet4-chile-stateless\/2023\/01\/b3003303-chile-510x340.jpeg 510w\" sizes=\"auto, (max-width: 1024px) 100vw, 1024px\" \/><\/figure>\n<\/div>\n\n\n\n<div class=\"wp-block-column is-layout-flow wp-block-column-is-layout-flow\">\n<figure class=\"wp-block-image size-large\"><img loading=\"lazy\" decoding=\"async\" width=\"1024\" height=\"684\" src=\"https:\/\/www.greenpeace.org\/static\/planet4-chile-stateless\/2022\/01\/d180bcd2-gpc_noadominga_ministerio_05-1024x684.jpg\" alt=\"\" class=\"wp-image-7579\" srcset=\"https:\/\/www.greenpeace.org\/static\/planet4-chile-stateless\/2022\/01\/d180bcd2-gpc_noadominga_ministerio_05-1024x684.jpg 1024w, https:\/\/www.greenpeace.org\/static\/planet4-chile-stateless\/2022\/01\/d180bcd2-gpc_noadominga_ministerio_05-300x200.jpg 300w, https:\/\/www.greenpeace.org\/static\/planet4-chile-stateless\/2022\/01\/d180bcd2-gpc_noadominga_ministerio_05-768x513.jpg 768w, https:\/\/www.greenpeace.org\/static\/planet4-chile-stateless\/2022\/01\/d180bcd2-gpc_noadominga_ministerio_05-1536x1026.jpg 1536w, https:\/\/www.greenpeace.org\/static\/planet4-chile-stateless\/2022\/01\/d180bcd2-gpc_noadominga_ministerio_05-2048x1367.jpg 2048w, https:\/\/www.greenpeace.org\/static\/planet4-chile-stateless\/2022\/01\/d180bcd2-gpc_noadominga_ministerio_05-2046x1366.jpg 2046w, https:\/\/www.greenpeace.org\/static\/planet4-chile-stateless\/2022\/01\/d180bcd2-gpc_noadominga_ministerio_05-510x340.jpg 510w\" sizes=\"auto, (max-width: 1024px) 100vw, 1024px\" \/><\/figure>\n<\/div>\n<\/div>\n\n<p>Nuestra <strong>independencia<\/strong> es un valor central. <strong>Greenpeace no le debe nada a nadie porque existe gracias a la gente: no aceptamos financiamiento de gobiernos, partidos pol\u00edticos ni empresas.<\/strong> Esa <strong>autonom\u00eda<\/strong> nos permite investigar, denunciar y exigir cambios sin ataduras; nos autoriza a se\u00f1alar irregularidades, visibilizar impactos y defender la naturaleza con total libertad frente a gobiernos, empresas y otros actores de poder.<\/p>\n\n<div class=\"wp-block-columns is-layout-flex wp-container-core-columns-is-layout-9d6595d7 wp-block-columns-is-layout-flex\">\n<div class=\"wp-block-column is-layout-flow wp-block-column-is-layout-flow\">\n<figure class=\"wp-block-image size-large\"><img loading=\"lazy\" decoding=\"async\" width=\"1024\" height=\"683\" src=\"https:\/\/www.greenpeace.org\/static\/planet4-chile-stateless\/2026\/03\/8676a7b7-gpc-ley-de-incendios-greenpeace-01-1024x683.jpg\" alt=\"\" class=\"wp-image-15929\" srcset=\"https:\/\/www.greenpeace.org\/static\/planet4-chile-stateless\/2026\/03\/8676a7b7-gpc-ley-de-incendios-greenpeace-01-1024x683.jpg 1024w, https:\/\/www.greenpeace.org\/static\/planet4-chile-stateless\/2026\/03\/8676a7b7-gpc-ley-de-incendios-greenpeace-01-300x200.jpg 300w, https:\/\/www.greenpeace.org\/static\/planet4-chile-stateless\/2026\/03\/8676a7b7-gpc-ley-de-incendios-greenpeace-01-768x512.jpg 768w, https:\/\/www.greenpeace.org\/static\/planet4-chile-stateless\/2026\/03\/8676a7b7-gpc-ley-de-incendios-greenpeace-01-1536x1024.jpg 1536w, https:\/\/www.greenpeace.org\/static\/planet4-chile-stateless\/2026\/03\/8676a7b7-gpc-ley-de-incendios-greenpeace-01-2048x1366.jpg 2048w, https:\/\/www.greenpeace.org\/static\/planet4-chile-stateless\/2026\/03\/8676a7b7-gpc-ley-de-incendios-greenpeace-01-510x340.jpg 510w\" sizes=\"auto, (max-width: 1024px) 100vw, 1024px\" \/><\/figure>\n<\/div>\n\n\n\n<div class=\"wp-block-column is-layout-flow wp-block-column-is-layout-flow\">\n<figure class=\"wp-block-image\"><img loading=\"lazy\" decoding=\"async\" width=\"1024\" height=\"649\" src=\"https:\/\/www.greenpeace.org\/static\/planet4-chile-stateless\/2025\/11\/fcdcd064-banner_001_credito-matias-romagosa-greenpeace-1024x649.jpg\" alt=\"\" class=\"wp-image-15640\" style=\"aspect-ratio:3\/2;object-fit:cover\" srcset=\"https:\/\/www.greenpeace.org\/static\/planet4-chile-stateless\/2025\/11\/fcdcd064-banner_001_credito-matias-romagosa-greenpeace-1024x649.jpg 1024w, https:\/\/www.greenpeace.org\/static\/planet4-chile-stateless\/2025\/11\/fcdcd064-banner_001_credito-matias-romagosa-greenpeace-300x190.jpg 300w, https:\/\/www.greenpeace.org\/static\/planet4-chile-stateless\/2025\/11\/fcdcd064-banner_001_credito-matias-romagosa-greenpeace-768x487.jpg 768w, https:\/\/www.greenpeace.org\/static\/planet4-chile-stateless\/2025\/11\/fcdcd064-banner_001_credito-matias-romagosa-greenpeace-1536x974.jpg 1536w, https:\/\/www.greenpeace.org\/static\/planet4-chile-stateless\/2025\/11\/fcdcd064-banner_001_credito-matias-romagosa-greenpeace-510x323.jpg 510w, https:\/\/www.greenpeace.org\/static\/planet4-chile-stateless\/2025\/11\/fcdcd064-banner_001_credito-matias-romagosa-greenpeace.jpg 2000w\" sizes=\"auto, (max-width: 1024px) 100vw, 1024px\" \/><figcaption><div class=\"credit icon-left\"> \u00a9 Mat\u00edas Romagosa \/ Greenpeace<\/div><\/figcaption><\/figure>\n<\/div>\n<\/div>\n\n<p>La campa\u00f1a<strong> \u201cGracias x Nada\u201d<\/strong> comunica precisamente eso: <strong>nadie nos financia, nadie nos manda.<\/strong> Al mismo tiempo,<strong> reconoce a quienes hacen posible nuestro trabajo<\/strong> \u2014miles de socios y socias\u2014 con un mensaje de agradecimiento e invitaci\u00f3n a sumarse.&nbsp;<\/p>\n\n<div class=\"wp-block-columns is-layout-flex wp-container-core-columns-is-layout-9d6595d7 wp-block-columns-is-layout-flex\">\n<div class=\"wp-block-column is-layout-flow wp-block-column-is-layout-flow\">\n<figure class=\"wp-block-image size-large\"><img loading=\"lazy\" decoding=\"async\" width=\"1024\" height=\"684\" src=\"https:\/\/www.greenpeace.org\/static\/planet4-chile-stateless\/2023\/01\/b05f6dff-gpch-comite-de-ministros-dominga-17-1024x684.jpg\" alt=\"\" class=\"wp-image-8719\" srcset=\"https:\/\/www.greenpeace.org\/static\/planet4-chile-stateless\/2023\/01\/b05f6dff-gpch-comite-de-ministros-dominga-17-1024x684.jpg 1024w, https:\/\/www.greenpeace.org\/static\/planet4-chile-stateless\/2023\/01\/b05f6dff-gpch-comite-de-ministros-dominga-17-300x200.jpg 300w, https:\/\/www.greenpeace.org\/static\/planet4-chile-stateless\/2023\/01\/b05f6dff-gpch-comite-de-ministros-dominga-17-768x513.jpg 768w, https:\/\/www.greenpeace.org\/static\/planet4-chile-stateless\/2023\/01\/b05f6dff-gpch-comite-de-ministros-dominga-17-1536x1025.jpg 1536w, https:\/\/www.greenpeace.org\/static\/planet4-chile-stateless\/2023\/01\/b05f6dff-gpch-comite-de-ministros-dominga-17-510x340.jpg 510w, https:\/\/www.greenpeace.org\/static\/planet4-chile-stateless\/2023\/01\/b05f6dff-gpch-comite-de-ministros-dominga-17.jpg 2000w\" sizes=\"auto, (max-width: 1024px) 100vw, 1024px\" \/><\/figure>\n<\/div>\n\n\n\n<div class=\"wp-block-column is-layout-flow wp-block-column-is-layout-flow\">\n<figure class=\"wp-block-image size-full\"><img loading=\"lazy\" decoding=\"async\" width=\"800\" height=\"533\" src=\"https:\/\/www.greenpeace.org\/static\/planet4-chile-stateless\/2024\/09\/ee725036-gp0stpgjp_low-res-with-credit-line-800px.jpg\" alt=\"\" class=\"wp-image-13030\" srcset=\"https:\/\/www.greenpeace.org\/static\/planet4-chile-stateless\/2024\/09\/ee725036-gp0stpgjp_low-res-with-credit-line-800px.jpg 800w, https:\/\/www.greenpeace.org\/static\/planet4-chile-stateless\/2024\/09\/ee725036-gp0stpgjp_low-res-with-credit-line-800px-300x200.jpg 300w, https:\/\/www.greenpeace.org\/static\/planet4-chile-stateless\/2024\/09\/ee725036-gp0stpgjp_low-res-with-credit-line-800px-768x512.jpg 768w, https:\/\/www.greenpeace.org\/static\/planet4-chile-stateless\/2024\/09\/ee725036-gp0stpgjp_low-res-with-credit-line-800px-510x340.jpg 510w\" sizes=\"auto, (max-width: 800px) 100vw, 800px\" \/><\/figure>\n<\/div>\n<\/div>\n\n<p>El aporte ciudadano es el motor que sostiene nuestras embarcaciones, investigaciones y acciones en terreno: la ciudadan\u00eda hace posibles las investigaciones, denuncias y campa\u00f1as ambientales que impactan pol\u00edticas p\u00fablicas y protegen ecosistemas.<\/p>\n\n<div class=\"wp-block-columns is-layout-flex wp-container-core-columns-is-layout-9d6595d7 wp-block-columns-is-layout-flex\">\n<div class=\"wp-block-column is-layout-flow wp-block-column-is-layout-flow\" style=\"flex-basis:50%\">\n<figure class=\"wp-block-image size-large\"><img loading=\"lazy\" decoding=\"async\" width=\"1024\" height=\"683\" src=\"https:\/\/www.greenpeace.org\/static\/planet4-chile-stateless\/2026\/03\/505a678f-2025-no-a-dominga-credito-cristobal-olivares-greenpeace-2-1024x683.jpg\" alt=\"\" class=\"wp-image-15958\" srcset=\"https:\/\/www.greenpeace.org\/static\/planet4-chile-stateless\/2026\/03\/505a678f-2025-no-a-dominga-credito-cristobal-olivares-greenpeace-2-1024x683.jpg 1024w, https:\/\/www.greenpeace.org\/static\/planet4-chile-stateless\/2026\/03\/505a678f-2025-no-a-dominga-credito-cristobal-olivares-greenpeace-2-300x200.jpg 300w, https:\/\/www.greenpeace.org\/static\/planet4-chile-stateless\/2026\/03\/505a678f-2025-no-a-dominga-credito-cristobal-olivares-greenpeace-2-768x513.jpg 768w, https:\/\/www.greenpeace.org\/static\/planet4-chile-stateless\/2026\/03\/505a678f-2025-no-a-dominga-credito-cristobal-olivares-greenpeace-2-1536x1025.jpg 1536w, https:\/\/www.greenpeace.org\/static\/planet4-chile-stateless\/2026\/03\/505a678f-2025-no-a-dominga-credito-cristobal-olivares-greenpeace-2-2048x1366.jpg 2048w, https:\/\/www.greenpeace.org\/static\/planet4-chile-stateless\/2026\/03\/505a678f-2025-no-a-dominga-credito-cristobal-olivares-greenpeace-2-510x340.jpg 510w\" sizes=\"auto, (max-width: 1024px) 100vw, 1024px\" \/><figcaption><div class=\"credit icon-left\"> \u00a9 Cristobal Olivares \/ Greenpeace<\/div><\/figcaption><\/figure>\n<\/div>\n\n\n\n<div class=\"wp-block-column is-layout-flow wp-block-column-is-layout-flow\" style=\"flex-basis:50%\">\n<figure class=\"wp-block-image size-large\"><img loading=\"lazy\" decoding=\"async\" width=\"1024\" height=\"683\" src=\"https:\/\/www.greenpeace.org\/static\/planet4-chile-stateless\/2026\/03\/50b588e6-2019-2001-hidroaysen-rechazado-credito-cristobal-olivares-3-1024x683.jpg\" alt=\"\" class=\"wp-image-15968\" srcset=\"https:\/\/www.greenpeace.org\/static\/planet4-chile-stateless\/2026\/03\/50b588e6-2019-2001-hidroaysen-rechazado-credito-cristobal-olivares-3-1024x683.jpg 1024w, https:\/\/www.greenpeace.org\/static\/planet4-chile-stateless\/2026\/03\/50b588e6-2019-2001-hidroaysen-rechazado-credito-cristobal-olivares-3-300x200.jpg 300w, https:\/\/www.greenpeace.org\/static\/planet4-chile-stateless\/2026\/03\/50b588e6-2019-2001-hidroaysen-rechazado-credito-cristobal-olivares-3-768x512.jpg 768w, https:\/\/www.greenpeace.org\/static\/planet4-chile-stateless\/2026\/03\/50b588e6-2019-2001-hidroaysen-rechazado-credito-cristobal-olivares-3-1536x1024.jpg 1536w, https:\/\/www.greenpeace.org\/static\/planet4-chile-stateless\/2026\/03\/50b588e6-2019-2001-hidroaysen-rechazado-credito-cristobal-olivares-3-2048x1366.jpg 2048w, https:\/\/www.greenpeace.org\/static\/planet4-chile-stateless\/2026\/03\/50b588e6-2019-2001-hidroaysen-rechazado-credito-cristobal-olivares-3-510x340.jpg 510w\" sizes=\"auto, (max-width: 1024px) 100vw, 1024px\" \/><figcaption><div class=\"credit icon-left\"> \u00a9 Cristobal Olivares \/ Greenpeace<\/div><\/figcaption><\/figure>\n<\/div>\n<\/div>\n\n<p>Hace <strong>m\u00e1s de 30 a\u00f1os<\/strong> venimos obteniendo<strong> victorias que confirman que la independencia rinde frutos. <\/strong>M\u00e1s de 30.000 personas en Chile sostienen a Greenpeace cada d\u00eda, permitiendo que reclamemos sin negociar. En tiempos de crisis clim\u00e1tica y negacionismo, mantener organizaciones ambientales independientes es m\u00e1s necesario que nunca: <strong>nos permite denunciar abusos aunque incomoden a poderosos, respaldar pol\u00edticas p\u00fablicas basadas en ciencia y acompa\u00f1ar a comunidades afectadas sin conflictos de inter\u00e9s.<\/strong><\/p>\n\n<div class=\"wp-block-buttons is-content-justification-center is-layout-flex wp-container-core-buttons-is-layout-16018d1d wp-block-buttons-is-layout-flex\">\n<div class=\"wp-block-button is-style-cta\"><a class=\"wp-block-button__link wp-element-button\" href=\"https:\/\/landing.infogreenpeace.org\/greenpeace-independencia?\" target=\"_blank\" rel=\"noreferrer noopener\">\u00a1S\u00famate a Greenpeace!<\/a><\/div>\n<\/div>\n\n<p>Estos son algunos de nuestros logros m\u00e1s emblem\u00e1ticos local e internacionalmente:&nbsp;<\/p>\n\n<h4 class=\"wp-block-heading\"><strong>2026<\/strong><\/h4>\n\n<ul class=\"wp-block-list\">\n<li><strong>Rechazo al proyecto <\/strong><strong><em>Dominga<\/em><\/strong><strong><em><br><\/em><\/strong>El gobierno, gracias a la presi\u00f3n ciudadana y argumentos cient\u00edficos,&nbsp; decidi\u00f3 por tercera vez <strong>no permitir<\/strong> el proyecto minero-portuario Dominga, que hubiera afectado gravemente la vida marina y ecosistemas valiosos en el norte de Chile.<\/li>\n<\/ul>\n\n<h4 class=\"wp-block-heading\"><strong>2025<\/strong><\/h4>\n\n<ul class=\"wp-block-list\">\n<li><strong>Protecci\u00f3n de la <\/strong><strong><em>Laguna de Aculeo<\/em><\/strong><strong><em><br><\/em><\/strong>Las autoridades escucharon a la gente y reconocieron a la Laguna de Aculeo y sus esteros como un <em>humedal urbano<\/em>. Esto significa que ahora tienen mayor protecci\u00f3n legal y podr\u00e1n cuidarlos mejor frente a amenazas.<br><\/li>\n<\/ul>\n\n<h4 class=\"wp-block-heading\">&nbsp;2024<\/h4>\n\n<ul class=\"wp-block-list\">\n<li><strong>Querellas por muerte de ballenas en la Patagonia<\/strong><strong><br><\/strong> Greenpeace y comunidades locales lograron que se investigue&nbsp; la muerte de 2 ballenas jorobadas&nbsp; en \u00e1reas protegidas, para encontrar a los responsables.<br><\/li>\n\n\n\n<li><strong>Se confirma la existencia de gato andino en Yerba Loca<\/strong><strong><br><\/strong>Greenpeace instal\u00f3 c\u00e1maras que captaron por primera vez en el santuario a este felino muy amenazado, lo que ayudar\u00e1 a protegerlo mejor.<br><\/li>\n\n\n\n<li><strong>Chile ratifica el Tratado Global de los Oc\u00e9anos<\/strong><strong><br><\/strong> Chile fue uno de los primeros pa\u00edses en el mundo en ratificar un pacto internacional para proteger al menos el 30% de los oc\u00e9anos para 2030.<br><\/li>\n\n\n\n<li><strong>Avances en cierre de plantas a carb\u00f3n<\/strong><strong><br><\/strong> Varias centrales termoel\u00e9ctricas contaminantes&nbsp; fueron cerradas o comprometieron su cierre antes del 2025 para reducir emisiones da\u00f1inas para el ambiente y la salud de la poblaci\u00f3n.<br><\/li>\n<\/ul>\n\n<h4 class=\"wp-block-heading\">2023<\/h4>\n\n<ul class=\"wp-block-list\">\n<li><strong>Detienen permisos para centros de salmones<\/strong><strong><br><\/strong> El Tribunal Ambiental anul\u00f3 permisos de centros de cultivo de salmones que habr\u00edan da\u00f1ado \u00e1reas protegidas en el sur de Chile.<br><\/li>\n<\/ul>\n\n<h4 class=\"wp-block-heading\">2022<\/h4>\n\n<ul class=\"wp-block-list\">\n<li><strong>Revocan permisos ambientales de salmoneras en Magallanes<\/strong><strong><br><\/strong> Las autoridades sacaron los permisos de varias salmoneras que da\u00f1aban \u00e1reas del Parque Nacional Alberto de Agostini.<br><\/li>\n\n\n\n<li><strong>Empresas deben entregar informaci\u00f3n ambiental<\/strong><strong><br><\/strong> La Justicia fall\u00f3 a favor de la transparencia, &nbsp; las salmoneras deber\u00e1n entregar datos claros sobre c\u00f3mo producen, algo que antes no pasaba.<br><\/li>\n\n\n\n<li><strong>Tribunal cancela permisos salmoneros en Reserva Nacional Kaw\u00e9sqar<\/strong><strong><br><\/strong> Se logr\u00f3 que no se autorizaran dos proyectos de salmonicultura que da\u00f1aban esa zona protegida.<br><\/li>\n<\/ul>\n\n<h4 class=\"wp-block-heading\"><strong>2021<\/strong><\/h4>\n\n<ul class=\"wp-block-list\">\n<li><strong>Prohibici\u00f3n de pl\u00e1sticos de un solo uso en Chile<\/strong><strong><br><\/strong> El Congreso aprob\u00f3 una ley que proh\u00edbe platos, cubiertos, vasos y otros pl\u00e1sticos desechables, y exige opciones reutilizables.<br><\/li>\n<\/ul>\n\n<h4 class=\"wp-block-heading\"><strong>2020<\/strong><\/h4>\n\n<ul class=\"wp-block-list\">\n<li><strong>Cierre definitivo de Mina Invierno<\/strong><strong><br><\/strong> Tras a\u00f1os de lucha con comunidades y organizaciones, se confirm\u00f3 el fin de esta mina de carb\u00f3n que da\u00f1aba la Patagonia.<br><\/li>\n\n\n\n<li><strong>Chile se une para proteger el 30% de oc\u00e9anos y tierras<br><\/strong> El pa\u00eds firm\u00f3 su apoyo a un plan global para proteger m\u00e1s zonas del planeta para 2030, lo que Greenpeace impuls\u00f3.<\/li>\n<\/ul>\n\n<p>Tu participaci\u00f3n importa. Si compartes la convicci\u00f3n de que el medioambiente debe primar sobre intereses econ\u00f3micos y pol\u00edticos, \u00fanete: defiende la independencia, as\u00f3ciate a Greenpeace.&nbsp;<\/p>\n\n<figure class=\"wp-block-image aligncenter size-full\"><img loading=\"lazy\" decoding=\"async\" width=\"535\" height=\"337\" src=\"https:\/\/www.greenpeace.org\/static\/planet4-chile-stateless\/2026\/03\/b8cdb788-graciass.png\" alt=\"\" class=\"wp-image-15950\" srcset=\"https:\/\/www.greenpeace.org\/static\/planet4-chile-stateless\/2026\/03\/b8cdb788-graciass.png 535w, https:\/\/www.greenpeace.org\/static\/planet4-chile-stateless\/2026\/03\/b8cdb788-graciass-300x189.png 300w, https:\/\/www.greenpeace.org\/static\/planet4-chile-stateless\/2026\/03\/b8cdb788-graciass-510x321.png 510w\" sizes=\"auto, (max-width: 535px) 100vw, 535px\" \/><\/figure>\n\n<h4 class=\"wp-block-heading has-text-align-center has-grey-900-color has-gp-green-200-background-color has-text-color has-background has-link-color wp-elements-a5d90069b9c8bbb72a3628ed2564b248\" style=\"font-size:21px\"><strong>Gracias x Nada, Gracias X Todo: gracias porque nadie nos compra, y gracias a ti porque todo esto es posible.<\/strong><\/h4>\n\t\t\t<section\n\t\t\tclass=\"boxout  \"\n\t\t\t\n\t\t>\n\t\t\t<a\n\t\t\t\tdata-ga-category=\"Take Action Boxout\"\n\t\t\t\tdata-ga-action=\"Image\"\n\t\t\t\tdata-ga-label=\"n\/a\"\n\t\t\t\tclass=\"cover-card-overlay\"\n\t\t\t\thref=\"https:\/\/landing.infogreenpeace.org\/greenpeace-independencia\" target=\"_blank\"\n\t\t\t><\/a>\n\t\t\t\t\t\t\t<img\n\t\t\t\t\t\tsrc=\"https:\/\/www.greenpeace.org\/static\/planet4-chile-stateless\/2026\/03\/6dbce04b-gif-header-horizontal.gif\"\n\t\t\t\t\t\tsrcset=\"https:\/\/www.greenpeace.org\/static\/planet4-chile-stateless\/2026\/03\/6dbce04b-gif-header-horizontal-300x198.gif 300w, https:\/\/www.greenpeace.org\/static\/planet4-chile-stateless\/2026\/03\/6dbce04b-gif-header-horizontal-768x507.gif 768w, https:\/\/www.greenpeace.org\/static\/planet4-chile-stateless\/2026\/03\/6dbce04b-gif-header-horizontal-510x337.gif 510w\"\n\t\t\t\t\t\tsizes=\"(min-width: 1000px) 358px, (min-width: 780px) 313px, 88px\"\n\t\t\t\t\t\talt=\"\" title=\"\"\n\t\t\t\t\/>\n            \t\t\t<div class=\"boxout-content\">\n\t\t\t\t\t\t\t\t\t<a\n\t\t\t\t\t\tclass=\"boxout-heading small\"\n\t\t\t\t\t\tdata-ga-category=\"Take Action Boxout\"\n\t\t\t\t\t\tdata-ga-action=\"Title\"\n\t\t\t\t\t\tdata-ga-label=\"n\/a\"\n\t\t\t\t\t\thref=\"https:\/\/landing.infogreenpeace.org\/greenpeace-independencia\"\n\t\t\t\t\t\ttarget=\"_blank\"\n\t\t\t\t\t>\n\t\t\t\t\t\tTu apoyo sostiene nuestra INDEPENDENCIA\n\t\t\t\t\t<\/a>\n\t\t\t\t\t\t\t\t                                    <a\n                        class=\"btn btn-primary\"\n                        data-ga-category=\"Take Action Boxout\"\n                        data-ga-action=\"Call to Action\"\n                        data-ga-label=\"n\/a\"\n                        href=\"https:\/\/landing.infogreenpeace.org\/greenpeace-independencia\"\n                        target=\"_blank\"\n                    >\n                        S\u00famate y defend\u00e1moslo\n                    <\/a>\n                \t\t\t<\/div>\n\t\t\t\t\t<\/section>\n\t\n<p><\/p>\n","protected":false},"excerpt":{"rendered":"<p>Nuestra independencia es un valor central.<\/p>\n","protected":false},"author":19,"featured_media":15971,"comment_status":"closed","ping_status":"open","sticky":false,"template":"","format":"standard","meta":{"ep_exclude_from_search":false,"p4_og_title":"\u201cGracias por Nada\u201d a los poderosos y \u201cGracias por Todo\u201d a las personas: somos independientes porque la gente lo hace posible","p4_og_description":"Nuestra independencia es un valor central.","p4_og_image":"https:\/\/www.greenpeace.org\/static\/planet4-chile-stateless\/2026\/03\/6dbce04b-gif-header-horizontal.gif","p4_og_image_id":"15971","p4_seo_canonical_url":"","p4_campaign_name":"","p4_local_project":"","p4_basket_name":"","p4_department":"","footnotes":""},"categories":[33],"tags":[24],"p4-page-type":[14],"class_list":["post-15955","post","type-post","status-publish","format-standard","has-post-thumbnail","hentry","category-greenpeace","tag-socios","p4-page-type-blog"],"_links":{"self":[{"href":"https:\/\/www.greenpeace.org\/chile\/wp-json\/wp\/v2\/posts\/15955","targetHints":{"allow":["GET"]}}],"collection":[{"href":"https:\/\/www.greenpeace.org\/chile\/wp-json\/wp\/v2\/posts"}],"about":[{"href":"https:\/\/www.greenpeace.org\/chile\/wp-json\/wp\/v2\/types\/post"}],"author":[{"embeddable":true,"href":"https:\/\/www.greenpeace.org\/chile\/wp-json\/wp\/v2\/users\/19"}],"replies":[{"embeddable":true,"href":"https:\/\/www.greenpeace.org\/chile\/wp-json\/wp\/v2\/comments?post=15955"}],"version-history":[{"count":20,"href":"https:\/\/www.greenpeace.org\/chile\/wp-json\/wp\/v2\/posts\/15955\/revisions"}],"predecessor-version":[{"id":16017,"href":"https:\/\/www.greenpeace.org\/chile\/wp-json\/wp\/v2\/posts\/15955\/revisions\/16017"}],"wp:featuredmedia":[{"embeddable":true,"href":"https:\/\/www.greenpeace.org\/chile\/wp-json\/wp\/v2\/media\/15971"}],"wp:attachment":[{"href":"https:\/\/www.greenpeace.org\/chile\/wp-json\/wp\/v2\/media?parent=15955"}],"wp:term":[{"taxonomy":"category","embeddable":true,"href":"https:\/\/www.greenpeace.org\/chile\/wp-json\/wp\/v2\/categories?post=15955"},{"taxonomy":"post_tag","embeddable":true,"href":"https:\/\/www.greenpeace.org\/chile\/wp-json\/wp\/v2\/tags?post=15955"},{"taxonomy":"p4-page-type","embeddable":true,"href":"https:\/\/www.greenpeace.org\/chile\/wp-json\/wp\/v2\/p4-page-type?post=15955"}],"curies":[{"name":"wp","href":"https:\/\/api.w.org\/{rel}","templated":true}]}}