{"id":1620,"date":"2019-07-10T15:32:13","date_gmt":"2019-07-10T15:32:13","guid":{"rendered":"https:\/\/www.greenpeace.org\/chile\/?p=1620"},"modified":"2021-12-01T12:29:16","modified_gmt":"2021-12-01T12:29:16","slug":"el-var-a-la-salmonicultura-esta-fallando","status":"publish","type":"post","link":"https:\/\/www.greenpeace.org\/chile\/noticia\/issues\/oceanos\/el-var-a-la-salmonicultura-esta-fallando\/","title":{"rendered":"\u201cEl VAR a la salmonicultura est\u00e1 fallando\u201d"},"content":{"rendered":"<p><img loading=\"lazy\" decoding=\"async\" class=\"wp-image-1621 size-full\" src=\"https:\/\/www.greenpeace.org\/static\/planet4-chile-stateless\/2019\/07\/7d1d22a2-gpc_salmmitsubishi_04.jpg\" alt=\"\" width=\"2500\" height=\"1666\" srcset=\"https:\/\/www.greenpeace.org\/static\/planet4-chile-stateless\/2019\/07\/7d1d22a2-gpc_salmmitsubishi_04.jpg 2500w, https:\/\/www.greenpeace.org\/static\/planet4-chile-stateless\/2019\/07\/7d1d22a2-gpc_salmmitsubishi_04-300x200.jpg 300w, https:\/\/www.greenpeace.org\/static\/planet4-chile-stateless\/2019\/07\/7d1d22a2-gpc_salmmitsubishi_04-768x512.jpg 768w, https:\/\/www.greenpeace.org\/static\/planet4-chile-stateless\/2019\/07\/7d1d22a2-gpc_salmmitsubishi_04-1024x682.jpg 1024w, https:\/\/www.greenpeace.org\/static\/planet4-chile-stateless\/2019\/07\/7d1d22a2-gpc_salmmitsubishi_04-2048x1366.jpg 2048w, https:\/\/www.greenpeace.org\/static\/planet4-chile-stateless\/2019\/07\/7d1d22a2-gpc_salmmitsubishi_04-510x340.jpg 510w\" sizes=\"auto, (max-width: 2500px) 100vw, 2500px\" \/><\/p>\n<p>&nbsp;<\/p>\n<p><span style=\"font-weight: 400;\">Como una \u201crespuesta obvia, pero que debiera ir acompa\u00f1ada de anuncios mucho m\u00e1s concretos\u201d calific\u00f3 Greenpeace las declaraciones del ministro de Econom\u00eda, Juan Andr\u00e9s Fontaine, quien se\u00f1al\u00f3 que al gobierno \u201cno le temblar\u00e1 la mano para hacer cumplir la ley\u201d en relaci\u00f3n a las denuncias por falsificaci\u00f3n en la mortandad de peces y en las consecuencias medioambientales que la situaci\u00f3n ha tenido en los espacios ocupados por esos centros de cultivo.<\/span><\/p>\n<p><span style=\"font-weight: 400;\">\u201cEl gobierno, m\u00e1s que se\u00f1alar que no le temblar\u00e1 la mano para hacer cumplir la ley, lo que debieran sincerar es que, como no tienen la capacidad real y efectiva para fiscalizar como corresponde los centros salmoneros, entonces ya no se entregar\u00e1n m\u00e1s permisos\u201d, dice Mauricio Ceballos, vocero del \u00e1rea de oc\u00e9anos de Greenpeace.<\/span><\/p>\n<p><span style=\"font-weight: 400;\">El personero de la ONG medioambiental agrega: \u201cDesde hace tiempo que hemos advertido que este tipo de situaciones eran inevitables frente al evidente descontrol que ha existido en la autorizaci\u00f3n y entrega de concesiones a las salmoneras, lo que no ha estado acompa\u00f1ado de la debida capacidad para ejercer un control efectivo. Lo grave es que las pr\u00e1cticas de adulteraci\u00f3n de datos de Nova Austral puede que sea una pr\u00e1ctica m\u00e1s bien extendida\u201d.<\/span><\/p>\n<p><span style=\"font-weight: 400;\">Mientras tanto, Nova Austral se\u00f1al\u00f3 en un comunicado \u201cestar comprometida a tomar las acciones que sean necesarias para resolver los problemas identificados y evitar su ocurrencia en el futuro, que en ning\u00fan caso tuvieron consecuencias en la calidad del salm\u00f3n que produce\u201d.<\/span><\/p>\n<p><span style=\"font-weight: 400;\">\u201cLa empresa sigue sin responder el problema de fondo, el cual consist\u00eda en una orquestaci\u00f3n bien estructurada con tal de alterar sus cifras de mortandad, manteniendo en la pr\u00e1ctica una doble contabilidad de peces muertos para as\u00ed enga\u00f1ar a la autoridad. La verdad es que el supuesto orgullo de Nova Austral por el no uso de antibi\u00f3ticos en su producci\u00f3n se cae a pedazos. El tema es simple: una especie ex\u00f3tica como el salm\u00f3n que se produce en Chile, y que genera importantes alteraciones medioambientales ah\u00ed donde se cultiva, no puede sobrevivir sin antibi\u00f3ticos\u201d, explica Ceballos.<\/span><\/p>\n<p>&nbsp;<\/p>\n<p>&nbsp;<\/p>\n<p>&nbsp;<\/p>\n<p>&nbsp;<\/p>\n<p>&nbsp;<\/p>\n<p>&nbsp;<\/p>\n\t\t\t<section\n\t\t\tclass=\"boxout post-370 \"\n\t\t\t\n\t\t>\n\t\t\t<a\n\t\t\t\tdata-ga-category=\"Take Action Boxout\"\n\t\t\t\tdata-ga-action=\"Image\"\n\t\t\t\tdata-ga-label=\"n\/a\"\n\t\t\t\tclass=\"cover-card-overlay\"\n\t\t\t\thref=\"https:\/\/www.greenpeace.org\/chile\/involucrate\/salmonicultura\/\" \n\t\t\t><\/a>\n\t\t\t\t\t\t\t<img\n\t\t\t\t\t\tsrc=\"https:\/\/www.greenpeace.org\/static\/planet4-chile-stateless\/2018\/11\/3cf2de80-img_0308-1024x683.jpg\"\n\t\t\t\t\t\tsrcset=\"https:\/\/www.greenpeace.org\/static\/planet4-chile-stateless\/2018\/11\/3cf2de80-img_0308-300x200.jpg 300w, https:\/\/www.greenpeace.org\/static\/planet4-chile-stateless\/2018\/11\/3cf2de80-img_0308-768x512.jpg 768w, https:\/\/www.greenpeace.org\/static\/planet4-chile-stateless\/2018\/11\/3cf2de80-img_0308-1024x683.jpg 1024w, https:\/\/www.greenpeace.org\/static\/planet4-chile-stateless\/2018\/11\/3cf2de80-img_0308-2048x1366.jpg 2048w, https:\/\/www.greenpeace.org\/static\/planet4-chile-stateless\/2018\/11\/3cf2de80-img_0308-510x340.jpg 510w\"\n\t\t\t\t\t\tsizes=\"(min-width: 1000px) 358px, (min-width: 780px) 313px, 88px\"\n\t\t\t\t\t\talt=\"\" title=\"\"\n\t\t\t\t\/>\n            \t\t\t<div class=\"boxout-content\">\n\t\t\t\t\t\t\t\t\t<a\n\t\t\t\t\t\tclass=\"boxout-heading medium\"\n\t\t\t\t\t\tdata-ga-category=\"Take Action Boxout\"\n\t\t\t\t\t\tdata-ga-action=\"Title\"\n\t\t\t\t\t\tdata-ga-label=\"n\/a\"\n\t\t\t\t\t\thref=\"https:\/\/www.greenpeace.org\/chile\/involucrate\/salmonicultura\/\"\n\t\t\t\t\t\t\n\t\t\t\t\t>\n\t\t\t\t\t\tFreno a la expansi\u00f3n salmonera\u00a0\n\t\t\t\t\t<\/a>\n\t\t\t\t\t\t\t\t\t\t\t\t\t<p class=\"boxout-excerpt\">Ya hay m\u00e1s de 1.300 proyectos salmoneros aprobados entre las regiones de Los Lagos y Magallanes \u00a1y van por m\u00e1s! <\/p>\n\t\t\t\t                                    <a\n                        class=\"btn btn-primary\"\n                        data-ga-category=\"Take Action Boxout\"\n                        data-ga-action=\"Call to Action\"\n                        data-ga-label=\"n\/a\"\n                        href=\"https:\/\/www.greenpeace.org\/chile\/involucrate\/salmonicultura\/\"\n                        \n                    >\n                        Invol\u00facrate\n                    <\/a>\n                \t\t\t<\/div>\n\t\t\t\t\t<\/section>\n\t","protected":false},"excerpt":{"rendered":"<p>&nbsp; Como una \u201crespuesta obvia, pero que debiera ir acompa\u00f1ada de anuncios mucho m\u00e1s concretos\u201d calific\u00f3 Greenpeace las declaraciones del ministro de Econom\u00eda, Juan Andr\u00e9s Fontaine, quien se\u00f1al\u00f3 que al&hellip;<\/p>\n","protected":false},"author":24,"featured_media":1621,"comment_status":"closed","ping_status":"open","sticky":false,"template":"","format":"standard","meta":{"ep_exclude_from_search":false,"p4_og_title":"","p4_og_description":"","p4_og_image":"","p4_og_image_id":"","p4_seo_canonical_url":"","p4_campaign_name":"not set","p4_local_project":"not set","p4_basket_name":"not set","p4_department":"","footnotes":""},"categories":[33,18],"tags":[28],"p4-page-type":[16],"class_list":["post-1620","post","type-post","status-publish","format-standard","has-post-thumbnail","hentry","category-greenpeace","category-oceanos","tag-salmonera","p4-page-type-noticia"],"_links":{"self":[{"href":"https:\/\/www.greenpeace.org\/chile\/wp-json\/wp\/v2\/posts\/1620","targetHints":{"allow":["GET"]}}],"collection":[{"href":"https:\/\/www.greenpeace.org\/chile\/wp-json\/wp\/v2\/posts"}],"about":[{"href":"https:\/\/www.greenpeace.org\/chile\/wp-json\/wp\/v2\/types\/post"}],"author":[{"embeddable":true,"href":"https:\/\/www.greenpeace.org\/chile\/wp-json\/wp\/v2\/users\/24"}],"replies":[{"embeddable":true,"href":"https:\/\/www.greenpeace.org\/chile\/wp-json\/wp\/v2\/comments?post=1620"}],"version-history":[{"count":8,"href":"https:\/\/www.greenpeace.org\/chile\/wp-json\/wp\/v2\/posts\/1620\/revisions"}],"predecessor-version":[{"id":7300,"href":"https:\/\/www.greenpeace.org\/chile\/wp-json\/wp\/v2\/posts\/1620\/revisions\/7300"}],"wp:featuredmedia":[{"embeddable":true,"href":"https:\/\/www.greenpeace.org\/chile\/wp-json\/wp\/v2\/media\/1621"}],"wp:attachment":[{"href":"https:\/\/www.greenpeace.org\/chile\/wp-json\/wp\/v2\/media?parent=1620"}],"wp:term":[{"taxonomy":"category","embeddable":true,"href":"https:\/\/www.greenpeace.org\/chile\/wp-json\/wp\/v2\/categories?post=1620"},{"taxonomy":"post_tag","embeddable":true,"href":"https:\/\/www.greenpeace.org\/chile\/wp-json\/wp\/v2\/tags?post=1620"},{"taxonomy":"p4-page-type","embeddable":true,"href":"https:\/\/www.greenpeace.org\/chile\/wp-json\/wp\/v2\/p4-page-type?post=1620"}],"curies":[{"name":"wp","href":"https:\/\/api.w.org\/{rel}","templated":true}]}}