{"id":1900,"date":"2019-08-13T21:08:40","date_gmt":"2019-08-13T21:08:40","guid":{"rendered":"https:\/\/www.greenpeace.org\/chile\/?p=1900"},"modified":"2021-12-01T12:29:07","modified_gmt":"2021-12-01T12:29:07","slug":"canciller-ribera-que-no-sea-un-martes-13-para-los-oceanos","status":"publish","type":"post","link":"https:\/\/www.greenpeace.org\/chile\/noticia\/issues\/oceanos\/canciller-ribera-que-no-sea-un-martes-13-para-los-oceanos\/","title":{"rendered":"\u201cCanciller Ribera: Que no sea un martes 13 para los oc\u00e9anos\u201d"},"content":{"rendered":"<p><img loading=\"lazy\" decoding=\"async\" class=\"wp-image-1901 size-full\" src=\"https:\/\/www.greenpeace.org\/static\/planet4-chile-stateless\/2019\/08\/08fed165-co15247.jpg\" alt=\"\" width=\"3000\" height=\"2000\" srcset=\"https:\/\/www.greenpeace.org\/static\/planet4-chile-stateless\/2019\/08\/08fed165-co15247.jpg 3000w, https:\/\/www.greenpeace.org\/static\/planet4-chile-stateless\/2019\/08\/08fed165-co15247-300x200.jpg 300w, https:\/\/www.greenpeace.org\/static\/planet4-chile-stateless\/2019\/08\/08fed165-co15247-768x512.jpg 768w, https:\/\/www.greenpeace.org\/static\/planet4-chile-stateless\/2019\/08\/08fed165-co15247-1024x683.jpg 1024w, https:\/\/www.greenpeace.org\/static\/planet4-chile-stateless\/2019\/08\/08fed165-co15247-2048x1366.jpg 2048w, https:\/\/www.greenpeace.org\/static\/planet4-chile-stateless\/2019\/08\/08fed165-co15247-510x340.jpg 510w\" sizes=\"auto, (max-width: 3000px) 100vw, 3000px\" \/><\/p>\n<p><span style=\"font-weight: 400;\">Bajo el lema <\/span><i><span style=\"font-weight: 400;\">\u201cMinistro, que no sea un martes 13 para los oc\u00e9anos\u201d<\/span><\/i><span style=\"font-weight: 400;\">, activistas de Greenpeace exigieron al Ministerio de Relaciones Exteriores de Chile que asuma un papel mucho m\u00e1s decidido y de protagonismo en la definici\u00f3n de un Tratado Global de Protecci\u00f3n de los Oc\u00e9anos que se discutir\u00e1 a fines de agosto en Naciones Unidas y que ser\u00e1 clave para el cuidado de los mares del planeta.<\/span><\/p>\n<p><span style=\"font-weight: 400;\">\u201cEn el contexto de la pr\u00f3xima COP25 a desarrollarse en Chile, el presidente Pi\u00f1era ha planteado el car\u00e1cter de azul que tendr\u00e1 la reuni\u00f3n, pero en la pr\u00e1ctica el papel de nuestro pa\u00eds en el proceso de negociaci\u00f3n de un Tratado Global de Protecci\u00f3n de los Oc\u00e9anos est\u00e1 siendo m\u00e1s bien d\u00e9bil. Se requiere una voluntad mucho m\u00e1s clara y un mayor protagonismo desde la Canciller\u00eda y el ministro Teodoro Ribera\u201d, dijo Estefan\u00eda Gonz\u00e1lez, coordinadora del \u00e1rea de oc\u00e9anos de Greenpeace.<\/span><\/p>\n<p><span style=\"font-weight: 400;\">De acuerdo con la ONG ambientalista, y teniendo en cuenta la emergencia clim\u00e1tica que enfrenta el planeta y las serias y variadas amenazas que hoy enfrentan los mares del mundo, en Naciones Unidas el foco central ser\u00e1 establecer a la brevedad un mecanismo que sirva para crear y proteger una amplia red de santuarios marinos en alta mar.<\/span><\/p>\n<p><span style=\"font-weight: 400;\">\u201cLa ambici\u00f3n debe ser la t\u00f3nica en medio de la crisis medioambiental que vivimos. Por eso es que resulta clave que, para el 2030, al menos el 30% de los mares est\u00e9n protegidos. Y en esta b\u00fasqueda el liderazgo chileno es clave\u201d, advirti\u00f3 Estefan\u00eda Gonz\u00e1lez.<\/span><\/p>\n<p>&nbsp;<\/p>\n\t\t\t<section\n\t\t\tclass=\"boxout post-934 \"\n\t\t\t\n\t\t>\n\t\t\t<a\n\t\t\t\tdata-ga-category=\"Take Action Boxout\"\n\t\t\t\tdata-ga-action=\"Image\"\n\t\t\t\tdata-ga-label=\"n\/a\"\n\t\t\t\tclass=\"cover-card-overlay\"\n\t\t\t\thref=\"https:\/\/www.greenpeace.org\/chile\/involucrate\/santuarios-marinos\/\" \n\t\t\t><\/a>\n\t\t\t\t\t\t\t<img\n\t\t\t\t\t\tsrc=\"https:\/\/www.greenpeace.org\/static\/planet4-chile-stateless\/2019\/04\/7a971533-gp01jaq-2-1024x597.jpg\"\n\t\t\t\t\t\tsrcset=\"https:\/\/www.greenpeace.org\/static\/planet4-chile-stateless\/2019\/04\/7a971533-gp01jaq-2-300x175.jpg 300w, https:\/\/www.greenpeace.org\/static\/planet4-chile-stateless\/2019\/04\/7a971533-gp01jaq-2-768x448.jpg 768w, https:\/\/www.greenpeace.org\/static\/planet4-chile-stateless\/2019\/04\/7a971533-gp01jaq-2-1024x597.jpg 1024w, https:\/\/www.greenpeace.org\/static\/planet4-chile-stateless\/2019\/04\/7a971533-gp01jaq-2-2048x1194.jpg 2048w, https:\/\/www.greenpeace.org\/static\/planet4-chile-stateless\/2019\/04\/7a971533-gp01jaq-2-510x297.jpg 510w\"\n\t\t\t\t\t\tsizes=\"(min-width: 1000px) 358px, (min-width: 780px) 313px, 88px\"\n\t\t\t\t\t\talt=\"\" title=\"\"\n\t\t\t\t\/>\n            \t\t\t<div class=\"boxout-content\">\n\t\t\t\t\t\t\t\t\t<a\n\t\t\t\t\t\tclass=\"boxout-heading medium\"\n\t\t\t\t\t\tdata-ga-category=\"Take Action Boxout\"\n\t\t\t\t\t\tdata-ga-action=\"Title\"\n\t\t\t\t\t\tdata-ga-label=\"n\/a\"\n\t\t\t\t\t\thref=\"https:\/\/www.greenpeace.org\/chile\/involucrate\/santuarios-marinos\/\"\n\t\t\t\t\t\t\n\t\t\t\t\t>\n\t\t\t\t\t\tProtege los oc\u00e9anos del mundo\n\t\t\t\t\t<\/a>\n\t\t\t\t\t\t\t\t                                    <a\n                        class=\"btn btn-primary\"\n                        data-ga-category=\"Take Action Boxout\"\n                        data-ga-action=\"Call to Action\"\n                        data-ga-label=\"n\/a\"\n                        href=\"https:\/\/www.greenpeace.org\/chile\/involucrate\/santuarios-marinos\/\"\n                        \n                    >\n                        Invol\u00facrate\n                    <\/a>\n                \t\t\t<\/div>\n\t\t\t\t\t<\/section>\n\t","protected":false},"excerpt":{"rendered":"<p>Bajo el lema \u201cMinistro, que no sea un martes 13 para los oc\u00e9anos\u201d, activistas de Greenpeace exigieron al Ministerio de Relaciones Exteriores de Chile que asuma un papel mucho m\u00e1s&hellip;<\/p>\n","protected":false},"author":24,"featured_media":1901,"comment_status":"closed","ping_status":"open","sticky":false,"template":"","format":"standard","meta":{"ep_exclude_from_search":false,"p4_og_title":"","p4_og_description":"","p4_og_image":"","p4_og_image_id":"","p4_seo_canonical_url":"","p4_campaign_name":"not set","p4_local_project":"not set","p4_basket_name":"not set","p4_department":"","footnotes":""},"categories":[33,18],"tags":[31],"p4-page-type":[16],"class_list":["post-1900","post","type-post","status-publish","format-standard","has-post-thumbnail","hentry","category-greenpeace","category-oceanos","tag-santuariosmarinos","p4-page-type-noticia"],"_links":{"self":[{"href":"https:\/\/www.greenpeace.org\/chile\/wp-json\/wp\/v2\/posts\/1900","targetHints":{"allow":["GET"]}}],"collection":[{"href":"https:\/\/www.greenpeace.org\/chile\/wp-json\/wp\/v2\/posts"}],"about":[{"href":"https:\/\/www.greenpeace.org\/chile\/wp-json\/wp\/v2\/types\/post"}],"author":[{"embeddable":true,"href":"https:\/\/www.greenpeace.org\/chile\/wp-json\/wp\/v2\/users\/24"}],"replies":[{"embeddable":true,"href":"https:\/\/www.greenpeace.org\/chile\/wp-json\/wp\/v2\/comments?post=1900"}],"version-history":[{"count":8,"href":"https:\/\/www.greenpeace.org\/chile\/wp-json\/wp\/v2\/posts\/1900\/revisions"}],"predecessor-version":[{"id":7290,"href":"https:\/\/www.greenpeace.org\/chile\/wp-json\/wp\/v2\/posts\/1900\/revisions\/7290"}],"wp:featuredmedia":[{"embeddable":true,"href":"https:\/\/www.greenpeace.org\/chile\/wp-json\/wp\/v2\/media\/1901"}],"wp:attachment":[{"href":"https:\/\/www.greenpeace.org\/chile\/wp-json\/wp\/v2\/media?parent=1900"}],"wp:term":[{"taxonomy":"category","embeddable":true,"href":"https:\/\/www.greenpeace.org\/chile\/wp-json\/wp\/v2\/categories?post=1900"},{"taxonomy":"post_tag","embeddable":true,"href":"https:\/\/www.greenpeace.org\/chile\/wp-json\/wp\/v2\/tags?post=1900"},{"taxonomy":"p4-page-type","embeddable":true,"href":"https:\/\/www.greenpeace.org\/chile\/wp-json\/wp\/v2\/p4-page-type?post=1900"}],"curies":[{"name":"wp","href":"https:\/\/api.w.org\/{rel}","templated":true}]}}