{"id":2010,"date":"2019-08-30T03:06:37","date_gmt":"2019-08-30T03:06:37","guid":{"rendered":"https:\/\/www.greenpeace.org\/chile\/?p=2010"},"modified":"2021-12-01T12:28:58","modified_gmt":"2021-12-01T12:28:58","slug":"greenpeace-recrea-incendio-de-la-amazonia-en-el-consulado-de-brasil","status":"publish","type":"post","link":"https:\/\/www.greenpeace.org\/chile\/noticia\/greenpeace\/greenpeace-recrea-incendio-de-la-amazonia-en-el-consulado-de-brasil\/","title":{"rendered":"Greenpeace recrea incendio de la Amazon\u00eda en el consulado de Brasil"},"content":{"rendered":"<p>&nbsp;<\/p>\n<p><img loading=\"lazy\" decoding=\"async\" class=\"wp-image-2011 size-full\" src=\"https:\/\/www.greenpeace.org\/static\/planet4-chile-stateless\/2019\/08\/4db054bf-37a5b8da-e83e-47f0-9fbd-e21963e6203b.jpeg\" alt=\"\" width=\"3000\" height=\"2000\" srcset=\"https:\/\/www.greenpeace.org\/static\/planet4-chile-stateless\/2019\/08\/4db054bf-37a5b8da-e83e-47f0-9fbd-e21963e6203b.jpeg 3000w, https:\/\/www.greenpeace.org\/static\/planet4-chile-stateless\/2019\/08\/4db054bf-37a5b8da-e83e-47f0-9fbd-e21963e6203b-300x200.jpeg 300w, https:\/\/www.greenpeace.org\/static\/planet4-chile-stateless\/2019\/08\/4db054bf-37a5b8da-e83e-47f0-9fbd-e21963e6203b-768x512.jpeg 768w, https:\/\/www.greenpeace.org\/static\/planet4-chile-stateless\/2019\/08\/4db054bf-37a5b8da-e83e-47f0-9fbd-e21963e6203b-1024x683.jpeg 1024w, https:\/\/www.greenpeace.org\/static\/planet4-chile-stateless\/2019\/08\/4db054bf-37a5b8da-e83e-47f0-9fbd-e21963e6203b-2048x1366.jpeg 2048w, https:\/\/www.greenpeace.org\/static\/planet4-chile-stateless\/2019\/08\/4db054bf-37a5b8da-e83e-47f0-9fbd-e21963e6203b-510x340.jpeg 510w\" sizes=\"auto, (max-width: 3000px) 100vw, 3000px\" \/><\/p>\n<p dir=\"ltr\"><span data-originalfontsize=\"11pt\" data-originalcomputedfontsize=\"14.666666984558105\">En una sorpresiva acci\u00f3n, Greenpeace proyect\u00f3 enormes im\u00e1genes de fuego y el mensaje <\/span><span data-originalfontsize=\"11pt\" data-originalcomputedfontsize=\"14.666666984558105\">\u201cBolsonaro, apaga el incendio, salva el Amazonas\u201d<\/span><span data-originalfontsize=\"11pt\" data-originalcomputedfontsize=\"14.666666984558105\"> sobre el edificio que ocupa el consulado general de Brasil en la comuna de Las Condes y alert\u00f3 respecto de la urgencia con la que el presidente Jair Bolsonaro debe actuar para frenar el avance de las llamas en la Amazon\u00eda, situaci\u00f3n que ha sido calificada como una de las m\u00e1s graves cat\u00e1strofes medioambientales de los \u00faltimos a\u00f1os.<\/span><\/p>\n<p dir=\"ltr\"><span data-originalfontsize=\"11pt\" data-originalcomputedfontsize=\"14.666666984558105\">\u201cCon esta acci\u00f3n queremos exponer la gravedad de la situaci\u00f3n que enfrenta la Amazon\u00eda, pero tambi\u00e9n la manera sistem\u00e1tica en que el gobierno del presidente Bolsonaro ha desmantelado el sistema de protecci\u00f3n de los bosques, fomentando el avance de la deforestaci\u00f3n para ganader\u00eda, la soya, la miner\u00eda y las empresas forestales. Es decir, existe un pol\u00edtica de gobierno por parte del presidente brasile\u00f1o que ha actuado en la pr\u00e1ctica como combustible institucional para el avance del fuego que hoy est\u00e1 arrasando con la Amazon\u00eda. Por eso es que resulta tan relevante que se establezca una pol\u00edtica de deforestaci\u00f3n cero en este lugar clave en la batalla contra la emergencia clim\u00e1tica que enfrenta el planeta\u201d, dijo Mat\u00edas Asun, director nacional de Greenpeace en Chile.<\/span><\/p>\n<p dir=\"ltr\"><span data-originalfontsize=\"11pt\" data-originalcomputedfontsize=\"14.666666984558105\">Y agreg\u00f3: \u201cSin embargo, hoy lo que se requiere es no entramparse en discusiones pol\u00edticas sino que enfocarse en el \u00fanico objetivo que se debe perseguir y que no es otro que se apague el fuego lo m\u00e1s r\u00e1pido posible\u201d.<\/span><\/p>\n<p dir=\"ltr\"><span data-originalfontsize=\"11pt\" data-originalcomputedfontsize=\"14.666666984558105\">Entre enero y agosto de este a\u00f1o, la cantidad de focos de incendio aument\u00f3 145%, en comparaci\u00f3n con el mismo per\u00edodo en 2018. El Instituto Nacional de Investigaciones Espaciales (INPE) contabiliz\u00f3 83.329 focos (43.421 en la Amazon\u00eda brasile\u00f1a) y en los \u00faltimos dos d\u00edas se detectaron focos en 43 \u00e1reas protegidas y en 36 territorios ind\u00edgenas.&nbsp;<\/span><\/p>\n<p dir=\"ltr\"><span data-originalfontsize=\"11pt\" data-originalcomputedfontsize=\"14.666666984558105\"><b>Datos claves de la Amazon\u00eda:<\/b><\/span><\/p>\n<ul>\n<li dir=\"ltr\">\n<p dir=\"ltr\"><span data-originalfontsize=\"11pt\" data-originalcomputedfontsize=\"14.666666984558105\">La cuenca del Amazonas cubre un \u00e1rea de alrededor de 6,9 millones de metros cuadrados a lo largo de nueve pa\u00edses en Sudam\u00e9rica, con 60% dentro de Brasil, seguido por Per\u00fa, Colombia, Venezuela, Ecuador, Bolivia, Guyana, Surinam y la Guayana Francesa. Dentro de esta \u00e1rea, se encuentra el bosque tropical m\u00e1s grande y el sistema fluvial m\u00e1s grande del planeta, que contiene alrededor de 1\/5 del agua potable del mundo.<\/span><\/p>\n<\/li>\n<li dir=\"ltr\">\n<p dir=\"ltr\"><span data-originalfontsize=\"11pt\" data-originalcomputedfontsize=\"14.666666984558105\">Este gran bosque tropical tambi\u00e9n tiene un rol fundamental en el clima de Sudam\u00e9rica con efectos profundos en ciclos hidrol\u00f3gicos regionales. Para hacerse una idea, apenas un solo \u00e1rbol puede transpirar cientos de litros de agua por d\u00eda.<\/span><\/p>\n<\/li>\n<li dir=\"ltr\">\n<p dir=\"ltr\"><span data-originalfontsize=\"11pt\" data-originalcomputedfontsize=\"14.666666984558105\">El Amazonas es conocido por su rica biodiversidad y es considerada una de las regiones m\u00e1s biodiversas del mundo. Pueden encontrarse aproximadamente 40.000 especies de plantas en la regi\u00f3n, de las cuales hay cerca de 16.000 \u00e1rboles diferentes. Esto tambi\u00e9n incluye alrededor de 10.000 \u00e1rboles poco conocidos o ex\u00f3ticos, que se adaptan mejor al clima y solo existen en la cuenca del Amazonas.<\/span><\/p>\n<\/li>\n<li dir=\"ltr\">\n<p dir=\"ltr\"><span data-originalfontsize=\"11pt\" data-originalcomputedfontsize=\"14.666666984558105\">Despu\u00e9s de un fuerte descenso en la d\u00e9cada de 2000 hacia un punto bajo en 2012, las tasas de deforestaci\u00f3n en la Amazon\u00eda Legal han vuelto a aumentar de manera constante, a 7.900 km2 en 2018, lo que equivale a aproximadamente 1.1 millones de canchas de f\u00fatbol en solo un a\u00f1o. En 2017, los bosques en la Amazon\u00eda brasile\u00f1a cubr\u00edan 3.2 millones de km2 (321 millones de hect\u00e1reas)<\/span><\/p>\n<\/li>\n<li dir=\"ltr\">\n<p dir=\"ltr\"><span data-originalfontsize=\"11pt\" data-originalcomputedfontsize=\"14.666666984558105\">La deforestaci\u00f3n no es la \u00fanica amenaza para el Amazonas, que tambi\u00e9n est\u00e1 experimentando una degradaci\u00f3n a gran escala, vinculada a la extracci\u00f3n de los \u00e1rboles m\u00e1s valiosos, que depende de una extensa infraestructura de tala y transporte. Una gran fuerza destructiva en s\u00ed misma, y tambi\u00e9n abriendo la puerta a una mayor p\u00e9rdida de bosques. Dicha fragmentaci\u00f3n de paisajes forestales previamente intactos tiene impactos negativos sobre la biodiversidad, el almacenamiento de carbono y la supervivencia de las comunidades que dependen de los bosques.<\/span><\/p>\n<\/li>\n<\/ul>\n<p>&nbsp;<\/p>\n<p>&nbsp;<\/p>\n<p>&nbsp;<\/p>\n<p>&nbsp;<\/p>\n<p>&nbsp;<\/p>\n<p>&nbsp;<\/p>\n<p>&nbsp;<\/p>\n<p>&nbsp;<\/p>\n<p>&nbsp;<\/p>\n\t\t\t<section\n\t\t\tclass=\"boxout post-1930 \"\n\t\t\t\n\t\t>\n\t\t\t<a\n\t\t\t\tdata-ga-category=\"Take Action Boxout\"\n\t\t\t\tdata-ga-action=\"Image\"\n\t\t\t\tdata-ga-label=\"n\/a\"\n\t\t\t\tclass=\"cover-card-overlay\"\n\t\t\t\thref=\"https:\/\/www.greenpeace.org\/chile\/involucrate\/amazonas-en-llamas\/\" \n\t\t\t><\/a>\n\t\t\t\t\t\t\t<img\n\t\t\t\t\t\tsrc=\"https:\/\/www.greenpeace.org\/static\/planet4-chile-stateless\/2019\/08\/c910d043-1_bfh-iqlpowtzx7qxlurruq.jpeg\"\n\t\t\t\t\t\tsrcset=\"https:\/\/www.greenpeace.org\/static\/planet4-chile-stateless\/2019\/08\/c910d043-1_bfh-iqlpowtzx7qxlurruq-300x200.jpeg 300w, https:\/\/www.greenpeace.org\/static\/planet4-chile-stateless\/2019\/08\/c910d043-1_bfh-iqlpowtzx7qxlurruq-768x512.jpeg 768w, https:\/\/www.greenpeace.org\/static\/planet4-chile-stateless\/2019\/08\/c910d043-1_bfh-iqlpowtzx7qxlurruq-510x340.jpeg 510w, https:\/\/www.greenpeace.org\/static\/planet4-chile-stateless\/2019\/08\/c910d043-1_bfh-iqlpowtzx7qxlurruq.jpeg 800w\"\n\t\t\t\t\t\tsizes=\"(min-width: 1000px) 358px, (min-width: 780px) 313px, 88px\"\n\t\t\t\t\t\talt=\"\" title=\"\"\n\t\t\t\t\/>\n            \t\t\t<div class=\"boxout-content\">\n\t\t\t\t\t\t\t\t\t<a\n\t\t\t\t\t\tclass=\"boxout-heading medium\"\n\t\t\t\t\t\tdata-ga-category=\"Take Action Boxout\"\n\t\t\t\t\t\tdata-ga-action=\"Title\"\n\t\t\t\t\t\tdata-ga-label=\"n\/a\"\n\t\t\t\t\t\thref=\"https:\/\/www.greenpeace.org\/chile\/involucrate\/amazonas-en-llamas\/\"\n\t\t\t\t\t\t\n\t\t\t\t\t>\n\t\t\t\t\t\tAmazonas en llamas\n\t\t\t\t\t<\/a>\n\t\t\t\t\t\t\t\t                                    <a\n                        class=\"btn btn-primary\"\n                        data-ga-category=\"Take Action Boxout\"\n                        data-ga-action=\"Call to Action\"\n                        data-ga-label=\"n\/a\"\n                        href=\"https:\/\/www.greenpeace.org\/chile\/involucrate\/amazonas-en-llamas\/\"\n                        \n                    >\n                        Invol\u00facrate\n                    <\/a>\n                \t\t\t<\/div>\n\t\t\t\t\t<\/section>\n\t","protected":false},"excerpt":{"rendered":"<p>En una sorpresiva acci\u00f3n, Greenpeace proyect\u00f3 enormes im\u00e1genes de fuego y el mensaje \u201cBolsonaro, apaga el incendio, salva el Amazonas\u201d sobre el edificio que ocupa el consulado general de&hellip;<\/p>\n","protected":false},"author":24,"featured_media":2011,"comment_status":"closed","ping_status":"open","sticky":false,"template":"","format":"standard","meta":{"ep_exclude_from_search":false,"p4_og_title":"","p4_og_description":"","p4_og_image":"","p4_og_image_id":"","p4_seo_canonical_url":"","p4_campaign_name":"not set","p4_local_project":"not set","p4_basket_name":"not set","p4_department":"","footnotes":""},"categories":[33],"tags":[35],"p4-page-type":[16],"class_list":["post-2010","post","type-post","status-publish","format-standard","has-post-thumbnail","hentry","category-greenpeace","tag-salvaelamazonas","p4-page-type-noticia"],"_links":{"self":[{"href":"https:\/\/www.greenpeace.org\/chile\/wp-json\/wp\/v2\/posts\/2010","targetHints":{"allow":["GET"]}}],"collection":[{"href":"https:\/\/www.greenpeace.org\/chile\/wp-json\/wp\/v2\/posts"}],"about":[{"href":"https:\/\/www.greenpeace.org\/chile\/wp-json\/wp\/v2\/types\/post"}],"author":[{"embeddable":true,"href":"https:\/\/www.greenpeace.org\/chile\/wp-json\/wp\/v2\/users\/24"}],"replies":[{"embeddable":true,"href":"https:\/\/www.greenpeace.org\/chile\/wp-json\/wp\/v2\/comments?post=2010"}],"version-history":[{"count":9,"href":"https:\/\/www.greenpeace.org\/chile\/wp-json\/wp\/v2\/posts\/2010\/revisions"}],"predecessor-version":[{"id":7283,"href":"https:\/\/www.greenpeace.org\/chile\/wp-json\/wp\/v2\/posts\/2010\/revisions\/7283"}],"wp:featuredmedia":[{"embeddable":true,"href":"https:\/\/www.greenpeace.org\/chile\/wp-json\/wp\/v2\/media\/2011"}],"wp:attachment":[{"href":"https:\/\/www.greenpeace.org\/chile\/wp-json\/wp\/v2\/media?parent=2010"}],"wp:term":[{"taxonomy":"category","embeddable":true,"href":"https:\/\/www.greenpeace.org\/chile\/wp-json\/wp\/v2\/categories?post=2010"},{"taxonomy":"post_tag","embeddable":true,"href":"https:\/\/www.greenpeace.org\/chile\/wp-json\/wp\/v2\/tags?post=2010"},{"taxonomy":"p4-page-type","embeddable":true,"href":"https:\/\/www.greenpeace.org\/chile\/wp-json\/wp\/v2\/p4-page-type?post=2010"}],"curies":[{"name":"wp","href":"https:\/\/api.w.org\/{rel}","templated":true}]}}