{"id":2029,"date":"2019-09-04T18:40:22","date_gmt":"2019-09-04T18:40:22","guid":{"rendered":"https:\/\/www.greenpeace.org\/chile\/?p=2029"},"modified":"2021-12-01T12:28:55","modified_gmt":"2021-12-01T12:28:55","slug":"incendios-en-la-amazonia-es-como-si-se-hubiesen-quemado-11-parques-nacionales-torres-del-paine","status":"publish","type":"post","link":"https:\/\/www.greenpeace.org\/chile\/noticia\/issues\/bosques\/incendios-en-la-amazonia-es-como-si-se-hubiesen-quemado-11-parques-nacionales-torres-del-paine\/","title":{"rendered":"Incendios en la Amazon\u00eda: &#8220;Es como si se hubiesen quemado 11 Parques Nacionales Torres del Paine&#8221;"},"content":{"rendered":"<p><img loading=\"lazy\" decoding=\"async\" class=\"wp-image-2030 size-full\" src=\"https:\/\/www.greenpeace.org\/static\/planet4-chile-stateless\/2019\/09\/8be462ca-gp0stts2g.jpg\" alt=\"\" width=\"3000\" height=\"2000\" srcset=\"https:\/\/www.greenpeace.org\/static\/planet4-chile-stateless\/2019\/09\/8be462ca-gp0stts2g.jpg 3000w, https:\/\/www.greenpeace.org\/static\/planet4-chile-stateless\/2019\/09\/8be462ca-gp0stts2g-300x200.jpg 300w, https:\/\/www.greenpeace.org\/static\/planet4-chile-stateless\/2019\/09\/8be462ca-gp0stts2g-768x512.jpg 768w, https:\/\/www.greenpeace.org\/static\/planet4-chile-stateless\/2019\/09\/8be462ca-gp0stts2g-1024x683.jpg 1024w, https:\/\/www.greenpeace.org\/static\/planet4-chile-stateless\/2019\/09\/8be462ca-gp0stts2g-2048x1366.jpg 2048w, https:\/\/www.greenpeace.org\/static\/planet4-chile-stateless\/2019\/09\/8be462ca-gp0stts2g-510x340.jpg 510w\" sizes=\"auto, (max-width: 3000px) 100vw, 3000px\" \/><\/p>\n<div dir=\"ltr\"><\/div>\n<div dir=\"ltr\">Tras varias semanas de incendios, los peores temores se han confirmado: la devastac\u00f3n en la Amazon\u00eda ha sido enorme y as\u00ed lo confirman las cifras oficiales dadas a conocer por el Instituto Nacional de Investigaciones Espaciales (INPE), organismo que ha cifrado que el fuego, solo durante agosto, ha arrasado con 2,5 millones de hect\u00e1reas.<\/p>\n<p>\u201cEn solo un mes se destruy\u00f3 una superficie equivalente a 11 Parques Nacionales Torres del Paine. La situaci\u00f3n contin\u00faa siendo alarmante y es tarea del gobierno de Brasil poner todos los esfuerzos a disposici\u00f3n de la Amazon\u00eda, sus comunidades y las especies que lo habitan\u201d, dijo Hern\u00e1n Giardini, coordinador de la campa\u00f1a de Bosques de Greenpeace Andino.<\/p>\n<p>Y agreg\u00f3: \u201cLas cifras confirman la magnitud de la cat\u00e1strofe. Mientras que las versiones period\u00edsticas hablaban de 700.000 hect\u00e1reas, las cifras oficiales se han m\u00e1s que triplicado\u201d.<\/p>\n<p>Los informes aclaran que, durante agosto pasado, en la Amazon\u00eda se quem\u00f3 cuatro veces m\u00e1s de superficie que en agosto de 2018. \u201cEs uno de los peores incendios forestales del \u00faltimo tiempo, una tragedia que no podemos permitirnos en medio de una crisis clim\u00e1tica a nivel global. En este contexto, existe una enorme responsabilidad de las empresas empe\u00f1adas en avanzar la frontera agropecuaria y de la soya\u201d, alert\u00f3 Giardini.<\/p>\n<p>Seg\u00fan datos del INPE, solo durante agosto hubo 30.900 focos, casi el triple de los registrados en igual mes del 2018.<\/p>\n<\/div>\n<div dir=\"ltr\">\n\u201cLos incendios forestales y el cambio clim\u00e1tico operan en un c\u00edrculo vicioso: a medida que aumenta el n\u00famero de incendios, tambi\u00e9n lo hacen las emisiones de gases de efecto invernadero, aumentando la temperatura general del planeta y la ocurrencia de eventos clim\u00e1ticos extremos, como huracanes, tornados, grandes sequ\u00edas, inundaciones, el aumento del nivel del mar, y el derretimiento de los glaciares\u201d, finaliz\u00f3 el vocero.<\/div>\n\t\t\t<section\n\t\t\tclass=\"boxout post-1930 \"\n\t\t\t\n\t\t>\n\t\t\t<a\n\t\t\t\tdata-ga-category=\"Take Action Boxout\"\n\t\t\t\tdata-ga-action=\"Image\"\n\t\t\t\tdata-ga-label=\"n\/a\"\n\t\t\t\tclass=\"cover-card-overlay\"\n\t\t\t\thref=\"https:\/\/www.greenpeace.org\/chile\/involucrate\/amazonas-en-llamas\/\" \n\t\t\t><\/a>\n\t\t\t\t\t\t\t<img\n\t\t\t\t\t\tsrc=\"https:\/\/www.greenpeace.org\/static\/planet4-chile-stateless\/2019\/08\/c910d043-1_bfh-iqlpowtzx7qxlurruq.jpeg\"\n\t\t\t\t\t\tsrcset=\"https:\/\/www.greenpeace.org\/static\/planet4-chile-stateless\/2019\/08\/c910d043-1_bfh-iqlpowtzx7qxlurruq-300x200.jpeg 300w, https:\/\/www.greenpeace.org\/static\/planet4-chile-stateless\/2019\/08\/c910d043-1_bfh-iqlpowtzx7qxlurruq-768x512.jpeg 768w, https:\/\/www.greenpeace.org\/static\/planet4-chile-stateless\/2019\/08\/c910d043-1_bfh-iqlpowtzx7qxlurruq-510x340.jpeg 510w, https:\/\/www.greenpeace.org\/static\/planet4-chile-stateless\/2019\/08\/c910d043-1_bfh-iqlpowtzx7qxlurruq.jpeg 800w\"\n\t\t\t\t\t\tsizes=\"(min-width: 1000px) 358px, (min-width: 780px) 313px, 88px\"\n\t\t\t\t\t\talt=\"\" title=\"\"\n\t\t\t\t\/>\n            \t\t\t<div class=\"boxout-content\">\n\t\t\t\t\t\t\t\t\t<a\n\t\t\t\t\t\tclass=\"boxout-heading medium\"\n\t\t\t\t\t\tdata-ga-category=\"Take Action Boxout\"\n\t\t\t\t\t\tdata-ga-action=\"Title\"\n\t\t\t\t\t\tdata-ga-label=\"n\/a\"\n\t\t\t\t\t\thref=\"https:\/\/www.greenpeace.org\/chile\/involucrate\/amazonas-en-llamas\/\"\n\t\t\t\t\t\t\n\t\t\t\t\t>\n\t\t\t\t\t\tAmazonas en llamas\n\t\t\t\t\t<\/a>\n\t\t\t\t\t\t\t\t                                    <a\n                        class=\"btn btn-primary\"\n                        data-ga-category=\"Take Action Boxout\"\n                        data-ga-action=\"Call to Action\"\n                        data-ga-label=\"n\/a\"\n                        href=\"https:\/\/www.greenpeace.org\/chile\/involucrate\/amazonas-en-llamas\/\"\n                        \n                    >\n                        Invol\u00facrate\n                    <\/a>\n                \t\t\t<\/div>\n\t\t\t\t\t<\/section>\n\t","protected":false},"excerpt":{"rendered":"<p>Tras varias semanas de incendios, los peores temores se han confirmado: la devastac\u00f3n en la Amazon\u00eda ha sido enorme y as\u00ed lo confirman las cifras oficiales dadas a conocer por&hellip;<\/p>\n","protected":false},"author":24,"featured_media":2030,"comment_status":"closed","ping_status":"open","sticky":false,"template":"","format":"standard","meta":{"ep_exclude_from_search":false,"p4_og_title":"","p4_og_description":"","p4_og_image":"","p4_og_image_id":"","p4_seo_canonical_url":"","p4_campaign_name":"not set","p4_local_project":"not set","p4_basket_name":"not set","p4_department":"","footnotes":""},"categories":[2,33],"tags":[35],"p4-page-type":[16],"class_list":["post-2029","post","type-post","status-publish","format-standard","has-post-thumbnail","hentry","category-bosques","category-greenpeace","tag-salvaelamazonas","p4-page-type-noticia"],"_links":{"self":[{"href":"https:\/\/www.greenpeace.org\/chile\/wp-json\/wp\/v2\/posts\/2029","targetHints":{"allow":["GET"]}}],"collection":[{"href":"https:\/\/www.greenpeace.org\/chile\/wp-json\/wp\/v2\/posts"}],"about":[{"href":"https:\/\/www.greenpeace.org\/chile\/wp-json\/wp\/v2\/types\/post"}],"author":[{"embeddable":true,"href":"https:\/\/www.greenpeace.org\/chile\/wp-json\/wp\/v2\/users\/24"}],"replies":[{"embeddable":true,"href":"https:\/\/www.greenpeace.org\/chile\/wp-json\/wp\/v2\/comments?post=2029"}],"version-history":[{"count":6,"href":"https:\/\/www.greenpeace.org\/chile\/wp-json\/wp\/v2\/posts\/2029\/revisions"}],"predecessor-version":[{"id":7281,"href":"https:\/\/www.greenpeace.org\/chile\/wp-json\/wp\/v2\/posts\/2029\/revisions\/7281"}],"wp:featuredmedia":[{"embeddable":true,"href":"https:\/\/www.greenpeace.org\/chile\/wp-json\/wp\/v2\/media\/2030"}],"wp:attachment":[{"href":"https:\/\/www.greenpeace.org\/chile\/wp-json\/wp\/v2\/media?parent=2029"}],"wp:term":[{"taxonomy":"category","embeddable":true,"href":"https:\/\/www.greenpeace.org\/chile\/wp-json\/wp\/v2\/categories?post=2029"},{"taxonomy":"post_tag","embeddable":true,"href":"https:\/\/www.greenpeace.org\/chile\/wp-json\/wp\/v2\/tags?post=2029"},{"taxonomy":"p4-page-type","embeddable":true,"href":"https:\/\/www.greenpeace.org\/chile\/wp-json\/wp\/v2\/p4-page-type?post=2029"}],"curies":[{"name":"wp","href":"https:\/\/api.w.org\/{rel}","templated":true}]}}