{"id":2193,"date":"2019-10-09T15:04:08","date_gmt":"2019-10-09T15:04:08","guid":{"rendered":"https:\/\/www.greenpeace.org\/chile\/?p=2193"},"modified":"2021-12-01T12:28:38","modified_gmt":"2021-12-01T12:28:38","slug":"greenepace-y-mesa-por-el-agua-convocada-por-el-presidente-pinera-es-una-mesa-de-tres-patas","status":"publish","type":"post","link":"https:\/\/www.greenpeace.org\/chile\/noticia\/greenpeace\/greenepace-y-mesa-por-el-agua-convocada-por-el-presidente-pinera-es-una-mesa-de-tres-patas\/","title":{"rendered":"Greenpeace y Mesa por el Agua convocada por el presidente Pi\u00f1era: &#8220;Es una mesa de tres patas&#8221;."},"content":{"rendered":"<p><img loading=\"lazy\" decoding=\"async\" class=\"wp-image-2062 size-full\" src=\"https:\/\/www.greenpeace.org\/static\/planet4-chile-stateless\/2019\/09\/a72ced2c-sequia.jpg\" alt=\"\" width=\"2500\" height=\"1667\" srcset=\"https:\/\/www.greenpeace.org\/static\/planet4-chile-stateless\/2019\/09\/a72ced2c-sequia.jpg 2500w, https:\/\/www.greenpeace.org\/static\/planet4-chile-stateless\/2019\/09\/a72ced2c-sequia-300x200.jpg 300w, https:\/\/www.greenpeace.org\/static\/planet4-chile-stateless\/2019\/09\/a72ced2c-sequia-768x512.jpg 768w, https:\/\/www.greenpeace.org\/static\/planet4-chile-stateless\/2019\/09\/a72ced2c-sequia-1024x683.jpg 1024w, https:\/\/www.greenpeace.org\/static\/planet4-chile-stateless\/2019\/09\/a72ced2c-sequia-2048x1366.jpg 2048w, https:\/\/www.greenpeace.org\/static\/planet4-chile-stateless\/2019\/09\/a72ced2c-sequia-510x340.jpg 510w\" sizes=\"auto, (max-width: 2500px) 100vw, 2500px\" \/><\/p>\n<p>Frente a la mesa de trabajo convocada por el presidente Pi\u00f1era para analizar la grave sequ\u00eda que afecta al pa\u00eds, Estefan\u00eda Gonz\u00e1lez, coordinadora de campa\u00f1as de Greenpeace, se\u00f1al\u00f3: &#8220;Est\u00e1 claro que la crisis h\u00eddrica que enfrenta el pa\u00eds requiere una respuesta de Estado para el creciente problema de la falta de agua. Para hacerse una idea de la gravedad del problema, hoy 400 mil compatriotas est\u00e1n recibiendo agua gracias a camiones aljibes y Chile est\u00e1 a un lugar de entrar en el grupo de los 17 pa\u00edses del mundo con mayor estr\u00e9s h\u00eddrico y hace pocas semanas el propio ministro de Obras P\u00fablicas reconoc\u00eda en el Congresocque se ha entregado un tercio m\u00e1s de agua que la que est\u00e1 disponible. El presidente Pi\u00f1era ha convocado a una mesa nacional por el agua, pero lamentamos que sea una mesa de tres patas, una mesa coja donde no hay alcaldes, crianceros ni organizaciones medioambientales. Es una mesa pol\u00edtica y donde la voz que se escuchar\u00e1 m\u00e1s fuerte ser\u00e1 de las grandes organizaciones empresariales, las mismas que han sido las grandes responsables de usar y abusar del agua de todos los chilenos. Hoy lo que se requiere es priorizar el agua para el consumo humano y no seguir beneficiando a quienes por largo tiempo se han encargado secar el pa\u00eds&#8221;.<\/p>\n<p>&nbsp;<\/p>\n<p>&nbsp;<\/p>\n\t\t\t<section\n\t\t\tclass=\"boxout post-3167 \"\n\t\t\t\n\t\t>\n\t\t\t<a\n\t\t\t\tdata-ga-category=\"Take Action Boxout\"\n\t\t\t\tdata-ga-action=\"Image\"\n\t\t\t\tdata-ga-label=\"n\/a\"\n\t\t\t\tclass=\"cover-card-overlay\"\n\t\t\t\thref=\"https:\/\/www.greenpeace.org\/chile\/involucrate\/exige-que-el-agua-sea-para-todos\/\" \n\t\t\t><\/a>\n\t\t\t\t\t\t\t<img\n\t\t\t\t\t\tsrc=\"https:\/\/www.greenpeace.org\/static\/planet4-chile-stateless\/2020\/04\/5a5840e8-dsc_0045-1024x664.jpg\"\n\t\t\t\t\t\tsrcset=\"https:\/\/www.greenpeace.org\/static\/planet4-chile-stateless\/2020\/04\/5a5840e8-dsc_0045-300x195.jpg 300w, https:\/\/www.greenpeace.org\/static\/planet4-chile-stateless\/2020\/04\/5a5840e8-dsc_0045-1024x664.jpg 1024w, https:\/\/www.greenpeace.org\/static\/planet4-chile-stateless\/2020\/04\/5a5840e8-dsc_0045-768x498.jpg 768w, https:\/\/www.greenpeace.org\/static\/planet4-chile-stateless\/2020\/04\/5a5840e8-dsc_0045-1536x996.jpg 1536w, https:\/\/www.greenpeace.org\/static\/planet4-chile-stateless\/2020\/04\/5a5840e8-dsc_0045-2048x1328.jpg 2048w, https:\/\/www.greenpeace.org\/static\/planet4-chile-stateless\/2020\/04\/5a5840e8-dsc_0045-510x331.jpg 510w\"\n\t\t\t\t\t\tsizes=\"(min-width: 1000px) 358px, (min-width: 780px) 313px, 88px\"\n\t\t\t\t\t\talt=\"\" title=\"\"\n\t\t\t\t\/>\n            \t\t\t<div class=\"boxout-content\">\n\t\t\t\t\t\t\t\t\t<a\n\t\t\t\t\t\tclass=\"boxout-heading medium\"\n\t\t\t\t\t\tdata-ga-category=\"Take Action Boxout\"\n\t\t\t\t\t\tdata-ga-action=\"Title\"\n\t\t\t\t\t\tdata-ga-label=\"n\/a\"\n\t\t\t\t\t\thref=\"https:\/\/www.greenpeace.org\/chile\/involucrate\/exige-que-el-agua-sea-para-todos\/\"\n\t\t\t\t\t\t\n\t\t\t\t\t>\n\t\t\t\t\t\tExige que el agua sea para todos\n\t\t\t\t\t<\/a>\n\t\t\t\t\t\t\t\t                                    <a\n                        class=\"btn btn-primary\"\n                        data-ga-category=\"Take Action Boxout\"\n                        data-ga-action=\"Call to Action\"\n                        data-ga-label=\"n\/a\"\n                        href=\"https:\/\/www.greenpeace.org\/chile\/involucrate\/exige-que-el-agua-sea-para-todos\/\"\n                        \n                    >\n                        Invol\u00facrate\n                    <\/a>\n                \t\t\t<\/div>\n\t\t\t\t\t<\/section>\n\t","protected":false},"excerpt":{"rendered":"<p>Frente a la mesa de trabajo convocada por el presidente Pi\u00f1era para analizar la grave sequ\u00eda que afecta al pa\u00eds, Estefan\u00eda Gonz\u00e1lez, coordinadora de campa\u00f1as de Greenpeace, se\u00f1al\u00f3: &#8220;Est\u00e1 claro&hellip;<\/p>\n","protected":false},"author":24,"featured_media":2062,"comment_status":"closed","ping_status":"open","sticky":false,"template":"","format":"standard","meta":{"ep_exclude_from_search":false,"p4_og_title":"","p4_og_description":"","p4_og_image":"","p4_og_image_id":"","p4_seo_canonical_url":"","p4_campaign_name":"not set","p4_local_project":"not set","p4_basket_name":"not set","p4_department":"","footnotes":""},"categories":[33],"tags":[38],"p4-page-type":[16],"class_list":["post-2193","post","type-post","status-publish","format-standard","has-post-thumbnail","hentry","category-greenpeace","tag-sueltaelagua","p4-page-type-noticia"],"_links":{"self":[{"href":"https:\/\/www.greenpeace.org\/chile\/wp-json\/wp\/v2\/posts\/2193","targetHints":{"allow":["GET"]}}],"collection":[{"href":"https:\/\/www.greenpeace.org\/chile\/wp-json\/wp\/v2\/posts"}],"about":[{"href":"https:\/\/www.greenpeace.org\/chile\/wp-json\/wp\/v2\/types\/post"}],"author":[{"embeddable":true,"href":"https:\/\/www.greenpeace.org\/chile\/wp-json\/wp\/v2\/users\/24"}],"replies":[{"embeddable":true,"href":"https:\/\/www.greenpeace.org\/chile\/wp-json\/wp\/v2\/comments?post=2193"}],"version-history":[{"count":20,"href":"https:\/\/www.greenpeace.org\/chile\/wp-json\/wp\/v2\/posts\/2193\/revisions"}],"predecessor-version":[{"id":7264,"href":"https:\/\/www.greenpeace.org\/chile\/wp-json\/wp\/v2\/posts\/2193\/revisions\/7264"}],"wp:featuredmedia":[{"embeddable":true,"href":"https:\/\/www.greenpeace.org\/chile\/wp-json\/wp\/v2\/media\/2062"}],"wp:attachment":[{"href":"https:\/\/www.greenpeace.org\/chile\/wp-json\/wp\/v2\/media?parent=2193"}],"wp:term":[{"taxonomy":"category","embeddable":true,"href":"https:\/\/www.greenpeace.org\/chile\/wp-json\/wp\/v2\/categories?post=2193"},{"taxonomy":"post_tag","embeddable":true,"href":"https:\/\/www.greenpeace.org\/chile\/wp-json\/wp\/v2\/tags?post=2193"},{"taxonomy":"p4-page-type","embeddable":true,"href":"https:\/\/www.greenpeace.org\/chile\/wp-json\/wp\/v2\/p4-page-type?post=2193"}],"curies":[{"name":"wp","href":"https:\/\/api.w.org\/{rel}","templated":true}]}}