{"id":2269,"date":"2019-10-25T19:23:45","date_gmt":"2019-10-25T19:23:45","guid":{"rendered":"https:\/\/www.greenpeace.org\/chile\/?p=2269"},"modified":"2021-12-01T12:28:33","modified_gmt":"2021-12-01T12:28:33","slug":"declaracion-greenpeace-para-un-gran-acuerdo-social","status":"publish","type":"post","link":"https:\/\/www.greenpeace.org\/chile\/noticia\/greenpeace\/declaracion-greenpeace-para-un-gran-acuerdo-social\/","title":{"rendered":"Declaraci\u00f3n Greenpeace para un gran acuerdo social"},"content":{"rendered":"<p><img loading=\"lazy\" decoding=\"async\" class=\"size-full wp-image-2270\" src=\"https:\/\/www.greenpeace.org\/static\/planet4-chile-stateless\/2019\/10\/a82bb829-co11202_1.jpg\" alt=\"\" width=\"3500\" height=\"2336\" srcset=\"https:\/\/www.greenpeace.org\/static\/planet4-chile-stateless\/2019\/10\/a82bb829-co11202_1.jpg 3500w, https:\/\/www.greenpeace.org\/static\/planet4-chile-stateless\/2019\/10\/a82bb829-co11202_1-300x200.jpg 300w, https:\/\/www.greenpeace.org\/static\/planet4-chile-stateless\/2019\/10\/a82bb829-co11202_1-768x513.jpg 768w, https:\/\/www.greenpeace.org\/static\/planet4-chile-stateless\/2019\/10\/a82bb829-co11202_1-1024x683.jpg 1024w, https:\/\/www.greenpeace.org\/static\/planet4-chile-stateless\/2019\/10\/a82bb829-co11202_1-2048x1366.jpg 2048w, https:\/\/www.greenpeace.org\/static\/planet4-chile-stateless\/2019\/10\/a82bb829-co11202_1-510x340.jpg 510w\" sizes=\"auto, (max-width: 3500px) 100vw, 3500px\" \/><\/p>\n<p><span style=\"font-weight: 400;\">Chile est\u00e1 viviendo la expresi\u00f3n de uno de los movimientos ciudadanos m\u00e1s grandes que hayamos conocido en su historia, que evidencia la necesidad de avanzar en una mejora en la calidad de vida de las personas. Sostenemos que para avanzar en el proceso social, se requiere que el Estado Chileno restablezca plenamente las garant\u00edas constitucionales, para el desenvolvimiento de los actores sociales en armon\u00eda.<\/span><\/p>\n<p><span style=\"font-weight: 400;\">En este escenario, Greenpeace cree que estas desigualdades denunciadas, reflejan precisamente las problem\u00e1ticas ambientales que hemos denunciado. Por ello, afirmamos lo siguiente:<\/span><\/p>\n<ul>\n<li style=\"font-weight: 400;\"><b>Adherimos a&nbsp; las justas demandas sociales<\/b><span style=\"font-weight: 400;\"> por las que millones de ciudadanos en Chile se manifiestan, a <\/span><b>trav\u00e9s de movilizaciones multitudinarias y de manera pac\u00edfica<\/b><span style=\"font-weight: 400;\">. Una olla y una cuchara han probado ser una v\u00eda correcta para expresar la necesidad de reducir las amplias desigualdades y alcanzar<\/span><b> mejoras que apuntan por sobre todo a las personas m\u00e1s vulnerables en el pa\u00eds<\/b><span style=\"font-weight: 400;\"> y exigimos que estas demandas sean escuchadas por las autoridades.\n<p><\/span><\/li>\n<li style=\"font-weight: 400;\"><span style=\"font-weight: 400;\">Sobre la realizaci\u00f3n de la COP25, un estado de excepci\u00f3n como el que estamos viviendo hoy, con m\u00faltiples denuncias de violaciones a los derechos humanos, <\/span><b>no entrega las garant\u00edas de seguridad suficientes para que la sociedad civil pueda hacer valer el derecho de protestar y expresarse pac\u00edficamente,<\/b><span style=\"font-weight: 400;\"> con el objetivo de exigirle a los tomadores de decisi\u00f3n que aborden la ambici\u00f3n clim\u00e1tica frente a la crisis ecol\u00f3gica que vivimos. Es urgente que el gobierno restablezca las garant\u00edas y derechos constitucionales, reconocidos tambi\u00e9n a nivel internacional, para que esta conferencia tenga lugar en nuestro pa\u00eds, en un escenario de paz y acuerdos sociales.\n<p><\/span><\/li>\n<li style=\"font-weight: 400;\"><span style=\"font-weight: 400;\">Consideramos que la<\/span><b> profunda crisis que vive el pa\u00eds requiere de respuestas concertadas entre los distintos actores sociales. <\/b><span style=\"font-weight: 400;\">La academia, la sociedad civil y la ciudadan\u00eda en su conjunto, deben participar en la construcci\u00f3n de un nuevo Chile. <\/span><b>El mundo pol\u00edtico debe dar un paso al frente y es el Ejecutivo quien debe permitir de modo responsable y sin violencia, ese avance<\/b><span style=\"font-weight: 400;\">. Hasta ahora las respuestas han sido insuficientes.\n<p><\/span><\/li>\n<li style=\"font-weight: 400;\"><span style=\"font-weight: 400;\">Solicitamos al gobierno, a autoridades institucionales, a organizaciones sociales y a los medios de comunicaci\u00f3n masiva, <\/span><b>incorporar de forma urgente los conflictos medioambientales del pa\u00eds<\/b><span style=\"font-weight: 400;\">, <\/span><b>que hoy son uno de los peores espejos de la desigualdad, la injusticia social y la violaci\u00f3n sistem\u00e1tica de derechos humanos<\/b><span style=\"font-weight: 400;\"> de mujeres, ni\u00f1os y hombres que por a\u00f1os ha estado invisibilizada.\n<p><\/span><\/li>\n<li style=\"font-weight: 400;\"><span style=\"font-weight: 400;\">Sobre esto \u00faltimo estamos convencidos que es imperioso <\/span><b>dar soluci\u00f3n definitiva a la situaci\u00f3n que miles de chilenos viven hoy, habitando las<\/b> <b>llamadas \u201czonas de sacrificio\u201d<\/b><span style=\"font-weight: 400;\">, v\u00edctimas de la descontrolada acci\u00f3n de empresas que, amparadas en la falta de regulaci\u00f3n y fiscalizaci\u00f3n, han mantenido por d\u00e9cadas una progresiva degradaci\u00f3n social, econ\u00f3mica y ambiental de territorios completos. El fin de las seis plantas a carb\u00f3n m\u00e1s antiguas en Chile no es s\u00f3lo una demanda ambiental y clim\u00e1tica urgente, es parte de la m\u00ednima restituci\u00f3n de derechos que se les debe a quienes por a\u00f1os han sido omitidos de un trato justo y digno.<br \/>\n<\/span><\/li>\n<li style=\"font-weight: 400;\"><b>Lo mismo ocurre con el agua<\/b><span style=\"font-weight: 400;\">, elemento fundamental de la vida, y se requiere con urgencia que se reconozca su acceso como un derecho humano y la funci\u00f3n ambiental de la mismas como soporte de nuestros ecosistemas. Del mismo modo, la <\/span><b>protecci\u00f3n de glaciares, humedales, r\u00edos y cuencas en su conjunto para impedir que sean irremediablemente afectados, es una prioridad nacional<\/b><span style=\"font-weight: 400;\"> que sobrepasa con creces cualquier c\u00e1lculo econ\u00f3mico de corto plazo. Sin agua no hay vida.\n<p><\/span><\/li>\n<li style=\"font-weight: 400;\"><span style=\"font-weight: 400;\">Por \u00faltimo, creemos que hay elementos del modelo extractivista, que son <\/span><b>inaceptables en un contexto de crisis ecol\u00f3gica y sostenemos que la \u00fanica v\u00eda suficiente para canalizar estos cambios es la elaboraci\u00f3n participativa, democr\u00e1tica y abierta de<\/b><span style=\"font-weight: 400;\"> una nueva constituci\u00f3n para Chile, que permita resolver las brechas sociales y las injusticias, integrando los derechos ambientales como parte de las garant\u00edas m\u00ednimas de convivencia justa y digna.<\/span><\/li>\n<\/ul>\n<p><span style=\"font-weight: 400;\">En tiempos dif\u00edciles para nuestra sociedad y como organizaci\u00f3n independiente, pol\u00edtica y econ\u00f3micamente, que utiliza la acci\u00f3n directa no violenta, Greenpeace reafirma su compromiso con la paz, el medioambiente y la promoci\u00f3n de soluciones a los conflictos basados en el&nbsp; respeto a los principios que inspiran la diversidad y la pluralidad democr\u00e1tica.<\/span><\/p>\n<p>&nbsp;<\/p>\n<p><b>#NOESTAMOSENGUERRA &#8211; #CHILEDESPERT\u00d3-&nbsp; #NOVAMOSAPARAR<\/b><\/p>\n<div class=\"EmptyMessage\">Block content is empty. Check the block&#8217;s settings or remove it.<\/div>","protected":false},"excerpt":{"rendered":"<p>Chile est\u00e1 viviendo la expresi\u00f3n de uno de los movimientos ciudadanos m\u00e1s grandes que hayamos conocido en su historia, que evidencia la necesidad de avanzar en una mejora en la&hellip;<\/p>\n","protected":false},"author":19,"featured_media":2270,"comment_status":"closed","ping_status":"open","sticky":false,"template":"","format":"standard","meta":{"ep_exclude_from_search":false,"p4_og_title":"","p4_og_description":"","p4_og_image":"","p4_og_image_id":"","p4_seo_canonical_url":"","p4_campaign_name":"not set","p4_local_project":"not set","p4_basket_name":"not set","p4_department":"","footnotes":""},"categories":[33],"tags":[],"p4-page-type":[16],"class_list":["post-2269","post","type-post","status-publish","format-standard","has-post-thumbnail","hentry","category-greenpeace","p4-page-type-noticia"],"_links":{"self":[{"href":"https:\/\/www.greenpeace.org\/chile\/wp-json\/wp\/v2\/posts\/2269","targetHints":{"allow":["GET"]}}],"collection":[{"href":"https:\/\/www.greenpeace.org\/chile\/wp-json\/wp\/v2\/posts"}],"about":[{"href":"https:\/\/www.greenpeace.org\/chile\/wp-json\/wp\/v2\/types\/post"}],"author":[{"embeddable":true,"href":"https:\/\/www.greenpeace.org\/chile\/wp-json\/wp\/v2\/users\/19"}],"replies":[{"embeddable":true,"href":"https:\/\/www.greenpeace.org\/chile\/wp-json\/wp\/v2\/comments?post=2269"}],"version-history":[{"count":4,"href":"https:\/\/www.greenpeace.org\/chile\/wp-json\/wp\/v2\/posts\/2269\/revisions"}],"predecessor-version":[{"id":7259,"href":"https:\/\/www.greenpeace.org\/chile\/wp-json\/wp\/v2\/posts\/2269\/revisions\/7259"}],"wp:featuredmedia":[{"embeddable":true,"href":"https:\/\/www.greenpeace.org\/chile\/wp-json\/wp\/v2\/media\/2270"}],"wp:attachment":[{"href":"https:\/\/www.greenpeace.org\/chile\/wp-json\/wp\/v2\/media?parent=2269"}],"wp:term":[{"taxonomy":"category","embeddable":true,"href":"https:\/\/www.greenpeace.org\/chile\/wp-json\/wp\/v2\/categories?post=2269"},{"taxonomy":"post_tag","embeddable":true,"href":"https:\/\/www.greenpeace.org\/chile\/wp-json\/wp\/v2\/tags?post=2269"},{"taxonomy":"p4-page-type","embeddable":true,"href":"https:\/\/www.greenpeace.org\/chile\/wp-json\/wp\/v2\/p4-page-type?post=2269"}],"curies":[{"name":"wp","href":"https:\/\/api.w.org\/{rel}","templated":true}]}}