{"id":2978,"date":"2020-03-09T16:09:54","date_gmt":"2020-03-09T16:09:54","guid":{"rendered":"https:\/\/www.greenpeace.org\/chile\/?p=2978"},"modified":"2021-12-01T12:27:58","modified_gmt":"2021-12-01T12:27:58","slug":"greenpeace-y-hallazgo-de-ballena-con-posible-arpon-en-magallanes-seria-gravisimo-confirmar-que-sigue-la-caza-furtiva-de-ballenas-en-chile","status":"publish","type":"post","link":"https:\/\/www.greenpeace.org\/chile\/noticia\/uncategorized\/greenpeace-y-hallazgo-de-ballena-con-posible-arpon-en-magallanes-seria-gravisimo-confirmar-que-sigue-la-caza-furtiva-de-ballenas-en-chile\/","title":{"rendered":"[Actualizaci\u00f3n] Autoridades y cient\u00edficos confirman que se trata de un aparato de seguimiento satelital."},"content":{"rendered":"\n<figure class=\"wp-block-image size-large  caption-style-medium caption-alignment-center\"><img loading=\"lazy\" decoding=\"async\" width=\"1024\" height=\"512\" src=\"https:\/\/www.greenpeace.org\/static\/planet4-chile-stateless\/2020\/03\/04d51f61-img_20200309_123218-1024x512.jpg\" alt=\"\" class=\"wp-image-2981\" srcset=\"https:\/\/www.greenpeace.org\/static\/planet4-chile-stateless\/2020\/03\/04d51f61-img_20200309_123218-1024x512.jpg 1024w, https:\/\/www.greenpeace.org\/static\/planet4-chile-stateless\/2020\/03\/04d51f61-img_20200309_123218-300x150.jpg 300w, https:\/\/www.greenpeace.org\/static\/planet4-chile-stateless\/2020\/03\/04d51f61-img_20200309_123218-768x384.jpg 768w, https:\/\/www.greenpeace.org\/static\/planet4-chile-stateless\/2020\/03\/04d51f61-img_20200309_123218-510x255.jpg 510w, https:\/\/www.greenpeace.org\/static\/planet4-chile-stateless\/2020\/03\/04d51f61-img_20200309_123218.jpg 1152w\" sizes=\"auto, (max-width: 1024px) 100vw, 1024px\" \/><figcaption>Fotos cedida por El Ping\u00faino.<\/figcaption><\/figure>\n\n<p><strong>ACTUALIZACI\u00d3N: Autoridades y cient\u00edficos han confirmado que se trata de un aparato de seguimiento satelital, tomando contacto con nosotros para clarificar la situaci\u00f3n. Desde Greenpeace quedamos atentos a los antecedentes que permitan clarificar las razones y circunstancias de la muerte, mismas que deben investigarse<\/strong><\/p>\n\n<p>Como una situaci\u00f3n inaceptable y que debe investigarse a la brevedad para encontrar a los responsables calific\u00f3 Greenpeace la situaci\u00f3n de una ballena que apareci\u00f3 en las costas de Porvenir, en la Regi\u00f3n de Magallanes, herida con un aparente arp\u00f3n que atraviesa su cuerpo.<\/p>\n\n<p>\u201cDe confirmarse que se trata de un arp\u00f3n, se tratar\u00eda de una situaci\u00f3n de extrema gravedad y que dar\u00eda cuenta de que en Chile aun se est\u00e1n cazando ballenas. M\u00e1s grave un: que se est\u00e1 haciendo dentro de un santuario marino. Esta situaci\u00f3n requiere una investigaci\u00f3n r\u00e1pida por parte de las autoridades para dar con estos cazadores furtivos que est\u00e1n matando ballenas en zonas en donde est\u00e1n expresamente protegidas\u201d, dijo Mauricio Ceballos, vocero de Greenpeace.<\/p>\n\n<p>De acuerdo con la informaci\u00f3n entregada por lugare\u00f1os, el cet\u00e1ceo habr\u00eda muerto en el mar y su cad\u00e1ver habr\u00eda llegado hasta las costas del Porvenir este domingo.<\/p>\n\n<p>\u201cEste hallazgo nos plantea como duda la real capacidad que tenemos como pa\u00eds para proteger nuestros espacios marinos. Estudiaremos la situaci\u00f3n y haremos las denuncias necesarias con tal de que se aclare esta situaci\u00f3n que resulta de la mayor gravedad\u201d, explic\u00f3 Ceballos.<\/p>\n\n<p>Greenpeace record\u00f3 que la normativa chilena es expl\u00edcita y contundente en su protecci\u00f3n a las ballenas, b\u00e1sicamente a trav\u00e9s de cuerpos legales (Ley 20.293) que se\u00f1ala: \u201cSe proh\u00edbe dar muerte, cazar, capturar, acosar, tener, poseer, transportar, desembarcar, elaborar o realizar cualquier proceso de transformaci\u00f3n, as\u00ed como la comercializaci\u00f3n o almacenamiento de cualquier especie de cet\u00e1ceo que habite o surque los espacios mar\u00edtimos de soberan\u00eda y jurisdicci\u00f3n nacional\u201d.<br><\/p>\n<div class=\"EmptyMessage\">Block content is empty. Check the block&#8217;s settings or remove it.<\/div>","protected":false},"excerpt":{"rendered":"<p>Como una situaci\u00f3n inaceptable y que debe investigarse a la brevedad para encontrar a los responsables calific\u00f3 Greenpeace la situaci\u00f3n de una ballena que apareci\u00f3 en las costas de Porvenir,&hellip;<\/p>\n","protected":false},"author":24,"featured_media":2990,"comment_status":"closed","ping_status":"open","sticky":false,"template":"","format":"standard","meta":{"ep_exclude_from_search":false,"p4_og_title":"","p4_og_description":"","p4_og_image":"","p4_og_image_id":"","p4_seo_canonical_url":"","p4_campaign_name":"not set","p4_local_project":"not set","p4_basket_name":"not set","p4_department":"","footnotes":""},"categories":[1],"tags":[],"p4-page-type":[16],"class_list":["post-2978","post","type-post","status-publish","format-standard","has-post-thumbnail","hentry","category-uncategorized","p4-page-type-noticia"],"_links":{"self":[{"href":"https:\/\/www.greenpeace.org\/chile\/wp-json\/wp\/v2\/posts\/2978","targetHints":{"allow":["GET"]}}],"collection":[{"href":"https:\/\/www.greenpeace.org\/chile\/wp-json\/wp\/v2\/posts"}],"about":[{"href":"https:\/\/www.greenpeace.org\/chile\/wp-json\/wp\/v2\/types\/post"}],"author":[{"embeddable":true,"href":"https:\/\/www.greenpeace.org\/chile\/wp-json\/wp\/v2\/users\/24"}],"replies":[{"embeddable":true,"href":"https:\/\/www.greenpeace.org\/chile\/wp-json\/wp\/v2\/comments?post=2978"}],"version-history":[{"count":10,"href":"https:\/\/www.greenpeace.org\/chile\/wp-json\/wp\/v2\/posts\/2978\/revisions"}],"predecessor-version":[{"id":7229,"href":"https:\/\/www.greenpeace.org\/chile\/wp-json\/wp\/v2\/posts\/2978\/revisions\/7229"}],"wp:featuredmedia":[{"embeddable":true,"href":"https:\/\/www.greenpeace.org\/chile\/wp-json\/wp\/v2\/media\/2990"}],"wp:attachment":[{"href":"https:\/\/www.greenpeace.org\/chile\/wp-json\/wp\/v2\/media?parent=2978"}],"wp:term":[{"taxonomy":"category","embeddable":true,"href":"https:\/\/www.greenpeace.org\/chile\/wp-json\/wp\/v2\/categories?post=2978"},{"taxonomy":"post_tag","embeddable":true,"href":"https:\/\/www.greenpeace.org\/chile\/wp-json\/wp\/v2\/tags?post=2978"},{"taxonomy":"p4-page-type","embeddable":true,"href":"https:\/\/www.greenpeace.org\/chile\/wp-json\/wp\/v2\/p4-page-type?post=2978"}],"curies":[{"name":"wp","href":"https:\/\/api.w.org\/{rel}","templated":true}]}}