{"id":5413,"date":"2020-06-03T17:58:46","date_gmt":"2020-06-03T17:58:46","guid":{"rendered":"https:\/\/www.greenpeace.org\/chile\/?p=5413"},"modified":"2021-12-01T12:27:17","modified_gmt":"2021-12-01T12:27:17","slug":"suelta-el-agua-fest-cantantes-mujeres-se-unen-en-festival-internacional-para-soltar-el-agua-en-chile","status":"publish","type":"post","link":"https:\/\/www.greenpeace.org\/chile\/noticia\/greenpeace\/suelta-el-agua-fest-cantantes-mujeres-se-unen-en-festival-internacional-para-soltar-el-agua-en-chile\/","title":{"rendered":"Suelta el Agua Fest: Cantantes mujeres se unen en festival internacional para soltar el agua en Chile"},"content":{"rendered":"\n<figure class=\"wp-block-image size-large is-resized  caption-style-blue-overlay caption-alignment-center\"><img loading=\"lazy\" decoding=\"async\" src=\"https:\/\/www.greenpeace.org\/static\/planet4-chile-stateless\/2020\/06\/304c4f07-afiche-suelta-el-agua-fest-820x1024.jpg\" alt=\"\" class=\"wp-image-5414\" width=\"615\" height=\"768\" srcset=\"https:\/\/www.greenpeace.org\/static\/planet4-chile-stateless\/2020\/06\/304c4f07-afiche-suelta-el-agua-fest-820x1024.jpg 820w, https:\/\/www.greenpeace.org\/static\/planet4-chile-stateless\/2020\/06\/304c4f07-afiche-suelta-el-agua-fest-240x300.jpg 240w, https:\/\/www.greenpeace.org\/static\/planet4-chile-stateless\/2020\/06\/304c4f07-afiche-suelta-el-agua-fest-768x959.jpg 768w, https:\/\/www.greenpeace.org\/static\/planet4-chile-stateless\/2020\/06\/304c4f07-afiche-suelta-el-agua-fest-272x340.jpg 272w, https:\/\/www.greenpeace.org\/static\/planet4-chile-stateless\/2020\/06\/304c4f07-afiche-suelta-el-agua-fest.jpg 957w\" sizes=\"auto, (max-width: 615px) 100vw, 615px\" \/><\/figure>\n\n<p><em>Festival Suelta el agua es un evento in\u00e9dito que une a grandes mujeres de la m\u00fasica en favor de mejorar la calidad de vida de chilenos y chilenas en plena pandemia. Las argentinas Perot\u00e1 Ching\u00f3, la mexicana Lila Downs, desde Colombia Li Saumet de Bomba Est\u00e9reo y en nuestro pa\u00eds;&nbsp; Francisca Valenzuela, Pascuala Ilabaca, Javiera Parra, Mariel Mariel y Ana Tijoux ser\u00e1n las protagonistas de esta iniciativa para solidarizar con la falta de agua de m\u00e1s de 350 mil chilenos.&nbsp;<\/em><\/p>\n\n<p><strong>3 de junio de 2020<\/strong>. Los panoramas, conciertos, festivales y muestras est\u00e1n cambiando. La pandemia mundial ha obligado a abrir nuevas ventanas de exhibici\u00f3n del arte, la m\u00fasica y la ecolog\u00eda. En este escenario nace, Suelta el agua Fest, donde la productora feminista La Matria, la organizaci\u00f3n ambientalista Greenpeace y su campa\u00f1a<a href=\"http:\/\/www.sueltaelagua.cl\/\" target=\"_blank\" rel=\"noreferrer noopener\"> www.sueltaelagua.cl<\/a>&nbsp; y el medio digital S\u00fabela<a href=\"http:\/\/www.subela.cl\/\" target=\"_blank\" rel=\"noreferrer noopener\"> www.subela.cl<\/a> se unen para la realizaci\u00f3n de un evento que tiene como objetivo dar a conocer la problem\u00e1tica del agua en Chile en pleno coronavirus a trav\u00e9s de la participaci\u00f3n de&nbsp; grandes voces femeninas de distintos lugares de latinoam\u00e9rica.&nbsp;<\/p>\n\n<p>La Matria<\/p>\n\n<p>Soledad Acu\u00f1a, vocera de Greenpeace, explica que: &#8220;<em>En Greenpeace estamos llevando una campa\u00f1a para soltar el agua en Chile. Por qu\u00e9?<\/em><em> Porque en una pandemia como la que estamos viviendo el agua salva vidas. El agua hace la diferencia entre salud y enfermedad y en este momento en nuestro pa\u00eds hay&nbsp; cerca de 350 mil personas que viven sin agua en pleno coronavirus y est\u00e1n sin poder lavarse las manos, Como sabemos, lavarse las manos es la primera barrera para evitar el contagio tal como lo indica la la OMS, por eso estamos haciendo, junto a La Matria y S\u00fabela, este Festival de Mujeres que Cantan para Soltar el agua, para sumar m\u00e1s voces a esta&nbsp; campa\u00f1a y amplificar en Chile y el mundo nuestro llamado a la autoridad&nbsp; para que suelte el agua a todos los chilenos y chilenas. Ya son m\u00e1s de 55 mil personas que se han sumado a nuestra campa\u00f1a, por eso los invitamos a ingresar a <\/em><a href=\"http:\/\/www.sueltaelagua.cl\/\" target=\"_blank\" rel=\"noreferrer noopener\"><em>&nbsp;<\/em><em>www.sueltaelagua.cl<\/em><\/a><em> y&nbsp; ser parte&nbsp; esta lucha por el agua para todos en Chile. Y por supuesto no falten al festival que es gratuito y para todos y todas.&#8221;.<\/em><\/p>\n\n<p>Martina Valladares, Director Ejecutiva de La Matria, explica que: \u201c<em>La Matria es una organizaci\u00f3n que desde 2017 trabaja para visibilizar y abrir espacio al trabajo de mujeres en la m\u00fasica. Sentimos que las mujeres deben ser escuchadas, no solo para romper con un tema de discriminaci\u00f3n que ha existido, tambi\u00e9n porque sabemos q las mujeres tienen mensajes relevantes que tenemos q escuchar. Por eso nos pareci\u00f3 muy pertinente hacer un festival en torno a una causa que nos abre la cabeza y tambi\u00e9n por que queremos solidarizar con las miles de mujeres que est\u00e1n precarizadas en sus vidas porque tienen escaso o nulo acceso al agua, queremos que no se sientan solas y que sepan que al menos desde el mundo de la cultura las apoyamos y compartimos su dolor\u201d.&nbsp;<\/em><\/p>\n\n<p>El Festival Suelta el Agua se realizar\u00e1 el s\u00e1bado 13 de junio a las 17 horas y&nbsp; tiene como sede virtual a s\u00fabela radio<a href=\"http:\/\/www.subela.cl\/\" target=\"_blank\" rel=\"noreferrer noopener\"> www.subela.cl<\/a>. En esta plataforma, junto a las voces de Perot\u00e1 Ching\u00f3,&nbsp; Lila Downs, Li Saumet de Bomba Est\u00e9reo, Francisca Valenzuela, Pascuala Ilabaca, Javiera Parra, Mariel Mariel y Ana Tijoux tambi\u00e9n estar\u00e1n presentes conduciendo el evento destacadas mujeres del mundo cultural de nuestro pa\u00eds.&nbsp;<\/p>\n\n<p>Rayen Araya, Javiera Contador, Mariana Di Girolamo, Camila Moreno, Alison Mandel, Natalia Valdebenito y Las Gansas, ser\u00e1n las encargadas de hacer los enlaces entre las distintas artistas y contar a la galer\u00eda, desde sus casas, c\u00f3mo todo Chile puede lograr soltar el agua.<\/p>\n\n<p><em>&#8220;Para S\u00fabela participar y colaborar con esta causa tiene que ver con el compromiso del medio por levantar las voces que no tienen parlantes para expresar y reclamar derechos b\u00e1sicos como el acceso al agua. El llamado de la autoridad sanitaria frente al covid-19 no tiene sustento en la realidad, en un chile que no tiene acceso garantizado al agua. Nos parece urgente reunir a las voces que convocan a la sensibilizaci\u00f3n y a la lucha por una sociedad m\u00e1s justa y participativa&#8221;<\/em>, explic\u00f3 la conductora Ray\u00e9n Araya.&nbsp;<br>El festival online es una edici\u00f3n in\u00e9dita de un evento que convoca el arte y la m\u00fasica en favor de la reivindicaci\u00f3n del derecho al agua de chilenos y chilenas, que resulta urgente en plena pandemia. Es gratuito y pueden ser parte asistiendo en<a href=\"http:\/\/www.subela.cl\/\" target=\"_blank\" rel=\"noreferrer noopener\"> www.subela.cl<\/a><\/p>\n\t\t\t<section\n\t\t\tclass=\"boxout post-3167 \"\n\t\t\t\n\t\t>\n\t\t\t<a\n\t\t\t\tdata-ga-category=\"Take Action Boxout\"\n\t\t\t\tdata-ga-action=\"Image\"\n\t\t\t\tdata-ga-label=\"n\/a\"\n\t\t\t\tclass=\"cover-card-overlay\"\n\t\t\t\thref=\"https:\/\/www.greenpeace.org\/chile\/involucrate\/exige-que-el-agua-sea-para-todos\/\" \n\t\t\t><\/a>\n\t\t\t\t\t\t\t<img\n\t\t\t\t\t\tsrc=\"https:\/\/www.greenpeace.org\/static\/planet4-chile-stateless\/2020\/04\/5a5840e8-dsc_0045-1024x664.jpg\"\n\t\t\t\t\t\tsrcset=\"https:\/\/www.greenpeace.org\/static\/planet4-chile-stateless\/2020\/04\/5a5840e8-dsc_0045-300x195.jpg 300w, https:\/\/www.greenpeace.org\/static\/planet4-chile-stateless\/2020\/04\/5a5840e8-dsc_0045-1024x664.jpg 1024w, https:\/\/www.greenpeace.org\/static\/planet4-chile-stateless\/2020\/04\/5a5840e8-dsc_0045-768x498.jpg 768w, https:\/\/www.greenpeace.org\/static\/planet4-chile-stateless\/2020\/04\/5a5840e8-dsc_0045-1536x996.jpg 1536w, https:\/\/www.greenpeace.org\/static\/planet4-chile-stateless\/2020\/04\/5a5840e8-dsc_0045-2048x1328.jpg 2048w, https:\/\/www.greenpeace.org\/static\/planet4-chile-stateless\/2020\/04\/5a5840e8-dsc_0045-510x331.jpg 510w\"\n\t\t\t\t\t\tsizes=\"(min-width: 1000px) 358px, (min-width: 780px) 313px, 88px\"\n\t\t\t\t\t\talt=\"\" title=\"\"\n\t\t\t\t\/>\n            \t\t\t<div class=\"boxout-content\">\n\t\t\t\t\t\t\t\t\t<a\n\t\t\t\t\t\tclass=\"boxout-heading medium\"\n\t\t\t\t\t\tdata-ga-category=\"Take Action Boxout\"\n\t\t\t\t\t\tdata-ga-action=\"Title\"\n\t\t\t\t\t\tdata-ga-label=\"n\/a\"\n\t\t\t\t\t\thref=\"https:\/\/www.greenpeace.org\/chile\/involucrate\/exige-que-el-agua-sea-para-todos\/\"\n\t\t\t\t\t\t\n\t\t\t\t\t>\n\t\t\t\t\t\tExige que el agua sea para todos\n\t\t\t\t\t<\/a>\n\t\t\t\t\t\t\t\t                                    <a\n                        class=\"btn btn-primary\"\n                        data-ga-category=\"Take Action Boxout\"\n                        data-ga-action=\"Call to Action\"\n                        data-ga-label=\"n\/a\"\n                        href=\"https:\/\/www.greenpeace.org\/chile\/involucrate\/exige-que-el-agua-sea-para-todos\/\"\n                        \n                    >\n                        Invol\u00facrate\n                    <\/a>\n                \t\t\t<\/div>\n\t\t\t\t\t<\/section>\n\t","protected":false},"excerpt":{"rendered":"<p>Las argentina Perot\u00e1 Ching\u00f3, la mexicana Lila Downs, desde Colombia Li Saumet de Bomba Est\u00e9reo y en nuestro pa\u00eds;  Francisca Valenzuela, Pascuala Ilabaca, Javiera Parra, Mariel Mariel y Ana Tijoux ser\u00e1n las protagonistas de esta iniciativa para solidarizar con la falta de agua de m\u00e1s de 350 mil chilenos. <\/p>\n","protected":false},"author":24,"featured_media":5414,"comment_status":"closed","ping_status":"open","sticky":false,"template":"","format":"standard","meta":{"ep_exclude_from_search":false,"p4_og_title":"","p4_og_description":"","p4_og_image":"","p4_og_image_id":"","p4_seo_canonical_url":"","p4_campaign_name":"not set","p4_local_project":"not set","p4_basket_name":"not set","p4_department":"","footnotes":""},"categories":[33],"tags":[38],"p4-page-type":[16],"class_list":["post-5413","post","type-post","status-publish","format-standard","has-post-thumbnail","hentry","category-greenpeace","tag-sueltaelagua","p4-page-type-noticia"],"_links":{"self":[{"href":"https:\/\/www.greenpeace.org\/chile\/wp-json\/wp\/v2\/posts\/5413","targetHints":{"allow":["GET"]}}],"collection":[{"href":"https:\/\/www.greenpeace.org\/chile\/wp-json\/wp\/v2\/posts"}],"about":[{"href":"https:\/\/www.greenpeace.org\/chile\/wp-json\/wp\/v2\/types\/post"}],"author":[{"embeddable":true,"href":"https:\/\/www.greenpeace.org\/chile\/wp-json\/wp\/v2\/users\/24"}],"replies":[{"embeddable":true,"href":"https:\/\/www.greenpeace.org\/chile\/wp-json\/wp\/v2\/comments?post=5413"}],"version-history":[{"count":4,"href":"https:\/\/www.greenpeace.org\/chile\/wp-json\/wp\/v2\/posts\/5413\/revisions"}],"predecessor-version":[{"id":7201,"href":"https:\/\/www.greenpeace.org\/chile\/wp-json\/wp\/v2\/posts\/5413\/revisions\/7201"}],"wp:featuredmedia":[{"embeddable":true,"href":"https:\/\/www.greenpeace.org\/chile\/wp-json\/wp\/v2\/media\/5414"}],"wp:attachment":[{"href":"https:\/\/www.greenpeace.org\/chile\/wp-json\/wp\/v2\/media?parent=5413"}],"wp:term":[{"taxonomy":"category","embeddable":true,"href":"https:\/\/www.greenpeace.org\/chile\/wp-json\/wp\/v2\/categories?post=5413"},{"taxonomy":"post_tag","embeddable":true,"href":"https:\/\/www.greenpeace.org\/chile\/wp-json\/wp\/v2\/tags?post=5413"},{"taxonomy":"p4-page-type","embeddable":true,"href":"https:\/\/www.greenpeace.org\/chile\/wp-json\/wp\/v2\/p4-page-type?post=5413"}],"curies":[{"name":"wp","href":"https:\/\/api.w.org\/{rel}","templated":true}]}}