{"id":5775,"date":"2020-09-17T15:51:08","date_gmt":"2020-09-17T15:51:08","guid":{"rendered":"https:\/\/www.greenpeace.org\/chile\/?p=5775"},"modified":"2021-12-01T12:26:41","modified_gmt":"2021-12-01T12:26:41","slug":"greenpeace-y-anuncio-del-cierre-de-proyecto-minero-pascua-lama-nadie-puede-quitar-a-los-chilenos-ni-una-gota-de-agua","status":"publish","type":"post","link":"https:\/\/www.greenpeace.org\/chile\/noticia\/uncategorized\/greenpeace-y-anuncio-del-cierre-de-proyecto-minero-pascua-lama-nadie-puede-quitar-a-los-chilenos-ni-una-gota-de-agua\/","title":{"rendered":"Greenpeace y anuncio del cierre de proyecto minero Pascua Lama: \u201cNadie puede quitar a los chilenos ni una gota de agua ni destruir nuestros glaciares\u201d."},"content":{"rendered":"\n<figure class=\"wp-block-image size-large  caption-style-blue-overlay caption-alignment-center\"><img loading=\"lazy\" decoding=\"async\" width=\"1024\" height=\"683\" src=\"https:\/\/www.greenpeace.org\/static\/planet4-chile-stateless\/2020\/09\/64a3c4c8-gpc_pascua_lama_veladero_03-1024x683.jpg\" alt=\"\" class=\"wp-image-5779\" srcset=\"https:\/\/www.greenpeace.org\/static\/planet4-chile-stateless\/2020\/09\/64a3c4c8-gpc_pascua_lama_veladero_03-1024x683.jpg 1024w, https:\/\/www.greenpeace.org\/static\/planet4-chile-stateless\/2020\/09\/64a3c4c8-gpc_pascua_lama_veladero_03-300x200.jpg 300w, https:\/\/www.greenpeace.org\/static\/planet4-chile-stateless\/2020\/09\/64a3c4c8-gpc_pascua_lama_veladero_03-768x512.jpg 768w, https:\/\/www.greenpeace.org\/static\/planet4-chile-stateless\/2020\/09\/64a3c4c8-gpc_pascua_lama_veladero_03-1536x1024.jpg 1536w, https:\/\/www.greenpeace.org\/static\/planet4-chile-stateless\/2020\/09\/64a3c4c8-gpc_pascua_lama_veladero_03-2048x1366.jpg 2048w, https:\/\/www.greenpeace.org\/static\/planet4-chile-stateless\/2020\/09\/64a3c4c8-gpc_pascua_lama_veladero_03-510x340.jpg 510w\" sizes=\"auto, (max-width: 1024px) 100vw, 1024px\" \/><figcaption>Vista a\u00e9rea de la zona en donde se emplaza el proyecto minero Pacua Lama.<\/figcaption><\/figure>\n\n<ul class=\"wp-block-list\"><li>Esta sentencia es un important\u00edsimo triunfo de las comunidades locales que por a\u00f1os han denunciado y realizado acciones legales por la grave afectaci\u00f3n que la miner\u00eda ha tenido en sus territorios.&nbsp;<\/li><li>Pascua Lama es un referente a nivel nacional de la destrucci\u00f3n de glaciares en manos de la miner\u00eda y evidencia de manera clara todos los impactos e irregularidades de esta industria en sobre glaciares y ecosistemas de monta\u00f1a, por lo dem\u00e1s especialmente importantes en el contexto de la crisis de agua que enfrenta el pa\u00eds.<\/li><li>La sentencia confirma la destrucci\u00f3n del proyecto Pascua Lama denunciada por a\u00f1os por las comunidades de El Huasco y diferentes organizaciones ambientales y sociales del pa\u00eds, reclamo que ha sido ampliamente apoyado a lo largo de los a\u00f1os por la ciudadan\u00eda que se ha dado cuenta de que los glaciares no pueden tener due\u00f1o y menos ser destruidos en beneficio de actividades mineras.<\/li><li>Estamos llegando al fin de un extenso proceso de casi dos d\u00e9cadas, por lo cual ahora es urgente avanzar hacia una protecci\u00f3n definitiva y concreta para los glaciares del pa\u00eds, sobre todo de aquellos que se encuentran en la zona norte y centro del pa\u00eds y que est\u00e1n en constante amenaza. No podemos permitir que otros proyectos mineros avancen y destruyan estos ecosistemas claves. Es el momento de aprobar una Ley de Glaciares que proteja a todos y cada uno de los glaciares en Chile. A estas alturas se trata de una legislaci\u00f3n estrat\u00e9gica no solo para el cuidado del medioambiente, sino para la provisi\u00f3n futura de agua del pa\u00eds.<\/li><li>El impacto directo de la industria minera sobre los glaciares (como la construcci\u00f3n de caminos, su utilizaci\u00f3n como botaderos, etc.) ubica a Chile como triste l\u00edder mundial en la destrucci\u00f3n de glaciares. La verdad es que no hay forma de reparar los glaciares da\u00f1ados, por eso deben ser intocables.<\/li><li>Chile enfrenta una grave crisis h\u00eddrica que no har\u00e1 m\u00e1s que profundizarse en el futuro. Ante esta situaci\u00f3n debemos cuidar cada gota de agua disponible. Por eso es que resulta clave y de vital importancia proteger los glaciares pues no solo representan las m\u00e1s importantes reservas de agua dulce del pa\u00eds, sino que son un ecosistema de enorme fragilidad y que act\u00faan como agentes claves que permiten diversos beneficios ecosist\u00e9micos, como aportar el 60% del caudal de los r\u00edos en \u00e9pocas de sequ\u00eda en la zona norte y central de Chile y que posibilitan que haya agua en \u00e9poca estival. Adem\u00e1s, tienen un rol clave en la regulaci\u00f3n del clima.<\/li><\/ul>\n\n<p><\/p>\n\n<p><strong>RECUADRO:<\/strong><\/p>\n\n<p><strong>Datos generales de glaciares:<\/strong><\/p>\n\n<p>-El 10% de la Tierra est\u00e1 cubierta por glaciares.<\/p>\n\n<p>-El 70% de las reservas de agua dulce del planeta est\u00e1n en los glaciares.<\/p>\n\n<p>-El 82% de los glaciares de Am\u00e9rica del Sur est\u00e1n en Chile. En el pa\u00eds existen casi 24 mil glaciares de Arica a Punta Arenas.<\/p>\n\n<p>-El 2014 se contabilizaban un \u00e1rea de 23.641 kil\u00f3metros cuadrados de glaciares en Chile. Cuatro a\u00f1os m\u00e1s tarde esa cifra llegaba a los 21.647 kil\u00f3metros cuadrados.<\/p>\n\n<p>-La disminuci\u00f3n equivale a un 8% menos de glaciares.&nbsp;<\/p>\n\n<p>-En la pr\u00e1ctica es como si hubiesen desaparecido 1.800 piscinas ol\u00edmpicas con agua dulce.<\/p>\n\n<p>-Solo en la zona central de Chile, en las cuencas de los Maipo, Aconcagua y R\u00e1pel se contabilizan unos 1.300 glaciares.<\/p>\n\n<p><strong>\u00bfPor qu\u00e9 se derriten o se afectan los glaciares?<\/strong><\/p>\n\n<p>-Existen afectaciones indirectas del ser humano (como las consecuencias del cambio clim\u00e1tico) y otras directas, donde la actividad minera juega un rol clave.<\/p>\n\t\t\t<section\n\t\t\tclass=\"boxout post-368 \"\n\t\t\t\n\t\t>\n\t\t\t<a\n\t\t\t\tdata-ga-category=\"Take Action Boxout\"\n\t\t\t\tdata-ga-action=\"Image\"\n\t\t\t\tdata-ga-label=\"n\/a\"\n\t\t\t\tclass=\"cover-card-overlay\"\n\t\t\t\thref=\"https:\/\/www.greenpeace.org\/chile\/glaciares\/\" \n\t\t\t><\/a>\n\t\t\t\t\t\t\t<img\n\t\t\t\t\t\tsrc=\"https:\/\/www.greenpeace.org\/static\/planet4-chile-stateless\/2018\/11\/d8aac257-mg_1878-1024x683.jpg\"\n\t\t\t\t\t\tsrcset=\"https:\/\/www.greenpeace.org\/static\/planet4-chile-stateless\/2018\/11\/d8aac257-mg_1878-300x200.jpg 300w, https:\/\/www.greenpeace.org\/static\/planet4-chile-stateless\/2018\/11\/d8aac257-mg_1878-768x512.jpg 768w, https:\/\/www.greenpeace.org\/static\/planet4-chile-stateless\/2018\/11\/d8aac257-mg_1878-1024x683.jpg 1024w, https:\/\/www.greenpeace.org\/static\/planet4-chile-stateless\/2018\/11\/d8aac257-mg_1878-2048x1366.jpg 2048w, https:\/\/www.greenpeace.org\/static\/planet4-chile-stateless\/2018\/11\/d8aac257-mg_1878-510x340.jpg 510w\"\n\t\t\t\t\t\tsizes=\"(min-width: 1000px) 358px, (min-width: 780px) 313px, 88px\"\n\t\t\t\t\t\talt=\"\" title=\"\"\n\t\t\t\t\/>\n            \t\t\t<div class=\"boxout-content\">\n\t\t\t\t\t\t\t\t\t<a\n\t\t\t\t\t\tclass=\"boxout-heading medium\"\n\t\t\t\t\t\tdata-ga-category=\"Take Action Boxout\"\n\t\t\t\t\t\tdata-ga-action=\"Title\"\n\t\t\t\t\t\tdata-ga-label=\"n\/a\"\n\t\t\t\t\t\thref=\"https:\/\/www.greenpeace.org\/chile\/glaciares\/\"\n\t\t\t\t\t\t\n\t\t\t\t\t>\n\t\t\t\t\t\tGlaciares: patrimonio ambiental en peligro\n\t\t\t\t\t<\/a>\n\t\t\t\t\t\t\t\t                                    <a\n                        class=\"btn btn-primary\"\n                        data-ga-category=\"Take Action Boxout\"\n                        data-ga-action=\"Call to Action\"\n                        data-ga-label=\"n\/a\"\n                        href=\"https:\/\/www.greenpeace.org\/chile\/glaciares\/\"\n                        \n                    >\n                        Invol\u00facrate\n                    <\/a>\n                \t\t\t<\/div>\n\t\t\t\t\t<\/section>\n\t","protected":false},"excerpt":{"rendered":"<p>Esta sentencia es un important\u00edsimo triunfo de las comunidades locales que por a\u00f1os han denunciado y realizado acciones legales por la grave afectaci\u00f3n que la miner\u00eda ha tenido en sus territorios.&nbsp; Pascua Lama es un referente a nivel nacional de la destrucci\u00f3n de glaciares en manos de la miner\u00eda y evidencia de manera clara todos [&hellip;]<\/p>\n","protected":false},"author":35,"featured_media":5779,"comment_status":"closed","ping_status":"open","sticky":false,"template":"","format":"standard","meta":{"ep_exclude_from_search":false,"p4_og_title":"","p4_og_description":"","p4_og_image":"","p4_og_image_id":"","p4_seo_canonical_url":"","p4_campaign_name":"not set","p4_local_project":"not set","p4_basket_name":"not set","p4_department":"","footnotes":""},"categories":[1],"tags":[27],"p4-page-type":[16],"class_list":["post-5775","post","type-post","status-publish","format-standard","has-post-thumbnail","hentry","category-uncategorized","tag-glaciares","p4-page-type-noticia"],"_links":{"self":[{"href":"https:\/\/www.greenpeace.org\/chile\/wp-json\/wp\/v2\/posts\/5775","targetHints":{"allow":["GET"]}}],"collection":[{"href":"https:\/\/www.greenpeace.org\/chile\/wp-json\/wp\/v2\/posts"}],"about":[{"href":"https:\/\/www.greenpeace.org\/chile\/wp-json\/wp\/v2\/types\/post"}],"author":[{"embeddable":true,"href":"https:\/\/www.greenpeace.org\/chile\/wp-json\/wp\/v2\/users\/35"}],"replies":[{"embeddable":true,"href":"https:\/\/www.greenpeace.org\/chile\/wp-json\/wp\/v2\/comments?post=5775"}],"version-history":[{"count":7,"href":"https:\/\/www.greenpeace.org\/chile\/wp-json\/wp\/v2\/posts\/5775\/revisions"}],"predecessor-version":[{"id":7180,"href":"https:\/\/www.greenpeace.org\/chile\/wp-json\/wp\/v2\/posts\/5775\/revisions\/7180"}],"wp:featuredmedia":[{"embeddable":true,"href":"https:\/\/www.greenpeace.org\/chile\/wp-json\/wp\/v2\/media\/5779"}],"wp:attachment":[{"href":"https:\/\/www.greenpeace.org\/chile\/wp-json\/wp\/v2\/media?parent=5775"}],"wp:term":[{"taxonomy":"category","embeddable":true,"href":"https:\/\/www.greenpeace.org\/chile\/wp-json\/wp\/v2\/categories?post=5775"},{"taxonomy":"post_tag","embeddable":true,"href":"https:\/\/www.greenpeace.org\/chile\/wp-json\/wp\/v2\/tags?post=5775"},{"taxonomy":"p4-page-type","embeddable":true,"href":"https:\/\/www.greenpeace.org\/chile\/wp-json\/wp\/v2\/p4-page-type?post=5775"}],"curies":[{"name":"wp","href":"https:\/\/api.w.org\/{rel}","templated":true}]}}