{"id":5783,"date":"2015-09-10T19:45:00","date_gmt":"2015-09-10T19:45:00","guid":{"rendered":"https:\/\/www.greenpeace.org\/chile\/?p=5783"},"modified":"2021-12-01T12:30:45","modified_gmt":"2021-12-01T12:30:45","slug":"67-de-glaciares-desprotegidos-con-propuesta-de-ley-del-gobierno","status":"publish","type":"post","link":"https:\/\/www.greenpeace.org\/chile\/noticia\/greenpeace\/67-de-glaciares-desprotegidos-con-propuesta-de-ley-del-gobierno\/","title":{"rendered":"67% de glaciares desprotegidos con propuesta de ley del Gobierno"},"content":{"rendered":"\n<h4 class=\"wp-block-heading\">As\u00ed ser\u00e1 Chile si la iniciativa legal del ejecutivo prospera<\/h4>\n\n<h3 class=\"wp-block-heading\"><\/h3>\n\n<p>Santiago, 10 de septiembre de 2015.- La discusi\u00f3n de la ley de glaciares en el congreso, est\u00e1 en su etapa m\u00e1s cr\u00edtica, ya que los diputados deben dirimir si se protegen todos los glaciares o solo los que est\u00e1n en parques nacionales, tal como propone la indicaci\u00f3n del Gobierno. Seg\u00fan el ejecutivo no todos los glaciares son relevantes pues depende de la cantidad de agua que aporten a los r\u00edos.<\/p>\n\n<h4 class=\"wp-block-heading\"><\/h4>\n\n<figure class=\"wp-block-image size-large is-resized  caption-style-blue-overlay caption-alignment-center\"><img loading=\"lazy\" decoding=\"async\" src=\"https:\/\/www.greenpeace.org\/static\/planet4-chile-stateless\/2020\/09\/de44fd13-glaciares1.jpg\" alt=\"\" class=\"wp-image-5785\" width=\"800\" height=\"563\" srcset=\"https:\/\/www.greenpeace.org\/static\/planet4-chile-stateless\/2020\/09\/de44fd13-glaciares1.jpg 800w, https:\/\/www.greenpeace.org\/static\/planet4-chile-stateless\/2020\/09\/de44fd13-glaciares1-300x211.jpg 300w, https:\/\/www.greenpeace.org\/static\/planet4-chile-stateless\/2020\/09\/de44fd13-glaciares1-768x540.jpg 768w, https:\/\/www.greenpeace.org\/static\/planet4-chile-stateless\/2020\/09\/de44fd13-glaciares1-483x340.jpg 483w\" sizes=\"auto, (max-width: 800px) 100vw, 800px\" \/><\/figure>\n\n<h4 class=\"wp-block-heading\"><\/h4>\n\n<p>Para Greenpeace ese criterio es errado pues todos los glaciares cumplen un rol vital en el ecosistema que va m\u00e1s all\u00e1 del aporte h\u00eddrico a un caudal, sino que adem\u00e1s regulan la temperatura y disminuyen los efectos del cambio clim\u00e1tico. <em>\u201cEl gobierno no busca una ley de protecci\u00f3n de glaciares, sino que pretende fijar normas para la intervenci\u00f3n de estas masas de hielo por parte de la miner\u00eda\u201d<\/em>, asegura Estefan\u00eda Gonz\u00e1lez, Coordinadora de Campa\u00f1as de Greenpeace en Chile.<\/p>\n\n<p>Es as\u00ed como en la organizaci\u00f3n ambientalista compararon gr\u00e1ficamente como es Chile con todos sus glaciares y c\u00f3mo quedar\u00e1 si la iniciativa del gobierno prosperara. \u201c<em>La diferencia es extrema pues pr\u00e1cticamente todos los glaciares de la zona norte y central del pa\u00eds desaparecer\u00e1n poniendo en riesgo la disponibilidad de agua de la mayor parte de la poblaci\u00f3n del pa\u00eds\u201d<\/em>. <\/p>\n\n<figure class=\"wp-block-image size-large  caption-style-blue-overlay caption-alignment-center\"><img loading=\"lazy\" decoding=\"async\" width=\"800\" height=\"598\" src=\"https:\/\/www.greenpeace.org\/static\/planet4-chile-stateless\/2020\/09\/25c6d0a0-glaciares2.jpg\" alt=\"\" class=\"wp-image-5786\" srcset=\"https:\/\/www.greenpeace.org\/static\/planet4-chile-stateless\/2020\/09\/25c6d0a0-glaciares2.jpg 800w, https:\/\/www.greenpeace.org\/static\/planet4-chile-stateless\/2020\/09\/25c6d0a0-glaciares2-300x224.jpg 300w, https:\/\/www.greenpeace.org\/static\/planet4-chile-stateless\/2020\/09\/25c6d0a0-glaciares2-768x574.jpg 768w, https:\/\/www.greenpeace.org\/static\/planet4-chile-stateless\/2020\/09\/25c6d0a0-glaciares2-455x340.jpg 455w\" sizes=\"auto, (max-width: 800px) 100vw, 800px\" \/><\/figure>\n\n<p>\u201c<em>Es incomprensible que en el escenario de cambio clim\u00e1tico que estamos viviendo, el gobierno en lugar de proteger los glaciares m\u00e1s afectados, los someta a presiones que aceleren este proceso\u201d<\/em>, afirma la ecologista.\u00a0<\/p>\n\n<h4 class=\"wp-block-heading\"><\/h4>\n\n<p><\/p>\n\t\t\t<section\n\t\t\tclass=\"boxout post-368 \"\n\t\t\t\n\t\t>\n\t\t\t<a\n\t\t\t\tdata-ga-category=\"Take Action Boxout\"\n\t\t\t\tdata-ga-action=\"Image\"\n\t\t\t\tdata-ga-label=\"n\/a\"\n\t\t\t\tclass=\"cover-card-overlay\"\n\t\t\t\thref=\"https:\/\/www.greenpeace.org\/chile\/glaciares\/\" \n\t\t\t><\/a>\n\t\t\t\t\t\t\t<img\n\t\t\t\t\t\tsrc=\"https:\/\/www.greenpeace.org\/static\/planet4-chile-stateless\/2018\/11\/d8aac257-mg_1878-1024x683.jpg\"\n\t\t\t\t\t\tsrcset=\"https:\/\/www.greenpeace.org\/static\/planet4-chile-stateless\/2018\/11\/d8aac257-mg_1878-300x200.jpg 300w, https:\/\/www.greenpeace.org\/static\/planet4-chile-stateless\/2018\/11\/d8aac257-mg_1878-768x512.jpg 768w, https:\/\/www.greenpeace.org\/static\/planet4-chile-stateless\/2018\/11\/d8aac257-mg_1878-1024x683.jpg 1024w, https:\/\/www.greenpeace.org\/static\/planet4-chile-stateless\/2018\/11\/d8aac257-mg_1878-2048x1366.jpg 2048w, https:\/\/www.greenpeace.org\/static\/planet4-chile-stateless\/2018\/11\/d8aac257-mg_1878-510x340.jpg 510w\"\n\t\t\t\t\t\tsizes=\"(min-width: 1000px) 358px, (min-width: 780px) 313px, 88px\"\n\t\t\t\t\t\talt=\"\" title=\"\"\n\t\t\t\t\/>\n            \t\t\t<div class=\"boxout-content\">\n\t\t\t\t\t\t\t\t\t<a\n\t\t\t\t\t\tclass=\"boxout-heading medium\"\n\t\t\t\t\t\tdata-ga-category=\"Take Action Boxout\"\n\t\t\t\t\t\tdata-ga-action=\"Title\"\n\t\t\t\t\t\tdata-ga-label=\"n\/a\"\n\t\t\t\t\t\thref=\"https:\/\/www.greenpeace.org\/chile\/glaciares\/\"\n\t\t\t\t\t\t\n\t\t\t\t\t>\n\t\t\t\t\t\tGlaciares: patrimonio ambiental en peligro\n\t\t\t\t\t<\/a>\n\t\t\t\t\t\t\t\t                                    <a\n                        class=\"btn btn-primary\"\n                        data-ga-category=\"Take Action Boxout\"\n                        data-ga-action=\"Call to Action\"\n                        data-ga-label=\"n\/a\"\n                        href=\"https:\/\/www.greenpeace.org\/chile\/glaciares\/\"\n                        \n                    >\n                        Invol\u00facrate\n                    <\/a>\n                \t\t\t<\/div>\n\t\t\t\t\t<\/section>\n\t","protected":false},"excerpt":{"rendered":"<p>Santiago, 10 de septiembre de 2015.- La discusi\u00f3n de la ley de glaciares en el congreso, est\u00e1 en su etapa m\u00e1s cr\u00edtica, ya que los diputados deben dirimir si se&hellip;<\/p>\n","protected":false},"author":22,"featured_media":5787,"comment_status":"closed","ping_status":"open","sticky":false,"template":"","format":"standard","meta":{"ep_exclude_from_search":false,"p4_og_title":"","p4_og_description":"","p4_og_image":"","p4_og_image_id":"","p4_seo_canonical_url":"","p4_campaign_name":"not set","p4_local_project":"not set","p4_basket_name":"not set","p4_department":"","footnotes":""},"categories":[33],"tags":[27],"p4-page-type":[16],"class_list":["post-5783","post","type-post","status-publish","format-standard","has-post-thumbnail","hentry","category-greenpeace","tag-glaciares","p4-page-type-noticia"],"_links":{"self":[{"href":"https:\/\/www.greenpeace.org\/chile\/wp-json\/wp\/v2\/posts\/5783","targetHints":{"allow":["GET"]}}],"collection":[{"href":"https:\/\/www.greenpeace.org\/chile\/wp-json\/wp\/v2\/posts"}],"about":[{"href":"https:\/\/www.greenpeace.org\/chile\/wp-json\/wp\/v2\/types\/post"}],"author":[{"embeddable":true,"href":"https:\/\/www.greenpeace.org\/chile\/wp-json\/wp\/v2\/users\/22"}],"replies":[{"embeddable":true,"href":"https:\/\/www.greenpeace.org\/chile\/wp-json\/wp\/v2\/comments?post=5783"}],"version-history":[{"count":7,"href":"https:\/\/www.greenpeace.org\/chile\/wp-json\/wp\/v2\/posts\/5783\/revisions"}],"predecessor-version":[{"id":7422,"href":"https:\/\/www.greenpeace.org\/chile\/wp-json\/wp\/v2\/posts\/5783\/revisions\/7422"}],"wp:featuredmedia":[{"embeddable":true,"href":"https:\/\/www.greenpeace.org\/chile\/wp-json\/wp\/v2\/media\/5787"}],"wp:attachment":[{"href":"https:\/\/www.greenpeace.org\/chile\/wp-json\/wp\/v2\/media?parent=5783"}],"wp:term":[{"taxonomy":"category","embeddable":true,"href":"https:\/\/www.greenpeace.org\/chile\/wp-json\/wp\/v2\/categories?post=5783"},{"taxonomy":"post_tag","embeddable":true,"href":"https:\/\/www.greenpeace.org\/chile\/wp-json\/wp\/v2\/tags?post=5783"},{"taxonomy":"p4-page-type","embeddable":true,"href":"https:\/\/www.greenpeace.org\/chile\/wp-json\/wp\/v2\/p4-page-type?post=5783"}],"curies":[{"name":"wp","href":"https:\/\/api.w.org\/{rel}","templated":true}]}}