{"id":6144,"date":"2021-01-19T21:38:46","date_gmt":"2021-01-19T21:38:46","guid":{"rendered":"https:\/\/www.greenpeace.org\/chile\/?p=6144"},"modified":"2021-12-01T12:26:10","modified_gmt":"2021-12-01T12:26:10","slug":"por-que-el-precio-de-la-palta-esta-por-las-nubes","status":"publish","type":"post","link":"https:\/\/www.greenpeace.org\/chile\/blog\/blog\/por-que-el-precio-de-la-palta-esta-por-las-nubes\/","title":{"rendered":"\u00bfPor qu\u00e9 el precio de la palta est\u00e1 por las nubes?"},"content":{"rendered":"\n<p>\u00bfLa palta vale m\u00e1s que el oro? ?&nbsp; Ey palteros\u203c nos deben una explicaci\u00f3n:<strong> \u00bfpor qu\u00e9 si producen con agua gratis nos cobran una fortuna a los consumidores chilenos?<\/strong><\/p>\n\n<div class=\"wp-block-image caption-style-medium caption-alignment-center\"><figure class=\"aligncenter size-large\"><img loading=\"lazy\" decoding=\"async\" width=\"1200\" height=\"800\" src=\"https:\/\/www.greenpeace.org\/static\/planet4-chile-stateless\/52470035-gp0stsmsf_medium_res_with_credit_line.jpg\" alt=\"\" class=\"wp-image-6145\"\/><\/figure><\/div>\n\n<p>La <strong>industria de la palta<\/strong> requiere una <strong>demanda enorme de<\/strong> <strong>AGUA<\/strong> ? Cada<strong> kilo de producto necesita unos 2.000 litros de agua<\/strong>. Para tener una idea eso es 4 veces m\u00e1s que las naranjas y 10 veces m\u00e1s que los tomates. La palta producida en Petorca, est\u00e1 dentro de los 5 cultivos que m\u00e1s agua consumen en el mundo.<\/p>\n\n<div class=\"wp-block-image caption-style-medium caption-alignment-center\"><figure class=\"aligncenter size-large\"><img loading=\"lazy\" decoding=\"async\" width=\"800\" height=\"533\" src=\"https:\/\/www.greenpeace.org\/static\/planet4-chile-stateless\/6321f50c-gp0strju8_web_size_with_credit_line.jpg\" alt=\"\" class=\"wp-image-6146\"\/><\/figure><\/div>\n\n<p>Para <strong>cultivar palta<\/strong>, los empresarios <strong>deforestan bosques nativos e instalan plantaciones y monocultivos a gran escala en suelos no aptos. <\/strong>Esto hace que se libere una gran cantidad de gases de efecto invernadero, antes capturada en ese bosque, contribuyendo al <strong>calentamiento global.<\/strong><\/p>\n\n<figure class=\"wp-block-image size-large caption-style-medium caption-alignment-center\"><img loading=\"lazy\" decoding=\"async\" width=\"6000\" height=\"4000\" src=\"https:\/\/www.greenpeace.org\/static\/planet4-chile-stateless\/d2e50b80-paltos.jpg\" alt=\"\" class=\"wp-image-6147\"\/><\/figure>\n\n<p>Adem\u00e1s, <strong>los cultivos se riegan con agua extra\u00edda de napas subterr\u00e1neas de r\u00edos como el Petorca y La Ligua <\/strong>(zonas de escasez h\u00eddrica), y cuando los paltos mueren se convierten nuevamente en emisores de gases de efecto invernadero a la atm\u00f3sfera.<\/p>\n\n<div class=\"wp-block-image caption-style-medium caption-alignment-center\"><figure class=\"aligncenter size-large\"><img loading=\"lazy\" decoding=\"async\" width=\"6000\" height=\"4000\" src=\"https:\/\/www.greenpeace.org\/static\/planet4-chile-stateless\/0d8a4ea5-img_1002.jpg\" alt=\"\" class=\"wp-image-6152\"\/><\/figure><\/div>\n\n<p>Esta industria <strong>se da el lujo de decidir en qu\u00e9 se usa el agua sin importar que implique la destrucci\u00f3n de ecosistemas y transgredir el derecho humano al agua<\/strong>. \u00bfPor qu\u00e9? Porque son <strong>due\u00f1os del agua. <\/strong>En Chile, un \u00e1rbol de<strong> palta tiene m\u00e1s derecho al agua que una persona<\/strong> ?<\/p>\n\n<div class=\"wp-block-image caption-style-medium caption-alignment-center\"><figure class=\"aligncenter size-large\"><img loading=\"lazy\" decoding=\"async\" width=\"1200\" height=\"800\" src=\"https:\/\/www.greenpeace.org\/static\/planet4-chile-stateless\/fc1b7239-gp04qb4_medium_res_with_credit_line.jpg\" alt=\"\" class=\"wp-image-6149\"\/><\/figure><\/div>\n\n<p>Y como due\u00f1os del agua tambi\u00e9n deciden que <strong>las paltas de mayor calidad se exporten principalmente a Europa, Estados Unidos y China.<\/strong> No tenemos soberan\u00eda alimentaria, es m\u00e1s barata la palta para un extranjero que para chilenos.&nbsp;<\/p>\n\n<p>Pero \u00bfqu\u00e9 pasa cuando el agua empieza a escasear? ? Los palteros se desentienden de su responsabilidad en la falta de agua y<strong> se\u00f1alan que la situaci\u00f3n de sequ\u00eda se debe exclusivamente al cambio clim\u00e1tico<\/strong> y falencias de infraestructura h\u00eddrica.&nbsp;<\/p>\n\n<div class=\"wp-block-image caption-style-medium caption-alignment-center\"><figure class=\"aligncenter size-large\"><img loading=\"lazy\" decoding=\"async\" width=\"1280\" height=\"960\" src=\"https:\/\/www.greenpeace.org\/static\/planet4-chile-stateless\/4c2e217a-whatsapp_image_2019-12-12_at_10.31.19.jpeg\" alt=\"\" class=\"wp-image-6150\"\/><\/figure><\/div>\n\n<p>\u00bfY entonces? Hay <strong>menos producci\u00f3n <\/strong>de palta. Pero como<strong> la demanda interna se mantiene alta el precio sube.<\/strong> La industria es tan sinverg\u00fcenza que pretende sacar provecho por todos lados. No le basta con secar la tierra sino que adem\u00e1s traslada ese costo al pueblo chileno.<\/p>\n\n<figure class=\"wp-block-image size-large caption-style-medium caption-alignment-center\"><img loading=\"lazy\" decoding=\"async\" width=\"1200\" height=\"800\" src=\"https:\/\/www.greenpeace.org\/static\/planet4-chile-stateless\/d7fb4991-img_0893.jpg\" alt=\"\" class=\"wp-image-6156\"\/><\/figure>\n\n<p>Mientras tanto nuestro pa\u00eds sigue siendo la 18va naci\u00f3n <strong>con mayor riesgo h\u00eddrico del mundo, y el 1\u00b0 en toda Am\u00e9rica, Y <\/strong>&nbsp;<strong>el \u00fanico en el mundo que mantiene legalmente privatizada el agua.&nbsp;<\/strong><\/p>\n\n<div class=\"wp-block-image caption-style-medium caption-alignment-center\"><figure class=\"aligncenter size-large\"><img loading=\"lazy\" decoding=\"async\" width=\"800\" height=\"533\" src=\"https:\/\/www.greenpeace.org\/static\/planet4-chile-stateless\/0c6c0516-gp0strjuc_web_size_with_credit_line.jpg\" alt=\"\" class=\"wp-image-6153\"\/><\/figure><\/div>\n\n<p>Hoy existe mayor <strong>protecci\u00f3n al derecho de aprovechamiento de agua (como propiedad privada) <\/strong>que la obligaci\u00f3n de priorizar sus uso para las personas: el agua que utiliza un palto est\u00e1 protegido por la constituci\u00f3n y no as\u00ed las personas y los ecosistemas que dependen de su acceso.<\/p>\n\n<div class=\"wp-block-image caption-style-medium caption-alignment-center\"><figure class=\"aligncenter size-large\"><img loading=\"lazy\" decoding=\"async\" width=\"1200\" height=\"800\" src=\"https:\/\/www.greenpeace.org\/static\/planet4-chile-stateless\/cb66afc6-avocado.jpg\" alt=\"\" class=\"wp-image-6154\"\/><\/figure><\/div>\n\n<p>Por eso<strong> <a href=\"http:\/\/dc.mk\/912gnCBBQyCl\">exigimos que se suelte el agua<\/a><\/strong>, que es fundamental para la producci\u00f3n de alimentos, y que debe estar disponible para personas, ecosistemas y peque\u00f1os productores sustentables, no para grandes industrias que ponen en riesgo la seguridad h\u00eddrica. <\/p>\n\n<p><\/p>\n\t\t\t<section\n\t\t\tclass=\"boxout post-3167 \"\n\t\t\t\n\t\t>\n\t\t\t<a\n\t\t\t\tdata-ga-category=\"Take Action Boxout\"\n\t\t\t\tdata-ga-action=\"Image\"\n\t\t\t\tdata-ga-label=\"n\/a\"\n\t\t\t\tclass=\"cover-card-overlay\"\n\t\t\t\thref=\"https:\/\/www.greenpeace.org\/chile\/involucrate\/exige-que-el-agua-sea-para-todos\/\" \n\t\t\t><\/a>\n\t\t\t\t\t\t\t<img\n\t\t\t\t\t\tsrc=\"https:\/\/www.greenpeace.org\/static\/planet4-chile-stateless\/2020\/04\/5a5840e8-dsc_0045-1024x664.jpg\"\n\t\t\t\t\t\tsrcset=\"https:\/\/www.greenpeace.org\/static\/planet4-chile-stateless\/2020\/04\/5a5840e8-dsc_0045-300x195.jpg 300w, https:\/\/www.greenpeace.org\/static\/planet4-chile-stateless\/2020\/04\/5a5840e8-dsc_0045-1024x664.jpg 1024w, https:\/\/www.greenpeace.org\/static\/planet4-chile-stateless\/2020\/04\/5a5840e8-dsc_0045-768x498.jpg 768w, https:\/\/www.greenpeace.org\/static\/planet4-chile-stateless\/2020\/04\/5a5840e8-dsc_0045-1536x996.jpg 1536w, https:\/\/www.greenpeace.org\/static\/planet4-chile-stateless\/2020\/04\/5a5840e8-dsc_0045-2048x1328.jpg 2048w, https:\/\/www.greenpeace.org\/static\/planet4-chile-stateless\/2020\/04\/5a5840e8-dsc_0045-510x331.jpg 510w\"\n\t\t\t\t\t\tsizes=\"(min-width: 1000px) 358px, (min-width: 780px) 313px, 88px\"\n\t\t\t\t\t\talt=\"\" title=\"\"\n\t\t\t\t\/>\n            \t\t\t<div class=\"boxout-content\">\n\t\t\t\t\t\t\t\t\t<a\n\t\t\t\t\t\tclass=\"boxout-heading medium\"\n\t\t\t\t\t\tdata-ga-category=\"Take Action Boxout\"\n\t\t\t\t\t\tdata-ga-action=\"Title\"\n\t\t\t\t\t\tdata-ga-label=\"n\/a\"\n\t\t\t\t\t\thref=\"https:\/\/www.greenpeace.org\/chile\/involucrate\/exige-que-el-agua-sea-para-todos\/\"\n\t\t\t\t\t\t\n\t\t\t\t\t>\n\t\t\t\t\t\tExige que el agua sea para todos\n\t\t\t\t\t<\/a>\n\t\t\t\t\t\t\t\t                                    <a\n                        class=\"btn btn-primary\"\n                        data-ga-category=\"Take Action Boxout\"\n                        data-ga-action=\"Call to Action\"\n                        data-ga-label=\"n\/a\"\n                        href=\"https:\/\/www.greenpeace.org\/chile\/involucrate\/exige-que-el-agua-sea-para-todos\/\"\n                        \n                    >\n                        Invol\u00facrate\n                    <\/a>\n                \t\t\t<\/div>\n\t\t\t\t\t<\/section>\n\t","protected":false},"excerpt":{"rendered":"<p>\u00bfLa palta vale m\u00e1s que el oro? ? \u00bfPor qu\u00e9 si los palteros producen con agua gratis nos cobran una fortuna a los consumidores chilenos?<\/p>\n","protected":false},"author":21,"featured_media":6154,"comment_status":"closed","ping_status":"open","sticky":false,"template":"","format":"standard","meta":{"ep_exclude_from_search":false,"p4_og_title":"","p4_og_description":"","p4_og_image":"","p4_og_image_id":"","p4_seo_canonical_url":"","p4_campaign_name":"not set","p4_local_project":"not set","p4_basket_name":"not set","p4_department":"","footnotes":""},"categories":[19],"tags":[21,36,38],"p4-page-type":[14],"class_list":["post-6144","post","type-post","status-publish","format-standard","has-post-thumbnail","hentry","category-blog","tag-blog","tag-nuevaconstitucion","tag-sueltaelagua","p4-page-type-blog"],"_links":{"self":[{"href":"https:\/\/www.greenpeace.org\/chile\/wp-json\/wp\/v2\/posts\/6144","targetHints":{"allow":["GET"]}}],"collection":[{"href":"https:\/\/www.greenpeace.org\/chile\/wp-json\/wp\/v2\/posts"}],"about":[{"href":"https:\/\/www.greenpeace.org\/chile\/wp-json\/wp\/v2\/types\/post"}],"author":[{"embeddable":true,"href":"https:\/\/www.greenpeace.org\/chile\/wp-json\/wp\/v2\/users\/21"}],"replies":[{"embeddable":true,"href":"https:\/\/www.greenpeace.org\/chile\/wp-json\/wp\/v2\/comments?post=6144"}],"version-history":[{"count":5,"href":"https:\/\/www.greenpeace.org\/chile\/wp-json\/wp\/v2\/posts\/6144\/revisions"}],"predecessor-version":[{"id":7160,"href":"https:\/\/www.greenpeace.org\/chile\/wp-json\/wp\/v2\/posts\/6144\/revisions\/7160"}],"wp:featuredmedia":[{"embeddable":true,"href":"https:\/\/www.greenpeace.org\/chile\/wp-json\/wp\/v2\/media\/6154"}],"wp:attachment":[{"href":"https:\/\/www.greenpeace.org\/chile\/wp-json\/wp\/v2\/media?parent=6144"}],"wp:term":[{"taxonomy":"category","embeddable":true,"href":"https:\/\/www.greenpeace.org\/chile\/wp-json\/wp\/v2\/categories?post=6144"},{"taxonomy":"post_tag","embeddable":true,"href":"https:\/\/www.greenpeace.org\/chile\/wp-json\/wp\/v2\/tags?post=6144"},{"taxonomy":"p4-page-type","embeddable":true,"href":"https:\/\/www.greenpeace.org\/chile\/wp-json\/wp\/v2\/p4-page-type?post=6144"}],"curies":[{"name":"wp","href":"https:\/\/api.w.org\/{rel}","templated":true}]}}