{"id":6160,"date":"2021-01-21T21:20:29","date_gmt":"2021-01-21T21:20:29","guid":{"rendered":"https:\/\/www.greenpeace.org\/chile\/?p=6160"},"modified":"2021-12-01T12:26:09","modified_gmt":"2021-12-01T12:26:09","slug":"greenpeace-y-sentencia-de-la-corte-suprema-en-el-melon-este-fallo-reconoce-la-realidad-del-agua-en-chile-donde-solo-2-es-para-las-personas-y-el-98-esta-en-manos-de-privados-como-anglo-americ","status":"publish","type":"post","link":"https:\/\/www.greenpeace.org\/chile\/noticia\/greenpeace\/greenpeace-y-sentencia-de-la-corte-suprema-en-el-melon-este-fallo-reconoce-la-realidad-del-agua-en-chile-donde-solo-2-es-para-las-personas-y-el-98-esta-en-manos-de-privados-como-anglo-americ\/","title":{"rendered":"Greenpeace y sentencia de la Corte Suprema en El Mel\u00f3n: \u201cEste fallo reconoce la realidad del agua en Chile donde s\u00f3lo 2% es para las personas y el 98% est\u00e1 en manos de privados como Anglo American\u201d"},"content":{"rendered":"\n<p><em>La organizaci\u00f3n ambientalista asegur\u00f3 que \u201cen Chile hay m\u00e1s agua repartida que el agua real que existe en el pa\u00eds. Por eso hay comunidades que hacen filas para los camiones de abastecimiento como El Mel\u00f3n que debi\u00f3 demandar a una empresa privada para tener su derecho de acceso al agua y ahora es la Corte Suprema quien falla a su favor, pero le entrega la obligaci\u00f3n al Estado de distribuirla, en tanto el agua sigue en manos de la empresa privada.<\/em><\/p>\n\n<p><strong>Santiago 21 de enero de 2020 &#8211;<\/strong><\/p>\n\n<p>El lunes 18 de enero la Corte Suprema revis\u00f3 un recurso de protecci\u00f3n presentado por la comunidad del Mel\u00f3n contra la empresa minera Anglo American S.A. y revoc\u00f3 una sentencia de la Corte de Apelaciones de Valpara\u00edso del 9 de junio de 2020, ordenando al municipio de Nogales \u201cadoptar todas las medidas necesarias\u201d para asegurar un abastecimiento de agua no inferior a 100 litros diarios por persona.<\/p>\n\n<p>En este escenario la organizaci\u00f3n ambientalista Greenpeace enfatiz\u00f3 que \u201c<em>esta sentencia de la Corte Suprema, que asegura un abastecimiento no inferior a 100 litros de agua para la localidad de El Mel\u00f3n, s\u00f3lo revela c\u00f3mo en Chile hemos normalizado que el Estado compre el agua que entreg\u00f3 gratis para llevarla en camiones aljibes a la poblaci\u00f3n, ello pese a que el consumo del agua representa el 2% del agua disponible y que el 98% est\u00e1 en manos de privados como Anglo American\u201d.&nbsp;<\/em><\/p>\n\n<p>Desde la ONG explican que el fallo de la Corte Suprema s\u00f3lo profundiza el conflicto por el agua en esta localidad, ya que al indicar que el municipio es el encargado de la distribuci\u00f3n del agua est\u00e1 se\u00f1alando que es el mismo Estado el que debe asegurar el derecho humano al agua y no reconoce que \u00e9ste ha sido el responsable del sobre otorgamiento de derechos de agua para las grandes empresas como Anglo American.<\/p>\n\n<p>La Regi\u00f3n de Valpara\u00edso es claro ejemplo de las consecuencias de una gesti\u00f3n deficiente del agua, donde actualmente se han sobre otorgado m\u00e1s de siete veces los derechos de agua existentes. Ya para el a\u00f1o 2017 casi el 92% de la poblaci\u00f3n que se abastece de agua a trav\u00e9s de sistemas de agua potable rural, sufri\u00f3 interrupciones en el suministro de agua. Asimismo, movimientos territoriales han logrado evidenciar desde hace a\u00f1os el grado de vulneraci\u00f3n y violaci\u00f3n a sus derechos humanos provocados por la utilizaci\u00f3n del agua para usos industriales principalmente agr\u00edcolas y mineros.<\/p>\n\n<p>Josefina Correa, directora Pol\u00edtica de Greenpeace, explica que \u201c<em>El uso desmedido de sus derechos de agua de la empresa a trav\u00e9s de la Mina El Soldado, es brutal. Mientras Anglo American alcanza m\u00e1s de 453 litros por segundo, en derechos totales otorgados de agua, toda la poblaci\u00f3n de El Mel\u00f3n debe conformarse con s\u00f3lo con&nbsp; los 55 litros. No son ni los municipios ni la Corte Suprema quienes deban hacerse cargo de las condiciones de acceso al agua de los habitantes, sino un nuevo modelo de gesti\u00f3n del agua que comienza con la redacci\u00f3n de una nueva Constituci\u00f3n la que debe asegurar que todas las personas, sin importar condici\u00f3n econ\u00f3mico social, tienen el derecho a acceder a agua potable en cantidad y calidad suficiente para cubrir sus necesidades b\u00e1sicas\u201d.&nbsp;<\/em><\/p>\n\n<p>En Chile, <strong>la escasez de agua afecta a casi 1 mill\u00f3n de personas <\/strong>que hoy no tienen acceso asegurado al agua quienes presentan altos \u00edndices de vulnerabilidad social, ambiental y econ\u00f3micas. Asimismo <strong>383.204 viviendas<\/strong> no cuentan con agua potable. A estas viviendas se suman,<strong> cerca de 350.000 personas <\/strong>que se ven afectadas por cortes de suministro de agua potable rural. Estos cortes afectan mayoritariamente a las regiones de Valpara\u00edso (60% de los sistemas de agua potable rural), Tarapac\u00e1 (51%), Arica-Parinacota (46%), Antofagasta (40%) y Atacama (40%).<\/p>\n\n<p>Respecto a la indicaci\u00f3n que se\u00f1ala a la Municipalidad de Nogales como la responsable de implementar el plan de entrega de agua potable, la representante de Greenpeace indic\u00f3 que \u201c<em>poco a poco los problemas de la crisis h\u00eddrica se endosan a servicios p\u00fablicos con baja capacidad de ejecuci\u00f3n, como los municipios, cuando la verdadera urgencia es que el Estado recupere el agua y garantice el acceso en cantidad y calidad para cubrir las necesidades b\u00e1sicas de las personas y los ecosistemas&#8221;.<\/em><\/p>\n\n<p>Desde la ONG afirmaron que es urgente avanzar en las reformas a la gesti\u00f3n del agua, que ponga en el centro la vida, abordando los cambios por acceso al agua en la Constituci\u00f3n, la reforma al modelo de gesti\u00f3n implementado por el C\u00f3digo de Aguas, el avance en la protecci\u00f3n de ecosistemas h\u00eddricos claves &#8211; glaciares, salares, turberas y humedales-, y en el manejo integrado de cuencas, entre las cosas m\u00e1s prioritarias.<\/p>\n\n<p><\/p>\n\t\t\t<section\n\t\t\tclass=\"boxout post-3167 \"\n\t\t\t\n\t\t>\n\t\t\t<a\n\t\t\t\tdata-ga-category=\"Take Action Boxout\"\n\t\t\t\tdata-ga-action=\"Image\"\n\t\t\t\tdata-ga-label=\"n\/a\"\n\t\t\t\tclass=\"cover-card-overlay\"\n\t\t\t\thref=\"https:\/\/www.greenpeace.org\/chile\/involucrate\/exige-que-el-agua-sea-para-todos\/\" \n\t\t\t><\/a>\n\t\t\t\t\t\t\t<img\n\t\t\t\t\t\tsrc=\"https:\/\/www.greenpeace.org\/static\/planet4-chile-stateless\/2020\/04\/5a5840e8-dsc_0045-1024x664.jpg\"\n\t\t\t\t\t\tsrcset=\"https:\/\/www.greenpeace.org\/static\/planet4-chile-stateless\/2020\/04\/5a5840e8-dsc_0045-300x195.jpg 300w, https:\/\/www.greenpeace.org\/static\/planet4-chile-stateless\/2020\/04\/5a5840e8-dsc_0045-1024x664.jpg 1024w, https:\/\/www.greenpeace.org\/static\/planet4-chile-stateless\/2020\/04\/5a5840e8-dsc_0045-768x498.jpg 768w, https:\/\/www.greenpeace.org\/static\/planet4-chile-stateless\/2020\/04\/5a5840e8-dsc_0045-1536x996.jpg 1536w, https:\/\/www.greenpeace.org\/static\/planet4-chile-stateless\/2020\/04\/5a5840e8-dsc_0045-2048x1328.jpg 2048w, https:\/\/www.greenpeace.org\/static\/planet4-chile-stateless\/2020\/04\/5a5840e8-dsc_0045-510x331.jpg 510w\"\n\t\t\t\t\t\tsizes=\"(min-width: 1000px) 358px, (min-width: 780px) 313px, 88px\"\n\t\t\t\t\t\talt=\"\" title=\"\"\n\t\t\t\t\/>\n            \t\t\t<div class=\"boxout-content\">\n\t\t\t\t\t\t\t\t\t<a\n\t\t\t\t\t\tclass=\"boxout-heading medium\"\n\t\t\t\t\t\tdata-ga-category=\"Take Action Boxout\"\n\t\t\t\t\t\tdata-ga-action=\"Title\"\n\t\t\t\t\t\tdata-ga-label=\"n\/a\"\n\t\t\t\t\t\thref=\"https:\/\/www.greenpeace.org\/chile\/involucrate\/exige-que-el-agua-sea-para-todos\/\"\n\t\t\t\t\t\t\n\t\t\t\t\t>\n\t\t\t\t\t\tExige que el agua sea para todos\n\t\t\t\t\t<\/a>\n\t\t\t\t\t\t\t\t                                    <a\n                        class=\"btn btn-primary\"\n                        data-ga-category=\"Take Action Boxout\"\n                        data-ga-action=\"Call to Action\"\n                        data-ga-label=\"n\/a\"\n                        href=\"https:\/\/www.greenpeace.org\/chile\/involucrate\/exige-que-el-agua-sea-para-todos\/\"\n                        \n                    >\n                        Invol\u00facrate\n                    <\/a>\n                \t\t\t<\/div>\n\t\t\t\t\t<\/section>\n\t","protected":false},"excerpt":{"rendered":"<p>Ante el fallo de la Corte Suprema, la organizaci\u00f3n ambientalista asegur\u00f3 que \u201cen Chile hay m\u00e1s agua repartida que el agua real que existe en el pa\u00eds. Por eso hay comunidades que hacen filas para los camiones de abastecimiento, como El Mel\u00f3n\u201c.<\/p>\n","protected":false},"author":36,"featured_media":5732,"comment_status":"closed","ping_status":"open","sticky":false,"template":"","format":"standard","meta":{"ep_exclude_from_search":false,"p4_og_title":"","p4_og_description":"","p4_og_image":"","p4_og_image_id":"","p4_seo_canonical_url":"","p4_campaign_name":"not set","p4_local_project":"not set","p4_basket_name":"not set","p4_department":"","footnotes":""},"categories":[33],"tags":[36,38],"p4-page-type":[16],"class_list":["post-6160","post","type-post","status-publish","format-standard","has-post-thumbnail","hentry","category-greenpeace","tag-nuevaconstitucion","tag-sueltaelagua","p4-page-type-noticia"],"_links":{"self":[{"href":"https:\/\/www.greenpeace.org\/chile\/wp-json\/wp\/v2\/posts\/6160","targetHints":{"allow":["GET"]}}],"collection":[{"href":"https:\/\/www.greenpeace.org\/chile\/wp-json\/wp\/v2\/posts"}],"about":[{"href":"https:\/\/www.greenpeace.org\/chile\/wp-json\/wp\/v2\/types\/post"}],"author":[{"embeddable":true,"href":"https:\/\/www.greenpeace.org\/chile\/wp-json\/wp\/v2\/users\/36"}],"replies":[{"embeddable":true,"href":"https:\/\/www.greenpeace.org\/chile\/wp-json\/wp\/v2\/comments?post=6160"}],"version-history":[{"count":4,"href":"https:\/\/www.greenpeace.org\/chile\/wp-json\/wp\/v2\/posts\/6160\/revisions"}],"predecessor-version":[{"id":7159,"href":"https:\/\/www.greenpeace.org\/chile\/wp-json\/wp\/v2\/posts\/6160\/revisions\/7159"}],"wp:featuredmedia":[{"embeddable":true,"href":"https:\/\/www.greenpeace.org\/chile\/wp-json\/wp\/v2\/media\/5732"}],"wp:attachment":[{"href":"https:\/\/www.greenpeace.org\/chile\/wp-json\/wp\/v2\/media?parent=6160"}],"wp:term":[{"taxonomy":"category","embeddable":true,"href":"https:\/\/www.greenpeace.org\/chile\/wp-json\/wp\/v2\/categories?post=6160"},{"taxonomy":"post_tag","embeddable":true,"href":"https:\/\/www.greenpeace.org\/chile\/wp-json\/wp\/v2\/tags?post=6160"},{"taxonomy":"p4-page-type","embeddable":true,"href":"https:\/\/www.greenpeace.org\/chile\/wp-json\/wp\/v2\/p4-page-type?post=6160"}],"curies":[{"name":"wp","href":"https:\/\/api.w.org\/{rel}","templated":true}]}}