{"id":620,"date":"2018-10-31T16:24:55","date_gmt":"2018-10-31T16:24:55","guid":{"rendered":"https:\/\/www.greenpeace.org\/chile\/?p=620"},"modified":"2021-12-01T12:30:17","modified_gmt":"2021-12-01T12:30:17","slug":"marcelo-diaz-el-nuevo-crack-de-ballenas-y-pinguinos","status":"publish","type":"post","link":"https:\/\/www.greenpeace.org\/chile\/noticia\/issues\/oceanos\/marcelo-diaz-el-nuevo-crack-de-ballenas-y-pinguinos\/","title":{"rendered":"Marcelo D\u00edaz, el nuevo crack de ballenas y ping\u00fcinos"},"content":{"rendered":"<p>Marcelo D\u00edaz, el internacional volante chileno que hoy es aclamado en Racing de Argentina sorprendi\u00f3 al aparecer en un video en donde apoya la campa\u00f1a de Greenpeace que busca la creaci\u00f3n de un enorme santuario ant\u00e1rtico que tiene poor objetivo proteger ballenas y ping\u00fcinos ante el avance de la industria pesquera.<\/p>\n<p>En medio de una temporada que lo tiene como uno de los mejores jugadores del f\u00fatbol argentino, el mediocampista que lleva el 21 en la espalda de Racing \u2013el hist\u00f3rico club de Avellaneda en donde alguna vez fue capit\u00e1n el legendario arquero Sergio Livingstone-, D\u00edaz se ha sumado a una campa\u00f1a mundial que lleva m\u00e1s de dos millones de adherentes que apoyan la idea de crear el mayor santuario marino del planeta, el cual tendr\u00eda una superficie de poco m\u00e1s del doble de Chile continental y que busca proteger a la fauna del lugar.<\/p>\n<p>\u201c<strong>En los \u00faltimos minutos hay que dejar todo en la cancha. Ponte la polera y entra a\u00a0<\/strong><strong><a href=\"http:\/\/www.sosantartica.org\/\" target=\"_blank\" rel=\"noopener noreferrer\" data-saferedirecturl=\"https:\/\/www.google.com\/url?q=http:\/\/www.sosantartica.org&amp;source=gmail&amp;ust=1541082505761000&amp;usg=AFQjCNGhOVpErEuk1WyVA225i0EOgX4Iow\">www.sosantartica.org<\/a><\/strong><strong>\u00a0para firmar y proteger a estos animales del avance de la industria pesquera<\/strong>\u201d, dice Marcelo D\u00edaz en el video que ha sido liberado justo cuando en Australia se discute la creaci\u00f3n del que ser\u00eda la mayor \u00e1rea marina protegida del planeta.<\/p>\n<p><iframe loading=\"lazy\" src=\"https:\/\/www.youtube.com\/embed\/UQWjUJK34w0\" width=\"540\" height=\"360\" frameborder=\"0\" data-mce-fragment=\"1\"><\/iframe><\/p>\n<p>\u201c<strong>Es un orgullo y un lujo que un jugador con la trayectoria y exitoso presente de Marcelo D\u00edaz se involucre en una campa\u00f1a de protecci\u00f3n medioambiental que en este caso busca el cuidado de la Ant\u00e1rtica. Es una demostraci\u00f3n de su compromiso m\u00e1s all\u00e1 de una cancha de f\u00fatbol. Ojal\u00e1 su ejemplo sea imitado por otros deportistas de alto nivel que puedan comprometerse con distintas causas<\/strong>\u201d, se\u00f1ala Mat\u00edas Asun, director nacional de Greenpeace en Chile.<\/p>\n<p>El futbolista chileno se suma as\u00ed a otras grandes figuras internacionales que se han apoyado la campa\u00f1a, como los actores Javier Bardem (espa\u00f1ol ganador del Oscar), Gillian Anderson (Archivos Secretos X) y David Harbour (<em>Stranger Things<\/em>).<\/p>\n\t\t\t<section\n\t\t\tclass=\"boxout post-28 \"\n\t\t\t\n\t\t>\n\t\t\t<a\n\t\t\t\tdata-ga-category=\"Take Action Boxout\"\n\t\t\t\tdata-ga-action=\"Image\"\n\t\t\t\tdata-ga-label=\"n\/a\"\n\t\t\t\tclass=\"cover-card-overlay\"\n\t\t\t\thref=\"https:\/\/www.greenpeace.org\/chile\/involucrate\/protege-la-antartica\/\" \n\t\t\t><\/a>\n\t\t\t\t\t\t\t<img\n\t\t\t\t\t\tsrc=\"https:\/\/www.greenpeace.org\/static\/planet4-chile-stateless\/2018\/10\/b401f35a-3b1e1c32-gp0strkke-1024x683.jpg\"\n\t\t\t\t\t\tsrcset=\"https:\/\/www.greenpeace.org\/static\/planet4-chile-stateless\/2018\/10\/b401f35a-3b1e1c32-gp0strkke-300x200.jpg 300w, https:\/\/www.greenpeace.org\/static\/planet4-chile-stateless\/2018\/10\/b401f35a-3b1e1c32-gp0strkke-768x512.jpg 768w, https:\/\/www.greenpeace.org\/static\/planet4-chile-stateless\/2018\/10\/b401f35a-3b1e1c32-gp0strkke-1024x683.jpg 1024w, https:\/\/www.greenpeace.org\/static\/planet4-chile-stateless\/2018\/10\/b401f35a-3b1e1c32-gp0strkke-2048x1366.jpg 2048w, https:\/\/www.greenpeace.org\/static\/planet4-chile-stateless\/2018\/10\/b401f35a-3b1e1c32-gp0strkke-510x340.jpg 510w\"\n\t\t\t\t\t\tsizes=\"(min-width: 1000px) 358px, (min-width: 780px) 313px, 88px\"\n\t\t\t\t\t\talt=\"\" title=\"\"\n\t\t\t\t\/>\n            \t\t\t<div class=\"boxout-content\">\n\t\t\t\t\t\t\t\t\t<a\n\t\t\t\t\t\tclass=\"boxout-heading medium\"\n\t\t\t\t\t\tdata-ga-category=\"Take Action Boxout\"\n\t\t\t\t\t\tdata-ga-action=\"Title\"\n\t\t\t\t\t\tdata-ga-label=\"n\/a\"\n\t\t\t\t\t\thref=\"https:\/\/www.greenpeace.org\/chile\/involucrate\/protege-la-antartica\/\"\n\t\t\t\t\t\t\n\t\t\t\t\t>\n\t\t\t\t\t\tProtege la Ant\u00e1rtica\n\t\t\t\t\t<\/a>\n\t\t\t\t\t\t\t\t                                    <a\n                        class=\"btn btn-primary\"\n                        data-ga-category=\"Take Action Boxout\"\n                        data-ga-action=\"Call to Action\"\n                        data-ga-label=\"n\/a\"\n                        href=\"https:\/\/www.greenpeace.org\/chile\/involucrate\/protege-la-antartica\/\"\n                        \n                    >\n                        Invol\u00facrate\n                    <\/a>\n                \t\t\t<\/div>\n\t\t\t\t\t<\/section>\n\t","protected":false},"excerpt":{"rendered":"<p>Marcelo D\u00edaz, el internacional volante chileno que hoy es aclamado en Racing de Argentina sorprendi\u00f3 al aparecer en un video en donde apoya la campa\u00f1a de Greenpeace que busca la&hellip;<\/p>\n","protected":false},"author":19,"featured_media":775,"comment_status":"open","ping_status":"open","sticky":false,"template":"","format":"standard","meta":{"ep_exclude_from_search":false,"p4_og_title":"","p4_og_description":"","p4_og_image":"","p4_og_image_id":"","p4_seo_canonical_url":"","p4_campaign_name":"","p4_local_project":"","p4_basket_name":"","p4_department":"","footnotes":""},"categories":[18],"tags":[6,20],"p4-page-type":[16],"class_list":["post-620","post","type-post","status-publish","format-standard","has-post-thumbnail","hentry","category-oceanos","tag-antartica","tag-ballenas","p4-page-type-noticia"],"_links":{"self":[{"href":"https:\/\/www.greenpeace.org\/chile\/wp-json\/wp\/v2\/posts\/620","targetHints":{"allow":["GET"]}}],"collection":[{"href":"https:\/\/www.greenpeace.org\/chile\/wp-json\/wp\/v2\/posts"}],"about":[{"href":"https:\/\/www.greenpeace.org\/chile\/wp-json\/wp\/v2\/types\/post"}],"author":[{"embeddable":true,"href":"https:\/\/www.greenpeace.org\/chile\/wp-json\/wp\/v2\/users\/19"}],"replies":[{"embeddable":true,"href":"https:\/\/www.greenpeace.org\/chile\/wp-json\/wp\/v2\/comments?post=620"}],"version-history":[{"count":4,"href":"https:\/\/www.greenpeace.org\/chile\/wp-json\/wp\/v2\/posts\/620\/revisions"}],"predecessor-version":[{"id":7385,"href":"https:\/\/www.greenpeace.org\/chile\/wp-json\/wp\/v2\/posts\/620\/revisions\/7385"}],"wp:featuredmedia":[{"embeddable":true,"href":"https:\/\/www.greenpeace.org\/chile\/wp-json\/wp\/v2\/media\/775"}],"wp:attachment":[{"href":"https:\/\/www.greenpeace.org\/chile\/wp-json\/wp\/v2\/media?parent=620"}],"wp:term":[{"taxonomy":"category","embeddable":true,"href":"https:\/\/www.greenpeace.org\/chile\/wp-json\/wp\/v2\/categories?post=620"},{"taxonomy":"post_tag","embeddable":true,"href":"https:\/\/www.greenpeace.org\/chile\/wp-json\/wp\/v2\/tags?post=620"},{"taxonomy":"p4-page-type","embeddable":true,"href":"https:\/\/www.greenpeace.org\/chile\/wp-json\/wp\/v2\/p4-page-type?post=620"}],"curies":[{"name":"wp","href":"https:\/\/api.w.org\/{rel}","templated":true}]}}