{"id":639,"date":"2016-10-26T16:35:35","date_gmt":"2016-10-26T16:35:35","guid":{"rendered":"https:\/\/www.greenpeace.org\/chile\/?p=639"},"modified":"2021-12-01T12:30:43","modified_gmt":"2021-12-01T12:30:43","slug":"tres-motivos-para-seguir-adelante-por-las-ballenas","status":"publish","type":"post","link":"https:\/\/www.greenpeace.org\/chile\/blog\/issues\/oceanos\/tres-motivos-para-seguir-adelante-por-las-ballenas\/","title":{"rendered":"Tres motivos para seguir adelante por las ballenas"},"content":{"rendered":"<p><strong>Dicen que de los fracasos surgen oportunidades y lecciones. Este es un ejemplo perfecto:&nbsp;<a href=\"http:\/\/www.greenpeace.org\/chile\/es\/noticias\/Harponean-proteccion-de-las-ballenas-en-la-Comision-Ballenera-Internacional\/\">la Comisi\u00f3n Ballenera Internacional rechaz\u00f3 la creaci\u00f3n de un Santuario de Ballenas en el Atl\u00e1ntico Sur<\/a>&nbsp;a pesar de que la propuesta obtuvo la mayor\u00eda de los votos. Sin embargo esto lejos de deprimirnos tiene que darnos impulso para avanzar. &nbsp;Te damos tres motivos para seguir adelante por nuestras ballenas.<\/strong><\/p>\n<p><img loading=\"lazy\" decoding=\"async\" class=\"alignnone size-full wp-image-359\" src=\"https:\/\/www.greenpeace.org\/static\/planet4-chile-stateless\/2018\/10\/f7438d7a-51e098a4-pasted-image-0-4.png\" alt=\"\" width=\"862\" height=\"488\" srcset=\"https:\/\/www.greenpeace.org\/static\/planet4-chile-stateless\/2018\/10\/f7438d7a-51e098a4-pasted-image-0-4.png 862w, https:\/\/www.greenpeace.org\/static\/planet4-chile-stateless\/2018\/10\/f7438d7a-51e098a4-pasted-image-0-4-300x170.png 300w, https:\/\/www.greenpeace.org\/static\/planet4-chile-stateless\/2018\/10\/f7438d7a-51e098a4-pasted-image-0-4-768x435.png 768w, https:\/\/www.greenpeace.org\/static\/planet4-chile-stateless\/2018\/10\/f7438d7a-51e098a4-pasted-image-0-4-510x289.png 510w\" sizes=\"auto, (max-width: 862px) 100vw, 862px\" \/><\/p>\n<p dir=\"ltr\">1-&nbsp;<strong>M\u00e1s de 1 mill\u00f3n de personas en todo el mundo apoyaron la iniciativa:<\/strong>&nbsp;esto quiere decir que somos muchos los que estamos haciendo presi\u00f3n para que el sue\u00f1o del santuario ballenero se haga realidad y \u00a1podemos lograrlo! Juntos podemos hacer grandes cosas.<strong>&nbsp;Si hicimos que Shell se vaya del \u00c1rtico, \u00bfc\u00f3mo no vamos a lograr que el Atl\u00e1ntico Sur sea un santuario de ballenas?&nbsp;<\/strong><a href=\"http:\/\/dc.mk\/?k=91UKeMJRHFOV\">Si t\u00fa ya firmaste dile a un amigo que se sume. Tenemos que seguir haciendo presi\u00f3n.<\/a><\/p>\n<p dir=\"ltr\">2-<strong>En 2018 tendremos otra oportunidad.<\/strong>&nbsp;La Comisi\u00f3n Ballenera Internacional vuelve a reunirse en dos a\u00f1os y podemos pedir nuevamente por el santuario.&nbsp;<strong>Es necesario capitalizar todo el apoyo p\u00fablico y pol\u00edtico para que finalmente se vote la propuesta en 2018.<\/strong>&nbsp;Adem\u00e1s la sede del encuentro podr\u00eda ser Brasil, lo que nos da un buen contexto para exigir que se proteja a nuestras ballenas.<\/p>\n<p dir=\"ltr\">3-&nbsp;<strong>Todo el bloque latinoamericano vot\u00f3 a favor del santuario<\/strong>, adem\u00e1s de varios pa\u00edses de la Uni\u00f3n Europea. Esto significa que<strong>&nbsp;toda nuestra regi\u00f3n es consciente de la importancia de proteger no s\u00f3lo a nuestras ballenas sino tambi\u00e9n a nuestros oc\u00e9anos.&nbsp;<\/strong>Es clave que los pa\u00edses de Latinoam\u00e9rica estemos de acuerdo en la defensa de las ballenas, mam\u00edferos tan majestuosos y fundamentales para los ecosistemas marinos.<\/p>\n<p dir=\"ltr\">\u00bfQu\u00e9 te pareci\u00f3 esta nota? \u00bfCrees que es posible lograr el santuario de ballenas en el Atl\u00e1ntico Sur?<\/p>\n\t\t\t<section\n\t\t\tclass=\"boxout post-32 \"\n\t\t\t\n\t\t>\n\t\t\t<a\n\t\t\t\tdata-ga-category=\"Take Action Boxout\"\n\t\t\t\tdata-ga-action=\"Image\"\n\t\t\t\tdata-ga-label=\"n\/a\"\n\t\t\t\tclass=\"cover-card-overlay\"\n\t\t\t\thref=\"https:\/\/www.greenpeace.org\/chile\/involucrate\/defiende-a-las-ballenas\/\" \n\t\t\t><\/a>\n\t\t\t\t\t\t\t<img\n\t\t\t\t\t\tsrc=\"https:\/\/www.greenpeace.org\/static\/planet4-chile-stateless\/2018\/10\/f7438d7a-51e098a4-pasted-image-0-4.png\"\n\t\t\t\t\t\tsrcset=\"https:\/\/www.greenpeace.org\/static\/planet4-chile-stateless\/2018\/10\/f7438d7a-51e098a4-pasted-image-0-4-300x170.png 300w, https:\/\/www.greenpeace.org\/static\/planet4-chile-stateless\/2018\/10\/f7438d7a-51e098a4-pasted-image-0-4-768x435.png 768w, https:\/\/www.greenpeace.org\/static\/planet4-chile-stateless\/2018\/10\/f7438d7a-51e098a4-pasted-image-0-4-510x289.png 510w, https:\/\/www.greenpeace.org\/static\/planet4-chile-stateless\/2018\/10\/f7438d7a-51e098a4-pasted-image-0-4.png 862w\"\n\t\t\t\t\t\tsizes=\"(min-width: 1000px) 358px, (min-width: 780px) 313px, 88px\"\n\t\t\t\t\t\talt=\"\" title=\"\"\n\t\t\t\t\/>\n            \t\t\t<div class=\"boxout-content\">\n\t\t\t\t\t\t\t\t\t<a\n\t\t\t\t\t\tclass=\"boxout-heading medium\"\n\t\t\t\t\t\tdata-ga-category=\"Take Action Boxout\"\n\t\t\t\t\t\tdata-ga-action=\"Title\"\n\t\t\t\t\t\tdata-ga-label=\"n\/a\"\n\t\t\t\t\t\thref=\"https:\/\/www.greenpeace.org\/chile\/involucrate\/defiende-a-las-ballenas\/\"\n\t\t\t\t\t\t\n\t\t\t\t\t>\n\t\t\t\t\t\tDefiende a las ballenas\n\t\t\t\t\t<\/a>\n\t\t\t\t\t\t\t\t\t\t\t\t\t<p class=\"boxout-excerpt\">En la actualidad, la cacer\u00eda sigue siendo una amenaza para estos cet\u00e1ceos, aunque otras causas ambientales tambi\u00e9n est\u00e1n afectando su supervivencia.<\/p>\n\t\t\t\t                                    <a\n                        class=\"btn btn-primary\"\n                        data-ga-category=\"Take Action Boxout\"\n                        data-ga-action=\"Call to Action\"\n                        data-ga-label=\"n\/a\"\n                        href=\"https:\/\/www.greenpeace.org\/chile\/involucrate\/defiende-a-las-ballenas\/\"\n                        \n                    >\n                        Invol\u00facrate\n                    <\/a>\n                \t\t\t<\/div>\n\t\t\t\t\t<\/section>\n\t","protected":false},"excerpt":{"rendered":"<p>Dicen que de los fracasos surgen oportunidades y lecciones. Este es un ejemplo perfecto:\u00a0la Comisi\u00f3n Ballenera Internacional rechaz\u00f3 la creaci\u00f3n de un Santuario de Ballenas en el Atl\u00e1ntico Sur\u00a0a pesar&hellip;<\/p>\n","protected":false},"author":19,"featured_media":359,"comment_status":"open","ping_status":"open","sticky":false,"template":"","format":"standard","meta":{"ep_exclude_from_search":false,"p4_og_title":"","p4_og_description":"","p4_og_image":"","p4_og_image_id":"","p4_seo_canonical_url":"","p4_campaign_name":"not set","p4_local_project":"not set","p4_basket_name":"not set","p4_department":"","footnotes":""},"categories":[18],"tags":[20,21],"p4-page-type":[14],"class_list":["post-639","post","type-post","status-publish","format-standard","has-post-thumbnail","hentry","category-oceanos","tag-ballenas","tag-blog","p4-page-type-blog"],"_links":{"self":[{"href":"https:\/\/www.greenpeace.org\/chile\/wp-json\/wp\/v2\/posts\/639","targetHints":{"allow":["GET"]}}],"collection":[{"href":"https:\/\/www.greenpeace.org\/chile\/wp-json\/wp\/v2\/posts"}],"about":[{"href":"https:\/\/www.greenpeace.org\/chile\/wp-json\/wp\/v2\/types\/post"}],"author":[{"embeddable":true,"href":"https:\/\/www.greenpeace.org\/chile\/wp-json\/wp\/v2\/users\/19"}],"replies":[{"embeddable":true,"href":"https:\/\/www.greenpeace.org\/chile\/wp-json\/wp\/v2\/comments?post=639"}],"version-history":[{"count":5,"href":"https:\/\/www.greenpeace.org\/chile\/wp-json\/wp\/v2\/posts\/639\/revisions"}],"predecessor-version":[{"id":7420,"href":"https:\/\/www.greenpeace.org\/chile\/wp-json\/wp\/v2\/posts\/639\/revisions\/7420"}],"wp:featuredmedia":[{"embeddable":true,"href":"https:\/\/www.greenpeace.org\/chile\/wp-json\/wp\/v2\/media\/359"}],"wp:attachment":[{"href":"https:\/\/www.greenpeace.org\/chile\/wp-json\/wp\/v2\/media?parent=639"}],"wp:term":[{"taxonomy":"category","embeddable":true,"href":"https:\/\/www.greenpeace.org\/chile\/wp-json\/wp\/v2\/categories?post=639"},{"taxonomy":"post_tag","embeddable":true,"href":"https:\/\/www.greenpeace.org\/chile\/wp-json\/wp\/v2\/tags?post=639"},{"taxonomy":"p4-page-type","embeddable":true,"href":"https:\/\/www.greenpeace.org\/chile\/wp-json\/wp\/v2\/p4-page-type?post=639"}],"curies":[{"name":"wp","href":"https:\/\/api.w.org\/{rel}","templated":true}]}}