{"id":642,"date":"2018-11-09T16:37:14","date_gmt":"2018-11-09T16:37:14","guid":{"rendered":"https:\/\/www.greenpeace.org\/chile\/?p=642"},"modified":"2021-12-01T12:30:15","modified_gmt":"2021-12-01T12:30:15","slug":"mas-de-14-000-anos-demora-en-degradarse-el-plastico-que-envuelve-la-canasta-basica-de-los-chilenos","status":"publish","type":"post","link":"https:\/\/www.greenpeace.org\/chile\/noticia\/issues\/contaminacion\/mas-de-14-000-anos-demora-en-degradarse-el-plastico-que-envuelve-la-canasta-basica-de-los-chilenos\/","title":{"rendered":"&#8220;M\u00e1s de 14.000 a\u00f1os demora en degradarse el pl\u00e1stico que envuelve la canasta b\u00e1sica de los chilenos&#8221;"},"content":{"rendered":"<p><strong>Como \u201cuna eternidad sinsentido\u201d calific\u00f3 Greenpeace la cantidad de a\u00f1os que demora en degradarse el total de pl\u00e1stico contenido en la canasta b\u00e1sica de los chilenos.<\/strong><\/p>\n<p><img loading=\"lazy\" decoding=\"async\" class=\"size-full wp-image-643 aligncenter\" src=\"https:\/\/www.greenpeace.org\/static\/planet4-chile-stateless\/2018\/11\/91173c23-plasticos_cuerpo.jpg\" alt=\"\" width=\"540\" height=\"360\" srcset=\"https:\/\/www.greenpeace.org\/static\/planet4-chile-stateless\/2018\/11\/91173c23-plasticos_cuerpo.jpg 540w, https:\/\/www.greenpeace.org\/static\/planet4-chile-stateless\/2018\/11\/91173c23-plasticos_cuerpo-300x200.jpg 300w, https:\/\/www.greenpeace.org\/static\/planet4-chile-stateless\/2018\/11\/91173c23-plasticos_cuerpo-510x340.jpg 510w\" sizes=\"auto, (max-width: 540px) 100vw, 540px\" \/><\/p>\n<p dir=\"ltr\">Tras un recorrido por diferentes supermercados del pa\u00eds, integrantes del Movimiento de Chile sin Pl\u00e1sticos realizaron el ejercicio de comprar la canasta b\u00e1sica de los chilenos que pueden encontrar en los supermercados (38 productos) para analizar la cantidad de pl\u00e1stico que hay en ella y as\u00ed comprobar no solo el peso del pl\u00e1stico que envuelve los productos (que result\u00f3 ser 1 kilo), sino la cantidad de a\u00f1os en que demoran en degradarse.<\/p>\n<p dir=\"ltr\">\u201c<strong>Estamos impactados con lo que nos hemos encontrado en la canasta b\u00e1sica de los chilenos. En esta compra m\u00ednima de toda familia chilena casi todos los productos vienen envueltos en pl\u00e1stico innecesario. De hecho, si sumamos los a\u00f1os de todos estos envoltorios pl\u00e1sticos se requieren poco m\u00e1s de 14.000 a\u00f1os para degradarse. Es un sinsentido que hayamos eliminado las bolsas pl\u00e1sticas, pero que nos estemos llevando enormes cantidades de otro tipo de pl\u00e1stico que termina en la basura apenas llegamos con las compras a nuestras casas<\/strong>\u201d, se\u00f1al\u00f3 Soledad Acu\u00f1a, coordinadora del Movimiento Chile sin Pl\u00e1sticos.<\/p>\n<p dir=\"ltr\">Como referencia, hace 14.000 a\u00f1os (lo que demora en degradarse el pl\u00e1stico de la canasta b\u00e1sica) aun exist\u00eda un paso terrestre entre Am\u00e9rica y Asia y el Milod\u00f3n viv\u00eda en la Patagonia.<\/p>\n<p dir=\"ltr\">Entre los productos de la canasta que m\u00e1s demoran en degradarse, est\u00e1n cuatro paquetes de galletas (1.200 a\u00f1os), el queso empaquetado (1.000 a\u00f1os), el jab\u00f3n l\u00edquido en botella (1.000 a\u00f1os) o un sobre de Milo (1.000 a\u00f1os). De hecho, si bien el tarro de caf\u00e9 es de aluminio y f\u00e1cil de reciclar, la tapa de pl\u00e1stico puede demorar 1.000 a\u00f1os en degradarse.<\/p>\n<p dir=\"ltr\">\u00bfY los productos que menos tardan? Los huevos que vienen en bandejas de cart\u00f3n y la harina que est\u00e1 en bolsas de papel. Ambos materiales resultaron ser los m\u00e1s amigables medioambientalmente ya que demoran alrededor de medio a\u00f1o en degradarse.<\/p>\n<p dir=\"ltr\">Durante el recorrido por diferentes supermercados del pa\u00eds (que incluy\u00f3 las ciudades de Santiago, Valpara\u00edso, Concepci\u00f3n, Temuco y Punta Arenas), y tras adquirir la canasta b\u00e1sica, distintos compradores devolvieron en la oficina de atenci\u00f3n de clientes carros cargados con el pl\u00e1stico que envolv\u00eda los productos y una carta en donde llaman a las cadenas de supermercados a tomar medidas concretas para disminuir el pl\u00e1stico que sale de sus g\u00f3ndolas.<\/p>\n<p dir=\"ltr\">En este contexto, Soledad Acu\u00f1a se\u00f1al\u00f3 que \u201c<strong>las empresas deben entregar opciones ambientalmente amigables a los compradores. No es posible que casi todo lo que compramos est\u00e9 envuelto en pl\u00e1stico. Por otra parte, los supermercados debieran entregar al menos un espacio en sus g\u00f3ndolas con productos libres de pl\u00e1stico. Ser\u00eda un paso m\u00ednimo, pero a la vez un avance enorme. Lamentablemente no vemos que existan propuestas innovadoras por parte de las grandes cadenas en este sentido<\/strong>\u201d.<\/p>\n\t\t\t<section\n\t\t\tclass=\"boxout post-557 \"\n\t\t\t\n\t\t>\n\t\t\t<a\n\t\t\t\tdata-ga-category=\"Take Action Boxout\"\n\t\t\t\tdata-ga-action=\"Image\"\n\t\t\t\tdata-ga-label=\"n\/a\"\n\t\t\t\tclass=\"cover-card-overlay\"\n\t\t\t\thref=\"https:\/\/www.greenpeace.org\/chile\/involucrate\/sumate-a-chilesinplasticos\/\" \n\t\t\t><\/a>\n\t\t\t\t\t\t\t<img\n\t\t\t\t\t\tsrc=\"https:\/\/www.greenpeace.org\/static\/planet4-chile-stateless\/2018\/10\/88d02357-d8d69f40-gp0stsbcz_pressmedia-1024x683.jpg\"\n\t\t\t\t\t\tsrcset=\"https:\/\/www.greenpeace.org\/static\/planet4-chile-stateless\/2018\/10\/88d02357-d8d69f40-gp0stsbcz_pressmedia-300x200.jpg 300w, https:\/\/www.greenpeace.org\/static\/planet4-chile-stateless\/2018\/10\/88d02357-d8d69f40-gp0stsbcz_pressmedia-768x512.jpg 768w, https:\/\/www.greenpeace.org\/static\/planet4-chile-stateless\/2018\/10\/88d02357-d8d69f40-gp0stsbcz_pressmedia-1024x683.jpg 1024w, https:\/\/www.greenpeace.org\/static\/planet4-chile-stateless\/2018\/10\/88d02357-d8d69f40-gp0stsbcz_pressmedia-2048x1366.jpg 2048w, https:\/\/www.greenpeace.org\/static\/planet4-chile-stateless\/2018\/10\/88d02357-d8d69f40-gp0stsbcz_pressmedia-510x340.jpg 510w\"\n\t\t\t\t\t\tsizes=\"(min-width: 1000px) 358px, (min-width: 780px) 313px, 88px\"\n\t\t\t\t\t\talt=\"\" title=\"\"\n\t\t\t\t\/>\n            \t\t\t<div class=\"boxout-content\">\n\t\t\t\t\t\t\t\t\t<a\n\t\t\t\t\t\tclass=\"boxout-heading medium\"\n\t\t\t\t\t\tdata-ga-category=\"Take Action Boxout\"\n\t\t\t\t\t\tdata-ga-action=\"Title\"\n\t\t\t\t\t\tdata-ga-label=\"n\/a\"\n\t\t\t\t\t\thref=\"https:\/\/www.greenpeace.org\/chile\/involucrate\/sumate-a-chilesinplasticos\/\"\n\t\t\t\t\t\t\n\t\t\t\t\t>\n\t\t\t\t\t\tS\u00famate a Chile Sin Pl\u00e1sticos\n\t\t\t\t\t<\/a>\n\t\t\t\t\t\t\t\t                                    <a\n                        class=\"btn btn-primary\"\n                        data-ga-category=\"Take Action Boxout\"\n                        data-ga-action=\"Call to Action\"\n                        data-ga-label=\"n\/a\"\n                        href=\"https:\/\/www.greenpeace.org\/chile\/involucrate\/sumate-a-chilesinplasticos\/\"\n                        \n                    >\n                        Invol\u00facrate\n                    <\/a>\n                \t\t\t<\/div>\n\t\t\t\t\t<\/section>\n\t","protected":false},"excerpt":{"rendered":"<p>Como \u201cuna eternidad sinsentido\u201d calific\u00f3 Greenpeace la cantidad de a\u00f1os que demora en degradarse el total de pl\u00e1stico contenido en la canasta b\u00e1sica de los chilenos. Tras un recorrido por&hellip;<\/p>\n","protected":false},"author":19,"featured_media":643,"comment_status":"open","ping_status":"open","sticky":false,"template":"","format":"standard","meta":{"ep_exclude_from_search":false,"p4_og_title":"","p4_og_description":"","p4_og_image":"","p4_og_image_id":"","p4_seo_canonical_url":"","p4_campaign_name":"","p4_local_project":"","p4_basket_name":"","p4_department":"","footnotes":""},"categories":[4],"tags":[29],"p4-page-type":[16],"class_list":["post-642","post","type-post","status-publish","format-standard","has-post-thumbnail","hentry","category-contaminacion","tag-plasticos","p4-page-type-noticia"],"_links":{"self":[{"href":"https:\/\/www.greenpeace.org\/chile\/wp-json\/wp\/v2\/posts\/642","targetHints":{"allow":["GET"]}}],"collection":[{"href":"https:\/\/www.greenpeace.org\/chile\/wp-json\/wp\/v2\/posts"}],"about":[{"href":"https:\/\/www.greenpeace.org\/chile\/wp-json\/wp\/v2\/types\/post"}],"author":[{"embeddable":true,"href":"https:\/\/www.greenpeace.org\/chile\/wp-json\/wp\/v2\/users\/19"}],"replies":[{"embeddable":true,"href":"https:\/\/www.greenpeace.org\/chile\/wp-json\/wp\/v2\/comments?post=642"}],"version-history":[{"count":3,"href":"https:\/\/www.greenpeace.org\/chile\/wp-json\/wp\/v2\/posts\/642\/revisions"}],"predecessor-version":[{"id":7382,"href":"https:\/\/www.greenpeace.org\/chile\/wp-json\/wp\/v2\/posts\/642\/revisions\/7382"}],"wp:featuredmedia":[{"embeddable":true,"href":"https:\/\/www.greenpeace.org\/chile\/wp-json\/wp\/v2\/media\/643"}],"wp:attachment":[{"href":"https:\/\/www.greenpeace.org\/chile\/wp-json\/wp\/v2\/media?parent=642"}],"wp:term":[{"taxonomy":"category","embeddable":true,"href":"https:\/\/www.greenpeace.org\/chile\/wp-json\/wp\/v2\/categories?post=642"},{"taxonomy":"post_tag","embeddable":true,"href":"https:\/\/www.greenpeace.org\/chile\/wp-json\/wp\/v2\/tags?post=642"},{"taxonomy":"p4-page-type","embeddable":true,"href":"https:\/\/www.greenpeace.org\/chile\/wp-json\/wp\/v2\/p4-page-type?post=642"}],"curies":[{"name":"wp","href":"https:\/\/api.w.org\/{rel}","templated":true}]}}