{"id":660,"date":"2018-09-14T16:47:26","date_gmt":"2018-09-14T16:47:26","guid":{"rendered":"https:\/\/www.greenpeace.org\/chile\/?p=660"},"modified":"2021-12-01T12:30:30","modified_gmt":"2021-12-01T12:30:30","slug":"los-ciudadanos-limpian-y-auditan-el-plastico-del-planeta","status":"publish","type":"post","link":"https:\/\/www.greenpeace.org\/chile\/noticia\/issues\/contaminacion\/los-ciudadanos-limpian-y-auditan-el-plastico-del-planeta\/","title":{"rendered":"Los ciudadanos limpian y \u201cauditan\u201d el pl\u00e1stico del planeta"},"content":{"rendered":"<p><strong>Como una oportunidad para que los ciudadanos expongan el grave da\u00f1o medioambiental que est\u00e1n generando las empresas con el pl\u00e1stico que utilizan y sobre el cual no se responsabilizan calific\u00f3 Greenpeace las diversas actividades de limpieza que se han organizado para ma\u00f1ana en distintas partes del mundo y que, adem\u00e1s, buscan \u201cauditar\u201d la huella de pl\u00e1stico que las grandes corporaciones est\u00e1n dejando en los ecosistemas, especialmente costeros, del planeta.<\/strong><\/p>\n<p><img loading=\"lazy\" decoding=\"async\" class=\"size-full wp-image-661 aligncenter\" src=\"https:\/\/www.greenpeace.org\/static\/planet4-chile-stateless\/2018\/11\/620ddb56-ciudadanos_cuerpo.jpg\" alt=\"\" width=\"540\" height=\"360\" srcset=\"https:\/\/www.greenpeace.org\/static\/planet4-chile-stateless\/2018\/11\/620ddb56-ciudadanos_cuerpo.jpg 540w, https:\/\/www.greenpeace.org\/static\/planet4-chile-stateless\/2018\/11\/620ddb56-ciudadanos_cuerpo-300x200.jpg 300w, https:\/\/www.greenpeace.org\/static\/planet4-chile-stateless\/2018\/11\/620ddb56-ciudadanos_cuerpo-510x340.jpg 510w\" sizes=\"auto, (max-width: 540px) 100vw, 540px\" \/><\/p>\n<p dir=\"ltr\">\u201c<strong>Debido a que las multinacionales est\u00e1n fallando en su compromiso de reducir su abrumadora huella pl\u00e1stica, los ciudadanos de distintas partes del mundo est\u00e1n asumiendo el compromiso no solo de limpiar sus desechos, sino que de registrar y exponer a las empresas que est\u00e1n fallando en hacerse responsables de los productos y los impactos medioambientales que generan<\/strong>\u201d, se\u00f1ala Silvia G\u00f3mez, vocera de Greenpeace Andino.<\/p>\n<p dir=\"ltr\">Para la ONG ambientalista la contaminaci\u00f3n de pl\u00e1stico se ha convertido, junto al cambio clim\u00e1tico, en el desaf\u00edo medioambiental m\u00e1s relevante que enfrenta hoy la humanidad. La cifras lo demuestran, ya que para el a\u00f1o 2020 la producci\u00f3n de pl\u00e1sticos llegar\u00e1 a los 500 millones de toneladas, lo que representa un 900% m\u00e1s de la que exist\u00eda en 1980. Otros datos ayudan a imaginar la magnitud de problema: cada minuto los oc\u00e9anos son contaminados con el equivalente a un cami\u00f3n de basura y cada minuto se comercializan en el planeta un mill\u00f3n \u00a0de botellas de pl\u00e1stico.<\/p>\n<p dir=\"ltr\">A esos vol\u00famenes de producci\u00f3n, muchos de ellos vinculados a pl\u00e1sticos de un solo uso, se suma la f\u00e1cil dispersi\u00f3n de los pl\u00e1sticos y su lento proceso de degradaci\u00f3n, lo que lo convierte en el principal enemigo medioambiental para la vida en los oc\u00e9anos.<\/p>\n<p dir=\"ltr\">&#8220;<strong>Este trabajo de auditor\u00edas medioambientales lo que buscan es generar responsabilidades corporativas respecto de su huella pl\u00e1stica. Durante mucho tiempo las empresas han puesto la responsabilidad en los consumidores y en la necesidad de que se recicle m\u00e1s, pero el hecho es que apenas el 9% de los pl\u00e1sticos que se fabrican son reciclados. Es hora de que las corporaciones se hagan responsables y asuman un compromiso serio y duradero de eliminaci\u00f3n de los pl\u00e1sticos,especialmente los de un solo uso<\/strong>\u201d, dice Graham Forbes, l\u00edder global de proyectos de pl\u00e1sticos en Greenpeace.<\/p>\n<p dir=\"ltr\">Las actividades de limpieza y \u201cauditor\u00edas\u201d se han desarrollado desde el 9 de septiembre bajo el lema #breakfreefromplastic y ya suman 150 limpiezas en 46 pa\u00edses. Para ma\u00f1ana 15 de septiembre se espera que la actividad se ampl\u00ede a unos 150 pa\u00edses, sume a miles de voluntarios y se traduzca en toneladas de desechos pl\u00e1sticos alejados de las costas.<\/p>\n\t\t\t<section\n\t\t\tclass=\"boxout post-557 \"\n\t\t\t\n\t\t>\n\t\t\t<a\n\t\t\t\tdata-ga-category=\"Take Action Boxout\"\n\t\t\t\tdata-ga-action=\"Image\"\n\t\t\t\tdata-ga-label=\"n\/a\"\n\t\t\t\tclass=\"cover-card-overlay\"\n\t\t\t\thref=\"https:\/\/www.greenpeace.org\/chile\/involucrate\/sumate-a-chilesinplasticos\/\" \n\t\t\t><\/a>\n\t\t\t\t\t\t\t<img\n\t\t\t\t\t\tsrc=\"https:\/\/www.greenpeace.org\/static\/planet4-chile-stateless\/2018\/10\/88d02357-d8d69f40-gp0stsbcz_pressmedia-1024x683.jpg\"\n\t\t\t\t\t\tsrcset=\"https:\/\/www.greenpeace.org\/static\/planet4-chile-stateless\/2018\/10\/88d02357-d8d69f40-gp0stsbcz_pressmedia-300x200.jpg 300w, https:\/\/www.greenpeace.org\/static\/planet4-chile-stateless\/2018\/10\/88d02357-d8d69f40-gp0stsbcz_pressmedia-768x512.jpg 768w, https:\/\/www.greenpeace.org\/static\/planet4-chile-stateless\/2018\/10\/88d02357-d8d69f40-gp0stsbcz_pressmedia-1024x683.jpg 1024w, https:\/\/www.greenpeace.org\/static\/planet4-chile-stateless\/2018\/10\/88d02357-d8d69f40-gp0stsbcz_pressmedia-2048x1366.jpg 2048w, https:\/\/www.greenpeace.org\/static\/planet4-chile-stateless\/2018\/10\/88d02357-d8d69f40-gp0stsbcz_pressmedia-510x340.jpg 510w\"\n\t\t\t\t\t\tsizes=\"(min-width: 1000px) 358px, (min-width: 780px) 313px, 88px\"\n\t\t\t\t\t\talt=\"\" title=\"\"\n\t\t\t\t\/>\n            \t\t\t<div class=\"boxout-content\">\n\t\t\t\t\t\t\t\t\t<a\n\t\t\t\t\t\tclass=\"boxout-heading medium\"\n\t\t\t\t\t\tdata-ga-category=\"Take Action Boxout\"\n\t\t\t\t\t\tdata-ga-action=\"Title\"\n\t\t\t\t\t\tdata-ga-label=\"n\/a\"\n\t\t\t\t\t\thref=\"https:\/\/www.greenpeace.org\/chile\/involucrate\/sumate-a-chilesinplasticos\/\"\n\t\t\t\t\t\t\n\t\t\t\t\t>\n\t\t\t\t\t\tS\u00famate a Chile Sin Pl\u00e1sticos\n\t\t\t\t\t<\/a>\n\t\t\t\t\t\t\t\t                                    <a\n                        class=\"btn btn-primary\"\n                        data-ga-category=\"Take Action Boxout\"\n                        data-ga-action=\"Call to Action\"\n                        data-ga-label=\"n\/a\"\n                        href=\"https:\/\/www.greenpeace.org\/chile\/involucrate\/sumate-a-chilesinplasticos\/\"\n                        \n                    >\n                        Invol\u00facrate\n                    <\/a>\n                \t\t\t<\/div>\n\t\t\t\t\t<\/section>\n\t","protected":false},"excerpt":{"rendered":"<p>Como una oportunidad para que los ciudadanos expongan el grave da\u00f1o medioambiental que est\u00e1n generando las empresas con el pl\u00e1stico que utilizan y sobre el cual no se responsabilizan calific\u00f3&hellip;<\/p>\n","protected":false},"author":19,"featured_media":661,"comment_status":"open","ping_status":"open","sticky":false,"template":"","format":"standard","meta":{"ep_exclude_from_search":false,"p4_og_title":"","p4_og_description":"","p4_og_image":"","p4_og_image_id":"","p4_seo_canonical_url":"","p4_campaign_name":"","p4_local_project":"","p4_basket_name":"","p4_department":"","footnotes":""},"categories":[4],"tags":[29],"p4-page-type":[16],"class_list":["post-660","post","type-post","status-publish","format-standard","has-post-thumbnail","hentry","category-contaminacion","tag-plasticos","p4-page-type-noticia"],"_links":{"self":[{"href":"https:\/\/www.greenpeace.org\/chile\/wp-json\/wp\/v2\/posts\/660","targetHints":{"allow":["GET"]}}],"collection":[{"href":"https:\/\/www.greenpeace.org\/chile\/wp-json\/wp\/v2\/posts"}],"about":[{"href":"https:\/\/www.greenpeace.org\/chile\/wp-json\/wp\/v2\/types\/post"}],"author":[{"embeddable":true,"href":"https:\/\/www.greenpeace.org\/chile\/wp-json\/wp\/v2\/users\/19"}],"replies":[{"embeddable":true,"href":"https:\/\/www.greenpeace.org\/chile\/wp-json\/wp\/v2\/comments?post=660"}],"version-history":[{"count":3,"href":"https:\/\/www.greenpeace.org\/chile\/wp-json\/wp\/v2\/posts\/660\/revisions"}],"predecessor-version":[{"id":7399,"href":"https:\/\/www.greenpeace.org\/chile\/wp-json\/wp\/v2\/posts\/660\/revisions\/7399"}],"wp:featuredmedia":[{"embeddable":true,"href":"https:\/\/www.greenpeace.org\/chile\/wp-json\/wp\/v2\/media\/661"}],"wp:attachment":[{"href":"https:\/\/www.greenpeace.org\/chile\/wp-json\/wp\/v2\/media?parent=660"}],"wp:term":[{"taxonomy":"category","embeddable":true,"href":"https:\/\/www.greenpeace.org\/chile\/wp-json\/wp\/v2\/categories?post=660"},{"taxonomy":"post_tag","embeddable":true,"href":"https:\/\/www.greenpeace.org\/chile\/wp-json\/wp\/v2\/tags?post=660"},{"taxonomy":"p4-page-type","embeddable":true,"href":"https:\/\/www.greenpeace.org\/chile\/wp-json\/wp\/v2\/p4-page-type?post=660"}],"curies":[{"name":"wp","href":"https:\/\/api.w.org\/{rel}","templated":true}]}}