{"id":731,"date":"2018-09-21T18:45:31","date_gmt":"2018-09-21T18:45:31","guid":{"rendered":"https:\/\/www.greenpeace.org\/chile\/?p=731"},"modified":"2021-12-01T12:30:27","modified_gmt":"2021-12-01T12:30:27","slug":"greenpeace-ante-desolador-informe-del-banco-mundial","status":"publish","type":"post","link":"https:\/\/www.greenpeace.org\/chile\/noticia\/uncategorized\/greenpeace-ante-desolador-informe-del-banco-mundial\/","title":{"rendered":"Greenpeace ante desolador informe del Banco Mundial"},"content":{"rendered":"<p>Como una de las \u00faltimas alertas antes de lleguemos a punto sin retorno calific\u00f3 Greenpeace el desolador informe que ha dado a conocer el Banco Mundial el cual advierte que, si es que no se toman medidas urgentes, los desechos mundiales aumentar\u00e1n un 70% para el a\u00f1o 2050.<\/p>\n<p><img loading=\"lazy\" decoding=\"async\" class=\"size-full wp-image-732 aligncenter\" src=\"https:\/\/www.greenpeace.org\/static\/planet4-chile-stateless\/2018\/11\/864369a6-basura_cuerpo.jpg\" alt=\"\" width=\"540\" height=\"360\" srcset=\"https:\/\/www.greenpeace.org\/static\/planet4-chile-stateless\/2018\/11\/864369a6-basura_cuerpo.jpg 540w, https:\/\/www.greenpeace.org\/static\/planet4-chile-stateless\/2018\/11\/864369a6-basura_cuerpo-300x200.jpg 300w, https:\/\/www.greenpeace.org\/static\/planet4-chile-stateless\/2018\/11\/864369a6-basura_cuerpo-510x340.jpg 510w\" sizes=\"auto, (max-width: 540px) 100vw, 540px\" \/><\/p>\n<p>El reporte del organismo internacional -llamado What a Waste 2.0 (Los Desechos 2.0)- plantea que la combinaci\u00f3n de r\u00e1pido proceso de urbanizaci\u00f3n que vive el planeta, sumado al aumento de la poblaci\u00f3n mundial, har\u00e1 que los desechos se incrementen a unos 3.400 millones de toneladas en un per\u00edodo de 30 a\u00f1os. La cifra se compara con los 2.010 millones de toneladas registradas el 2016.<\/p>\n<p>\u201c<strong>Es claro que enfrentamos una situaci\u00f3n l\u00edmite. Estamos llegando a un punto sin retorno en la cantidad de basura que generamos y la capacidad real que tenemos de manejarla y tratarla. Queda en evidencia que los par\u00e1metros de consumo que hemos conocido hasta ahora deben ser modificados. Y por eso la relevancia no solo de priorizar planes eficientes de gesti\u00f3n de basura, sino la necesidad de potenciar una econom\u00eda de car\u00e1cter circular, donde los bienes de consumo sean fabricados y pensados como elementos reutilizables y reciclables<\/strong>\u201d, se\u00f1ala Silvia G\u00f3mez, vocera de Greenpeace Andino.<\/p>\n<p>De acuerdo con el Banco Mundial, y pese a que solo representan el 16% de la poblaci\u00f3n mundial, los pa\u00edses de m\u00e1s altos ingresos generan el 34% de la basura planetaria. Las cifras, en todo caso, complican alrededor del mundo ya que, por ejemplo, se espera que para el 2050 solo la zona del \u00c1frica subsahariana triplique su generaci\u00f3n de desechos.<\/p>\n<p>El reporte pone especial atenci\u00f3n en el impacto que los pl\u00e1sticos est\u00e1n provocando en todos los rincones del planeta, los que est\u00e1n contaminando diferentes ecosistemas, especialmente ligados a oc\u00e9anos y cursos fluviales, y cuyas consecuencias e impactos se ver\u00e1n durante cientos y hasta miles de a\u00f1os. El Banco Mundial se\u00f1ala que, el 2016, los pl\u00e1sticos ya representaban el 12% de todos los desechos que genera la humanidad.<\/p>\n<p>Frente a este escenario, el reporte indica la enorme asimetr\u00eda que existe en el tratamiento de la basura. As\u00ed, mientras en los pa\u00edses desarrollados un tercio de los desechos son recuperados gracias al reciclaje, esa cifra se desploma a un escaso 4% en los pa\u00edses de menores ingresos.<\/p>\n<p>En este contexto, la deficiente manera en que hoy se maneja la basura del mundo la ha convertido en responsable del 5% de las emisiones de di\u00f3xido de carbono, las cuales est\u00e1n contribuyendo de manera significativa en la aceleraci\u00f3n del cambio clim\u00e1tico.<\/p>\n<div class=\"EmptyMessage\">Block content is empty. Check the block&#8217;s settings or remove it.<\/div>","protected":false},"excerpt":{"rendered":"<p>Como una de las \u00faltimas alertas antes de lleguemos a punto sin retorno calific\u00f3 Greenpeace el desolador informe que ha dado a conocer el Banco Mundial el cual advierte que,&hellip;<\/p>\n","protected":false},"author":19,"featured_media":732,"comment_status":"open","ping_status":"open","sticky":false,"template":"","format":"standard","meta":{"ep_exclude_from_search":false,"p4_og_title":"","p4_og_description":"","p4_og_image":"","p4_og_image_id":"","p4_seo_canonical_url":"","p4_campaign_name":"","p4_local_project":"","p4_basket_name":"","p4_department":"","footnotes":""},"categories":[1],"tags":[],"p4-page-type":[16],"class_list":["post-731","post","type-post","status-publish","format-standard","has-post-thumbnail","hentry","category-uncategorized","p4-page-type-noticia"],"_links":{"self":[{"href":"https:\/\/www.greenpeace.org\/chile\/wp-json\/wp\/v2\/posts\/731","targetHints":{"allow":["GET"]}}],"collection":[{"href":"https:\/\/www.greenpeace.org\/chile\/wp-json\/wp\/v2\/posts"}],"about":[{"href":"https:\/\/www.greenpeace.org\/chile\/wp-json\/wp\/v2\/types\/post"}],"author":[{"embeddable":true,"href":"https:\/\/www.greenpeace.org\/chile\/wp-json\/wp\/v2\/users\/19"}],"replies":[{"embeddable":true,"href":"https:\/\/www.greenpeace.org\/chile\/wp-json\/wp\/v2\/comments?post=731"}],"version-history":[{"count":3,"href":"https:\/\/www.greenpeace.org\/chile\/wp-json\/wp\/v2\/posts\/731\/revisions"}],"predecessor-version":[{"id":7395,"href":"https:\/\/www.greenpeace.org\/chile\/wp-json\/wp\/v2\/posts\/731\/revisions\/7395"}],"wp:featuredmedia":[{"embeddable":true,"href":"https:\/\/www.greenpeace.org\/chile\/wp-json\/wp\/v2\/media\/732"}],"wp:attachment":[{"href":"https:\/\/www.greenpeace.org\/chile\/wp-json\/wp\/v2\/media?parent=731"}],"wp:term":[{"taxonomy":"category","embeddable":true,"href":"https:\/\/www.greenpeace.org\/chile\/wp-json\/wp\/v2\/categories?post=731"},{"taxonomy":"post_tag","embeddable":true,"href":"https:\/\/www.greenpeace.org\/chile\/wp-json\/wp\/v2\/tags?post=731"},{"taxonomy":"p4-page-type","embeddable":true,"href":"https:\/\/www.greenpeace.org\/chile\/wp-json\/wp\/v2\/p4-page-type?post=731"}],"curies":[{"name":"wp","href":"https:\/\/api.w.org\/{rel}","templated":true}]}}