{"id":735,"date":"2018-09-05T18:49:16","date_gmt":"2018-09-05T18:49:16","guid":{"rendered":"https:\/\/www.greenpeace.org\/chile\/?p=735"},"modified":"2021-12-01T12:30:31","modified_gmt":"2021-12-01T12:30:31","slug":"presidente-cierre-las-industrias-no-los-colegios","status":"publish","type":"post","link":"https:\/\/www.greenpeace.org\/chile\/noticia\/issues\/climayenergia\/presidente-cierre-las-industrias-no-los-colegios\/","title":{"rendered":"Presidente: cierre las industrias, no los colegios"},"content":{"rendered":"<p><strong>Como una clara muestra del fracaso que ha tenido la respuesta del gobierno ante la emergencia y como una situaci\u00f3n pol\u00edtica, ambiental y sanitaria que se le escap\u00f3 de las manos calific\u00f3 Greenpeace la nueva situaci\u00f3n de emergencia que se vivi\u00f3 en las \u00faltimas horas en la zona de Quintero-Puchuncav\u00ed.<\/strong><\/p>\n<p><img loading=\"lazy\" decoding=\"async\" class=\"size-full wp-image-736 aligncenter\" src=\"https:\/\/www.greenpeace.org\/static\/planet4-chile-stateless\/2018\/11\/ad7209b7-cierre_cuerpo.jpg\" alt=\"\" width=\"540\" height=\"360\" srcset=\"https:\/\/www.greenpeace.org\/static\/planet4-chile-stateless\/2018\/11\/ad7209b7-cierre_cuerpo.jpg 540w, https:\/\/www.greenpeace.org\/static\/planet4-chile-stateless\/2018\/11\/ad7209b7-cierre_cuerpo-300x200.jpg 300w, https:\/\/www.greenpeace.org\/static\/planet4-chile-stateless\/2018\/11\/ad7209b7-cierre_cuerpo-510x340.jpg 510w\" sizes=\"auto, (max-width: 540px) 100vw, 540px\" \/><\/p>\n<div>&#8220;<strong>Quedan pocas palabras para calificar lo que est\u00e1 sucediendo. Es una verdadera tragicomedia para el gobierno, ya que mientras las autoridades levantan la alerta amarilla y supervisan el reintegro de los ni\u00f1os al colegio por la ma\u00f1ana, por la tarde terminan en los centros asistenciales. Lo peor es la respuesta de la autoridad, que cierra los colegios pero permite que sigan funcionando las industrias<\/strong>&#8220;, dice Mat\u00edas Asun, director nacional de Greenpeace.<\/div>\n<div><\/div>\n<div>En este contexto, desde la ONG plantean una dura cr\u00edtica a la gesti\u00f3n que ha mostrado la Superintendencia de Medio Ambiente: &#8220;\u00bfAlguien puede entender que desde el a\u00f1o 2013 hasta hoy los entes fiscalizadores del Estado apenas hayan cursado una multa a las empresas de la zona? Cualquier fonda tiene m\u00e1s fiscalizaciones que las empresas contaminantes en Quintero-Puchuncav\u00ed. \u00bfAlguien puede explicar este sinsentido?&#8221;.<\/div>\n<div><\/div>\n<div>Greenpeace, adem\u00e1s, se\u00f1al\u00f3 algunas medidas prioritarias que se debieran tomar. &#8220;<strong>Lo primero es cerrar de forma inmediata las operaciones de las centrales a carb\u00f3n y de la fundici\u00f3n de Ventanas e investigar a Oxiquim y Enap. Del mismo modo, iniciar una investigaci\u00f3n que establezca claridad los responsables de las \u00faltimas emergencias ambientales y se les sancione<\/strong>&#8220;, se\u00f1ala Asun.<\/div>\n<div><\/div>\n<div>\n<div>Tambi\u00e9n el director nacional de la ONG dice que necesario que se comprometa un plan de descontaminaci\u00f3n y de remediaci\u00f3n ambiental en el que tengan participaci\u00f3n las comunidades afectadas. &#8220;<strong>La reparaci\u00f3n por el da\u00f1o sufrido por las comunidades de la zona por culpa del abandono del Estado es una acci\u00f3n clave<\/strong>&#8220;, dice Asun.<\/div>\n<div>Por \u00faltimo, Greenpeace plantea la urgencia de impulsar tras esta emergencia un liderazgo real de la Superintendencia de Medio Ambiente en materia de fiscalizaci\u00f3n, al tiempo que se debe actualizar y complementar las normas de calidad ambiental, homologando los est\u00e1ndares a las normativas de la Organizaci\u00f3n Mundial de la Salud (OMS).<\/div>\n<\/div>\n\t\t\t<section\n\t\t\tclass=\"boxout post-1637 \"\n\t\t\t\n\t\t>\n\t\t\t<a\n\t\t\t\tdata-ga-category=\"Take Action Boxout\"\n\t\t\t\tdata-ga-action=\"Image\"\n\t\t\t\tdata-ga-label=\"n\/a\"\n\t\t\t\tclass=\"cover-card-overlay\"\n\t\t\t\thref=\"https:\/\/www.greenpeace.org\/chile\/involucrate\/chao-carbon\/\" \n\t\t\t><\/a>\n\t\t\t\t\t\t\t<img\n\t\t\t\t\t\tsrc=\"https:\/\/www.greenpeace.org\/static\/planet4-chile-stateless\/2025\/11\/e8954647-banner-peticion-1-1024x649.png\"\n\t\t\t\t\t\tsrcset=\"https:\/\/www.greenpeace.org\/static\/planet4-chile-stateless\/2025\/11\/e8954647-banner-peticion-1-300x190.png 300w, https:\/\/www.greenpeace.org\/static\/planet4-chile-stateless\/2025\/11\/e8954647-banner-peticion-1-1024x649.png 1024w, https:\/\/www.greenpeace.org\/static\/planet4-chile-stateless\/2025\/11\/e8954647-banner-peticion-1-768x487.png 768w, https:\/\/www.greenpeace.org\/static\/planet4-chile-stateless\/2025\/11\/e8954647-banner-peticion-1-510x323.png 510w, https:\/\/www.greenpeace.org\/static\/planet4-chile-stateless\/2025\/11\/e8954647-banner-peticion-1.png 1284w\"\n\t\t\t\t\t\tsizes=\"(min-width: 1000px) 358px, (min-width: 780px) 313px, 88px\"\n\t\t\t\t\t\talt=\"\" title=\"\"\n\t\t\t\t\/>\n            \t\t\t<div class=\"boxout-content\">\n\t\t\t\t\t\t\t\t\t<a\n\t\t\t\t\t\tclass=\"boxout-heading medium\"\n\t\t\t\t\t\tdata-ga-category=\"Take Action Boxout\"\n\t\t\t\t\t\tdata-ga-action=\"Title\"\n\t\t\t\t\t\tdata-ga-label=\"n\/a\"\n\t\t\t\t\t\thref=\"https:\/\/www.greenpeace.org\/chile\/involucrate\/chao-carbon\/\"\n\t\t\t\t\t\t\n\t\t\t\t\t>\n\t\t\t\t\t\tCierre de las termoel\u00e9ctricas de Quintero-Puchuncav\u00ed\n\t\t\t\t\t<\/a>\n\t\t\t\t\t\t\t\t\t\t\t\t\t<p class=\"boxout-excerpt\">Exige el cierre de las centrales en Quintero-Puchuncav\u00ed de manera inmediata y un plan de cierre total de carboneras.<\/p>\n\t\t\t\t                                    <a\n                        class=\"btn btn-primary\"\n                        data-ga-category=\"Take Action Boxout\"\n                        data-ga-action=\"Call to Action\"\n                        data-ga-label=\"n\/a\"\n                        href=\"https:\/\/www.greenpeace.org\/chile\/involucrate\/chao-carbon\/\"\n                        \n                    >\n                        Invol\u00facrate\n                    <\/a>\n                \t\t\t<\/div>\n\t\t\t\t\t<\/section>\n\t","protected":false},"excerpt":{"rendered":"<p>Como una clara muestra del fracaso que ha tenido la respuesta del gobierno ante la emergencia y como una situaci\u00f3n pol\u00edtica, ambiental y sanitaria que se le escap\u00f3 de las&hellip;<\/p>\n","protected":false},"author":19,"featured_media":736,"comment_status":"open","ping_status":"open","sticky":false,"template":"","format":"standard","meta":{"ep_exclude_from_search":false,"p4_og_title":"","p4_og_description":"","p4_og_image":"","p4_og_image_id":"","p4_seo_canonical_url":"","p4_campaign_name":"not set","p4_local_project":"not set","p4_basket_name":"not set","p4_department":"","footnotes":""},"categories":[3],"tags":[34],"p4-page-type":[16],"class_list":["post-735","post","type-post","status-publish","format-standard","has-post-thumbnail","hentry","category-climayenergia","tag-chaocarbon","p4-page-type-noticia"],"_links":{"self":[{"href":"https:\/\/www.greenpeace.org\/chile\/wp-json\/wp\/v2\/posts\/735","targetHints":{"allow":["GET"]}}],"collection":[{"href":"https:\/\/www.greenpeace.org\/chile\/wp-json\/wp\/v2\/posts"}],"about":[{"href":"https:\/\/www.greenpeace.org\/chile\/wp-json\/wp\/v2\/types\/post"}],"author":[{"embeddable":true,"href":"https:\/\/www.greenpeace.org\/chile\/wp-json\/wp\/v2\/users\/19"}],"replies":[{"embeddable":true,"href":"https:\/\/www.greenpeace.org\/chile\/wp-json\/wp\/v2\/comments?post=735"}],"version-history":[{"count":4,"href":"https:\/\/www.greenpeace.org\/chile\/wp-json\/wp\/v2\/posts\/735\/revisions"}],"predecessor-version":[{"id":7401,"href":"https:\/\/www.greenpeace.org\/chile\/wp-json\/wp\/v2\/posts\/735\/revisions\/7401"}],"wp:featuredmedia":[{"embeddable":true,"href":"https:\/\/www.greenpeace.org\/chile\/wp-json\/wp\/v2\/media\/736"}],"wp:attachment":[{"href":"https:\/\/www.greenpeace.org\/chile\/wp-json\/wp\/v2\/media?parent=735"}],"wp:term":[{"taxonomy":"category","embeddable":true,"href":"https:\/\/www.greenpeace.org\/chile\/wp-json\/wp\/v2\/categories?post=735"},{"taxonomy":"post_tag","embeddable":true,"href":"https:\/\/www.greenpeace.org\/chile\/wp-json\/wp\/v2\/tags?post=735"},{"taxonomy":"p4-page-type","embeddable":true,"href":"https:\/\/www.greenpeace.org\/chile\/wp-json\/wp\/v2\/p4-page-type?post=735"}],"curies":[{"name":"wp","href":"https:\/\/api.w.org\/{rel}","templated":true}]}}