{"id":7960,"date":"2022-06-08T17:07:46","date_gmt":"2022-06-08T17:07:46","guid":{"rendered":"https:\/\/www.greenpeace.org\/chile\/?p=7960"},"modified":"2022-06-08T17:07:49","modified_gmt":"2022-06-08T17:07:49","slug":"greenpeace-en-el-dia-mundial-de-los-oceanosnunca-un-proyecto-tuvo-tanto-rechazo-por-parte-de-la-sociedad-civil-como-minera-dominga","status":"publish","type":"post","link":"https:\/\/www.greenpeace.org\/chile\/noticia\/issues\/oceanos\/greenpeace-en-el-dia-mundial-de-los-oceanosnunca-un-proyecto-tuvo-tanto-rechazo-por-parte-de-la-sociedad-civil-como-minera-dominga\/","title":{"rendered":"Greenpeace en el D\u00eda Mundial de los Oc\u00e9anos:\u201cNunca un proyecto tuvo tanto rechazo por parte de la sociedad civil como Minera Dominga&#8221;\u00a0"},"content":{"rendered":"\n<figure class=\"wp-block-image size-large\"><img loading=\"lazy\" decoding=\"async\" width=\"1024\" height=\"683\" src=\"https:\/\/www.greenpeace.org\/static\/planet4-chile-stateless\/2022\/06\/d88ed8fb-co10450-1024x683.jpg\" alt=\"\" class=\"wp-image-7961\" srcset=\"https:\/\/www.greenpeace.org\/static\/planet4-chile-stateless\/2022\/06\/d88ed8fb-co10450-1024x683.jpg 1024w, https:\/\/www.greenpeace.org\/static\/planet4-chile-stateless\/2022\/06\/d88ed8fb-co10450-300x200.jpg 300w, https:\/\/www.greenpeace.org\/static\/planet4-chile-stateless\/2022\/06\/d88ed8fb-co10450-768x513.jpg 768w, https:\/\/www.greenpeace.org\/static\/planet4-chile-stateless\/2022\/06\/d88ed8fb-co10450-1536x1025.jpg 1536w, https:\/\/www.greenpeace.org\/static\/planet4-chile-stateless\/2022\/06\/d88ed8fb-co10450-2048x1366.jpg 2048w, https:\/\/www.greenpeace.org\/static\/planet4-chile-stateless\/2022\/06\/d88ed8fb-co10450-510x340.jpg 510w\" sizes=\"auto, (max-width: 1024px) 100vw, 1024px\" \/><figcaption><div class=\"credit icon-left\"> \u00a9 @Cristobal Olivares<\/div><\/figcaption><\/figure>\n\n<p> \u201cDestruir el mundo es destruirnos a nosotros mismos. No queremos m\u00e1s zonas de sacrificio, no queremos proyectos que destruyan nuestro pa\u00eds, que destruyan a las comunidades y lo ejemplificamos en un caso que ha sido simb\u00f3lico: No a Dominga&#8221;,\u00a0 con estas palabras en su triunfo en las presidenciales, el Presidente Boric se refiri\u00f3 a su completo rechazo al proyecto minero Dominga.\u00a0<\/p>\n\n<p>Luego que la Tercera Sala de la Corte Suprema rechazara los recursos interpuestos para detener Dominga, hoy el futuro de este proyecto est\u00e1 en manos del gobierno y su comit\u00e9 de Ministros.<\/p>\n\n<p>Por esta raz\u00f3n, el director de Greenpeace, Mat\u00edas Asun,&nbsp; enfatiz\u00f3 que: \u201cJam\u00e1s en la historia de nuestro pa\u00eds, un proyecto minero tuvo tal nivel de rechazo en la sociedad civil, en el gobierno, comunidades, cient\u00edficos y organizaciones no gubernamentales. Son cientos de miles de voces contra Dominga. Esto es, porque el proyecto adem\u00e1s de haber estado marcado por m\u00faltiples esc\u00e1ndalos de corrupci\u00f3n que han tenido de protagonistas a las principales autoridades del pa\u00eds, tambi\u00e9n liquida el medioambiente costero y oce\u00e1nico. Su construcci\u00f3n implicar\u00eda deteriorar de modo irremediable una de las zonas m\u00e1s valiosas en vida marina de nuestro planeta, y esa destrucci\u00f3n no es mitigable. Evitar esa masacre y consagrar la zona como un santuario de protecci\u00f3n ambiental es lo correcto\u201d.<\/p>\n\n<p>El proyecto minero portuario est\u00e1 valorado en US$2.500 millones y planea instalarse en el conjunto de ocho islas que componen el Archipi\u00e9lago de Humboldt. Aqu\u00ed, las faenas de Dominga&nbsp; desplegar\u00e1n la extracci\u00f3n de concentrados de hierro y cobre, la creaci\u00f3n de una mina de tajo abierto, la construcci\u00f3n de un puerto propio para exportar su producci\u00f3n y una desalinizadora para no utilizar el agua dulce.<\/p>\n\n<p>En esta instancia, ser\u00e1 el Comit\u00e9 de Ministros liderado por la ministra de Medio Ambiente, Maisa Rojas, e integrado por los ministros de Agricultura, Esteban Valenzuela; Hacienda, Mario Marcel; Salud, Mar\u00eda Bego\u00f1a Yarza; Econom\u00eda, Turismo y Fomento, Nicol\u00e1s Grau; Energ\u00eda, Claudio Huepe; Obras P\u00fablicas, Juan Carlos Garc\u00eda; Transportes y Telecomunicaciones, Juan Carlos Mu\u00f1oz; y Miner\u00eda y Planificaci\u00f3n, Marcela Hernando quienes decidir\u00e1n la aprobaci\u00f3n o rechazo del proyecto Dominga. Esta entidad de gobierno ser\u00e1 la que deber\u00e1 votar por el futuro de los oc\u00e9anos de la cuarta regi\u00f3n.<\/p>\n\n<figure class=\"wp-block-image size-large\"><img loading=\"lazy\" decoding=\"async\" width=\"1024\" height=\"683\" src=\"https:\/\/www.greenpeace.org\/static\/planet4-chile-stateless\/2022\/06\/4c32c30c-co10244-1024x683.jpg\" alt=\"\" class=\"wp-image-7962\" srcset=\"https:\/\/www.greenpeace.org\/static\/planet4-chile-stateless\/2022\/06\/4c32c30c-co10244-1024x683.jpg 1024w, https:\/\/www.greenpeace.org\/static\/planet4-chile-stateless\/2022\/06\/4c32c30c-co10244-300x200.jpg 300w, https:\/\/www.greenpeace.org\/static\/planet4-chile-stateless\/2022\/06\/4c32c30c-co10244-768x513.jpg 768w, https:\/\/www.greenpeace.org\/static\/planet4-chile-stateless\/2022\/06\/4c32c30c-co10244-1536x1025.jpg 1536w, https:\/\/www.greenpeace.org\/static\/planet4-chile-stateless\/2022\/06\/4c32c30c-co10244-2048x1366.jpg 2048w, https:\/\/www.greenpeace.org\/static\/planet4-chile-stateless\/2022\/06\/4c32c30c-co10244-510x340.jpg 510w\" sizes=\"auto, (max-width: 1024px) 100vw, 1024px\" \/><figcaption>@C\u00e9sar Villarroel<\/figcaption><\/figure>\n\n<p>\u201cLas ballenas, los ping\u00fcinos y los guanacos de la zona no tienen c\u00f3mo defenderse de estas operaciones corruptas contra el medioambiente, por eso somos las personas las que debemos dar esa voz para que el gobierno los proteja, tal como indic\u00f3 el presidente Boric en sus promesas de campa\u00f1a. Estamos atentos a que nuevamente sean tan enf\u00e1ticos en decir No a Dominga. No s\u00f3lo el presidente sino que su comit\u00e9 de ministros. De hecho a\u00fan esperamos que el Servicio de Evaluaci\u00f3n Ambiental responda formalmente las m\u00e1s de 100.000 solicitudes de invalidaci\u00f3n enviadas y que est\u00e1 obligado a responder. Nunca, en la historia de nuestro pa\u00eds, hubo tanto rechazo a un proyecto como ahora, y el gobierno debe hacerse cargo de ello\u201d, finaliz\u00f3 Asun.&nbsp;<\/p>\n\n<p><strong>AVANCE DE LAS SALMONERAS EN PARQUE NACIONAL KAW\u00c9SQAR<\/strong><\/p>\n\n<p>Otra de las preocupaciones en materia de Oc\u00e9anos de la organizaci\u00f3n Greenpeace, es la constante contaminaci\u00f3n de la industria salmonera en los mares patag\u00f3nicos. Hace pocos d\u00edas la Superintendencia de Medio Ambiente confirm\u00f3 la formulaci\u00f3n de un cargo grave a la empresa Cermaq por sobreproducci\u00f3n de salmones al interior de la Reserva Nacional Kaw\u00e9sqar, desde la ONG enfatizaron &#8220;Es urgente frenar la expansi\u00f3n de la salmonicultura, en el d\u00eda de oc\u00e9anos, queremos recordar que ni siquiera el mar dentro de \u00e1reas protegidas est\u00e1 a salvo, por lo cual hacemos un llamado a mantener a salvo los mares del pa\u00eds de actividades contaminantes como las salmoneras que ponen en riesgo a toda la biodiversidad &#8220;<\/p>\n","protected":false},"excerpt":{"rendered":"<p>Greenpeace, en el D\u00eda Mundial de los Oc\u00e9anos, llam\u00f3 a detener las zonas de sacrificio que hoy destruyen las comunidades y ecosistemas, como el megaproyecto minero Dominga, y record\u00f3 al Presidente Boric su compromiso.<\/p>\n","protected":false},"author":24,"featured_media":7961,"comment_status":"closed","ping_status":"open","sticky":false,"template":"","format":"standard","meta":{"ep_exclude_from_search":false,"p4_og_title":"","p4_og_description":"","p4_og_image":"","p4_og_image_id":"","p4_seo_canonical_url":"","p4_campaign_name":"not set","p4_local_project":"not set","p4_basket_name":"not set","p4_department":"","footnotes":""},"categories":[33,18],"tags":[],"p4-page-type":[16],"class_list":["post-7960","post","type-post","status-publish","format-standard","has-post-thumbnail","hentry","category-greenpeace","category-oceanos","p4-page-type-noticia"],"_links":{"self":[{"href":"https:\/\/www.greenpeace.org\/chile\/wp-json\/wp\/v2\/posts\/7960","targetHints":{"allow":["GET"]}}],"collection":[{"href":"https:\/\/www.greenpeace.org\/chile\/wp-json\/wp\/v2\/posts"}],"about":[{"href":"https:\/\/www.greenpeace.org\/chile\/wp-json\/wp\/v2\/types\/post"}],"author":[{"embeddable":true,"href":"https:\/\/www.greenpeace.org\/chile\/wp-json\/wp\/v2\/users\/24"}],"replies":[{"embeddable":true,"href":"https:\/\/www.greenpeace.org\/chile\/wp-json\/wp\/v2\/comments?post=7960"}],"version-history":[{"count":1,"href":"https:\/\/www.greenpeace.org\/chile\/wp-json\/wp\/v2\/posts\/7960\/revisions"}],"predecessor-version":[{"id":7963,"href":"https:\/\/www.greenpeace.org\/chile\/wp-json\/wp\/v2\/posts\/7960\/revisions\/7963"}],"wp:featuredmedia":[{"embeddable":true,"href":"https:\/\/www.greenpeace.org\/chile\/wp-json\/wp\/v2\/media\/7961"}],"wp:attachment":[{"href":"https:\/\/www.greenpeace.org\/chile\/wp-json\/wp\/v2\/media?parent=7960"}],"wp:term":[{"taxonomy":"category","embeddable":true,"href":"https:\/\/www.greenpeace.org\/chile\/wp-json\/wp\/v2\/categories?post=7960"},{"taxonomy":"post_tag","embeddable":true,"href":"https:\/\/www.greenpeace.org\/chile\/wp-json\/wp\/v2\/tags?post=7960"},{"taxonomy":"p4-page-type","embeddable":true,"href":"https:\/\/www.greenpeace.org\/chile\/wp-json\/wp\/v2\/p4-page-type?post=7960"}],"curies":[{"name":"wp","href":"https:\/\/api.w.org\/{rel}","templated":true}]}}