{"id":8477,"date":"2022-11-30T20:53:10","date_gmt":"2022-11-30T20:53:10","guid":{"rendered":"https:\/\/www.greenpeace.org\/chile\/?p=8477"},"modified":"2022-12-01T12:34:30","modified_gmt":"2022-12-01T12:34:30","slug":"greenpeace-y-fau-suscriben-convenio-para-trabajo-conjunto-en-gestion-hidrica-y-cambio-climatico","status":"publish","type":"post","link":"https:\/\/www.greenpeace.org\/chile\/noticia\/issues\/climayenergia\/greenpeace-y-fau-suscriben-convenio-para-trabajo-conjunto-en-gestion-hidrica-y-cambio-climatico\/","title":{"rendered":"Greenpeace y FAU suscriben convenio para trabajo conjunto en Gesti\u00f3n H\u00eddrica, Cambio Clim\u00e1tico y Salmonicultura"},"content":{"rendered":"\n<figure class=\"wp-block-image size-large\"><img loading=\"lazy\" decoding=\"async\" width=\"1024\" height=\"684\" src=\"https:\/\/www.greenpeace.org\/static\/planet4-chile-stateless\/2022\/11\/aa67525c-co18200-1024x684.jpg\" alt=\"\" class=\"wp-image-8493\" srcset=\"https:\/\/www.greenpeace.org\/static\/planet4-chile-stateless\/2022\/11\/aa67525c-co18200-1024x684.jpg 1024w, https:\/\/www.greenpeace.org\/static\/planet4-chile-stateless\/2022\/11\/aa67525c-co18200-300x200.jpg 300w, https:\/\/www.greenpeace.org\/static\/planet4-chile-stateless\/2022\/11\/aa67525c-co18200-768x513.jpg 768w, https:\/\/www.greenpeace.org\/static\/planet4-chile-stateless\/2022\/11\/aa67525c-co18200-1536x1026.jpg 1536w, https:\/\/www.greenpeace.org\/static\/planet4-chile-stateless\/2022\/11\/aa67525c-co18200-2048x1367.jpg 2048w, https:\/\/www.greenpeace.org\/static\/planet4-chile-stateless\/2022\/11\/aa67525c-co18200-2046x1366.jpg 2046w, https:\/\/www.greenpeace.org\/static\/planet4-chile-stateless\/2022\/11\/aa67525c-co18200-510x340.jpg 510w\" sizes=\"auto, (max-width: 1024px) 100vw, 1024px\" \/><figcaption class=\"wp-element-caption\">El Decano de la Facultad de Arquitectura y Urbanismo de la U. de Chile (FAU), Manuel Amaya junto al Director Nacional de\u00a0 Greenpeace, Mat\u00edas Asun,\u00a0 firmaron hoy el convenio de colaboraci\u00f3n entre la Facultad de Arquitectura y Urbanismo U. de Chile y Greenpeace, cuyo objetivo es abordar problem\u00e1ticas ambientales como la gesti\u00f3n h\u00eddrica, la protecci\u00f3n de los oc\u00e9anos, el cambio clim\u00e1tico, entre otros. Cristobal Olivares \/ Greenpeace<\/figcaption><\/figure>\n\n<p><strong>Este 30 de noviembre de 2022 se firm\u00f3 un convenio de colaboraci\u00f3n entre la Facultad de Arquitectura y Urbanismo U. de Chile y Greenpeace, cuyo objetivo es abordar problem\u00e1ticas ambientales como la gesti\u00f3n h\u00eddrica, la protecci\u00f3n de los oc\u00e9anos, el cambio clim\u00e1tico, entre otros.<\/strong><\/p>\n\n<p>El Decano de la Facultad de Arquitectura y Urbanismo de la U. de Chile (FAU), Manuel Amaya junto al Director Nacional de Greenpeace, Mat\u00edas Asun, <strong>firmaron hoy el convenio de colaboraci\u00f3n entre la Facultad de Arquitectura y Urbanismo U. de Chile y la organizaci\u00f3n ambientalista internacional, que tendr\u00e1 una vigencia de 4 a\u00f1os y que busca generar aportes importantes a las problem\u00e1ticas clim\u00e1ticas actuales y a la urgencia de conservaci\u00f3n del medio ambiente.<\/strong><\/p>\n\n<p>Al respecto, el Decano, Manuel Amaya, enfatiz\u00f3 la responsabilidad que tiene la Casa de Bello en estas tem\u00e1ticas. \u201cLa Universidad de Chile es una instituci\u00f3n p\u00fablica estrechamente vinculada con el desarrollo del pa\u00eds y con los desaf\u00edos pendientes en diversas \u00e1reas, parte importante de ellas son la justicia ambiental, la <strong>conservaci\u00f3n ecol\u00f3gica y la preparaci\u00f3n ante los desastres socio-naturales<\/strong>\u201d.<\/p>\n\n<figure class=\"wp-block-image size-large\"><img loading=\"lazy\" decoding=\"async\" width=\"1024\" height=\"683\" src=\"https:\/\/www.greenpeace.org\/static\/planet4-chile-stateless\/2022\/11\/4f0552e6-co18299-1024x683.jpg\" alt=\"\" class=\"wp-image-8494\" srcset=\"https:\/\/www.greenpeace.org\/static\/planet4-chile-stateless\/2022\/11\/4f0552e6-co18299-1024x683.jpg 1024w, https:\/\/www.greenpeace.org\/static\/planet4-chile-stateless\/2022\/11\/4f0552e6-co18299-300x200.jpg 300w, https:\/\/www.greenpeace.org\/static\/planet4-chile-stateless\/2022\/11\/4f0552e6-co18299-768x513.jpg 768w, https:\/\/www.greenpeace.org\/static\/planet4-chile-stateless\/2022\/11\/4f0552e6-co18299-1536x1025.jpg 1536w, https:\/\/www.greenpeace.org\/static\/planet4-chile-stateless\/2022\/11\/4f0552e6-co18299-2048x1366.jpg 2048w, https:\/\/www.greenpeace.org\/static\/planet4-chile-stateless\/2022\/11\/4f0552e6-co18299-510x340.jpg 510w\" sizes=\"auto, (max-width: 1024px) 100vw, 1024px\" \/><figcaption class=\"wp-element-caption\">Cristobal Olivares \/ Greenpeace<\/figcaption><\/figure>\n\n<p>Uno de los mayores objetivos de este acuerdo es <strong>fortalecer la comprensi\u00f3n de la crisis clim\u00e1tica y ecol\u00f3gica que vive nuestro planeta<\/strong> y que ya afecta a nuestro pa\u00eds desde una perspectiva aplicada con enfoque acad\u00e9mico y cient\u00edfico de primer nivel. El convenio incluye la formaci\u00f3n de estudiantes de pregrado y postgrado en \u00e1reas como la gesti\u00f3n h\u00eddrica, la protecci\u00f3n de los oc\u00e9anos y zonas costeras, as\u00ed como las problem\u00e1ticas del cambio clim\u00e1tico y los desastres socio-naturales, temas que actualmente ya son abordados en la carrera de geograf\u00eda y arquitectura que dicta esta Facultad; pero en este caso, <strong>esta alianza permitir\u00e1 desarrollar memorias de t\u00edtulo, proyectos de t\u00edtulo y tesis de las y los estudiantes de pre y postgrado orientadas a estudios, pol\u00edticas y acciones espec\u00edficas sugeridas por Greenpeace<\/strong>.<\/p>\n\n<figure class=\"wp-block-image size-large\"><img loading=\"lazy\" decoding=\"async\" width=\"1024\" height=\"683\" src=\"https:\/\/www.greenpeace.org\/static\/planet4-chile-stateless\/2022\/11\/a1822ded-co18138-1024x683.jpg\" alt=\"\" class=\"wp-image-8496\" srcset=\"https:\/\/www.greenpeace.org\/static\/planet4-chile-stateless\/2022\/11\/a1822ded-co18138-1024x683.jpg 1024w, https:\/\/www.greenpeace.org\/static\/planet4-chile-stateless\/2022\/11\/a1822ded-co18138-300x200.jpg 300w, https:\/\/www.greenpeace.org\/static\/planet4-chile-stateless\/2022\/11\/a1822ded-co18138-768x513.jpg 768w, https:\/\/www.greenpeace.org\/static\/planet4-chile-stateless\/2022\/11\/a1822ded-co18138-1536x1025.jpg 1536w, https:\/\/www.greenpeace.org\/static\/planet4-chile-stateless\/2022\/11\/a1822ded-co18138-2048x1366.jpg 2048w, https:\/\/www.greenpeace.org\/static\/planet4-chile-stateless\/2022\/11\/a1822ded-co18138-510x340.jpg 510w\" sizes=\"auto, (max-width: 1024px) 100vw, 1024px\" \/><figcaption class=\"wp-element-caption\">Cristobal Olivares \/ Greenpeace<\/figcaption><\/figure>\n\n<p>El director nacional de Greenpeace, Mat\u00edas Asun, explic\u00f3 que: \u201cPara nosotros en Greenpeace<strong> es un honor firmar este convenio de colaboraci\u00f3n con una de las entidades acad\u00e9micas m\u00e1s prestigiosas del pa\u00eds que nos permitir\u00e1 documentar y profundizar en aspectos claves de la actual crisis ecol\u00f3gica<\/strong> que vive nuestro planeta y que ya muestra sus efectos evidentes en Chile, en temas tan diversos como gesti\u00f3n h\u00eddrica, cuidado de oc\u00e9anos y costas, y protecci\u00f3n de otros ecosistemas relevantes para enfrentar la crisis clim\u00e1tica\u201d.<\/p>\n\n<p>En la misma l\u00ednea y con el prop\u00f3sito de robustecer el conocimiento y el v\u00ednculo, <strong>Greenpeace participar\u00e1 de los cursos de la FAU <\/strong>para presentar ante las y los estudiantes los objetivos y quehacer de la instituci\u00f3n, as\u00ed como algunos casos de estudio que las y los alumnos podr\u00e1n desarrollar con el apoyo profesional y t\u00e9cnico de este organismo.<\/p>\n\n<p>\u201cEsta alianza con Greenpeace <strong>permitir\u00e1 que nuestras y nuestros estudiantes fortalezcan su formaci\u00f3n profesional de mano de una instituci\u00f3n reconocida mundialmente por su defensa del medio ambiente,<\/strong> con una destacada trayectoria institucional y con equipos profesionales de excelencia\u201d, enfatiz\u00f3 el decano de la Universidad de Chile.<\/p>\n\n<p>El prop\u00f3sito de este convenio es que los <strong>futuros profesionales cuenten con herramientas te\u00f3ricas y pr\u00e1cticas en el \u00e1rea medio ambiental<\/strong> realizando proyectos concretos y que aporten soluciones a situaciones particulares. Del mismo modo, las y los estudiantes podr\u00e1n optar a desarrollar su pr\u00e1ctica profesional en Greenpeace.<\/p>\n\n<p>Respecto del rol que pueden jugar las y los estudiantes, el Director de Greenpeace, agreg\u00f3 que \u201c<strong>el contar con profesionales comprometidos con enfrentar los problemas de fondo detr\u00e1s de los m\u00faltiples conflictos ambientales que vive nuestro pa\u00eds es un pilar fundamental para lograr una transici\u00f3n -cada vez m\u00e1s urgente- hacia modelos de vida realmente ecol\u00f3gicos y justos<\/strong>&#8220;.<\/p>\n","protected":false},"excerpt":{"rendered":"<p>Este 30 de noviembre de 2022 se firm\u00f3 un convenio de colaboraci\u00f3n entre la Facultad de Arquitectura y Urbanismo U. de Chile y Greenpeace, <\/p>\n","protected":false},"author":24,"featured_media":8493,"comment_status":"closed","ping_status":"open","sticky":false,"template":"","format":"standard","meta":{"ep_exclude_from_search":false,"p4_og_title":"","p4_og_description":"","p4_og_image":"","p4_og_image_id":"","p4_seo_canonical_url":"","p4_campaign_name":"not set","p4_local_project":"not set","p4_basket_name":"not set","p4_department":"","footnotes":""},"categories":[3,33],"tags":[],"p4-page-type":[16],"class_list":["post-8477","post","type-post","status-publish","format-standard","has-post-thumbnail","hentry","category-climayenergia","category-greenpeace","p4-page-type-noticia"],"_links":{"self":[{"href":"https:\/\/www.greenpeace.org\/chile\/wp-json\/wp\/v2\/posts\/8477","targetHints":{"allow":["GET"]}}],"collection":[{"href":"https:\/\/www.greenpeace.org\/chile\/wp-json\/wp\/v2\/posts"}],"about":[{"href":"https:\/\/www.greenpeace.org\/chile\/wp-json\/wp\/v2\/types\/post"}],"author":[{"embeddable":true,"href":"https:\/\/www.greenpeace.org\/chile\/wp-json\/wp\/v2\/users\/24"}],"replies":[{"embeddable":true,"href":"https:\/\/www.greenpeace.org\/chile\/wp-json\/wp\/v2\/comments?post=8477"}],"version-history":[{"count":5,"href":"https:\/\/www.greenpeace.org\/chile\/wp-json\/wp\/v2\/posts\/8477\/revisions"}],"predecessor-version":[{"id":8500,"href":"https:\/\/www.greenpeace.org\/chile\/wp-json\/wp\/v2\/posts\/8477\/revisions\/8500"}],"wp:featuredmedia":[{"embeddable":true,"href":"https:\/\/www.greenpeace.org\/chile\/wp-json\/wp\/v2\/media\/8493"}],"wp:attachment":[{"href":"https:\/\/www.greenpeace.org\/chile\/wp-json\/wp\/v2\/media?parent=8477"}],"wp:term":[{"taxonomy":"category","embeddable":true,"href":"https:\/\/www.greenpeace.org\/chile\/wp-json\/wp\/v2\/categories?post=8477"},{"taxonomy":"post_tag","embeddable":true,"href":"https:\/\/www.greenpeace.org\/chile\/wp-json\/wp\/v2\/tags?post=8477"},{"taxonomy":"p4-page-type","embeddable":true,"href":"https:\/\/www.greenpeace.org\/chile\/wp-json\/wp\/v2\/p4-page-type?post=8477"}],"curies":[{"name":"wp","href":"https:\/\/api.w.org\/{rel}","templated":true}]}}