{"id":8966,"date":"2023-01-06T16:47:00","date_gmt":"2023-01-06T16:47:00","guid":{"rendered":"https:\/\/www.greenpeace.org\/chile\/?p=8966"},"modified":"2023-12-01T19:34:11","modified_gmt":"2023-12-01T19:34:11","slug":"tu-kit-para-el-tour-de-la-ballena","status":"publish","type":"post","link":"https:\/\/www.greenpeace.org\/chile\/blog\/issues\/oceanos\/tu-kit-para-el-tour-de-la-ballena\/","title":{"rendered":"Tu kit para el Tour de la ballena"},"content":{"rendered":"\n<p><em>Por Luz Le Dantec, Coordinadora de Loyalty<\/em><\/p>\n\n<h4 class=\"wp-block-heading\">#YoSoySocioActivista<\/h4>\n\n<figure class=\"wp-block-image size-full\"><img loading=\"lazy\" decoding=\"async\" width=\"700\" height=\"350\" src=\"https:\/\/www.greenpeace.org\/static\/planet4-chile-stateless\/2023\/04\/faa83895-banner_santiago.png\" alt=\"\" class=\"wp-image-9404\" srcset=\"https:\/\/www.greenpeace.org\/static\/planet4-chile-stateless\/2023\/04\/faa83895-banner_santiago.png 700w, https:\/\/www.greenpeace.org\/static\/planet4-chile-stateless\/2023\/04\/faa83895-banner_santiago-300x150.png 300w, https:\/\/www.greenpeace.org\/static\/planet4-chile-stateless\/2023\/04\/faa83895-banner_santiago-510x255.png 510w\" sizes=\"auto, (max-width: 700px) 100vw, 700px\" \/><\/figure>\n\n<p>Llega una cita imperdible para defender los mares patag\u00f3nicos.<\/p>\n\n<p>El pr\u00f3ximo s\u00e1bado 22 de abril estaremos en Santiago para que conozcas a una ballena jorobada muy especial.<\/p>\n\n<p>Nuestro equipo de voluntariado la confeccion\u00f3 con textiles en tama\u00f1o real para concientizar sobre el cuidado de su hogar.<\/p>\n\n<p><strong>Ven a la cuarta parada de su viaje y ay\u00fadala a defenderse de la industria salmonera.<\/strong><\/p>\n\n<p><strong>Agenda tu pr\u00f3xima misi\u00f3n como socio activista:<\/strong><\/p>\n\n<p><strong>S\u00e1bado 22 de abril de 11 a 13 h.<\/strong><\/p>\n\n<p><strong>Cerro Primo de Rivera, Maip\u00fa<\/strong>, <strong>Santiago.<\/strong> <strong><a href=\"https:\/\/www.google.com\/maps\/place\/Cerro+Primo+de+Rivera\/@-33.4946651,-70.7577564,17z\/data=!3m1!4b1!4m6!3m5!1s0x9662c3257950e56f:0x70adcf466a9b0bd3!8m2!3d-33.4946651!4d-70.7555677!16s%2Fg%2F119pg103f\" target=\"_blank\" rel=\"noreferrer noopener\">Consulta el mapa<\/a>.<\/strong><\/p>\n\n<p><\/p>\n\n<p>Te esperamos para una actividad s\u00faper original en la que armaremos a la ballena jorobada con su ballenato en textiles. Despu\u00e9s de participar junto a socios y el equipo de voluntariado podr\u00e1s ver el trabajo terminado \u00a1con las ballenas en tama\u00f1o real! Qu\u00e9date hasta el final porque tomaremos una foto grupal con todos los asistentes.<\/p>\n\n<p>Adem\u00e1s, podr\u00e1s ser parte de un taller de manualidades aportando tu creatividad en la ballena. Es una obra colectiva en la que ya participaron socios y socias de Punta Arenas,  Vi\u00f1a del Mar y Concepci\u00f3n.<\/p>\n\n<p>Ser\u00e1 un encuentro en el que t\u00fa tambi\u00e9n te llevar\u00e1s mucha informaci\u00f3n de un tema que, sabemos, te moviliza: el impacto de la industria salmonera en el sur de Chile y c\u00f3mo afecta a las ballenas y a todo el ecosistema marino.<\/p>\n\n<h3 class=\"wp-block-heading\"><strong>\u00bfQu\u00e9 preparamos especialmente para ti?&nbsp;<\/strong><\/h3>\n\n<p>T\u00fa eres parte de nosotros y, como socio activista, tienes el poder de llevar esta conversaci\u00f3n a cientos de personas m\u00e1s. <\/p>\n\n<p>Por eso,<strong> <\/strong>durante la jornada aprender\u00e1s m\u00e1s sobre la ballena jorobada y los riesgos que enfrenta. <strong>As\u00ed podr\u00e1s ayudarnos a difundir la campa\u00f1a <a rel=\"noreferrer noopener\" href=\"https:\/\/www.nomassalmoneras.cl\/\" target=\"_blank\">No m\u00e1s Salmoneras.<\/a><\/strong><\/p>\n\n<figure class=\"wp-block-image size-full\"><a href=\"https:\/\/www.nomassalmoneras.cl\/\" target=\"_blank\" rel=\"noreferrer noopener\"><img loading=\"lazy\" decoding=\"async\" width=\"704\" height=\"429\" src=\"https:\/\/www.greenpeace.org\/static\/planet4-chile-stateless\/2023\/03\/f43f357f-salmoneras.jpg\" alt=\"\" class=\"wp-image-8973\" srcset=\"https:\/\/www.greenpeace.org\/static\/planet4-chile-stateless\/2023\/03\/f43f357f-salmoneras.jpg 704w, https:\/\/www.greenpeace.org\/static\/planet4-chile-stateless\/2023\/03\/f43f357f-salmoneras-300x183.jpg 300w, https:\/\/www.greenpeace.org\/static\/planet4-chile-stateless\/2023\/03\/f43f357f-salmoneras-510x311.jpg 510w\" sizes=\"auto, (max-width: 704px) 100vw, 704px\" \/><\/a><\/figure>\n\n<h2 class=\"wp-block-heading\"><\/h2>\n\n<h3 class=\"wp-block-heading\"><strong>Convi\u00e9rtete en influencer sustentable por un d\u00eda<\/strong><\/h3>\n\n<p>Aprovecha las redes sociales para darle espacio a este tema que tanto te importa.&nbsp;No subestimes ni por un minuto el alcance que tienen las historias que postees en Instagram, o lo que comentes en Twitter o incluso WhatsApp. <\/p>\n\n<p><strong>Te animamos a que muestres tu participaci\u00f3n en esta jornada usando el hashtag #YoSoySocioActivista<\/strong>.<\/p>\n\n<h2 class=\"wp-block-heading\"><\/h2>\n\n<h3 class=\"wp-block-heading\"><strong>Ser\u00e1 una gran oportunidad para conocer y charlar con nuestros voluntarios<\/strong><\/h3>\n\n<p>Compru\u00e9balo por ti mismo y aprovecha la oportunidad de estar con nuestras voluntarias y voluntarios, que son el coraz\u00f3n de nuestra organizaci\u00f3n. Ver\u00e1s que activar con el grupo te resultar\u00e1 s\u00faper valioso porque son personas que comprenden que los da\u00f1os ambientales son globales y saben c\u00f3mo transmitirlo.&nbsp;<\/p>\n\n<figure class=\"wp-block-image size-large\"><img loading=\"lazy\" decoding=\"async\" width=\"1024\" height=\"768\" src=\"https:\/\/www.greenpeace.org\/static\/planet4-chile-stateless\/2023\/01\/9a61b61e-17493074_1826164787634912_7773835471314543588_o-1024x768.jpg\" alt=\"\" class=\"wp-image-8757\" srcset=\"https:\/\/www.greenpeace.org\/static\/planet4-chile-stateless\/2023\/01\/9a61b61e-17493074_1826164787634912_7773835471314543588_o-1024x768.jpg 1024w, https:\/\/www.greenpeace.org\/static\/planet4-chile-stateless\/2023\/01\/9a61b61e-17493074_1826164787634912_7773835471314543588_o-300x225.jpg 300w, https:\/\/www.greenpeace.org\/static\/planet4-chile-stateless\/2023\/01\/9a61b61e-17493074_1826164787634912_7773835471314543588_o-768x576.jpg 768w, https:\/\/www.greenpeace.org\/static\/planet4-chile-stateless\/2023\/01\/9a61b61e-17493074_1826164787634912_7773835471314543588_o-453x340.jpg 453w, https:\/\/www.greenpeace.org\/static\/planet4-chile-stateless\/2023\/01\/9a61b61e-17493074_1826164787634912_7773835471314543588_o.jpg 1280w\" sizes=\"auto, (max-width: 1024px) 100vw, 1024px\" \/><\/figure>\n\n<p>Nuestros equipos de voluntariado participan en demostraciones directas no violentas, pintan carteles, dan charlas sobre tem\u00e1ticas ambientales, organizan eventos y mucho m\u00e1s.<\/p>\n\n<figure class=\"wp-block-image size-full\"><img loading=\"lazy\" decoding=\"async\" width=\"960\" height=\"611\" src=\"https:\/\/www.greenpeace.org\/static\/planet4-chile-stateless\/2023\/01\/ae28d56e-45198377_2484189348288180_4799771453887086592_n.jpg\" alt=\"\" class=\"wp-image-8758\" srcset=\"https:\/\/www.greenpeace.org\/static\/planet4-chile-stateless\/2023\/01\/ae28d56e-45198377_2484189348288180_4799771453887086592_n.jpg 960w, https:\/\/www.greenpeace.org\/static\/planet4-chile-stateless\/2023\/01\/ae28d56e-45198377_2484189348288180_4799771453887086592_n-300x191.jpg 300w, https:\/\/www.greenpeace.org\/static\/planet4-chile-stateless\/2023\/01\/ae28d56e-45198377_2484189348288180_4799771453887086592_n-768x489.jpg 768w, https:\/\/www.greenpeace.org\/static\/planet4-chile-stateless\/2023\/01\/ae28d56e-45198377_2484189348288180_4799771453887086592_n-510x325.jpg 510w\" sizes=\"auto, (max-width: 960px) 100vw, 960px\" \/><\/figure>\n\n<p>Actualmente, los equipos de apoyo local se encuentran en Concepci\u00f3n, Santiago, Valpara\u00edso, Temuco y Punta Arenas.<\/p>\n\n<p>Hoy que la crisis clim\u00e1tica es una realidad pasar a la acci\u00f3n junto a los voluntarios y participar de eventos como \u00e9ste no solo se hace cada vez m\u00e1s importante, sino que resulta esperanzador y sanador.&nbsp;<\/p>\n\n<figure class=\"wp-block-image size-full\"><img loading=\"lazy\" decoding=\"async\" width=\"700\" height=\"350\" src=\"https:\/\/www.greenpeace.org\/static\/planet4-chile-stateless\/2023\/01\/eacf0c9d-voluntarios.jpg\" alt=\"\" class=\"wp-image-8760\" srcset=\"https:\/\/www.greenpeace.org\/static\/planet4-chile-stateless\/2023\/01\/eacf0c9d-voluntarios.jpg 700w, https:\/\/www.greenpeace.org\/static\/planet4-chile-stateless\/2023\/01\/eacf0c9d-voluntarios-300x150.jpg 300w, https:\/\/www.greenpeace.org\/static\/planet4-chile-stateless\/2023\/01\/eacf0c9d-voluntarios-510x255.jpg 510w\" sizes=\"auto, (max-width: 700px) 100vw, 700px\" \/><\/figure>\n\n<p>Ven a sentirte en comunidad y compartir la pasi\u00f3n por cuidar al ambiente. Te ir\u00e1s de la jornada con la mejor energ\u00eda para seguir en esta lucha por proteger a nuestro planeta.&nbsp;<\/p>\n\n<h2 class=\"wp-block-heading\"><\/h2>\n\n<h3 class=\"wp-block-heading\"><strong>Punta Arenas: primera parada del tour<\/strong><\/h3>\n\n<figure class=\"wp-block-image size-full\"><img loading=\"lazy\" decoding=\"async\" width=\"700\" height=\"350\" src=\"https:\/\/www.greenpeace.org\/static\/planet4-chile-stateless\/2023\/03\/3e597b68-ballenamail.png\" alt=\"\" class=\"wp-image-8983\" srcset=\"https:\/\/www.greenpeace.org\/static\/planet4-chile-stateless\/2023\/03\/3e597b68-ballenamail.png 700w, https:\/\/www.greenpeace.org\/static\/planet4-chile-stateless\/2023\/03\/3e597b68-ballenamail-300x150.png 300w, https:\/\/www.greenpeace.org\/static\/planet4-chile-stateless\/2023\/03\/3e597b68-ballenamail-510x255.png 510w\" sizes=\"auto, (max-width: 700px) 100vw, 700px\" \/><\/figure>\n\n<p>El pasado 11 de marzo comenzamos el Tour de la ballena en Punta Arenas, Regi\u00f3n de Magallanes.<\/p>\n\n<p>All\u00ed organizamos actividades para brindar un gran plan en familia. En el Parque Behety realizamos un taller y una foto grupal. Por otra parte, en el M\u00f3dulo Central de Zona Franca difundimos nuestra campa\u00f1a Patagonia sin salmoneras, y contamos con un espacio para cuentacuentos y pinta caritas.<\/p>\n\n<figure class=\"wp-block-embed is-type-wp-embed is-provider-greenpeace-chile wp-block-embed-greenpeace-chile\"><div class=\"wp-block-embed__wrapper\">\n<blockquote class=\"wp-embedded-content\" data-secret=\"XB89SCTE1B\"><a href=\"https:\/\/www.greenpeace.org\/chile\/blog\/issues\/oceanos\/gran-comienzo-del-tourdelaballena-juntos-en-punta-arenas-para-proteger-nuestro-mar-patagonico\/\">Gran comienzo del #TourDeLaBallena: juntos en Punta Arenas para proteger nuestro mar patag\u00f3nico<\/a><\/blockquote><iframe loading=\"lazy\" class=\"wp-embedded-content\" sandbox=\"allow-scripts\" security=\"restricted\" style=\"position: absolute; clip: rect(1px, 1px, 1px, 1px);\" title=\"&#8220;Gran comienzo del #TourDeLaBallena: juntos en Punta Arenas para proteger nuestro mar patag\u00f3nico&#8221; &#8212; Greenpeace Chile\" src=\"https:\/\/www.greenpeace.org\/chile\/blog\/issues\/oceanos\/gran-comienzo-del-tourdelaballena-juntos-en-punta-arenas-para-proteger-nuestro-mar-patagonico\/embed\/#?secret=T9Dd6o4tha#?secret=XB89SCTE1B\" data-secret=\"XB89SCTE1B\" width=\"500\" height=\"282\" frameborder=\"0\" marginwidth=\"0\" marginheight=\"0\" scrolling=\"no\"><\/iframe>\n<\/div><\/figure>\n\n<h2 class=\"wp-block-heading\"><\/h2>\n\n<h3 class=\"wp-block-heading\"><strong>Vi\u00f1a del Mar: segunda parada del tour <\/strong><\/h3>\n\n<figure class=\"wp-block-image size-full\"><img loading=\"lazy\" decoding=\"async\" width=\"700\" height=\"350\" src=\"https:\/\/www.greenpeace.org\/static\/planet4-chile-stateless\/2023\/03\/bb153622-ballenaplayaelsol.png\" alt=\"\" class=\"wp-image-9089\" srcset=\"https:\/\/www.greenpeace.org\/static\/planet4-chile-stateless\/2023\/03\/bb153622-ballenaplayaelsol.png 700w, https:\/\/www.greenpeace.org\/static\/planet4-chile-stateless\/2023\/03\/bb153622-ballenaplayaelsol-300x150.png 300w, https:\/\/www.greenpeace.org\/static\/planet4-chile-stateless\/2023\/03\/bb153622-ballenaplayaelsol-510x255.png 510w\" sizes=\"auto, (max-width: 700px) 100vw, 700px\" \/><\/figure>\n\n<p>El s\u00e1bado 25 de marzo el Tour de la ballena lleg\u00f3 a Playa El Sol, en Vi\u00f1a del Mar.<br><br>All\u00ed tuvimos el placer&nbsp;de&nbsp;reunirnos con socias y socios para compartir la pasi\u00f3n por el cuidado&nbsp;del&nbsp;medio ambiente.&nbsp;Poder vernos cara a cara nos une a\u00fan m\u00e1s y nos permite sentirnos cerca y comprometidos por la misma causa.<\/p>\n\n<p>La propuesta en cada parada por diferentes puntos del pa\u00eds es armar una ballena y su ballenato con textiles en tama\u00f1o real.<strong>&nbsp;<\/strong>Adem\u00e1s, todos los participantes aportan su creatividad, lo que la convierte en una obra de arte colectiva.<\/p>\n\n<p>Durante el encuentro tambi\u00e9n difundimos los riesgos que implica la industria salmonera para las ballenas jorobadas y diferentes especies en los mares patag\u00f3nicos.<\/p>\n\n<figure class=\"wp-block-embed is-type-wp-embed is-provider-greenpeace-chile wp-block-embed-greenpeace-chile\"><div class=\"wp-block-embed__wrapper\">\n<blockquote class=\"wp-embedded-content\" data-secret=\"d8nDQQofgw\"><a href=\"https:\/\/www.greenpeace.org\/chile\/blog\/issues\/oceanos\/asi-vivimos-el-tourdelaballena-en-vina-del-mar\/\">As\u00ed vivimos el #TourDeLaBallena en Vi\u00f1a del Mar<\/a><\/blockquote><iframe loading=\"lazy\" class=\"wp-embedded-content\" sandbox=\"allow-scripts\" security=\"restricted\" style=\"position: absolute; clip: rect(1px, 1px, 1px, 1px);\" title=\"&#8220;As\u00ed vivimos el #TourDeLaBallena en Vi\u00f1a del Mar&#8221; &#8212; Greenpeace Chile\" src=\"https:\/\/www.greenpeace.org\/chile\/blog\/issues\/oceanos\/asi-vivimos-el-tourdelaballena-en-vina-del-mar\/embed\/#?secret=86aCilwBfk#?secret=d8nDQQofgw\" data-secret=\"d8nDQQofgw\" width=\"500\" height=\"282\" frameborder=\"0\" marginwidth=\"0\" marginheight=\"0\" scrolling=\"no\"><\/iframe>\n<\/div><\/figure>\n\n<h2 class=\"wp-block-heading\"><\/h2>\n\n<h3 class=\"wp-block-heading\"><strong>Concepci\u00f3n: tercera parada del tour<\/strong><\/h3>\n\n<figure class=\"wp-block-image size-full\"><img loading=\"lazy\" decoding=\"async\" width=\"701\" height=\"350\" src=\"https:\/\/www.greenpeace.org\/static\/planet4-chile-stateless\/2023\/04\/d834788c-banner_concepcion.png\" alt=\"\" class=\"wp-image-9323\" srcset=\"https:\/\/www.greenpeace.org\/static\/planet4-chile-stateless\/2023\/04\/d834788c-banner_concepcion.png 701w, https:\/\/www.greenpeace.org\/static\/planet4-chile-stateless\/2023\/04\/d834788c-banner_concepcion-300x150.png 300w, https:\/\/www.greenpeace.org\/static\/planet4-chile-stateless\/2023\/04\/d834788c-banner_concepcion-510x255.png 510w\" sizes=\"auto, (max-width: 701px) 100vw, 701px\" \/><\/figure>\n\n<p>El s\u00e1bado 15 de abril pasado el Tour de la ballena tuvo su tercer parada en Concepci\u00f3n, en la Regi\u00f3n del BioB\u00edo.<\/p>\n\n<p>M\u00e1s de 150 personas se acercaron al Parque Ecuador para compartir en familia y conocer m\u00e1s sobre los riesgos que enfrentan las ballenas por el avance de la industria salmonera.<\/p>\n\n<figure class=\"wp-block-embed is-type-wp-embed is-provider-greenpeace-chile wp-block-embed-greenpeace-chile\"><div class=\"wp-block-embed__wrapper\">\n <blockquote class=\"wp-embedded-content\" data-secret=\"G3tOH0B2q7\"><a href=\"https:\/\/www.greenpeace.org\/chile\/blog\/issues\/oceanos\/el-tourdelaballena-paso-por-concepcion-para-exigir-una-patagonia-sin-salmoneras\/\">El #TourDeLaBallena pas\u00f3 por Concepci\u00f3n para exigir una Patagonia sin Salmoneras<\/a><\/blockquote><iframe loading=\"lazy\" class=\"wp-embedded-content\" sandbox=\"allow-scripts\" security=\"restricted\" style=\"position: absolute; clip: rect(1px, 1px, 1px, 1px);\" title=\"&#8220;El #TourDeLaBallena pas\u00f3 por Concepci\u00f3n para exigir una Patagonia sin Salmoneras&#8221; &#8212; Greenpeace Chile\" src=\"https:\/\/www.greenpeace.org\/chile\/blog\/issues\/oceanos\/el-tourdelaballena-paso-por-concepcion-para-exigir-una-patagonia-sin-salmoneras\/embed\/#?secret=kjV0dVxD8J#?secret=G3tOH0B2q7\" data-secret=\"G3tOH0B2q7\" width=\"500\" height=\"282\" frameborder=\"0\" marginwidth=\"0\" marginheight=\"0\" scrolling=\"no\"><\/iframe>\n<\/div><\/figure>\n\n<h2 class=\"wp-block-heading\"><\/h2>\n\n<p><\/p>\n\n<h3 class=\"wp-block-heading\"><strong>Sigamos diciendo<\/strong> <strong>#PatagoniaSinSalmoneras<\/strong><\/h3>\n\n<p>En nuestro pa\u00eds, uno de los mayores peligros para el mar patag\u00f3nico es el avance de la industria salmonera.&nbsp;<\/p>\n\n<p>Esta actividad introduce el salm\u00f3n, una especie ex\u00f3tica invasora, para cultivarlo de manera intensiva y en altas densidades. Crecen hacinados en balsas jaula, generalmente instaladas en el mar, en canales y fiordos cerrados.<\/p>\n\n<figure class=\"wp-block-image size-large\"><img loading=\"lazy\" decoding=\"async\" width=\"1024\" height=\"768\" src=\"https:\/\/www.greenpeace.org\/static\/planet4-chile-stateless\/2023\/01\/ce036975-dji_0022-1024x768.jpg\" alt=\"\" class=\"wp-image-8762\" srcset=\"https:\/\/www.greenpeace.org\/static\/planet4-chile-stateless\/2023\/01\/ce036975-dji_0022-1024x768.jpg 1024w, https:\/\/www.greenpeace.org\/static\/planet4-chile-stateless\/2023\/01\/ce036975-dji_0022-300x225.jpg 300w, https:\/\/www.greenpeace.org\/static\/planet4-chile-stateless\/2023\/01\/ce036975-dji_0022-768x576.jpg 768w, https:\/\/www.greenpeace.org\/static\/planet4-chile-stateless\/2023\/01\/ce036975-dji_0022-1536x1152.jpg 1536w, https:\/\/www.greenpeace.org\/static\/planet4-chile-stateless\/2023\/01\/ce036975-dji_0022-2048x1536.jpg 2048w, https:\/\/www.greenpeace.org\/static\/planet4-chile-stateless\/2023\/01\/ce036975-dji_0022-1821x1366.jpg 1821w, https:\/\/www.greenpeace.org\/static\/planet4-chile-stateless\/2023\/01\/ce036975-dji_0022-453x340.jpg 453w\" sizes=\"auto, (max-width: 1024px) 100vw, 1024px\" \/><figcaption class=\"wp-element-caption\">\u00a9\u00c1lvaro Vidal<\/figcaption><\/figure>\n\n<figure class=\"wp-block-image size-large\"><img loading=\"lazy\" decoding=\"async\" width=\"1024\" height=\"768\" src=\"https:\/\/www.greenpeace.org\/static\/planet4-chile-stateless\/2023\/01\/157e90dc-dji_0063-1024x768.jpg\" alt=\"\" class=\"wp-image-8766\" srcset=\"https:\/\/www.greenpeace.org\/static\/planet4-chile-stateless\/2023\/01\/157e90dc-dji_0063-1024x768.jpg 1024w, https:\/\/www.greenpeace.org\/static\/planet4-chile-stateless\/2023\/01\/157e90dc-dji_0063-300x225.jpg 300w, https:\/\/www.greenpeace.org\/static\/planet4-chile-stateless\/2023\/01\/157e90dc-dji_0063-768x576.jpg 768w, https:\/\/www.greenpeace.org\/static\/planet4-chile-stateless\/2023\/01\/157e90dc-dji_0063-1536x1152.jpg 1536w, https:\/\/www.greenpeace.org\/static\/planet4-chile-stateless\/2023\/01\/157e90dc-dji_0063-2048x1536.jpg 2048w, https:\/\/www.greenpeace.org\/static\/planet4-chile-stateless\/2023\/01\/157e90dc-dji_0063-1821x1366.jpg 1821w, https:\/\/www.greenpeace.org\/static\/planet4-chile-stateless\/2023\/01\/157e90dc-dji_0063-453x340.jpg 453w\" sizes=\"auto, (max-width: 1024px) 100vw, 1024px\" \/><figcaption class=\"wp-element-caption\">Las impactantes im\u00e1genes desde el centro de cultivo de la empresa Camanchaca en el sector de Porcelana, en el Fiordo Comau, en donde se pueden presenciar los niveles de putrefacci\u00f3n que tienen los salmones muertos, y como en el proceso de aspirado de estos para su retiro, se vierten al mar, fuera de las jaulas, donde adem\u00e1s se pueden ver&nbsp; aguas contaminadas con restos biol\u00f3gicos. \u00a9\u00c1lvaro Vidal<\/figcaption><\/figure>\n\n<figure class=\"wp-block-image size-large\"><img loading=\"lazy\" decoding=\"async\" width=\"1024\" height=\"683\" src=\"https:\/\/www.greenpeace.org\/static\/planet4-chile-stateless\/2023\/01\/644db78d-alvl2630-1024x683.jpg\" alt=\"\" class=\"wp-image-8763\" srcset=\"https:\/\/www.greenpeace.org\/static\/planet4-chile-stateless\/2023\/01\/644db78d-alvl2630-1024x683.jpg 1024w, https:\/\/www.greenpeace.org\/static\/planet4-chile-stateless\/2023\/01\/644db78d-alvl2630-300x200.jpg 300w, https:\/\/www.greenpeace.org\/static\/planet4-chile-stateless\/2023\/01\/644db78d-alvl2630-768x512.jpg 768w, https:\/\/www.greenpeace.org\/static\/planet4-chile-stateless\/2023\/01\/644db78d-alvl2630-1536x1024.jpg 1536w, https:\/\/www.greenpeace.org\/static\/planet4-chile-stateless\/2023\/01\/644db78d-alvl2630-2048x1366.jpg 2048w, https:\/\/www.greenpeace.org\/static\/planet4-chile-stateless\/2023\/01\/644db78d-alvl2630-510x340.jpg 510w\" sizes=\"auto, (max-width: 1024px) 100vw, 1024px\" \/><figcaption class=\"wp-element-caption\">\u00a9\u00c1lvaro Vidal<\/figcaption><\/figure>\n\n<p>Las consecuencias negativas de esta forma de producci\u00f3n se suceden sin tregua:<strong> todo esto ha puesto en peligro desde hace a\u00f1os a los ecosistemas marinos de las regiones de Los Lagos, Ays\u00e9n y Magallanes.<\/strong><\/p>\n\n<figure class=\"wp-block-image size-large\"><img loading=\"lazy\" decoding=\"async\" width=\"1024\" height=\"683\" src=\"https:\/\/www.greenpeace.org\/static\/planet4-chile-stateless\/2023\/01\/7eae64a6-alvl2779-1024x683.jpg\" alt=\"\" class=\"wp-image-8777\" srcset=\"https:\/\/www.greenpeace.org\/static\/planet4-chile-stateless\/2023\/01\/7eae64a6-alvl2779-1024x683.jpg 1024w, https:\/\/www.greenpeace.org\/static\/planet4-chile-stateless\/2023\/01\/7eae64a6-alvl2779-300x200.jpg 300w, https:\/\/www.greenpeace.org\/static\/planet4-chile-stateless\/2023\/01\/7eae64a6-alvl2779-768x512.jpg 768w, https:\/\/www.greenpeace.org\/static\/planet4-chile-stateless\/2023\/01\/7eae64a6-alvl2779-1536x1024.jpg 1536w, https:\/\/www.greenpeace.org\/static\/planet4-chile-stateless\/2023\/01\/7eae64a6-alvl2779-2048x1366.jpg 2048w, https:\/\/www.greenpeace.org\/static\/planet4-chile-stateless\/2023\/01\/7eae64a6-alvl2779-510x340.jpg 510w\" sizes=\"auto, (max-width: 1024px) 100vw, 1024px\" \/><figcaption class=\"wp-element-caption\">\u00a9\u00c1lvaro Vidal<\/figcaption><\/figure>\n\n<p>En la actualidad, la industria contin\u00faa expandi\u00e9ndose sin l\u00edmites en la regi\u00f3n de Magallanes, amenazando incluso a las \u00e1reas protegidas. Es el caso de la recientemente creada Reserva Nacional Kaw\u00e9sqar en la cual ya hay 68 centros salmoneros aprobados y otros 57 en tr\u00e1mite. Por eso, exigimos se frene la entrega de permisos de manera urgente.<\/p>\n\n<figure class=\"wp-block-image size-large\"><img loading=\"lazy\" decoding=\"async\" width=\"1024\" height=\"1024\" src=\"https:\/\/www.greenpeace.org\/static\/planet4-chile-stateless\/2023\/01\/70825636-infografiadetalle_fanysalmoneras-1-1024x1024.jpeg\" alt=\"\" class=\"wp-image-8779\" srcset=\"https:\/\/www.greenpeace.org\/static\/planet4-chile-stateless\/2023\/01\/70825636-infografiadetalle_fanysalmoneras-1-1024x1024.jpeg 1024w, https:\/\/www.greenpeace.org\/static\/planet4-chile-stateless\/2023\/01\/70825636-infografiadetalle_fanysalmoneras-1-300x300.jpeg 300w, https:\/\/www.greenpeace.org\/static\/planet4-chile-stateless\/2023\/01\/70825636-infografiadetalle_fanysalmoneras-1-150x150.jpeg 150w, https:\/\/www.greenpeace.org\/static\/planet4-chile-stateless\/2023\/01\/70825636-infografiadetalle_fanysalmoneras-1-768x768.jpeg 768w, https:\/\/www.greenpeace.org\/static\/planet4-chile-stateless\/2023\/01\/70825636-infografiadetalle_fanysalmoneras-1-340x340.jpeg 340w, https:\/\/www.greenpeace.org\/static\/planet4-chile-stateless\/2023\/01\/70825636-infografiadetalle_fanysalmoneras-1.jpeg 1280w\" sizes=\"auto, (max-width: 1024px) 100vw, 1024px\" \/><\/figure>\n\n<p>Kaw\u00e9sqar es el \u00fanico Parque Nacional del pa\u00eds que no incluye el mar, una decisi\u00f3n tomada desde la codicia de una industria contaminante que ya ha destruido numerosos ecosistemas en la Patagonia.&nbsp;<\/p>\n\n<p>Debemos insistir en que no existe la salmonicultura sustentable. A\u00fan tenemos tiempo de frenar estos intentos y de ayudar a los mares, fiordos y canales a recuperarse.<\/p>\n\n<figure class=\"wp-block-image size-large\"><img loading=\"lazy\" decoding=\"async\" width=\"1024\" height=\"1024\" src=\"https:\/\/www.greenpeace.org\/static\/planet4-chile-stateless\/2023\/01\/8da02171-infografia_faltaoxigenoysalmoneras-1-1024x1024.jpeg\" alt=\"\" class=\"wp-image-8783\" srcset=\"https:\/\/www.greenpeace.org\/static\/planet4-chile-stateless\/2023\/01\/8da02171-infografia_faltaoxigenoysalmoneras-1-1024x1024.jpeg 1024w, https:\/\/www.greenpeace.org\/static\/planet4-chile-stateless\/2023\/01\/8da02171-infografia_faltaoxigenoysalmoneras-1-300x300.jpeg 300w, https:\/\/www.greenpeace.org\/static\/planet4-chile-stateless\/2023\/01\/8da02171-infografia_faltaoxigenoysalmoneras-1-150x150.jpeg 150w, https:\/\/www.greenpeace.org\/static\/planet4-chile-stateless\/2023\/01\/8da02171-infografia_faltaoxigenoysalmoneras-1-768x768.jpeg 768w, https:\/\/www.greenpeace.org\/static\/planet4-chile-stateless\/2023\/01\/8da02171-infografia_faltaoxigenoysalmoneras-1-340x340.jpeg 340w, https:\/\/www.greenpeace.org\/static\/planet4-chile-stateless\/2023\/01\/8da02171-infografia_faltaoxigenoysalmoneras-1.jpeg 1200w\" sizes=\"auto, (max-width: 1024px) 100vw, 1024px\" \/><\/figure>\n\n<h3 class=\"wp-block-heading\"><strong>\u00bfC\u00f3mo afectan las salmoneras a las ballenas y a toda la biodiversidad marina?<\/strong><\/h3>\n\n<figure class=\"wp-block-image size-large\"><img loading=\"lazy\" decoding=\"async\" width=\"1024\" height=\"576\" src=\"https:\/\/www.greenpeace.org\/static\/planet4-chile-stateless\/2023\/01\/64a9566b-5-1024x576.jpg\" alt=\"\" class=\"wp-image-8772\" srcset=\"https:\/\/www.greenpeace.org\/static\/planet4-chile-stateless\/2023\/01\/64a9566b-5-1024x576.jpg 1024w, https:\/\/www.greenpeace.org\/static\/planet4-chile-stateless\/2023\/01\/64a9566b-5-300x169.jpg 300w, https:\/\/www.greenpeace.org\/static\/planet4-chile-stateless\/2023\/01\/64a9566b-5-768x432.jpg 768w, https:\/\/www.greenpeace.org\/static\/planet4-chile-stateless\/2023\/01\/64a9566b-5-1536x864.jpg 1536w, https:\/\/www.greenpeace.org\/static\/planet4-chile-stateless\/2023\/01\/64a9566b-5-2048x1152.jpg 2048w, https:\/\/www.greenpeace.org\/static\/planet4-chile-stateless\/2023\/01\/64a9566b-5-510x287.jpg 510w\" sizes=\"auto, (max-width: 1024px) 100vw, 1024px\" \/><\/figure>\n\n<p>La Patagonia chilena es hogar de peces, aves y maravillosos mam\u00edferos marinos como ballenas y delfines que solo habitan en estos fiordos y canales.&nbsp;<\/p>\n\n<figure class=\"wp-block-image size-large\"><img loading=\"lazy\" decoding=\"async\" width=\"1024\" height=\"576\" src=\"https:\/\/www.greenpeace.org\/static\/planet4-chile-stateless\/2023\/01\/f7c2a2e0-7-1024x576.jpg\" alt=\"\" class=\"wp-image-8769\" srcset=\"https:\/\/www.greenpeace.org\/static\/planet4-chile-stateless\/2023\/01\/f7c2a2e0-7-1024x576.jpg 1024w, https:\/\/www.greenpeace.org\/static\/planet4-chile-stateless\/2023\/01\/f7c2a2e0-7-300x169.jpg 300w, https:\/\/www.greenpeace.org\/static\/planet4-chile-stateless\/2023\/01\/f7c2a2e0-7-768x432.jpg 768w, https:\/\/www.greenpeace.org\/static\/planet4-chile-stateless\/2023\/01\/f7c2a2e0-7-1536x864.jpg 1536w, https:\/\/www.greenpeace.org\/static\/planet4-chile-stateless\/2023\/01\/f7c2a2e0-7-2048x1152.jpg 2048w, https:\/\/www.greenpeace.org\/static\/planet4-chile-stateless\/2023\/01\/f7c2a2e0-7-510x287.jpg 510w\" sizes=\"auto, (max-width: 1024px) 100vw, 1024px\" \/><figcaption class=\"wp-element-caption\">@Greenpeace<br><\/figcaption><\/figure>\n\n<figure class=\"wp-block-image size-large\"><img loading=\"lazy\" decoding=\"async\" width=\"1024\" height=\"576\" src=\"https:\/\/www.greenpeace.org\/static\/planet4-chile-stateless\/2023\/01\/c2570ad7-17-1024x576.jpg\" alt=\"\" class=\"wp-image-8771\" srcset=\"https:\/\/www.greenpeace.org\/static\/planet4-chile-stateless\/2023\/01\/c2570ad7-17-1024x576.jpg 1024w, https:\/\/www.greenpeace.org\/static\/planet4-chile-stateless\/2023\/01\/c2570ad7-17-300x169.jpg 300w, https:\/\/www.greenpeace.org\/static\/planet4-chile-stateless\/2023\/01\/c2570ad7-17-768x432.jpg 768w, https:\/\/www.greenpeace.org\/static\/planet4-chile-stateless\/2023\/01\/c2570ad7-17-1536x864.jpg 1536w, https:\/\/www.greenpeace.org\/static\/planet4-chile-stateless\/2023\/01\/c2570ad7-17-2048x1152.jpg 2048w, https:\/\/www.greenpeace.org\/static\/planet4-chile-stateless\/2023\/01\/c2570ad7-17-510x287.jpg 510w\" sizes=\"auto, (max-width: 1024px) 100vw, 1024px\" \/><\/figure>\n\n<p>En la zona se han registrado un total de 32 especies de cet\u00e1ceos, de un total de 44 presentes en todo el pa\u00eds, y 50% de las aves marinas de Chile. Lamentablemente, todos est\u00e1n en riesgo debido a la da\u00f1ina industria salmonera.<\/p>\n\n<figure class=\"wp-block-embed is-type-video is-provider-youtube wp-block-embed-youtube wp-embed-aspect-16-9 wp-has-aspect-ratio\"><div class=\"wp-block-embed__wrapper\">\n<lite-youtube style=\"background-image: url('https:\/\/i.ytimg.com\/vi\/F9TeL46kync\/hqdefault.jpg');\" videoid=\"F9TeL46kync\" params=\"rel=0\"><\/lite-youtube>\n<\/div><\/figure>\n\n<h2 class=\"wp-block-heading\"><\/h2>\n\n<p><strong>\u00bfSab\u00edas que el cambio clim\u00e1tico y la industria salmonera son de las grandes amenazas que enfrentan las ballenas en la actualidad?&nbsp;<\/strong><\/p>\n\n<p>Mira el webinar que realizamos junto a FIMA y AIDA y conoce el estado actual de conservaci\u00f3n de estos cet\u00e1ceos, los esfuerzos por protegerlos y los principales riesgos que enfrentan.<\/p>\n\n<figure class=\"wp-block-embed is-type-video is-provider-youtube wp-block-embed-youtube wp-embed-aspect-16-9 wp-has-aspect-ratio\"><div class=\"wp-block-embed__wrapper\">\n  <lite-youtube style=\"background-image: url('https:\/\/i.ytimg.com\/vi\/UhoFC5vf9SE\/hqdefault.jpg');\" videoid=\"UhoFC5vf9SE\" params=\"rel=0\"><\/lite-youtube>\n<\/div><\/figure>\n\n<p>Basta con repasar las distintas crisis ambientales que ya hemos pasado para entender que seguir por este camino trae m\u00e1s destrucci\u00f3n que beneficios. Por mencionar apenas algunas consecuencias:&nbsp;<\/p>\n\n<ul class=\"wp-block-list\">\n<li>Muerte de ballenas por colisiones con embarcaciones o atrapamiento en las redes de las balsas jaulas.<\/li>\n\n\n\n<li>Contaminaci\u00f3n de las aguas por constante incorporaci\u00f3n de nutrientes.<\/li>\n\n\n\n<li>Alto uso de antibi\u00f3ticos, pesticidas, qu\u00edmicos y colorantes.<\/li>\n\n\n\n<li>Afectaci\u00f3n a la biodiversidad local y pesca artesanal por escapes de salmones y traspaso de enfermedades.<\/li>\n\n\n\n<li>Devastaci\u00f3n de los fondos marinos.<\/li>\n<\/ul>\n\n<ul class=\"wp-block-list\">\n<li>Afectaci\u00f3n del turismo por intervenci\u00f3n paisaj\u00edstica.<\/li>\n\n\n\n<li>Generaci\u00f3n de condiciones an\u00f3xicas (p\u00e9rdida total o parcial del ox\u00edgeno en el agua) que afecta la capacidad del mar para albergar la vida.<\/li>\n<\/ul>\n\n<ul class=\"wp-block-list\">\n<li>Matanza de lobos marinos, como mecanismo de control de su rol como depredadores de especies de salmones.<\/li>\n\n\n\n<li>Presi\u00f3n sobre poblaciones de peces salvajes que son utilizados para elaborar el alimento balanceado que consumen los peces de criadero. Se necesitan entre 2 y 3 kilos de otros peces para producir 1 kilo de salm\u00f3n.<\/li>\n<\/ul>\n\n<figure class=\"wp-block-image size-large\"><img loading=\"lazy\" decoding=\"async\" width=\"1024\" height=\"683\" src=\"https:\/\/www.greenpeace.org\/static\/planet4-chile-stateless\/2023\/01\/66dfabda-alvl2415-1024x683.jpg\" alt=\"\" class=\"wp-image-8774\" srcset=\"https:\/\/www.greenpeace.org\/static\/planet4-chile-stateless\/2023\/01\/66dfabda-alvl2415-1024x683.jpg 1024w, https:\/\/www.greenpeace.org\/static\/planet4-chile-stateless\/2023\/01\/66dfabda-alvl2415-300x200.jpg 300w, https:\/\/www.greenpeace.org\/static\/planet4-chile-stateless\/2023\/01\/66dfabda-alvl2415-768x512.jpg 768w, https:\/\/www.greenpeace.org\/static\/planet4-chile-stateless\/2023\/01\/66dfabda-alvl2415-1536x1024.jpg 1536w, https:\/\/www.greenpeace.org\/static\/planet4-chile-stateless\/2023\/01\/66dfabda-alvl2415-2048x1366.jpg 2048w, https:\/\/www.greenpeace.org\/static\/planet4-chile-stateless\/2023\/01\/66dfabda-alvl2415-510x340.jpg 510w\" sizes=\"auto, (max-width: 1024px) 100vw, 1024px\" \/><figcaption class=\"wp-element-caption\">\u00a9\u00c1lvaro Vidal<\/figcaption><\/figure>\n\n<p><\/p>\n\n<h3 class=\"wp-block-heading\"><strong>Bonus track de informaci\u00f3n<\/strong><\/h3>\n\n<p>Sabemos que este tema te apasiona as\u00ed que te dejamos el enlace para que veas nuestro Documental Por aqu\u00ed no.&nbsp;<\/p>\n\n<p>Navega junto a Carolina Arregui y Benjam\u00edn Vicu\u00f1a por las pr\u00edstinas aguas de la Patagonia Chilena para conocer toda su riqueza y maravillosa biodiversidad.<\/p>\n\n<figure class=\"wp-block-embed is-type-video is-provider-youtube wp-block-embed-youtube wp-embed-aspect-16-9 wp-has-aspect-ratio\"><div class=\"wp-block-embed__wrapper\">\n<lite-youtube style=\"background-image: url('https:\/\/i.ytimg.com\/vi\/T2oOw_8--5g\/hqdefault.jpg');\" videoid=\"T2oOw_8--5g\" params=\"rel=0\"><\/lite-youtube>\n<\/div><\/figure>\n\n<p class=\"has-text-align-center\"><\/p>\n\n<div class=\"wp-block-buttons is-layout-flex wp-block-buttons-is-layout-flex\"><\/div>\n\n<p><\/p>\n\n<div class=\"wp-block-buttons is-layout-flex wp-block-buttons-is-layout-flex\"><\/div>\n\n<p><\/p>\n\n<p><\/p>\n","protected":false},"excerpt":{"rendered":"<p>Preparamos este kit con la mejor informaci\u00f3n para que te sumes al Tour de la ballena.<\/p>\n","protected":false},"author":22,"featured_media":8983,"comment_status":"closed","ping_status":"open","sticky":false,"template":"","format":"standard","meta":{"ep_exclude_from_search":false,"p4_og_title":"Tu kit para el Tour de la Ballena","p4_og_description":"","p4_og_image":"","p4_og_image_id":"","p4_seo_canonical_url":"","p4_campaign_name":"not set","p4_local_project":"not set","p4_basket_name":"not set","p4_department":"","footnotes":""},"categories":[19,18],"tags":[28,21,20,24],"p4-page-type":[14],"class_list":["post-8966","post","type-post","status-publish","format-standard","has-post-thumbnail","hentry","category-blog","category-oceanos","tag-salmonera","tag-blog","tag-ballenas","tag-socios","p4-page-type-blog"],"_links":{"self":[{"href":"https:\/\/www.greenpeace.org\/chile\/wp-json\/wp\/v2\/posts\/8966","targetHints":{"allow":["GET"]}}],"collection":[{"href":"https:\/\/www.greenpeace.org\/chile\/wp-json\/wp\/v2\/posts"}],"about":[{"href":"https:\/\/www.greenpeace.org\/chile\/wp-json\/wp\/v2\/types\/post"}],"author":[{"embeddable":true,"href":"https:\/\/www.greenpeace.org\/chile\/wp-json\/wp\/v2\/users\/22"}],"replies":[{"embeddable":true,"href":"https:\/\/www.greenpeace.org\/chile\/wp-json\/wp\/v2\/comments?post=8966"}],"version-history":[{"count":20,"href":"https:\/\/www.greenpeace.org\/chile\/wp-json\/wp\/v2\/posts\/8966\/revisions"}],"predecessor-version":[{"id":11127,"href":"https:\/\/www.greenpeace.org\/chile\/wp-json\/wp\/v2\/posts\/8966\/revisions\/11127"}],"wp:featuredmedia":[{"embeddable":true,"href":"https:\/\/www.greenpeace.org\/chile\/wp-json\/wp\/v2\/media\/8983"}],"wp:attachment":[{"href":"https:\/\/www.greenpeace.org\/chile\/wp-json\/wp\/v2\/media?parent=8966"}],"wp:term":[{"taxonomy":"category","embeddable":true,"href":"https:\/\/www.greenpeace.org\/chile\/wp-json\/wp\/v2\/categories?post=8966"},{"taxonomy":"post_tag","embeddable":true,"href":"https:\/\/www.greenpeace.org\/chile\/wp-json\/wp\/v2\/tags?post=8966"},{"taxonomy":"p4-page-type","embeddable":true,"href":"https:\/\/www.greenpeace.org\/chile\/wp-json\/wp\/v2\/p4-page-type?post=8966"}],"curies":[{"name":"wp","href":"https:\/\/api.w.org\/{rel}","templated":true}]}}