{"id":9680,"date":"2023-06-07T19:23:20","date_gmt":"2023-06-07T19:23:20","guid":{"rendered":"https:\/\/www.greenpeace.org\/chile\/?p=9680"},"modified":"2023-11-21T14:00:04","modified_gmt":"2023-11-21T14:00:04","slug":"el-cambio-climatico-impone-nuevos-obstaculos-a-la-vida-de-las-ballenas-alerta-nuevo-estudio","status":"publish","type":"post","link":"https:\/\/www.greenpeace.org\/chile\/blog\/issues\/oceanos\/el-cambio-climatico-impone-nuevos-obstaculos-a-la-vida-de-las-ballenas-alerta-nuevo-estudio\/","title":{"rendered":"El cambio clim\u00e1tico impone nuevos obst\u00e1culos a la vida de las ballenas, alerta nuevo estudio"},"content":{"rendered":"\n<p><strong>El calentamiento de los oc\u00e9anos<\/strong>, provocado por el <a href=\"https:\/\/www.greenpeace.org\/chile\/blog\/issues\/climayenergia\/el-cambio-climatico-es-problema-de-las-personas-no-del-planeta-digamos-las-cosas-por-su-nombre\/\" target=\"_blank\" rel=\"noreferrer noopener\">cambio clim\u00e1tico<\/a>,<strong> altera la supervivencia de la ballena franca austral<\/strong> <strong>e impide la recuperaci\u00f3n de sus poblaciones<\/strong>. As\u00ed lo comprob\u00f3 un<strong> nuevo estudio a cargo de investigadores del Instituto de Conservaci\u00f3n de Ballenas (ICB)<\/strong>, Ocean Alliance y un grupo de colaboradores internacionales.<\/p>\n\n<figure class=\"wp-block-image size-full\"><img loading=\"lazy\" decoding=\"async\" width=\"800\" height=\"515\" src=\"https:\/\/www.greenpeace.org\/static\/planet4-chile-stateless\/2023\/06\/0445a302-ballenas-blog-4.jpg\" alt=\"\" class=\"wp-image-9681\" srcset=\"https:\/\/www.greenpeace.org\/static\/planet4-chile-stateless\/2023\/06\/0445a302-ballenas-blog-4.jpg 800w, https:\/\/www.greenpeace.org\/static\/planet4-chile-stateless\/2023\/06\/0445a302-ballenas-blog-4-300x193.jpg 300w, https:\/\/www.greenpeace.org\/static\/planet4-chile-stateless\/2023\/06\/0445a302-ballenas-blog-4-768x494.jpg 768w, https:\/\/www.greenpeace.org\/static\/planet4-chile-stateless\/2023\/06\/0445a302-ballenas-blog-4-510x328.jpg 510w\" sizes=\"auto, (max-width: 800px) 100vw, 800px\" \/><\/figure>\n\n<p>Se trata de un <strong>trabajo pionero que observ\u00f3 la relaci\u00f3n entre el cambio clim\u00e1tico y la supervivencia de las hembras,<\/strong> que tienen su zona de reproducci\u00f3n en la costa del Atl\u00e1ntico sudoccidental, desde Brasil hasta el sur de Argentina. El estudio se enmarca dentro del doctorado de Macarena Agrelo, bi\u00f3loga e investigadora principal en el \u00e1rea de ecolog\u00eda, poblaciones y din\u00e1mica poblacional del ICB.&nbsp;<\/p>\n\n<h2 class=\"wp-block-heading\"><strong>\u00bfC\u00f3mo afecta el cambio clim\u00e1tico a las ballenas?&nbsp;<\/strong><\/h2>\n\n<p>La conclusi\u00f3n a la que arribaron es que <strong>la mortalidad aumenta de cuatro o cinco veces cuando las aguas son m\u00e1s c\u00e1lidas, lo que ocurre en los a\u00f1os posteriores al fen\u00f3meno de El Ni\u00f1o<\/strong>, en comparaci\u00f3n con los neutros o en los que se produce La Ni\u00f1a, en que las aguas son m\u00e1s fr\u00edas.<\/p>\n\n<figure class=\"wp-block-image size-large\"><img loading=\"lazy\" decoding=\"async\" width=\"1024\" height=\"643\" src=\"https:\/\/www.greenpeace.org\/static\/planet4-chile-stateless\/2023\/03\/17ac53d2-gpch-tour-ballena-vina-del-mar-credito-miguel-miranda-greenpeace-4-1024x643.jpg\" alt=\"\" class=\"wp-image-9216\" srcset=\"https:\/\/www.greenpeace.org\/static\/planet4-chile-stateless\/2023\/03\/17ac53d2-gpch-tour-ballena-vina-del-mar-credito-miguel-miranda-greenpeace-4-1024x643.jpg 1024w, https:\/\/www.greenpeace.org\/static\/planet4-chile-stateless\/2023\/03\/17ac53d2-gpch-tour-ballena-vina-del-mar-credito-miguel-miranda-greenpeace-4-300x189.jpg 300w, https:\/\/www.greenpeace.org\/static\/planet4-chile-stateless\/2023\/03\/17ac53d2-gpch-tour-ballena-vina-del-mar-credito-miguel-miranda-greenpeace-4-768x483.jpg 768w, https:\/\/www.greenpeace.org\/static\/planet4-chile-stateless\/2023\/03\/17ac53d2-gpch-tour-ballena-vina-del-mar-credito-miguel-miranda-greenpeace-4-1536x965.jpg 1536w, https:\/\/www.greenpeace.org\/static\/planet4-chile-stateless\/2023\/03\/17ac53d2-gpch-tour-ballena-vina-del-mar-credito-miguel-miranda-greenpeace-4-2048x1287.jpg 2048w, https:\/\/www.greenpeace.org\/static\/planet4-chile-stateless\/2023\/03\/17ac53d2-gpch-tour-ballena-vina-del-mar-credito-miguel-miranda-greenpeace-4-510x320.jpg 510w\" sizes=\"auto, (max-width: 1024px) 100vw, 1024px\" \/><figcaption class=\"wp-element-caption\">Una ballena y su ballenato creados con textiles en una bra de arte ef\u00edmera dentro del #TourDeLaBallena de la campa\u00f1a #NoM\u00e1sSalmoneras<\/figcaption><\/figure>\n\n<p>En palabras simples: <strong>cuanto mayor es la temperatura del agua, m\u00e1s muertes de <a href=\"https:\/\/www.greenpeace.org\/chile\/blog\/issues\/oceanos\/dia-mundial-de-las-ballenas-descubre-todo-lo-que-querias-saber-sobre-ellas\/\" target=\"_blank\" rel=\"noreferrer noopener\">ballenas<\/a> se producen. <\/strong>Considerando que los oc\u00e9anos est\u00e1n calent\u00e1ndose cada vez m\u00e1s a ra\u00edz del calentamiento global, podemos deducir que a estos cet\u00e1ceos no les espera un porvenir f\u00e1cil.&nbsp;&nbsp;&nbsp;<\/p>\n\n<p>Por un lado, <strong><a href=\"https:\/\/www.greenpeace.org\/chile\/blog\/issues\/climayenergia\/se-vienen-anos-aun-mas-calientes%f0%9f%8c%a1%f0%9f%94%a5-y-el-fin-de-las-estaciones-%f0%9f%8d%82%f0%9f%8c%bc-alerta-la-ciencia\/\" target=\"_blank\" rel=\"noreferrer noopener\">se avecina El Ni\u00f1o<\/a><\/strong> con su consabido aumento de las temperaturas a nivel global (hay 80% de probabilidades de que este fen\u00f3meno comience entre julio y septiembre pr\u00f3ximos inform\u00f3 la agencia de las Naciones Unidas encargada de las previsiones meteorol\u00f3gicas).<\/p>\n\n<figure class=\"wp-block-image size-full\"><img loading=\"lazy\" decoding=\"async\" width=\"800\" height=\"533\" src=\"https:\/\/www.greenpeace.org\/static\/planet4-chile-stateless\/2022\/02\/89a2dca3-ballena-blog2.jpg\" alt=\"\" class=\"wp-image-7713\" srcset=\"https:\/\/www.greenpeace.org\/static\/planet4-chile-stateless\/2022\/02\/89a2dca3-ballena-blog2.jpg 800w, https:\/\/www.greenpeace.org\/static\/planet4-chile-stateless\/2022\/02\/89a2dca3-ballena-blog2-300x200.jpg 300w, https:\/\/www.greenpeace.org\/static\/planet4-chile-stateless\/2022\/02\/89a2dca3-ballena-blog2-768x512.jpg 768w, https:\/\/www.greenpeace.org\/static\/planet4-chile-stateless\/2022\/02\/89a2dca3-ballena-blog2-510x340.jpg 510w\" sizes=\"auto, (max-width: 800px) 100vw, 800px\" \/><\/figure>\n\n<p>De tal modo que <strong>la probabilidad de que la poblaci\u00f3n de ballenas francas australes <\/strong>(que hoy es de 5.500) <strong>aumente en los a\u00f1os que vendr\u00e1n es baja<\/strong>.&nbsp;<\/p>\n\n<p>Por otro lado,<strong> el cambio clim\u00e1tico no es el \u00fanico factor ambiental que dificulta la vida de las ballenas. Existen otras<\/strong> amenazas como:<\/p>\n\n<ul class=\"wp-block-list\">\n<li>La <strong>inminente exploraci\u00f3n offshore que Equinor planea realizar en la zona del Mar Argentino<\/strong>. De permitirse este proyecto, se realizar\u00e1n detonaciones en el fondo marino que pondr\u00e1 en jaque a todo el ecosistema y sumar\u00e1 el peligro de posibles fugas de petr\u00f3leo.<\/li>\n\n\n\n<li>La <strong><a href=\"https:\/\/www.greenpeace.org\/chile\/blog\/issues\/oceanos\/alerta-ballenas-y-delfines-en-peligro-por-el-avance-de-la-mineria-de-aguas-profundas-en-mexico\/\" target=\"_blank\" rel=\"noreferrer noopener\">miner\u00eda marina que quiere avanzar en M\u00e9xico<\/a><\/strong><\/li>\n\n\n\n<li>La <strong>contaminaci\u00f3n pl\u00e1stica<\/strong>.<\/li>\n\n\n\n<li>Las <strong>colisiones con embarcaciones<\/strong>.&nbsp;<\/li>\n<\/ul>\n\n<h3 class=\"wp-block-heading\"><strong>Las ballenas y su rol clave en la lucha contra el cambio clim\u00e1tico<\/strong><\/h3>\n\n<figure class=\"wp-block-image size-full\"><img loading=\"lazy\" decoding=\"async\" width=\"800\" height=\"533\" src=\"https:\/\/www.greenpeace.org\/static\/planet4-chile-stateless\/2022\/02\/3e03856b-ballena-blog1.jpg\" alt=\"\" class=\"wp-image-7712\" srcset=\"https:\/\/www.greenpeace.org\/static\/planet4-chile-stateless\/2022\/02\/3e03856b-ballena-blog1.jpg 800w, https:\/\/www.greenpeace.org\/static\/planet4-chile-stateless\/2022\/02\/3e03856b-ballena-blog1-300x200.jpg 300w, https:\/\/www.greenpeace.org\/static\/planet4-chile-stateless\/2022\/02\/3e03856b-ballena-blog1-768x512.jpg 768w, https:\/\/www.greenpeace.org\/static\/planet4-chile-stateless\/2022\/02\/3e03856b-ballena-blog1-510x340.jpg 510w\" sizes=\"auto, (max-width: 800px) 100vw, 800px\" \/><\/figure>\n\n<p>La importancia de esta especie radica en que <strong>su conservaci\u00f3n es fundamental para mitigar el calentamiento global. <\/strong>Como explica Agrelo, las ballenas \u201c<strong>son los bosques de los oc\u00e9anos, capturan<\/strong> en sus grandes biomasas<strong> tanto carbono como miles de \u00e1rboles<\/strong>\u201d.&nbsp;<\/p>\n\n<p>Adem\u00e1s, con su sola presencia <strong>ayudan a mantener saludable la vida en el oc\u00e9ano<\/strong>. Por ejemplo, sus heces -que son muy ricas en hierro y otros nutrientes que derivan del consumo de krill, un crust\u00e1ceom en el Atl\u00e1ntico Sur- fertilizan y promueven la biodiversidad submarina.<\/p>\n\n<p>En definitiva, <strong>la humanidad necesita de los oc\u00e9anos <\/strong>(record\u00e1 que ellos producen casi la mitad del ox\u00edgeno de nuestro Planeta y absorben alrededor del 30% del di\u00f3xido de carbono amortiguando los impactos del calentamiento global)<strong> y lo oc\u00e9anos necesitan de las ballenas.&nbsp;Si las cuidamos a ellas, nos cuidamos a todos <\/strong>??<\/p>\n","protected":false},"excerpt":{"rendered":"<p>Un trabajo pionero del ICB observ\u00f3 la relaci\u00f3n entre el cambio clim\u00e1tico y la supervivencia de las hembras.<\/p>\n","protected":false},"author":48,"featured_media":9681,"comment_status":"closed","ping_status":"open","sticky":false,"template":"","format":"standard","meta":{"ep_exclude_from_search":false,"p4_og_title":"El cambio clim\u00e1tico impone nuevos obst\u00e1culos a la vida de las ballenas, alerta nuevo estudio","p4_og_description":"Un trabajo pionero del ICB observ\u00f3 la relaci\u00f3n entre el cambio clim\u00e1tico y la supervivencia de las hembras.","p4_og_image":"https:\/\/www.greenpeace.org\/static\/planet4-chile-stateless\/2023\/06\/0445a302-ballenas-blog-4.jpg","p4_og_image_id":"9681","p4_seo_canonical_url":"","p4_campaign_name":"","p4_local_project":"","p4_basket_name":"","p4_department":"","footnotes":""},"categories":[18],"tags":[20,54],"p4-page-type":[14],"class_list":["post-9680","post","type-post","status-publish","format-standard","has-post-thumbnail","hentry","category-oceanos","tag-ballenas","tag-cambio-climatico","p4-page-type-blog"],"_links":{"self":[{"href":"https:\/\/www.greenpeace.org\/chile\/wp-json\/wp\/v2\/posts\/9680","targetHints":{"allow":["GET"]}}],"collection":[{"href":"https:\/\/www.greenpeace.org\/chile\/wp-json\/wp\/v2\/posts"}],"about":[{"href":"https:\/\/www.greenpeace.org\/chile\/wp-json\/wp\/v2\/types\/post"}],"author":[{"embeddable":true,"href":"https:\/\/www.greenpeace.org\/chile\/wp-json\/wp\/v2\/users\/48"}],"replies":[{"embeddable":true,"href":"https:\/\/www.greenpeace.org\/chile\/wp-json\/wp\/v2\/comments?post=9680"}],"version-history":[{"count":3,"href":"https:\/\/www.greenpeace.org\/chile\/wp-json\/wp\/v2\/posts\/9680\/revisions"}],"predecessor-version":[{"id":9686,"href":"https:\/\/www.greenpeace.org\/chile\/wp-json\/wp\/v2\/posts\/9680\/revisions\/9686"}],"wp:featuredmedia":[{"embeddable":true,"href":"https:\/\/www.greenpeace.org\/chile\/wp-json\/wp\/v2\/media\/9681"}],"wp:attachment":[{"href":"https:\/\/www.greenpeace.org\/chile\/wp-json\/wp\/v2\/media?parent=9680"}],"wp:term":[{"taxonomy":"category","embeddable":true,"href":"https:\/\/www.greenpeace.org\/chile\/wp-json\/wp\/v2\/categories?post=9680"},{"taxonomy":"post_tag","embeddable":true,"href":"https:\/\/www.greenpeace.org\/chile\/wp-json\/wp\/v2\/tags?post=9680"},{"taxonomy":"p4-page-type","embeddable":true,"href":"https:\/\/www.greenpeace.org\/chile\/wp-json\/wp\/v2\/p4-page-type?post=9680"}],"curies":[{"name":"wp","href":"https:\/\/api.w.org\/{rel}","templated":true}]}}