{"id":9900,"date":"2023-07-12T17:09:45","date_gmt":"2023-07-12T17:09:45","guid":{"rendered":"https:\/\/www.greenpeace.org\/chile\/?p=9900"},"modified":"2025-07-02T07:17:25","modified_gmt":"2025-07-02T07:17:25","slug":"unete-a-julio-sin-plastico-8-habitos-para-lograr-un-gran-impacto","status":"publish","type":"post","link":"https:\/\/www.greenpeace.org\/chile\/blog\/issues\/contaminacion\/unete-a-julio-sin-plastico-8-habitos-para-lograr-un-gran-impacto\/","title":{"rendered":"\u00danete a Julio Sin Pl\u00e1stico: 8 h\u00e1bitos para lograr un gran impacto"},"content":{"rendered":"\n<figure class=\"wp-block-image size-full\"><img loading=\"lazy\" decoding=\"async\" width=\"1024\" height=\"683\" src=\"https:\/\/www.greenpeace.org\/static\/planet4-chile-stateless\/2023\/07\/8e851045-gp0sttles_medium_res_with_credit_line-1024x683-1.jpg\" alt=\"\" class=\"wp-image-9901\" srcset=\"https:\/\/www.greenpeace.org\/static\/planet4-chile-stateless\/2023\/07\/8e851045-gp0sttles_medium_res_with_credit_line-1024x683-1.jpg 1024w, https:\/\/www.greenpeace.org\/static\/planet4-chile-stateless\/2023\/07\/8e851045-gp0sttles_medium_res_with_credit_line-1024x683-1-300x200.jpg 300w, https:\/\/www.greenpeace.org\/static\/planet4-chile-stateless\/2023\/07\/8e851045-gp0sttles_medium_res_with_credit_line-1024x683-1-768x512.jpg 768w, https:\/\/www.greenpeace.org\/static\/planet4-chile-stateless\/2023\/07\/8e851045-gp0sttles_medium_res_with_credit_line-1024x683-1-510x340.jpg 510w\" sizes=\"auto, (max-width: 1024px) 100vw, 1024px\" \/><\/figure>\n\n<p>La iniciativa Julio sin Pl\u00e1stico (Plastic Free July<strong>\u00ae)<\/strong> naci\u00f3 en 2011 y desde entonces, cada a\u00f1o convoca a m\u00e1s personas en todas partes del mundo a ser parte de la soluci\u00f3n a la contaminaci\u00f3n pl\u00e1stica.<\/p>\n\n<p>Si te esmeras todo el a\u00f1o por tener h\u00e1bitos sustentables o te enteras ahora de esta novedad, el desaf\u00edo Julio Sin Pl\u00e1stico es el motivo perfecto para llevar el cuidado del planeta un paso m\u00e1s all\u00e1 ??.<\/p>\n\n<p>La propuesta es sencilla: <strong>prestar atenci\u00f3n a los pl\u00e1sticos de un solo uso que hay en tu d\u00eda a d\u00eda<\/strong> (bolsas, pitillos, vajilla, etc.) y plantearte una simple pregunta: \u00bfc\u00f3mo puedo mejorarlo para cuidar mi salud y la de la Tierra?<\/p>\n\n<p><strong>Es importante que te sumes a Julio Sin Pl\u00e1stico y conozcas las opciones reutilizables que ayudan a reducir esta huella contaminante<\/strong> de una manera significativa.<\/p>\n\n<figure class=\"wp-block-image size-full\"><img loading=\"lazy\" decoding=\"async\" width=\"804\" height=\"480\" src=\"https:\/\/www.greenpeace.org\/static\/planet4-chile-stateless\/2023\/07\/e2445d78-anotacion-2020-01-21-130428.jpg\" alt=\"\" class=\"wp-image-9902\" srcset=\"https:\/\/www.greenpeace.org\/static\/planet4-chile-stateless\/2023\/07\/e2445d78-anotacion-2020-01-21-130428.jpg 804w, https:\/\/www.greenpeace.org\/static\/planet4-chile-stateless\/2023\/07\/e2445d78-anotacion-2020-01-21-130428-300x179.jpg 300w, https:\/\/www.greenpeace.org\/static\/planet4-chile-stateless\/2023\/07\/e2445d78-anotacion-2020-01-21-130428-768x459.jpg 768w, https:\/\/www.greenpeace.org\/static\/planet4-chile-stateless\/2023\/07\/e2445d78-anotacion-2020-01-21-130428-510x304.jpg 510w\" sizes=\"auto, (max-width: 804px) 100vw, 804px\" \/><\/figure>\n\n<p>Puede llevar un tiempo, pero una vez que te acostumbras a <strong>tener siempre a mano las alternativas sustentables<\/strong> (bolsa de tela a las compras, pitillo met\u00e1lico, recipientes para compras a granel, etc.) puedes <strong>rechazar los pl\u00e1sticos de un solo uso que te ofrecen<\/strong> (decir \u201csin bolsa, por favor\u201d; dejar de usar pitillos y cubiertos, etc.) Cr\u00e9enos, \u00a1es una sensaci\u00f3n de lo m\u00e1s gratificante!<\/p>\n\n<p>As\u00ed, ajustando ciertos h\u00e1bitos del consumo diario no s\u00f3lo podr\u00e1s revertir la proyecci\u00f3n que compartimos al principio, sino que tomar\u00e1s un rol central en este cambio. A continuaci\u00f3n, te compartimos m\u00e1s ideas.<\/p>\n\n<h3 class=\"wp-block-heading\"><strong>8 ideas \u201cnivel pro\u201d para reemplazar pl\u00e1sticos de un solo uso<\/strong><\/h3>\n\n<figure class=\"wp-block-image size-full\"><img loading=\"lazy\" decoding=\"async\" width=\"800\" height=\"533\" src=\"https:\/\/www.greenpeace.org\/static\/planet4-chile-stateless\/2023\/07\/386e383a-picnic.jpg\" alt=\"\" class=\"wp-image-9903\" srcset=\"https:\/\/www.greenpeace.org\/static\/planet4-chile-stateless\/2023\/07\/386e383a-picnic.jpg 800w, https:\/\/www.greenpeace.org\/static\/planet4-chile-stateless\/2023\/07\/386e383a-picnic-300x200.jpg 300w, https:\/\/www.greenpeace.org\/static\/planet4-chile-stateless\/2023\/07\/386e383a-picnic-768x512.jpg 768w, https:\/\/www.greenpeace.org\/static\/planet4-chile-stateless\/2023\/07\/386e383a-picnic-510x340.jpg 510w\" sizes=\"auto, (max-width: 800px) 100vw, 800px\" \/><\/figure>\n\n<p>Podr\u00edamos decir que hay dos etapas en este estilo de vida que ayuda a reducir los pl\u00e1sticos desechables. El inicial, busca ir eliminando los productos m\u00e1s obvios como son las bolsas, los pitillos, las botellas y los vasos.&nbsp;<\/p>\n\n<p>Para ello tienes que armarte de tu propia botella, taza t\u00e9rmica, bolsas de tela y sorbetes de metal. Seguramente, sobre esto alguna vez hayas escuchado hablar. Y hasta incluso lo pusiste en pr\u00e1ctica.&nbsp;<\/p>\n\n<p>Ahora bien, hay un segundo nivel que hila m\u00e1s fino. Son <strong>cambios sutiles para subir de nivel en este Julio Sin Pl\u00e1stico<\/strong>. Aqu\u00ed te dejamos varias ideas:<\/p>\n\n<ul class=\"wp-block-list\">\n<li><strong>Evita comprar productos envueltos en pl\u00e1stico. Por ejemplo, legumbres o frutas. <\/strong>Puedes llevar bolsas de tela reutilizables y transportarlo todo ah\u00ed.<\/li>\n<\/ul>\n\n<ul class=\"wp-block-list\">\n<li><strong>Elimina los chicles<\/strong>. Muchos de los que consumimos contienen pl\u00e1stico, puedes consumir chicles 100% naturales y ecol\u00f3gicos.<\/li>\n<\/ul>\n\n<ul class=\"wp-block-list\">\n<li><strong>Elige productos que est\u00e9n envasados con cart\u00f3n o vidrio<\/strong>. Por ejemplo, si compras una bebida elige botellas de cristal o si adquieres detergente para el lavavajillas opta por una caja de cart\u00f3n.<\/li>\n<\/ul>\n\n<ul class=\"wp-block-list\">\n<li><strong>Evita los productos desechables<\/strong>. Es fundamental decir no al uso de platos, cubiertos y vasos de pl\u00e1stico de un solo uso.<\/li>\n<\/ul>\n\n<ul class=\"wp-block-list\">\n<li>Cuando tengas que comprar pinzas nuevas para tender la ropa, elige las de madera y de buena calidad, para que duren mucho tiempo.<\/li>\n<\/ul>\n\n<ul class=\"wp-block-list\">\n<li><strong>Utiliza cerillas o mecheros recargables<\/strong>.&nbsp;<\/li>\n<\/ul>\n\n<ul class=\"wp-block-list\">\n<li>Si tienes que renovar los contenedores para la comida, olv\u00eddate de los tuppers o films pl\u00e1sticos. Opta por recipientes de vidrio o bee wraps (envoltorios de cera de abeja).<\/li>\n<\/ul>\n\n<ul class=\"wp-block-list\">\n<li>Evita las maquinillas de afeitar desechables.<\/li>\n<\/ul>\n\n<figure class=\"wp-block-image aligncenter size-full\"><img loading=\"lazy\" decoding=\"async\" width=\"391\" height=\"559\" src=\"https:\/\/www.greenpeace.org\/static\/planet4-chile-stateless\/2023\/07\/e5eb611d-guia-menos-plast.png\" alt=\"\" class=\"wp-image-9904\" srcset=\"https:\/\/www.greenpeace.org\/static\/planet4-chile-stateless\/2023\/07\/e5eb611d-guia-menos-plast.png 391w, https:\/\/www.greenpeace.org\/static\/planet4-chile-stateless\/2023\/07\/e5eb611d-guia-menos-plast-210x300.png 210w, https:\/\/www.greenpeace.org\/static\/planet4-chile-stateless\/2023\/07\/e5eb611d-guia-menos-plast-238x340.png 238w\" sizes=\"auto, (max-width: 391px) 100vw, 391px\" \/><\/figure>\n\n<div class=\"wp-block-buttons is-layout-flex wp-block-buttons-is-layout-flex\">\n<div class=\"wp-block-button has-custom-width wp-block-button__width-100 is-style-cta\"><a class=\"wp-block-button__link wp-element-button\" href=\"https:\/\/www.greenpeace.org\/static\/planet4-colombia-stateless\/2023\/06\/b36312d0-guia_plasticos2023.pdf \"><strong>Mira aqu\u00ed m\u00e1s tips para sumarte a Julio Sin Pl\u00e1stico<\/strong><\/a><\/div>\n<\/div>\n\n<h2 class=\"wp-block-heading\"><\/h2>\n\n<h3 class=\"wp-block-heading\"><strong>\u00bfQu\u00e9 deben hacer los gobiernos y la industria para reducir el pl\u00e1stico?&nbsp;<\/strong><\/h3>\n\n<figure class=\"wp-block-image aligncenter size-full\"><img loading=\"lazy\" decoding=\"async\" width=\"600\" height=\"400\" src=\"https:\/\/www.greenpeace.org\/static\/planet4-chile-stateless\/2023\/07\/e05627c6-gp0stpn3m_low_res_with_credit_line.jpg\" alt=\"\" class=\"wp-image-9905\" srcset=\"https:\/\/www.greenpeace.org\/static\/planet4-chile-stateless\/2023\/07\/e05627c6-gp0stpn3m_low_res_with_credit_line.jpg 600w, https:\/\/www.greenpeace.org\/static\/planet4-chile-stateless\/2023\/07\/e05627c6-gp0stpn3m_low_res_with_credit_line-300x200.jpg 300w, https:\/\/www.greenpeace.org\/static\/planet4-chile-stateless\/2023\/07\/e05627c6-gp0stpn3m_low_res_with_credit_line-510x340.jpg 510w\" sizes=\"auto, (max-width: 600px) 100vw, 600px\" \/><\/figure>\n\n<p>Desde ya, la ciudadan\u00eda no es la \u00fanica que debe ponerse esta misi\u00f3n al hombro. Los gobiernos y las empresas son los primeros que tienen que tomar la posta y buscar soluciones a un problema que ellos mismos ayudaron a crear.<\/p>\n\n<figure class=\"wp-block-image size-large\"><img loading=\"lazy\" decoding=\"async\" width=\"1024\" height=\"683\" src=\"https:\/\/www.greenpeace.org\/static\/planet4-chile-stateless\/2018\/12\/f31f177c-pl\u00e1sticos-en-porvenir-1024x683.jpg\" alt=\"\" class=\"wp-image-922\" srcset=\"https:\/\/www.greenpeace.org\/static\/planet4-chile-stateless\/2018\/12\/f31f177c-pl\u00e1sticos-en-porvenir-1024x683.jpg 1024w, https:\/\/www.greenpeace.org\/static\/planet4-chile-stateless\/2018\/12\/f31f177c-pl\u00e1sticos-en-porvenir-300x200.jpg 300w, https:\/\/www.greenpeace.org\/static\/planet4-chile-stateless\/2018\/12\/f31f177c-pl\u00e1sticos-en-porvenir-768x512.jpg 768w, https:\/\/www.greenpeace.org\/static\/planet4-chile-stateless\/2018\/12\/f31f177c-pl\u00e1sticos-en-porvenir-510x340.jpg 510w, https:\/\/www.greenpeace.org\/static\/planet4-chile-stateless\/2018\/12\/f31f177c-pl\u00e1sticos-en-porvenir.jpg 1500w\" sizes=\"auto, (max-width: 1024px) 100vw, 1024px\" \/><\/figure>\n\n<p>Mientras esto sucede, sumamos otras medidas que gobiernos y empresas podr\u00edan poner en pr\u00e1ctica:&nbsp;<\/p>\n\n<ul class=\"wp-block-list\">\n<li>Fomentar el consumo sostenible y responsable del agua de grifo en los hogares, as\u00ed como en la v\u00eda p\u00fablica, instalaciones municipales y establecimientos de hosteler\u00eda y restauraci\u00f3n.&nbsp;<\/li>\n<\/ul>\n\n<ul class=\"wp-block-list\">\n<li>Implementar sistemas de incentivo a la devoluci\u00f3n de envases, conocidos como sistemas de dep\u00f3sito, devoluci\u00f3n y retorno (SDDR).<\/li>\n<\/ul>\n\n<ul class=\"wp-block-list\">\n<li>Asegurar una mejor obtenci\u00f3n de recuperaci\u00f3n de los envases.<\/li>\n<\/ul>\n\n<ul class=\"wp-block-list\">\n<li>Prevenir la mala disposici\u00f3n de envases pl\u00e1sticos en el ambiente.&nbsp;<\/li>\n<\/ul>\n\n<ul class=\"wp-block-list\">\n<li>Fomentar la creaci\u00f3n y el apoyo p\u00fablico a las tiendas de reparabilidad y comercios de segunda mano, as\u00ed como a establecimientos que eliminan el uso innecesario de envases, primando la venta a granel y generando de este modo nuevos empleos en la econom\u00eda circular.<\/li>\n<\/ul>\n\n<p>Esperamos haberte dado una introducci\u00f3n a este grave problema ambiental que tenemos y que esto te motive a\u00fan m\u00e1s a unirte a Julio Sin Pl\u00e1stico ?.<\/p>\n\n<p>\u00a1Empieza ahora y sigue todo el a\u00f1o!<\/p>\n","protected":false},"excerpt":{"rendered":"<p>Conoce m\u00e1s de esta iniciativa que convoca a m\u00e1s personas en todas partes del mundo a ser parte de la soluci\u00f3n a la contaminaci\u00f3n pl\u00e1stica.<\/p>\n","protected":false},"author":48,"featured_media":9903,"comment_status":"closed","ping_status":"open","sticky":false,"template":"","format":"standard","meta":{"ep_exclude_from_search":false,"p4_og_title":"\u00danete a Julio Sin Pl\u00e1stico: 8 h\u00e1bitos para lograr un gran impacto","p4_og_description":"Conoce m\u00e1s de esta iniciativa que convoca a m\u00e1s personas en todas partes del mundo a ser parte de la soluci\u00f3n a la contaminaci\u00f3n pl\u00e1stica.","p4_og_image":"https:\/\/www.greenpeace.org\/static\/planet4-chile-stateless\/2023\/07\/386e383a-picnic.jpg","p4_og_image_id":"9903","p4_seo_canonical_url":"","p4_campaign_name":"","p4_local_project":"","p4_basket_name":"","p4_department":"","footnotes":""},"categories":[19,4,48],"tags":[29,21,51],"p4-page-type":[14],"class_list":["post-9900","post","type-post","status-publish","format-standard","has-post-thumbnail","hentry","category-blog","category-contaminacion","category-sustentabilidad","tag-plasticos","tag-blog","tag-consumo","p4-page-type-blog"],"_links":{"self":[{"href":"https:\/\/www.greenpeace.org\/chile\/wp-json\/wp\/v2\/posts\/9900","targetHints":{"allow":["GET"]}}],"collection":[{"href":"https:\/\/www.greenpeace.org\/chile\/wp-json\/wp\/v2\/posts"}],"about":[{"href":"https:\/\/www.greenpeace.org\/chile\/wp-json\/wp\/v2\/types\/post"}],"author":[{"embeddable":true,"href":"https:\/\/www.greenpeace.org\/chile\/wp-json\/wp\/v2\/users\/48"}],"replies":[{"embeddable":true,"href":"https:\/\/www.greenpeace.org\/chile\/wp-json\/wp\/v2\/comments?post=9900"}],"version-history":[{"count":6,"href":"https:\/\/www.greenpeace.org\/chile\/wp-json\/wp\/v2\/posts\/9900\/revisions"}],"predecessor-version":[{"id":14732,"href":"https:\/\/www.greenpeace.org\/chile\/wp-json\/wp\/v2\/posts\/9900\/revisions\/14732"}],"wp:featuredmedia":[{"embeddable":true,"href":"https:\/\/www.greenpeace.org\/chile\/wp-json\/wp\/v2\/media\/9903"}],"wp:attachment":[{"href":"https:\/\/www.greenpeace.org\/chile\/wp-json\/wp\/v2\/media?parent=9900"}],"wp:term":[{"taxonomy":"category","embeddable":true,"href":"https:\/\/www.greenpeace.org\/chile\/wp-json\/wp\/v2\/categories?post=9900"},{"taxonomy":"post_tag","embeddable":true,"href":"https:\/\/www.greenpeace.org\/chile\/wp-json\/wp\/v2\/tags?post=9900"},{"taxonomy":"p4-page-type","embeddable":true,"href":"https:\/\/www.greenpeace.org\/chile\/wp-json\/wp\/v2\/p4-page-type?post=9900"}],"curies":[{"name":"wp","href":"https:\/\/api.w.org\/{rel}","templated":true}]}}