{"id":1022,"date":"2018-10-12T14:42:38","date_gmt":"2018-10-12T14:42:38","guid":{"rendered":"https:\/\/master.k8s.p4.greenpeace.org\/colombia\/?p=1022"},"modified":"2021-12-01T12:28:04","modified_gmt":"2021-12-01T12:28:04","slug":"greenpeace-pide-con-urgencia-la-proteccion-del-oceano-antartico","status":"publish","type":"post","link":"https:\/\/www.greenpeace.org\/colombia\/noticia\/campanas\/oceanos\/greenpeace-pide-con-urgencia-la-proteccion-del-oceano-antartico\/","title":{"rendered":"Greenpeace pide con urgencia la protecci\u00f3n del oc\u00e9ano ant\u00e1rtico"},"content":{"rendered":"<p><img loading=\"lazy\" decoding=\"async\" class=\"size-large wp-image-1023\" src=\"https:\/\/www.greenpeace.org\/static\/planet4-colombia-stateless\/2018\/10\/aa3754f4-gp019n9_pressmedia-1-1024x683.jpg\" alt=\"\" width=\"1024\" height=\"683\" srcset=\"https:\/\/www.greenpeace.org\/static\/planet4-colombia-stateless\/2018\/10\/aa3754f4-gp019n9_pressmedia-1-1024x683.jpg 1024w, https:\/\/www.greenpeace.org\/static\/planet4-colombia-stateless\/2018\/10\/aa3754f4-gp019n9_pressmedia-1-300x200.jpg 300w, https:\/\/www.greenpeace.org\/static\/planet4-colombia-stateless\/2018\/10\/aa3754f4-gp019n9_pressmedia-1-768x512.jpg 768w, https:\/\/www.greenpeace.org\/static\/planet4-colombia-stateless\/2018\/10\/aa3754f4-gp019n9_pressmedia-1-2048x1366.jpg 2048w, https:\/\/www.greenpeace.org\/static\/planet4-colombia-stateless\/2018\/10\/aa3754f4-gp019n9_pressmedia-1-510x340.jpg 510w\" sizes=\"auto, (max-width: 1024px) 100vw, 1024px\" \/><\/p>\n<p>A un a\u00f1o del evento m\u00e1s catastr\u00f3fico en la Ant\u00e1rtica, cuando murieron unas 40.000 cr\u00edas de ping\u00fcinos, los gobiernos miembros de la Comisi\u00f3n del Oc\u00e9ano Ant\u00e1rtico (CCRVMA) se reunir\u00e1n a partir del 22 de octubre para para realizar una votaci\u00f3n por la creaci\u00f3n del \u00e1rea protegida m\u00e1s grande del mundo, un Santuario Ant\u00e1rtico.<\/p>\n<div>Greenpeace exige la protecci\u00f3n urgente de la Ant\u00e1rtica a trav\u00e9s de la creaci\u00f3n de un santuario marino de 1.8 millones de kil\u00f3metros cuadrados, casi equivalente a la superficie de Colombia y Venezuela juntos. De acuerdo con la ONG, si es que no se resguarda esta \u00e1rea, cualquier industria extractiva (como la pesquera, la petrolera y minera) podr\u00e1 arrasar con el hogar de la fauna presente en el continente blanco, el cual ya est\u00e1 amenazada por los efectos del cambio clim\u00e1tico.<\/p>\n<p>Seg\u00fan Estefan\u00eda Gonz\u00e1lez, coordinadora de la campa\u00f1a por la Ant\u00e1rtica de Greenpeace, \u201c<strong>ning\u00fan negocio vale el sacrificio de un ecosistema. El lobby corporativo y pol\u00edtico no puede ser m\u00e1s fuerte que la voz de dos millones de personas en el mundo que piden la creaci\u00f3n del santuario marino. El momento es ahora, cuando los gobiernos tienen la oportunidad hist\u00f3rica de proteger la Ant\u00e1rtica y su fauna, como los ping\u00fcinos que habitan en toda esta zona<\/strong>\u201d.<\/p>\n<p>Durante 2017 cient\u00edficos franceses advirtieron la presencia de miles de cr\u00edas muertas y no nacidas en una \u00e1rea conocida como la \u201ctierra de Adelaida\u201d. Se comprob\u00f3 que la situaci\u00f3n se debi\u00f3 a la existencia r\u00e9cord de hielo en la zona. Esta cantidad excesiva de hielo signific\u00f3 un obst\u00e1culo adicional para los ping\u00fcinos, que debieron sumar cerca de 100 kil\u00f3metros de recorrido para buscar alimentos para sus cr\u00edas. Adem\u00e1s, a esta situaci\u00f3n se sum\u00f3 una lluvia sin precedentes que no permiti\u00f3 que las cr\u00edas se mantuvieran en calor.<\/p>\n<\/div>\n<div>\u201c<strong>El encuentro de los gobiernos durante este mes en Australia podr\u00eda definir el futuro de la Ant\u00e1rtica<\/strong>\u201d, concluy\u00f3 Gonz\u00e1lez.<\/div>\n\t\t\t<section\n\t\t\tclass=\"boxout post-30 \"\n\t\t\t\n\t\t>\n\t\t\t<a\n\t\t\t\tdata-ga-category=\"Take Action Boxout\"\n\t\t\t\tdata-ga-action=\"Image\"\n\t\t\t\tdata-ga-label=\"n\/a\"\n\t\t\t\tclass=\"cover-card-overlay\"\n\t\t\t\thref=\"https:\/\/www.greenpeace.org\/colombia\/protege-la-antartica\/\" \n\t\t\t><\/a>\n\t\t\t\t\t\t\t<img\n\t\t\t\t\t\tsrc=\"https:\/\/www.greenpeace.org\/static\/planet4-colombia-stateless\/2018\/09\/3b1e1c32-gp0strkke-1024x683.jpg\"\n\t\t\t\t\t\tsrcset=\"https:\/\/www.greenpeace.org\/static\/planet4-colombia-stateless\/2018\/09\/3b1e1c32-gp0strkke-300x200.jpg 300w, https:\/\/www.greenpeace.org\/static\/planet4-colombia-stateless\/2018\/09\/3b1e1c32-gp0strkke-768x512.jpg 768w, https:\/\/www.greenpeace.org\/static\/planet4-colombia-stateless\/2018\/09\/3b1e1c32-gp0strkke-1024x683.jpg 1024w, https:\/\/www.greenpeace.org\/static\/planet4-colombia-stateless\/2018\/09\/3b1e1c32-gp0strkke-2048x1366.jpg 2048w, https:\/\/www.greenpeace.org\/static\/planet4-colombia-stateless\/2018\/09\/3b1e1c32-gp0strkke-510x340.jpg 510w\"\n\t\t\t\t\t\tsizes=\"(min-width: 1000px) 358px, (min-width: 780px) 313px, 88px\"\n\t\t\t\t\t\talt=\"\" title=\"\"\n\t\t\t\t\/>\n            \t\t\t<div class=\"boxout-content\">\n\t\t\t\t\t\t\t\t\t<a\n\t\t\t\t\t\tclass=\"boxout-heading medium\"\n\t\t\t\t\t\tdata-ga-category=\"Take Action Boxout\"\n\t\t\t\t\t\tdata-ga-action=\"Title\"\n\t\t\t\t\t\tdata-ga-label=\"n\/a\"\n\t\t\t\t\t\thref=\"https:\/\/www.greenpeace.org\/colombia\/protege-la-antartica\/\"\n\t\t\t\t\t\t\n\t\t\t\t\t>\n\t\t\t\t\t\tProtege la Ant\u00e1rtica\n\t\t\t\t\t<\/a>\n\t\t\t\t\t\t\t\t                                    <a\n                        class=\"btn btn-primary\"\n                        data-ga-category=\"Take Action Boxout\"\n                        data-ga-action=\"Call to Action\"\n                        data-ga-label=\"n\/a\"\n                        href=\"https:\/\/www.greenpeace.org\/colombia\/protege-la-antartica\/\"\n                        \n                    >\n                        Invol\u00facrate\n                    <\/a>\n                \t\t\t<\/div>\n\t\t\t\t\t<\/section>\n\t","protected":false},"excerpt":{"rendered":"<p>A un a\u00f1o del evento m\u00e1s catastr\u00f3fico en la Ant\u00e1rtica, cuando murieron unas 40.000 cr\u00edas de ping\u00fcinos, los gobiernos miembros de la Comisi\u00f3n del Oc\u00e9ano Ant\u00e1rtico (CCRVMA) se reunir\u00e1n a&hellip;<\/p>\n","protected":false},"author":19,"featured_media":1023,"comment_status":"open","ping_status":"open","sticky":false,"template":"","format":"standard","meta":{"ep_exclude_from_search":false,"p4_og_title":"","p4_og_description":"","p4_og_image":"","p4_og_image_id":"","p4_seo_canonical_url":"","p4_campaign_name":"","p4_local_project":"","p4_basket_name":"","p4_department":"","footnotes":""},"categories":[4],"tags":[22],"p4-page-type":[16],"class_list":["post-1022","post","type-post","status-publish","format-standard","has-post-thumbnail","hentry","category-oceanos","tag-antartica","p4-page-type-noticia"],"_links":{"self":[{"href":"https:\/\/www.greenpeace.org\/colombia\/wp-json\/wp\/v2\/posts\/1022","targetHints":{"allow":["GET"]}}],"collection":[{"href":"https:\/\/www.greenpeace.org\/colombia\/wp-json\/wp\/v2\/posts"}],"about":[{"href":"https:\/\/www.greenpeace.org\/colombia\/wp-json\/wp\/v2\/types\/post"}],"author":[{"embeddable":true,"href":"https:\/\/www.greenpeace.org\/colombia\/wp-json\/wp\/v2\/users\/19"}],"replies":[{"embeddable":true,"href":"https:\/\/www.greenpeace.org\/colombia\/wp-json\/wp\/v2\/comments?post=1022"}],"version-history":[{"count":3,"href":"https:\/\/www.greenpeace.org\/colombia\/wp-json\/wp\/v2\/posts\/1022\/revisions"}],"predecessor-version":[{"id":5708,"href":"https:\/\/www.greenpeace.org\/colombia\/wp-json\/wp\/v2\/posts\/1022\/revisions\/5708"}],"wp:featuredmedia":[{"embeddable":true,"href":"https:\/\/www.greenpeace.org\/colombia\/wp-json\/wp\/v2\/media\/1023"}],"wp:attachment":[{"href":"https:\/\/www.greenpeace.org\/colombia\/wp-json\/wp\/v2\/media?parent=1022"}],"wp:term":[{"taxonomy":"category","embeddable":true,"href":"https:\/\/www.greenpeace.org\/colombia\/wp-json\/wp\/v2\/categories?post=1022"},{"taxonomy":"post_tag","embeddable":true,"href":"https:\/\/www.greenpeace.org\/colombia\/wp-json\/wp\/v2\/tags?post=1022"},{"taxonomy":"p4-page-type","embeddable":true,"href":"https:\/\/www.greenpeace.org\/colombia\/wp-json\/wp\/v2\/p4-page-type?post=1022"}],"curies":[{"name":"wp","href":"https:\/\/api.w.org\/{rel}","templated":true}]}}