{"id":10590,"date":"2023-09-25T16:52:41","date_gmt":"2023-09-25T16:52:41","guid":{"rendered":"https:\/\/www.greenpeace.org\/colombia\/?p=10590"},"modified":"2025-07-02T07:22:53","modified_gmt":"2025-07-02T07:22:53","slug":"celebramos-14-anos-de-historia-en-colombia-%f0%9f%a5%b3-y-nos-preparamos-para-los-desafios-que-vienen","status":"publish","type":"post","link":"https:\/\/www.greenpeace.org\/colombia\/blog\/greenpeace\/celebramos-14-anos-de-historia-en-colombia-%f0%9f%a5%b3-y-nos-preparamos-para-los-desafios-que-vienen\/","title":{"rendered":"Celebramos 14 a\u00f1os de historia en Colombia \ud83e\udd73 \u00a1y nos preparamos para los desaf\u00edos que vienen!"},"content":{"rendered":"\n<p><em>Por Tatiana C\u00e9spedes, equipo de campa\u00f1as de Greenpeace Colombia<\/em><\/p>\n\n<p>\u2728 Cumplimos 14 a\u00f1os de presencia en Colombia \ud83c\udf82\u2728 y estamos s\u00faper emocionados de compartir este nuevo aniversario de Greenpeace contigo \ud83e\udd17.<\/p>\n\n<p>Celebrar una vez m\u00e1s nos llena de entusiasmo y renueva la convicci\u00f3n de que este es el camino que nos est\u00e1 llevando a construir un futuro verde, justo y m\u00e1s feliz para todos los seres del planeta.&nbsp;<\/p>\n\n<figure class=\"wp-block-image aligncenter size-full\"><a href=\"https:\/\/bit.ly\/guiacelebracion\" target=\"_blank\" rel=\"noreferrer noopener\"><img loading=\"lazy\" decoding=\"async\" width=\"480\" height=\"636\" src=\"https:\/\/www.greenpeace.org\/static\/planet4-colombia-stateless\/2023\/09\/584009a5-ebook-colombia.png\" alt=\"\" class=\"wp-image-10591\" srcset=\"https:\/\/www.greenpeace.org\/static\/planet4-colombia-stateless\/2023\/09\/584009a5-ebook-colombia.png 480w, https:\/\/www.greenpeace.org\/static\/planet4-colombia-stateless\/2023\/09\/584009a5-ebook-colombia-226x300.png 226w, https:\/\/www.greenpeace.org\/static\/planet4-colombia-stateless\/2023\/09\/584009a5-ebook-colombia-257x340.png 257w\" sizes=\"auto, (max-width: 480px) 100vw, 480px\" \/><\/a><\/figure>\n\n<p>Y al festejar este aniversario quisimos que el regalo sea para ti. Por eso, te compartimos una gu\u00eda con tips que te ayudar\u00e1n a celebrar a lo grande sin dejar de cuidar el ambiente.<\/p>\n\n<div class=\"wp-block-buttons is-layout-flex wp-block-buttons-is-layout-flex\">\n<div class=\"wp-block-button has-custom-width wp-block-button__width-100 is-style-cta\"><a class=\"wp-block-button__link wp-element-button\" href=\"https:\/\/bit.ly\/guiacelebracion\" target=\"_blank\" rel=\"noreferrer noopener\">Descarga la gu\u00eda Cumplea\u00f1os Sustentable<\/a><\/div>\n<\/div>\n\n<p>&nbsp;A llenar el coraz\u00f3n de alegr\u00eda y a seguir, \u00a1que a\u00fan queda mucho por hacer!&nbsp;<\/p>\n\n<h2 class=\"wp-block-heading\"><\/h2>\n\n<h2 class=\"wp-block-heading\"><strong>14 a\u00f1os defendiendo juntos nuestro ambiente&nbsp;<\/strong><\/h2>\n\n<p>Durante este tiempo hemos realizado un enorme trabajo por proteger la naturaleza de Colombia. En especial, sabiendo la gran responsabilidad que implica tener dentro del territorio <strong>al ecosistema de bosque m\u00e1s importante del mundo, la Amazon\u00eda.<\/strong><\/p>\n\n<p>Sin dudas, esta ha sido una tarea colectiva que solo fue posible gracias al apoyo y compromiso de nuestros seguidores, socias y socios, voluntarios, activistas, aliados y personas que aman la causa ambiental.&nbsp;<\/p>\n\n<p><strong>As\u00ed conformamos un equipo de lujo que, codo a codo, consigui\u00f3 <a href=\"https:\/\/www.greenpeace.org\/colombia\/campanas-ganadas\/\" target=\"_blank\" rel=\"noreferrer noopener\">todos estos objetivos<\/a>:<\/strong><\/p>\n\n<figure class=\"wp-block-image aligncenter size-large\"><img loading=\"lazy\" decoding=\"async\" width=\"1024\" height=\"683\" src=\"https:\/\/www.greenpeace.org\/static\/planet4-colombia-stateless\/2023\/09\/8607c883-plasticos-8-1024x683.jpg\" alt=\"\" class=\"wp-image-10592\" srcset=\"https:\/\/www.greenpeace.org\/static\/planet4-colombia-stateless\/2023\/09\/8607c883-plasticos-8-1024x683.jpg 1024w, https:\/\/www.greenpeace.org\/static\/planet4-colombia-stateless\/2023\/09\/8607c883-plasticos-8-300x200.jpg 300w, https:\/\/www.greenpeace.org\/static\/planet4-colombia-stateless\/2023\/09\/8607c883-plasticos-8-768x512.jpg 768w, https:\/\/www.greenpeace.org\/static\/planet4-colombia-stateless\/2023\/09\/8607c883-plasticos-8-1536x1024.jpg 1536w, https:\/\/www.greenpeace.org\/static\/planet4-colombia-stateless\/2023\/09\/8607c883-plasticos-8-2048x1366.jpg 2048w, https:\/\/www.greenpeace.org\/static\/planet4-colombia-stateless\/2023\/09\/8607c883-plasticos-8-510x340.jpg 510w\" sizes=\"auto, (max-width: 1024px) 100vw, 1024px\" \/><figcaption class=\"wp-element-caption\">Cientos de manifestantes se congregaron en el coraz\u00f3n de la capital para alertar respecto de las graves consecuencias medioambientales que est\u00e1 generando la contaminaci\u00f3n por pl\u00e1stico.  De acuerdo a la ONG, cada colombiano consume 24 kilos de pl\u00e1stico al a\u00f1o.<\/figcaption><\/figure>\n\n<ul class=\"wp-block-list\">\n<li>La aprobaci\u00f3n del proyecto de ley que establece la reducci\u00f3n gradual de la producci\u00f3n y el consumo de pl\u00e1sticos de un solo uso. Despu\u00e9s de cuatro a\u00f1os logramos este gran avance gracias a nuestra campa\u00f1a #MejorSinPl\u00e1sticos y el trabajo de diferentes organizaciones.<\/li>\n<\/ul>\n\n<ul class=\"wp-block-list\">\n<li>Colombia se convirti\u00f3 en el pa\u00eds n\u00famero 13 en ratificar el Acuerdo de Escaz\u00fa, el primer tratado sobre ambiente y derechos humanos que busca proteger a las personas defensoras del ambiente y prevenir los conflictos ambientales. Durante a\u00f1os trabajamos junto a miles de personas y m\u00e1s de 150 organizaciones para conseguir que este proyecto sea realidad.&nbsp;<\/li>\n<\/ul>\n\n<ul class=\"wp-block-list\">\n<li>La ratificaci\u00f3n por parte de la Alcaldesa de Bogot\u00e1, Claudia L\u00f3pez, de la Declaratoria de Emergencia Clim\u00e1tica para la capital.<\/li>\n<\/ul>\n\n<ul class=\"wp-block-list\">\n<li>La ley que proh\u00edbe el asbesto, un logro que impulsamos siendo parte del movimiento #ColombiaSinAsbesto.<\/li>\n<\/ul>\n\n<figure class=\"wp-block-image aligncenter size-large\"><img loading=\"lazy\" decoding=\"async\" width=\"1024\" height=\"683\" src=\"https:\/\/www.greenpeace.org\/static\/planet4-colombia-stateless\/2023\/09\/728b7a80-ley-de-asbesto-8-1024x683.jpg\" alt=\"\" class=\"wp-image-10593\" srcset=\"https:\/\/www.greenpeace.org\/static\/planet4-colombia-stateless\/2023\/09\/728b7a80-ley-de-asbesto-8-1024x683.jpg 1024w, https:\/\/www.greenpeace.org\/static\/planet4-colombia-stateless\/2023\/09\/728b7a80-ley-de-asbesto-8-300x200.jpg 300w, https:\/\/www.greenpeace.org\/static\/planet4-colombia-stateless\/2023\/09\/728b7a80-ley-de-asbesto-8-768x512.jpg 768w, https:\/\/www.greenpeace.org\/static\/planet4-colombia-stateless\/2023\/09\/728b7a80-ley-de-asbesto-8-1536x1024.jpg 1536w, https:\/\/www.greenpeace.org\/static\/planet4-colombia-stateless\/2023\/09\/728b7a80-ley-de-asbesto-8-2048x1366.jpg 2048w, https:\/\/www.greenpeace.org\/static\/planet4-colombia-stateless\/2023\/09\/728b7a80-ley-de-asbesto-8-510x340.jpg 510w\" sizes=\"auto, (max-width: 1024px) 100vw, 1024px\" \/><\/figure>\n\n<ul class=\"wp-block-list\">\n<li>&nbsp;La prohibici\u00f3n de la actividad minera en el P\u00e1ramo de Pisba, despu\u00e9s de m\u00e1s de cinco a\u00f1os de trabajo junto a comunidades del departamento de Boyac\u00e1.<\/li>\n<\/ul>\n\n<figure class=\"wp-block-image aligncenter size-large\"><img loading=\"lazy\" decoding=\"async\" width=\"1024\" height=\"683\" src=\"https:\/\/www.greenpeace.org\/static\/planet4-colombia-stateless\/2023\/09\/234427a0-paramos-5-1024x683.jpg\" alt=\"\" class=\"wp-image-10594\" srcset=\"https:\/\/www.greenpeace.org\/static\/planet4-colombia-stateless\/2023\/09\/234427a0-paramos-5-1024x683.jpg 1024w, https:\/\/www.greenpeace.org\/static\/planet4-colombia-stateless\/2023\/09\/234427a0-paramos-5-300x200.jpg 300w, https:\/\/www.greenpeace.org\/static\/planet4-colombia-stateless\/2023\/09\/234427a0-paramos-5-768x512.jpg 768w, https:\/\/www.greenpeace.org\/static\/planet4-colombia-stateless\/2023\/09\/234427a0-paramos-5-1536x1024.jpg 1536w, https:\/\/www.greenpeace.org\/static\/planet4-colombia-stateless\/2023\/09\/234427a0-paramos-5-2048x1366.jpg 2048w, https:\/\/www.greenpeace.org\/static\/planet4-colombia-stateless\/2023\/09\/234427a0-paramos-5-510x340.jpg 510w\" sizes=\"auto, (max-width: 1024px) 100vw, 1024px\" \/><\/figure>\n\n<p>Ahora el nuevo objetivo es incrementar la tasa de reciclaje en las ciudades. Si a\u00fan no te sumaste a nuestra campa\u00f1a Reciclemos Bogot\u00e1, puedes hacerlo ahora \ud83d\ude09\ud83d\udc47<\/p>\n\n<div class=\"wp-block-buttons is-layout-flex wp-block-buttons-is-layout-flex\">\n<div class=\"wp-block-button has-custom-width wp-block-button__width-100 is-style-cta\"><a class=\"wp-block-button__link wp-element-button\" href=\"https:\/\/landing.infogreenpeace.org\/es-co\/reciclemosbogota\" target=\"_blank\" rel=\"noreferrer noopener\"><strong>Firma para pedir a los candidatos de Bogot\u00e1 que el reciclaje sea una prioridad en su plan de gobierno<\/strong><\/a><\/div>\n<\/div>\n\n<figure class=\"wp-block-image aligncenter size-large\"><img loading=\"lazy\" decoding=\"async\" width=\"1024\" height=\"683\" src=\"https:\/\/www.greenpeace.org\/static\/planet4-colombia-stateless\/2023\/09\/dc6b59e5-campana-gestion-residuos-bogota-4-1024x683.jpg\" alt=\"\" class=\"wp-image-10595\" srcset=\"https:\/\/www.greenpeace.org\/static\/planet4-colombia-stateless\/2023\/09\/dc6b59e5-campana-gestion-residuos-bogota-4-1024x683.jpg 1024w, https:\/\/www.greenpeace.org\/static\/planet4-colombia-stateless\/2023\/09\/dc6b59e5-campana-gestion-residuos-bogota-4-300x200.jpg 300w, https:\/\/www.greenpeace.org\/static\/planet4-colombia-stateless\/2023\/09\/dc6b59e5-campana-gestion-residuos-bogota-4-768x513.jpg 768w, https:\/\/www.greenpeace.org\/static\/planet4-colombia-stateless\/2023\/09\/dc6b59e5-campana-gestion-residuos-bogota-4-1536x1025.jpg 1536w, https:\/\/www.greenpeace.org\/static\/planet4-colombia-stateless\/2023\/09\/dc6b59e5-campana-gestion-residuos-bogota-4-2048x1366.jpg 2048w, https:\/\/www.greenpeace.org\/static\/planet4-colombia-stateless\/2023\/09\/dc6b59e5-campana-gestion-residuos-bogota-4-510x340.jpg 510w\" sizes=\"auto, (max-width: 1024px) 100vw, 1024px\" \/><\/figure>\n\n<h2 class=\"wp-block-heading\"><\/h2>\n\n<h2 class=\"wp-block-heading\">Lo que viene: \u00a1todav\u00eda tenemos mucho por hacer!<\/h2>\n\n<figure class=\"wp-block-image aligncenter size-large\"><img loading=\"lazy\" decoding=\"async\" width=\"1024\" height=\"683\" src=\"https:\/\/www.greenpeace.org\/static\/planet4-colombia-stateless\/2023\/09\/23264dcb-hyc-emergencia-climatica-13-1024x683.jpg\" alt=\"\" class=\"wp-image-10596\" srcset=\"https:\/\/www.greenpeace.org\/static\/planet4-colombia-stateless\/2023\/09\/23264dcb-hyc-emergencia-climatica-13-1024x683.jpg 1024w, https:\/\/www.greenpeace.org\/static\/planet4-colombia-stateless\/2023\/09\/23264dcb-hyc-emergencia-climatica-13-300x200.jpg 300w, https:\/\/www.greenpeace.org\/static\/planet4-colombia-stateless\/2023\/09\/23264dcb-hyc-emergencia-climatica-13-768x512.jpg 768w, https:\/\/www.greenpeace.org\/static\/planet4-colombia-stateless\/2023\/09\/23264dcb-hyc-emergencia-climatica-13-1536x1024.jpg 1536w, https:\/\/www.greenpeace.org\/static\/planet4-colombia-stateless\/2023\/09\/23264dcb-hyc-emergencia-climatica-13-2048x1366.jpg 2048w, https:\/\/www.greenpeace.org\/static\/planet4-colombia-stateless\/2023\/09\/23264dcb-hyc-emergencia-climatica-13-510x340.jpg 510w\" sizes=\"auto, (max-width: 1024px) 100vw, 1024px\" \/><\/figure>\n\n<p>Nuestra historia y logros nos emocionan tanto como todas las tareas que nos esperan por delante. Sabemos que no estamos en un contexto sencillo:<strong> Colombia se encuentra sumida en la misma crisis clim\u00e1tica que pone en jaque al planeta y esto demanda atenci\u00f3n urgente<\/strong>.<\/p>\n\n<figure class=\"wp-block-image aligncenter size-large\"><img loading=\"lazy\" decoding=\"async\" width=\"1024\" height=\"682\" src=\"https:\/\/www.greenpeace.org\/static\/planet4-colombia-stateless\/2023\/09\/88f3656e-plasticos-9-1024x682.jpg\" alt=\"\" class=\"wp-image-10597\" srcset=\"https:\/\/www.greenpeace.org\/static\/planet4-colombia-stateless\/2023\/09\/88f3656e-plasticos-9-1024x682.jpg 1024w, https:\/\/www.greenpeace.org\/static\/planet4-colombia-stateless\/2023\/09\/88f3656e-plasticos-9-300x200.jpg 300w, https:\/\/www.greenpeace.org\/static\/planet4-colombia-stateless\/2023\/09\/88f3656e-plasticos-9-768x512.jpg 768w, https:\/\/www.greenpeace.org\/static\/planet4-colombia-stateless\/2023\/09\/88f3656e-plasticos-9-1536x1024.jpg 1536w, https:\/\/www.greenpeace.org\/static\/planet4-colombia-stateless\/2023\/09\/88f3656e-plasticos-9-2048x1366.jpg 2048w, https:\/\/www.greenpeace.org\/static\/planet4-colombia-stateless\/2023\/09\/88f3656e-plasticos-9-510x340.jpg 510w\" sizes=\"auto, (max-width: 1024px) 100vw, 1024px\" \/><\/figure>\n\n<p>Las constantes inundaciones, incendios forestales que no cesan, aumento en la deforestaci\u00f3n, descontrol en la contaminaci\u00f3n por residuos, y mayor dependencia de los combustibles f\u00f3siles son algunos de los problemas que requieren soluci\u00f3n hoy.&nbsp;<\/p>\n\n<figure class=\"wp-block-image aligncenter size-large\"><img loading=\"lazy\" decoding=\"async\" width=\"1024\" height=\"683\" src=\"https:\/\/www.greenpeace.org\/static\/planet4-colombia-stateless\/2023\/09\/513d4dac-hyc-emergencia-climatica-5-1024x683.jpg\" alt=\"\" class=\"wp-image-10598\" srcset=\"https:\/\/www.greenpeace.org\/static\/planet4-colombia-stateless\/2023\/09\/513d4dac-hyc-emergencia-climatica-5-1024x683.jpg 1024w, https:\/\/www.greenpeace.org\/static\/planet4-colombia-stateless\/2023\/09\/513d4dac-hyc-emergencia-climatica-5-300x200.jpg 300w, https:\/\/www.greenpeace.org\/static\/planet4-colombia-stateless\/2023\/09\/513d4dac-hyc-emergencia-climatica-5-768x512.jpg 768w, https:\/\/www.greenpeace.org\/static\/planet4-colombia-stateless\/2023\/09\/513d4dac-hyc-emergencia-climatica-5-1536x1024.jpg 1536w, https:\/\/www.greenpeace.org\/static\/planet4-colombia-stateless\/2023\/09\/513d4dac-hyc-emergencia-climatica-5-2048x1366.jpg 2048w, https:\/\/www.greenpeace.org\/static\/planet4-colombia-stateless\/2023\/09\/513d4dac-hyc-emergencia-climatica-5-510x340.jpg 510w\" sizes=\"auto, (max-width: 1024px) 100vw, 1024px\" \/><\/figure>\n\n<p>Conscientes de esto, <strong>desde Greenpeace trabajamos d\u00eda a d\u00eda para establecer y hacer cumplir objetivos, leyes y metas que se traduzcan en un cambio real y concreto a favor del ambiente y la sociedad, asegurando su protecci\u00f3n y conservaci\u00f3n.&nbsp;<\/strong><\/p>\n\n<p>Siempre entendiendo que las soluciones que generemos para frenar la crisis clim\u00e1tica tienen que darse a la par de las tareas de preservaci\u00f3n y regeneraci\u00f3n del entorno natural.&nbsp;<\/p>\n\n<figure class=\"wp-block-image aligncenter size-large\"><img loading=\"lazy\" decoding=\"async\" width=\"1024\" height=\"683\" src=\"https:\/\/www.greenpeace.org\/static\/planet4-colombia-stateless\/2023\/09\/35499eba-paramos-10-1024x683.jpg\" alt=\"\" class=\"wp-image-10599\" srcset=\"https:\/\/www.greenpeace.org\/static\/planet4-colombia-stateless\/2023\/09\/35499eba-paramos-10-1024x683.jpg 1024w, https:\/\/www.greenpeace.org\/static\/planet4-colombia-stateless\/2023\/09\/35499eba-paramos-10-300x200.jpg 300w, https:\/\/www.greenpeace.org\/static\/planet4-colombia-stateless\/2023\/09\/35499eba-paramos-10-768x512.jpg 768w, https:\/\/www.greenpeace.org\/static\/planet4-colombia-stateless\/2023\/09\/35499eba-paramos-10-1536x1024.jpg 1536w, https:\/\/www.greenpeace.org\/static\/planet4-colombia-stateless\/2023\/09\/35499eba-paramos-10-2048x1366.jpg 2048w, https:\/\/www.greenpeace.org\/static\/planet4-colombia-stateless\/2023\/09\/35499eba-paramos-10-510x340.jpg 510w\" sizes=\"auto, (max-width: 1024px) 100vw, 1024px\" \/><figcaption><div class=\"credit icon-left\"> \u00a9 Martin Katz \/ Greenpeace<\/div><\/figcaption><\/figure>\n\n<p><strong>As\u00ed es que mientras apreciamos la ventaja de contar con dos costas en los oc\u00e9anos Pac\u00edfico y Atl\u00e1ntico, <\/strong>fundamentales para las comunidades que viven en ellos, no perdemos de vista que los oc\u00e9anos est\u00e1n afectados por la crisis clim\u00e1tica y de contaminaci\u00f3n. Ante esto, impulsamos medidas urgentes con el fin de crear \u00e1reas protegidas, como lo marca <a href=\"https:\/\/www.greenpeace.org\/colombia\/noticia\/issues\/oceanos\/nuevo-reporte-de-greenpeace-revela-multiples-amenazas-a-los-oceanos\/\" target=\"_blank\" rel=\"noreferrer noopener\">el Tratado que busca resguardar al menos un 30 % de los mares para 2030<\/a>.<\/p>\n\n<p><strong>Tambi\u00e9n sabemos que nuestra posici\u00f3n geogr\u00e1fica nos ofrece gran potencial de energ\u00edas alternativas como el viento y el sol, que <\/strong>abren la puerta a importantes posibilidades para el futuro clim\u00e1tico.&nbsp;<\/p>\n\n<p>Sin embargo, remarcamos que solo ser\u00e1 posible si es acompa\u00f1ado con medidas concretas de corto plazo, que involucren a todos los sectores y actores de nuestra sociedad, incluyendo el sector privado; de lo contrario podr\u00eda convertirse en una meta de papel.<\/p>\n\n<figure class=\"wp-block-image aligncenter size-large\"><img loading=\"lazy\" decoding=\"async\" width=\"1024\" height=\"683\" src=\"https:\/\/www.greenpeace.org\/static\/planet4-colombia-stateless\/2023\/09\/217ae27d-campana-gestion-residuos-bogota-2-1024x683.jpg\" alt=\"\" class=\"wp-image-10600\" srcset=\"https:\/\/www.greenpeace.org\/static\/planet4-colombia-stateless\/2023\/09\/217ae27d-campana-gestion-residuos-bogota-2-1024x683.jpg 1024w, https:\/\/www.greenpeace.org\/static\/planet4-colombia-stateless\/2023\/09\/217ae27d-campana-gestion-residuos-bogota-2-300x200.jpg 300w, https:\/\/www.greenpeace.org\/static\/planet4-colombia-stateless\/2023\/09\/217ae27d-campana-gestion-residuos-bogota-2-768x513.jpg 768w, https:\/\/www.greenpeace.org\/static\/planet4-colombia-stateless\/2023\/09\/217ae27d-campana-gestion-residuos-bogota-2-1536x1025.jpg 1536w, https:\/\/www.greenpeace.org\/static\/planet4-colombia-stateless\/2023\/09\/217ae27d-campana-gestion-residuos-bogota-2-2048x1366.jpg 2048w, https:\/\/www.greenpeace.org\/static\/planet4-colombia-stateless\/2023\/09\/217ae27d-campana-gestion-residuos-bogota-2-510x340.jpg 510w\" sizes=\"auto, (max-width: 1024px) 100vw, 1024px\" \/><\/figure>\n\n<p><strong>Tampoco pasamos por alto el rol de las ciudades <\/strong>y los efectos del cambio clim\u00e1tico en nuestra vida urbana, que son cada vez m\u00e1s evidentes. En este sentido, seguimos trabajando para incorporar herramientas que buscan mitigar la amenaza del calentamiento global. Las ciudades deben convertirse en espacios m\u00e1s resilientes, y ser seguras, habitables, saludables y conectadas.&nbsp;<\/p>\n\n<p>Desde esta visi\u00f3n, Greenpeace impulsa la reducci\u00f3n de emisiones de gases contaminantes y desarrolla estrategias de mitigaci\u00f3n y adaptaci\u00f3n a trav\u00e9s de cambios en la movilidad, el consumo de alimentos y bienes\/servicios, y la protecci\u00f3n y expansi\u00f3n de espacios verdes.&nbsp;<\/p>\n\n<p>Entendemos que la colectividad es la raz\u00f3n de ser de las urbes. As\u00ed es que adaptarlas y mejorarlas para ser m\u00e1s sostenibles es la manera m\u00e1s conveniente de que sean cada vez m\u00e1s lugares de diversidad, intercambio e innumerables encuentros de personas que viven, trabajan y sue\u00f1an unidas.<\/p>\n\n<p>Como dec\u00eda en un principio, son \u00e9pocas de grandes desaf\u00edos que nos piden seguir luchando. <strong>Hoy festejamos los 14 a\u00f1os de Greenpeace en Colombia con la felicidad de saber que nuestra esencia se mantiene intacta, buscando inspirar esperanza a trav\u00e9s de la acci\u00f3n y dando voz a este planeta fr\u00e1gil y maravilloso que habitamos.&nbsp;<\/strong><\/p>\n\n<p>Creemos que mil millones de actos de valent\u00eda pueden dar lugar a un pa\u00eds y un futuro m\u00e1s brillante. Gracias por tu apoyo. \u00a1Y por muchos a\u00f1os m\u00e1s de lucha juntos!&nbsp;&nbsp;<\/p>\n","protected":false},"excerpt":{"rendered":"<p>Un gran momento para festejar lo logrado y juntar fuerzas y alegr\u00eda para seguir. <\/p>\n","protected":false},"author":22,"featured_media":10591,"comment_status":"closed","ping_status":"open","sticky":false,"template":"","format":"standard","meta":{"ep_exclude_from_search":false,"p4_og_title":"Celebramos 14 a\u00f1os de historia en Colombia \ud83e\udd73 \u00a1y nos preparamos para los desaf\u00edos que vienen! ","p4_og_description":"Un gran momento para festejar lo logrado y juntar fuerzas y alegr\u00eda para seguir. ","p4_og_image":"https:\/\/www.greenpeace.org\/static\/planet4-colombia-stateless\/2023\/09\/584009a5-ebook-colombia.png","p4_og_image_id":"10591","p4_seo_canonical_url":"","p4_campaign_name":"","p4_local_project":"","p4_basket_name":"","p4_department":"","footnotes":""},"categories":[41,37,51],"tags":[23,49,27],"p4-page-type":[14],"class_list":["post-10590","post","type-post","status-publish","format-standard","has-post-thumbnail","hentry","category-blog","category-greenpeace","category-sustentabilidad","tag-plasticos","tag-basta-de-basura","tag-socios","p4-page-type-blog"],"_links":{"self":[{"href":"https:\/\/www.greenpeace.org\/colombia\/wp-json\/wp\/v2\/posts\/10590","targetHints":{"allow":["GET"]}}],"collection":[{"href":"https:\/\/www.greenpeace.org\/colombia\/wp-json\/wp\/v2\/posts"}],"about":[{"href":"https:\/\/www.greenpeace.org\/colombia\/wp-json\/wp\/v2\/types\/post"}],"author":[{"embeddable":true,"href":"https:\/\/www.greenpeace.org\/colombia\/wp-json\/wp\/v2\/users\/22"}],"replies":[{"embeddable":true,"href":"https:\/\/www.greenpeace.org\/colombia\/wp-json\/wp\/v2\/comments?post=10590"}],"version-history":[{"count":7,"href":"https:\/\/www.greenpeace.org\/colombia\/wp-json\/wp\/v2\/posts\/10590\/revisions"}],"predecessor-version":[{"id":15513,"href":"https:\/\/www.greenpeace.org\/colombia\/wp-json\/wp\/v2\/posts\/10590\/revisions\/15513"}],"wp:featuredmedia":[{"embeddable":true,"href":"https:\/\/www.greenpeace.org\/colombia\/wp-json\/wp\/v2\/media\/10591"}],"wp:attachment":[{"href":"https:\/\/www.greenpeace.org\/colombia\/wp-json\/wp\/v2\/media?parent=10590"}],"wp:term":[{"taxonomy":"category","embeddable":true,"href":"https:\/\/www.greenpeace.org\/colombia\/wp-json\/wp\/v2\/categories?post=10590"},{"taxonomy":"post_tag","embeddable":true,"href":"https:\/\/www.greenpeace.org\/colombia\/wp-json\/wp\/v2\/tags?post=10590"},{"taxonomy":"p4-page-type","embeddable":true,"href":"https:\/\/www.greenpeace.org\/colombia\/wp-json\/wp\/v2\/p4-page-type?post=10590"}],"curies":[{"name":"wp","href":"https:\/\/api.w.org\/{rel}","templated":true}]}}