{"id":11002,"date":"2023-12-13T19:03:50","date_gmt":"2023-12-13T19:03:50","guid":{"rendered":"https:\/\/www.greenpeace.org\/colombia\/?p=11002"},"modified":"2023-12-20T19:58:50","modified_gmt":"2023-12-20T19:58:50","slug":"nunca-es-tarde-para-sumarte-derribamos-5-mitos-sobre-que-es-ser-activista","status":"publish","type":"post","link":"https:\/\/www.greenpeace.org\/colombia\/blog\/campanas\/sustentabilidad\/nunca-es-tarde-para-sumarte-derribamos-5-mitos-sobre-que-es-ser-activista\/","title":{"rendered":"Nunca es tarde para sumarte! Derribamos 5 mitos sobre qu\u00e9 es ser activista"},"content":{"rendered":"\n<p>Todas las personas somos protagonistas de la lucha frente al cambio clim\u00e1tico. Sin embargo, circulan varios <strong>mitos sobre c\u00f3mo es participar de una causa ambiental<\/strong> que terminan <strong>siendo un obst\u00e1culo para que m\u00e1s <strong>personas <\/strong> se involucren<\/strong>.&nbsp;<\/p>\n\n<p>Si bien es cierto que desde Greenpeace estamos siempre trabajando para hacer de la comunidad activista un lugar seguro y acogedor, las ideas erradas sobre c\u00f3mo es luchar por nuestro planeta que circulan suelen desalentar la participaci\u00f3n.&nbsp;<\/p>\n\n<p>Por eso, a continuaci\u00f3n derribamos ciertos preconceptos sobre el activismo para que te animes a pasar a la acci\u00f3n \ud83c\udf0e\ud83d\udcaa.&nbsp;&nbsp;<\/p>\n\n<h2 class=\"wp-block-heading\">&gt; <strong>No es necesario que sepas todo sobre medio ambiente <\/strong><\/h2>\n\n<figure class=\"wp-block-image size-large is-resized\"><img loading=\"lazy\" decoding=\"async\" src=\"https:\/\/www.greenpeace.org\/static\/planet4-colombia-stateless\/2023\/08\/4bbde1fd-gpco-plogging-colombia-credito-nathalia-angarita-greenpeace-44-1024x683.jpeg\" alt=\"\" class=\"wp-image-10373\" width=\"700\" height=\"420\"\/><\/figure>\n\n<p>Para ser activista no hace falta tener un conocimiento absoluto sobre cambio clim\u00e1tico o pol\u00edticas ambientales. Tampoco se necesita tener conocimiento t\u00e9cnico. Basta con <strong>que tengas ganas de aprender, de defender a la naturaleza y de sumar <\/strong>para lograr justicia clim\u00e1tica y social. Si esto te describe, tenemos una buena noticia: \u00a1est\u00e1s en el lugar indicado!&nbsp;<\/p>\n\n<h2 class=\"wp-block-heading\">&gt; <strong>No es s\u00f3lo para personas s\u00faper valientes&nbsp;<\/strong><\/h2>\n\n<p>El estereotipo del activista suele ser el de alguien que no siente miedo, que es aguerrido y arriesgado. Pero esto no es tan as\u00ed. Desde ya, se requiere coraje para defender aquello en lo que se cree pero eso <strong>no significa que no sientas nervios<\/strong>.&nbsp;<\/p>\n\n<figure class=\"wp-block-image size-full is-resized\"><img loading=\"lazy\" decoding=\"async\" src=\"https:\/\/www.greenpeace.org\/static\/planet4-colombia-stateless\/2023\/07\/2e654460-gp0stque4_web_size_with_credit_line.jpg\" alt=\"\" class=\"wp-image-7635\" width=\"785\" height=\"521\" srcset=\"https:\/\/www.greenpeace.org\/static\/planet4-colombia-stateless\/2023\/07\/2e654460-gp0stque4_web_size_with_credit_line.jpg 800w, https:\/\/www.greenpeace.org\/static\/planet4-colombia-stateless\/2023\/07\/2e654460-gp0stque4_web_size_with_credit_line-300x199.jpg 300w, https:\/\/www.greenpeace.org\/static\/planet4-colombia-stateless\/2023\/07\/2e654460-gp0stque4_web_size_with_credit_line-768x510.jpg 768w\" sizes=\"auto, (max-width: 785px) 100vw, 785px\" \/><\/figure>\n\n<p>A todos y todas nos inquieta movilizarnos y poner el cuerpo por las causas en las que creemos. Ante las dudas y miedos que puedan surgir <strong>la mejor herramienta es unirnos a nuestro grupo y brindarnos apoyo mutuo<\/strong>.&nbsp;<\/p>\n\n<p>Adem\u00e1s, hay que remarcar que ser parte de un equipo que se manifiesta y toma acciones directas no violentas puede ser muy empoderador \ud83d\ude42.<\/p>\n\n<figure class=\"wp-block-embed is-type-wp-embed is-provider-greenpeace-colombia wp-block-embed-greenpeace-colombia\"><div class=\"wp-block-embed__wrapper\">\n<blockquote class=\"wp-embedded-content\" data-secret=\"8otW4eGcR2\"><a href=\"https:\/\/www.greenpeace.org\/colombia\/blog\/issues\/climayenergia\/como-hackear-el-discurso-de-las-corporaciones-a-traves-del-activismo\/\">C\u00f3mo hackear el discurso de las corporaciones a trav\u00e9s del activismo<\/a><\/blockquote><iframe loading=\"lazy\" class=\"wp-embedded-content\" sandbox=\"allow-scripts\" security=\"restricted\" style=\"position: absolute; clip: rect(1px, 1px, 1px, 1px);\" title=\"&#8220;C\u00f3mo hackear el discurso de las corporaciones a trav\u00e9s del activismo&#8221; &#8212; Greenpeace Colombia\" src=\"https:\/\/www.greenpeace.org\/colombia\/blog\/issues\/climayenergia\/como-hackear-el-discurso-de-las-corporaciones-a-traves-del-activismo\/embed\/#?secret=u7vRCrUD5Z#?secret=8otW4eGcR2\" data-secret=\"8otW4eGcR2\" width=\"500\" height=\"282\" frameborder=\"0\" marginwidth=\"0\" marginheight=\"0\" scrolling=\"no\"><\/iframe>\n<\/div><\/figure>\n\n<h2 class=\"wp-block-heading\">&gt; <strong>No hace falta un entrenamiento f\u00edsico intenso<\/strong><\/h2>\n\n<p>Otra idea que suele haber sobre los activistas es que son s\u00faper intr\u00e9pidos y que est\u00e1n siempre corriendo, escalando o navegando. Esto tampoco es tan as\u00ed: <strong>mucho de lo que se hace no requiere esfuerzos f\u00edsicos<\/strong>.<\/p>\n\n<figure class=\"wp-block-image size-large is-resized\"><img loading=\"lazy\" decoding=\"async\" src=\"https:\/\/www.greenpeace.org\/static\/planet4-colombia-stateless\/2023\/06\/08659e28-gpco-dia-abejas-semillas-andinas-plaza-imperial-credito-juan-pablo-eijo-greenpeace-26-1024x683.jpg\" alt=\"\" class=\"wp-image-7483\" width=\"768\" height=\"512\" srcset=\"https:\/\/www.greenpeace.org\/static\/planet4-colombia-stateless\/2023\/06\/08659e28-gpco-dia-abejas-semillas-andinas-plaza-imperial-credito-juan-pablo-eijo-greenpeace-26-1024x683.jpg 1024w, https:\/\/www.greenpeace.org\/static\/planet4-colombia-stateless\/2023\/06\/08659e28-gpco-dia-abejas-semillas-andinas-plaza-imperial-credito-juan-pablo-eijo-greenpeace-26-300x200.jpg 300w, https:\/\/www.greenpeace.org\/static\/planet4-colombia-stateless\/2023\/06\/08659e28-gpco-dia-abejas-semillas-andinas-plaza-imperial-credito-juan-pablo-eijo-greenpeace-26-768x513.jpg 768w, https:\/\/www.greenpeace.org\/static\/planet4-colombia-stateless\/2023\/06\/08659e28-gpco-dia-abejas-semillas-andinas-plaza-imperial-credito-juan-pablo-eijo-greenpeace-26-1536x1025.jpg 1536w, https:\/\/www.greenpeace.org\/static\/planet4-colombia-stateless\/2023\/06\/08659e28-gpco-dia-abejas-semillas-andinas-plaza-imperial-credito-juan-pablo-eijo-greenpeace-26-2048x1366.jpg 2048w, https:\/\/www.greenpeace.org\/static\/planet4-colombia-stateless\/2023\/06\/08659e28-gpco-dia-abejas-semillas-andinas-plaza-imperial-credito-juan-pablo-eijo-greenpeace-26-510x340.jpg 510w\" sizes=\"auto, (max-width: 768px) 100vw, 768px\" \/><\/figure>\n\n<p>Son <strong>muchas las formas de ser activista<\/strong>: <strong>hablar en p\u00fablico, ocupar lugares de inter\u00e9s<\/strong>, cuidar a compa\u00f1eros y compa\u00f1eras  etc. Cada persona aporta sus destrezas y habilidades a la lucha, sean f\u00edsicas o intelectuales, la verdad es que todas son importantes y necesarias.&nbsp;<\/p>\n\n<h2 class=\"wp-block-heading\">&gt; <strong>No est\u00e1s solo\/a<\/strong>. <strong>Hay equipo y capacitaci\u00f3n<\/strong><\/h2>\n\n<p>Aunque el activismo contempla ciertos riesgos calculados, <strong>la seguridad y el bienestar de los y las activistas son una prioridad para Greenpeace<\/strong>. Si eres parte de nuestro equipo ser\u00e1s siempre instruido y entrenado con rigurosidad, adem\u00e1s de que nuestro equipo legal te acompa\u00f1ar\u00e1n a cada paso que des.&nbsp;<\/p>\n\n<figure class=\"wp-block-image aligncenter size-full is-resized\"><img loading=\"lazy\" decoding=\"async\" src=\"https:\/\/www.greenpeace.org\/static\/planet4-colombia-stateless\/2023\/07\/68016802-feria_bogota.jpg\" title=\"Voluntarios y voluntarias\" alt=\"Voluntarios y voluntarias\n\" class=\"wp-image-10061\" width=\"640\" height=\"426\" srcset=\"https:\/\/www.greenpeace.org\/static\/planet4-colombia-stateless\/2023\/07\/68016802-feria_bogota.jpg 640w, https:\/\/www.greenpeace.org\/static\/planet4-colombia-stateless\/2023\/07\/68016802-feria_bogota-300x200.jpg 300w, https:\/\/www.greenpeace.org\/static\/planet4-colombia-stateless\/2023\/07\/68016802-feria_bogota-510x340.jpg 510w\" sizes=\"auto, (max-width: 640px) 100vw, 640px\" \/><\/figure>\n\n<p>Sumado a tu grupo de trabajo m\u00e1s inmediato, <strong>hay una comunidad activista amigable y organizada a tu disposici\u00f3n<\/strong>.<\/p>\n\n<h2 class=\"wp-block-heading\">&gt; <strong>El activismo cambia al mundo<\/strong><\/h2>\n\n<p>La protesta pac\u00edfica no es la \u00fanica manera de luchar por la causa en la que crees pero s\u00ed es una herramienta poderosa que ya comprob\u00f3 su eficacia para cambiar el mundo.&nbsp;<\/p>\n<div data-hydrate=\"planet4-blocks\/gallery\" data-attributes=\"{&quot;attributes&quot;:{&quot;multiple_image&quot;:&quot;10593,10941,10592&quot;,&quot;image_data&quot;:[{&quot;url&quot;:&quot;https:\\\/\\\/www.greenpeace.org\\\/static\\\/planet4-colombia-stateless\\\/2023\\\/09\\\/728b7a80-ley-de-asbesto-8-scaled.jpg&quot;,&quot;focalPoint&quot;:{&quot;x&quot;:0.5,&quot;y&quot;:0.5},&quot;id&quot;:10593},{&quot;url&quot;:&quot;https:\\\/\\\/www.greenpeace.org\\\/static\\\/planet4-colombia-stateless\\\/2023\\\/12\\\/3e84e6ed-ecoalianza.jpg&quot;,&quot;focalPoint&quot;:{&quot;x&quot;:0.5,&quot;y&quot;:0.5},&quot;id&quot;:10941},{&quot;url&quot;:&quot;https:\\\/\\\/www.greenpeace.org\\\/static\\\/planet4-colombia-stateless\\\/2023\\\/09\\\/8607c883-plasticos-8.jpg&quot;,&quot;focalPoint&quot;:{&quot;x&quot;:0.5,&quot;y&quot;:0.5},&quot;id&quot;:10592}],&quot;className&quot;:&quot;is-style-three-columns&quot;,&quot;gallery_block_style&quot;:0,&quot;gallery_block_title&quot;:&quot;&quot;,&quot;gallery_block_description&quot;:&quot;&quot;,&quot;gallery_block_focus_points&quot;:&quot;&quot;,&quot;images&quot;:[{&quot;image_src&quot;:&quot;https:\\\/\\\/www.greenpeace.org\\\/static\\\/planet4-colombia-stateless\\\/2023\\\/09\\\/728b7a80-ley-de-asbesto-8-scaled.jpg&quot;,&quot;image_srcset&quot;:&quot;https:\\\/\\\/www.greenpeace.org\\\/static\\\/planet4-colombia-stateless\\\/2023\\\/09\\\/728b7a80-ley-de-asbesto-8-scaled.jpg 2560w, https:\\\/\\\/www.greenpeace.org\\\/static\\\/planet4-colombia-stateless\\\/2023\\\/09\\\/728b7a80-ley-de-asbesto-8-300x200.jpg 300w, https:\\\/\\\/www.greenpeace.org\\\/static\\\/planet4-colombia-stateless\\\/2023\\\/09\\\/728b7a80-ley-de-asbesto-8-1024x683.jpg 1024w, https:\\\/\\\/www.greenpeace.org\\\/static\\\/planet4-colombia-stateless\\\/2023\\\/09\\\/728b7a80-ley-de-asbesto-8-768x512.jpg 768w, https:\\\/\\\/www.greenpeace.org\\\/static\\\/planet4-colombia-stateless\\\/2023\\\/09\\\/728b7a80-ley-de-asbesto-8-1536x1024.jpg 1536w, https:\\\/\\\/www.greenpeace.org\\\/static\\\/planet4-colombia-stateless\\\/2023\\\/09\\\/728b7a80-ley-de-asbesto-8-2048x1366.jpg 2048w, https:\\\/\\\/www.greenpeace.org\\\/static\\\/planet4-colombia-stateless\\\/2023\\\/09\\\/728b7a80-ley-de-asbesto-8-510x340.jpg 510w&quot;,&quot;image_sizes&quot;:false,&quot;alt_text&quot;:&quot;&quot;,&quot;caption&quot;:&quot;\\u201cLas experiencias positivas de casi un centenar de pa\\u00edses alrededor del mundo demuestran que la prohibici\\u00f3n y el reemplazo del asbesto es posible. Las consecuencias econ\\u00f3micas y laborales no justifican el uso de una sustancia t\\u00f3xica y que da\\u00f1a la salud de los colombianos. La evidencia social y cient\\u00edfica est\\u00e1 del lado de la prohibici\\u00f3n del asbesto\\u201d, dijo Silvia G\\u00f3mez, directora de Greenpeace Colombia. De acuerdo con el Instituto Nacional de Cancerolog\\u00eda, ha sido responsable de 1744 muertes por c\\u00e1ncer de pulm\\u00f3n entre 2010 y 2014.&quot;,&quot;focus_image&quot;:&quot;&quot;,&quot;credits&quot;:&quot;&quot;},{&quot;image_src&quot;:&quot;https:\\\/\\\/www.greenpeace.org\\\/static\\\/planet4-colombia-stateless\\\/2023\\\/12\\\/3e84e6ed-ecoalianza.jpg&quot;,&quot;image_srcset&quot;:&quot;https:\\\/\\\/www.greenpeace.org\\\/static\\\/planet4-colombia-stateless\\\/2023\\\/12\\\/3e84e6ed-ecoalianza.jpg 2080w, https:\\\/\\\/www.greenpeace.org\\\/static\\\/planet4-colombia-stateless\\\/2023\\\/12\\\/3e84e6ed-ecoalianza-300x202.jpg 300w, https:\\\/\\\/www.greenpeace.org\\\/static\\\/planet4-colombia-stateless\\\/2023\\\/12\\\/3e84e6ed-ecoalianza-1024x691.jpg 1024w, https:\\\/\\\/www.greenpeace.org\\\/static\\\/planet4-colombia-stateless\\\/2023\\\/12\\\/3e84e6ed-ecoalianza-768x518.jpg 768w, https:\\\/\\\/www.greenpeace.org\\\/static\\\/planet4-colombia-stateless\\\/2023\\\/12\\\/3e84e6ed-ecoalianza-1536x1036.jpg 1536w, https:\\\/\\\/www.greenpeace.org\\\/static\\\/planet4-colombia-stateless\\\/2023\\\/12\\\/3e84e6ed-ecoalianza-2048x1381.jpg 2048w, https:\\\/\\\/www.greenpeace.org\\\/static\\\/planet4-colombia-stateless\\\/2023\\\/12\\\/3e84e6ed-ecoalianza-2025x1366.jpg 2025w, https:\\\/\\\/www.greenpeace.org\\\/static\\\/planet4-colombia-stateless\\\/2023\\\/12\\\/3e84e6ed-ecoalianza-504x340.jpg 504w&quot;,&quot;image_sizes&quot;:false,&quot;alt_text&quot;:&quot;&quot;,&quot;caption&quot;:&quot;&quot;,&quot;focus_image&quot;:&quot;&quot;,&quot;credits&quot;:&quot;&quot;},{&quot;image_src&quot;:&quot;https:\\\/\\\/www.greenpeace.org\\\/static\\\/planet4-colombia-stateless\\\/2023\\\/09\\\/8607c883-plasticos-8.jpg&quot;,&quot;image_srcset&quot;:&quot;https:\\\/\\\/www.greenpeace.org\\\/static\\\/planet4-colombia-stateless\\\/2023\\\/09\\\/8607c883-plasticos-8.jpg 2500w, https:\\\/\\\/www.greenpeace.org\\\/static\\\/planet4-colombia-stateless\\\/2023\\\/09\\\/8607c883-plasticos-8-300x200.jpg 300w, https:\\\/\\\/www.greenpeace.org\\\/static\\\/planet4-colombia-stateless\\\/2023\\\/09\\\/8607c883-plasticos-8-1024x683.jpg 1024w, https:\\\/\\\/www.greenpeace.org\\\/static\\\/planet4-colombia-stateless\\\/2023\\\/09\\\/8607c883-plasticos-8-768x512.jpg 768w, https:\\\/\\\/www.greenpeace.org\\\/static\\\/planet4-colombia-stateless\\\/2023\\\/09\\\/8607c883-plasticos-8-1536x1024.jpg 1536w, https:\\\/\\\/www.greenpeace.org\\\/static\\\/planet4-colombia-stateless\\\/2023\\\/09\\\/8607c883-plasticos-8-2048x1366.jpg 2048w, https:\\\/\\\/www.greenpeace.org\\\/static\\\/planet4-colombia-stateless\\\/2023\\\/09\\\/8607c883-plasticos-8-510x340.jpg 510w&quot;,&quot;image_sizes&quot;:false,&quot;alt_text&quot;:&quot;&quot;,&quot;caption&quot;:&quot;Cientos de manifestantes se congregaron en el coraz\\u00f3n de la capital para alertar respecto de las graves consecuencias medioambientales que est\\u00e1 generando la contaminaci\\u00f3n por pl\\u00e1stico.  De acuerdo a la ONG, cada colombiano consume 24 kilos de pl\\u00e1stico al a\\u00f1o.&quot;,&quot;focus_image&quot;:&quot;&quot;,&quot;credits&quot;:&quot;&quot;}]}}\"><section class=\"block split-three-column is-style-three-columns\"><\/section><\/div>\n<p><strong>Gracias al activismo, se han ganado derechos que hoy hacen nuestra vida mejor<\/strong>. Los movimientos de resistencia han escrito gran&nbsp; parte de la historia moderna y desde Greenpeace nos enorgullecemos de haber ayudado a lograr muchas de esas victorias.&nbsp;<\/p>\n\t\t\t<section\n\t\t\tclass=\"boxout  \"\n\t\t\t\n\t\t>\n\t\t\t<a\n\t\t\t\tdata-ga-category=\"Take Action Boxout\"\n\t\t\t\tdata-ga-action=\"Image\"\n\t\t\t\tdata-ga-label=\"n\/a\"\n\t\t\t\tclass=\"cover-card-overlay\"\n\t\t\t\thref=\"https:\/\/www.greenpeace.org\/colombia\/asociate\/\" \n\t\t\t><\/a>\n\t\t\t\t\t\t\t<img\n\t\t\t\t\t\tsrc=\"https:\/\/www.greenpeace.org\/static\/planet4-colombia-stateless\/2023\/08\/262a78a8-senadores-jf45060-1024x684.jpg\"\n\t\t\t\t\t\tsrcset=\"https:\/\/www.greenpeace.org\/static\/planet4-colombia-stateless\/2023\/08\/262a78a8-senadores-jf45060-300x200.jpg 300w, https:\/\/www.greenpeace.org\/static\/planet4-colombia-stateless\/2023\/08\/262a78a8-senadores-jf45060-1024x684.jpg 1024w, https:\/\/www.greenpeace.org\/static\/planet4-colombia-stateless\/2023\/08\/262a78a8-senadores-jf45060-768x513.jpg 768w, https:\/\/www.greenpeace.org\/static\/planet4-colombia-stateless\/2023\/08\/262a78a8-senadores-jf45060-1536x1025.jpg 1536w, https:\/\/www.greenpeace.org\/static\/planet4-colombia-stateless\/2023\/08\/262a78a8-senadores-jf45060-2048x1367.jpg 2048w, https:\/\/www.greenpeace.org\/static\/planet4-colombia-stateless\/2023\/08\/262a78a8-senadores-jf45060-2046x1366.jpg 2046w, https:\/\/www.greenpeace.org\/static\/planet4-colombia-stateless\/2023\/08\/262a78a8-senadores-jf45060-510x340.jpg 510w\"\n\t\t\t\t\t\tsizes=\"(min-width: 1000px) 358px, (min-width: 780px) 313px, 88px\"\n\t\t\t\t\t\talt=\"La organizaci\u00f3n ambientalista sorprendi\u00f3 hoy en la Plaza Bol\u00edvar cuando m\u00e1s de 20 activistas llegaron y algunos de ellos escalaron los m\u00e1stiles para desplegar un gran cartel con un reclamo directo a los Senadores de la Comisi\u00f3n S\u00e9ptima, que tratar\u00e1n el proyecto de ley Ana Cecilia Ni\u00f1o que busca prohibir esta fibra en las pr\u00f3ximas semanas.\" title=\"La organizaci\u00f3n ambientalista sorprendi\u00f3 hoy en la Plaza Bol\u00edvar cuando m\u00e1s de 20 activistas llegaron y algunos de ellos escalaron los m\u00e1stiles para desplegar un gran cartel con un reclamo directo a los Senadores de la Comisi\u00f3n S\u00e9ptima, que tratar\u00e1n el proyecto de ley Ana Cecilia Ni\u00f1o que busca prohibir esta fibra en las pr\u00f3ximas semanas.\"\n\t\t\t\t\/>\n            \t\t\t<div class=\"boxout-content\">\n\t\t\t\t\t\t\t\t\t<a\n\t\t\t\t\t\tclass=\"boxout-heading medium\"\n\t\t\t\t\t\tdata-ga-category=\"Take Action Boxout\"\n\t\t\t\t\t\tdata-ga-action=\"Title\"\n\t\t\t\t\t\tdata-ga-label=\"n\/a\"\n\t\t\t\t\t\thref=\"https:\/\/www.greenpeace.org\/colombia\/asociate\/\"\n\t\t\t\t\t\t\n\t\t\t\t\t>\n\t\t\t\t\t\tS\u00famate a Greenpeace\n\t\t\t\t\t<\/a>\n\t\t\t\t\t\t\t\t\t\t\t\t\t<p class=\"boxout-excerpt\">\u00a1S\u00famate y ay\u00fadanos a seguir luchando por el cuidado de nuestro planeta!<\/p>\n\t\t\t\t                                    <a\n                        class=\"btn btn-primary\"\n                        data-ga-category=\"Take Action Boxout\"\n                        data-ga-action=\"Call to Action\"\n                        data-ga-label=\"n\/a\"\n                        href=\"https:\/\/www.greenpeace.org\/colombia\/asociate\/\"\n                        \n                    >\n                        As\u00f3ciate\n                    <\/a>\n                \t\t\t<\/div>\n\t\t\t\t\t<\/section>\n\t","protected":false},"excerpt":{"rendered":"<p>Derribamos ciertos mitos errados sobre el activismo para que te animes a pasar a la acci\u00f3n \ud83c\udf0e\ud83d\udcaa.<\/p>\n","protected":false},"author":53,"featured_media":10373,"comment_status":"closed","ping_status":"open","sticky":false,"template":"","format":"standard","meta":{"ep_exclude_from_search":false,"p4_og_title":"5 ideas erradas sobre qu\u00e9 es ser activista ","p4_og_description":" Derribamos ciertos mitos errados sobre el activismo para que te animes a pasar a la acci\u00f3n \ud83c\udf0e\ud83d\udcaa.","p4_og_image":"https:\/\/www.greenpeace.org\/static\/planet4-colombia-stateless\/2023\/09\/728b7a80-ley-de-asbesto-8-scaled.jpg","p4_og_image_id":"10593","p4_seo_canonical_url":"","p4_campaign_name":"","p4_local_project":"","p4_basket_name":"","p4_department":"","footnotes":""},"categories":[51],"tags":[29],"p4-page-type":[14],"class_list":["post-11002","post","type-post","status-publish","format-standard","has-post-thumbnail","hentry","category-sustentabilidad","tag-voluntarios","p4-page-type-blog"],"_links":{"self":[{"href":"https:\/\/www.greenpeace.org\/colombia\/wp-json\/wp\/v2\/posts\/11002","targetHints":{"allow":["GET"]}}],"collection":[{"href":"https:\/\/www.greenpeace.org\/colombia\/wp-json\/wp\/v2\/posts"}],"about":[{"href":"https:\/\/www.greenpeace.org\/colombia\/wp-json\/wp\/v2\/types\/post"}],"author":[{"embeddable":true,"href":"https:\/\/www.greenpeace.org\/colombia\/wp-json\/wp\/v2\/users\/53"}],"replies":[{"embeddable":true,"href":"https:\/\/www.greenpeace.org\/colombia\/wp-json\/wp\/v2\/comments?post=11002"}],"version-history":[{"count":13,"href":"https:\/\/www.greenpeace.org\/colombia\/wp-json\/wp\/v2\/posts\/11002\/revisions"}],"predecessor-version":[{"id":11097,"href":"https:\/\/www.greenpeace.org\/colombia\/wp-json\/wp\/v2\/posts\/11002\/revisions\/11097"}],"wp:featuredmedia":[{"embeddable":true,"href":"https:\/\/www.greenpeace.org\/colombia\/wp-json\/wp\/v2\/media\/10373"}],"wp:attachment":[{"href":"https:\/\/www.greenpeace.org\/colombia\/wp-json\/wp\/v2\/media?parent=11002"}],"wp:term":[{"taxonomy":"category","embeddable":true,"href":"https:\/\/www.greenpeace.org\/colombia\/wp-json\/wp\/v2\/categories?post=11002"},{"taxonomy":"post_tag","embeddable":true,"href":"https:\/\/www.greenpeace.org\/colombia\/wp-json\/wp\/v2\/tags?post=11002"},{"taxonomy":"p4-page-type","embeddable":true,"href":"https:\/\/www.greenpeace.org\/colombia\/wp-json\/wp\/v2\/p4-page-type?post=11002"}],"curies":[{"name":"wp","href":"https:\/\/api.w.org\/{rel}","templated":true}]}}