{"id":11315,"date":"2024-01-30T13:04:06","date_gmt":"2024-01-30T13:04:06","guid":{"rendered":"https:\/\/www.greenpeace.org\/colombia\/?p=11315"},"modified":"2025-07-02T07:21:51","modified_gmt":"2025-07-02T07:21:51","slug":"que-son-las-islas-de-calor-urbanas-y-que-hacer-para-evitar-que-se-generen","status":"publish","type":"post","link":"https:\/\/www.greenpeace.org\/colombia\/blog\/campanas\/climayenergia\/que-son-las-islas-de-calor-urbanas-y-que-hacer-para-evitar-que-se-generen\/","title":{"rendered":"\u00bfQu\u00e9 son las islas de calor urbanas y qu\u00e9 hacer para evitar que se generen?"},"content":{"rendered":"\n<p>En especial durante los veranos, hay d\u00edas tan calurosos que todos rogamos que llegue la noche para que tengamos un poco de alivio. Pero el sol cae y la ciudad contin\u00faa siendo de fuego. Abrimos las ventanas pero el aire no se mueve. As\u00ed, hasta querer dormir termina siendo una misi\u00f3n imposible.&nbsp;<\/p>\n\n<figure class=\"wp-block-image size-full\"><img loading=\"lazy\" decoding=\"async\" width=\"800\" height=\"533\" src=\"https:\/\/www.greenpeace.org\/static\/planet4-colombia-stateless\/2024\/01\/d3ad1ff4-gp0sttsmn_low_res_with_credit_line.jpg\" alt=\"\" class=\"wp-image-11318\" srcset=\"https:\/\/www.greenpeace.org\/static\/planet4-colombia-stateless\/2024\/01\/d3ad1ff4-gp0sttsmn_low_res_with_credit_line.jpg 800w, https:\/\/www.greenpeace.org\/static\/planet4-colombia-stateless\/2024\/01\/d3ad1ff4-gp0sttsmn_low_res_with_credit_line-300x200.jpg 300w, https:\/\/www.greenpeace.org\/static\/planet4-colombia-stateless\/2024\/01\/d3ad1ff4-gp0sttsmn_low_res_with_credit_line-768x512.jpg 768w, https:\/\/www.greenpeace.org\/static\/planet4-colombia-stateless\/2024\/01\/d3ad1ff4-gp0sttsmn_low_res_with_credit_line-510x340.jpg 510w\" sizes=\"auto, (max-width: 800px) 100vw, 800px\" \/><figcaption class=\"wp-element-caption\">Los activistas protestan por las insuficientes pol\u00edticas clim\u00e1ticas en Austria y a nivel internacional.\nLa instalaci\u00f3n en llamas es una llamada de atenci\u00f3n para salvar el Amazonas y es un s\u00edmbolo de uno de los veranos m\u00e1s calurosos de la historia.<\/figcaption><\/figure>\n\n<p>\u00bfTe suena esta escena? Si has vivido algo similar en tu ciudad, queremos decirte que entonces sentiste de cerca los efectos de la<strong> isla de calor<\/strong>.&nbsp;<\/p>\n\n<p>Tal es el nombre que recibe la consecuencia por el cual <strong>\u00e1reas urbanas experimentan temperaturas significativamente m\u00e1s altas que las rurales<\/strong>. Detr\u00e1s de este fen\u00f3meno est\u00e1 la planificaci\u00f3n de la ciudad: concentraci\u00f3n de edificios, pavimento y falta de vegetaci\u00f3n.<\/p>\n\n<figure class=\"wp-block-image size-full\"><img loading=\"lazy\" decoding=\"async\" width=\"800\" height=\"533\" src=\"https:\/\/www.greenpeace.org\/static\/planet4-colombia-stateless\/2024\/01\/693c989c-gp0stxe7k_low_res_with_credit_line.jpg\" alt=\"\" class=\"wp-image-11317\" srcset=\"https:\/\/www.greenpeace.org\/static\/planet4-colombia-stateless\/2024\/01\/693c989c-gp0stxe7k_low_res_with_credit_line.jpg 800w, https:\/\/www.greenpeace.org\/static\/planet4-colombia-stateless\/2024\/01\/693c989c-gp0stxe7k_low_res_with_credit_line-300x200.jpg 300w, https:\/\/www.greenpeace.org\/static\/planet4-colombia-stateless\/2024\/01\/693c989c-gp0stxe7k_low_res_with_credit_line-768x512.jpg 768w, https:\/\/www.greenpeace.org\/static\/planet4-colombia-stateless\/2024\/01\/693c989c-gp0stxe7k_low_res_with_credit_line-510x340.jpg 510w\" sizes=\"auto, (max-width: 800px) 100vw, 800px\" \/><figcaption class=\"wp-element-caption\">Greenpeace Se\u00fal junto con j\u00f3venes activistas realizan una actuaci\u00f3n en las calles populares de Sinchon, Se\u00fal, colocando carteles con &#8220;Esperanza&#8221;, &#8220;1,5 grados&#8221; e im\u00e1genes de personas tomadas con una c\u00e1mara t\u00e9rmica.<\/figcaption><\/figure>\n\n<h2 class=\"wp-block-heading\"><strong>\u00bfQu\u00e9 es el efecto isla de calor y por qu\u00e9 surge?&nbsp;<\/strong><\/h2>\n\n<p>En 1817 Luke Howard descubri\u00f3 la existencia de este fen\u00f3meno por primera vez.&nbsp;<\/p>\n\n<p>Reci\u00e9n para 1958 surgi\u00f3 el concepto \u201cisla de calor urbana\u201d -tal como lo conocemos hoy- de la mano del climat\u00f3logo ingl\u00e9s Gordon Manley. Cuando el cient\u00edfico relacion\u00f3 la reducci\u00f3n de las precipitaciones de nieve en las ciudades de su pa\u00eds con el aumento de las temperaturas en los \u00e1mbitos urbanos.&nbsp;<\/p>\n\n<p>Desde entonces, se comprob\u00f3 que <strong>al crecer la infraestructura urbana <\/strong>(desde edificios hasta calles y autopistas) cambian las propiedades t\u00e9rmicas y reflectivas, lo que <strong>afecta al microclima local. <\/strong>Es entonces que esas zonas se vuelven m\u00e1s propensas a retener el calor.<\/p>\n\n<p>Esto <strong>se debe en parte a que los materiales de construcci\u00f3n<\/strong> utilizados en las urbes, que generalmente son oscuros, absorben m\u00e1s energ\u00eda del sol. Con una dispersi\u00f3n m\u00e1s lenta de la radiaci\u00f3n solar, hay m\u00e1s chances de que se generen las islas de calor.&nbsp;<\/p>\n\n<div class=\"wp-block-columns is-layout-flex wp-container-core-columns-is-layout-9d6595d7 wp-block-columns-is-layout-flex\">\n<div class=\"wp-block-column is-layout-flow wp-block-column-is-layout-flow\" style=\"flex-basis:50%\">\n<figure class=\"wp-block-image size-full\"><img loading=\"lazy\" decoding=\"async\" width=\"800\" height=\"534\" src=\"https:\/\/www.greenpeace.org\/static\/planet4-colombia-stateless\/2024\/01\/eb9009a4-gp0stuc9m_low_res_with_credit_line.jpg\" alt=\"\" class=\"wp-image-11320\" style=\"aspect-ratio:4\/3;object-fit:cover\" srcset=\"https:\/\/www.greenpeace.org\/static\/planet4-colombia-stateless\/2024\/01\/eb9009a4-gp0stuc9m_low_res_with_credit_line.jpg 800w, https:\/\/www.greenpeace.org\/static\/planet4-colombia-stateless\/2024\/01\/eb9009a4-gp0stuc9m_low_res_with_credit_line-300x200.jpg 300w, https:\/\/www.greenpeace.org\/static\/planet4-colombia-stateless\/2024\/01\/eb9009a4-gp0stuc9m_low_res_with_credit_line-768x513.jpg 768w, https:\/\/www.greenpeace.org\/static\/planet4-colombia-stateless\/2024\/01\/eb9009a4-gp0stuc9m_low_res_with_credit_line-510x340.jpg 510w\" sizes=\"auto, (max-width: 800px) 100vw, 800px\" \/><figcaption class=\"wp-element-caption\">Paisaje urbano de Busan.<\/figcaption><\/figure>\n<\/div>\n\n\n\n<div class=\"wp-block-column is-layout-flow wp-block-column-is-layout-flow\" style=\"flex-basis:50%\">\n<figure class=\"wp-block-image size-full is-resized\"><img loading=\"lazy\" decoding=\"async\" width=\"800\" height=\"600\" src=\"https:\/\/www.greenpeace.org\/static\/planet4-colombia-stateless\/2024\/01\/2fc1246f-gp1sv9wy_low_res_with_credit_line.jpg\" alt=\"\" class=\"wp-image-11323\" style=\"aspect-ratio:4\/3;object-fit:cover;width:352px;height:auto\" srcset=\"https:\/\/www.greenpeace.org\/static\/planet4-colombia-stateless\/2024\/01\/2fc1246f-gp1sv9wy_low_res_with_credit_line.jpg 800w, https:\/\/www.greenpeace.org\/static\/planet4-colombia-stateless\/2024\/01\/2fc1246f-gp1sv9wy_low_res_with_credit_line-300x225.jpg 300w, https:\/\/www.greenpeace.org\/static\/planet4-colombia-stateless\/2024\/01\/2fc1246f-gp1sv9wy_low_res_with_credit_line-768x576.jpg 768w, https:\/\/www.greenpeace.org\/static\/planet4-colombia-stateless\/2024\/01\/2fc1246f-gp1sv9wy_low_res_with_credit_line-453x340.jpg 453w\" sizes=\"auto, (max-width: 800px) 100vw, 800px\" \/><figcaption class=\"wp-element-caption\">Paisaje urbano de Bogot\u00e1.<\/figcaption><\/figure>\n<\/div>\n<\/div>\n\n<p>Otro factor que contribuye a su ocurrencia es que vivimos en<strong> ciudades <\/strong>que est\u00e1n cada vez&nbsp; <strong>m\u00e1s densamente construidas.<\/strong> Y as\u00ed, esta din\u00e1mica que ya es lenta de por s\u00ed hace que el <strong>aire caliente se mantenga por varias horas <\/strong>en este tipo de colonias.&nbsp;<\/p>\n\n<p>A su vez la ubicaci\u00f3n geogr\u00e1fica de una ciudad, las variables del clima local y la intensidad de cambios estacionales tambi\u00e9n afectan su formaci\u00f3n.&nbsp;<\/p>\n\n<p>Por \u00faltimo, hay una vinculaci\u00f3n cercana con el cambio clim\u00e1tico porque <strong>a medida que las temperaturas globales aumentan, las ciudades experimentan un calentamiento adicional<\/strong>.<\/p>\n\n<figure class=\"wp-block-image size-full\"><img loading=\"lazy\" decoding=\"async\" width=\"800\" height=\"533\" src=\"https:\/\/www.greenpeace.org\/static\/planet4-colombia-stateless\/2024\/01\/0c93099d-gp0stu0bv_low_res_with_credit_line.jpg\" alt=\"\" class=\"wp-image-11319\" srcset=\"https:\/\/www.greenpeace.org\/static\/planet4-colombia-stateless\/2024\/01\/0c93099d-gp0stu0bv_low_res_with_credit_line.jpg 800w, https:\/\/www.greenpeace.org\/static\/planet4-colombia-stateless\/2024\/01\/0c93099d-gp0stu0bv_low_res_with_credit_line-300x200.jpg 300w, https:\/\/www.greenpeace.org\/static\/planet4-colombia-stateless\/2024\/01\/0c93099d-gp0stu0bv_low_res_with_credit_line-768x512.jpg 768w, https:\/\/www.greenpeace.org\/static\/planet4-colombia-stateless\/2024\/01\/0c93099d-gp0stu0bv_low_res_with_credit_line-510x340.jpg 510w\" sizes=\"auto, (max-width: 800px) 100vw, 800px\" \/><figcaption class=\"wp-element-caption\">Debido a la crisis clim\u00e1tica, los veranos en Viena son cada a\u00f1o m\u00e1s calurosos. La ciudad se convierte en una isla de calor urbana, donde no refresca por las noches ya que el hormig\u00f3n mantiene el calor atrapado. Muchos ciudadanos luchan contra el calor, que cada a\u00f1o provoca graves problemas de salud y de sue\u00f1o. En 2018, 766 personas murieron en Austria debido a las olas de calor.<\/figcaption><\/figure>\n\n<p>Por todo esto, no hay que subestimar lo que genera el efecto isla de calor. No se trata s\u00f3lo de restar confort a quienes habitan las ciudades sino que la salud de las personas se ve en <strong>riesgo real<\/strong> a <strong>causa del estr\u00e9s t\u00e9rmico, golpes de calor y problemas respiratorios<\/strong> que puede generar.&nbsp;<\/p>\n\n<p>Pero las complicaciones que traen no terminan ah\u00ed. Pues tambi\u00e9n contribuyen a la mala calidad del aire al aumentar la formaci\u00f3n de contaminantes atmosf\u00e9ricos.&nbsp;<\/p>\n\n<h2 class=\"wp-block-heading\"><strong>\u00bfQu\u00e9 soluciones existen frente al efecto isla de calor?&nbsp;<\/strong><\/h2>\n\n<p>Para que las ciudades puedan \u201crefrescarse\u201d hay que empezar por exigir a los gobiernos que tomen medidas como<strong> sumar espacios verdes (o ampliar los existentes)<\/strong>, <strong>plantar m\u00e1s \u00e1rboles (y cuidar mucho a los que ya tenemos)<\/strong>.&nbsp;<\/p>\n\n<p>Ciudades como Par\u00eds ya tomaron la posta en este sentido plantando 25.000 \u00e1rboles donde antes hab\u00eda asfalto, con la meta puesta en crear 300 hect\u00e1reas adicionales de \u00e1reas verdes de aqu\u00ed a 2040.<\/p>\n\n<figure class=\"wp-block-embed aligncenter is-type-rich is-provider-twitter wp-block-embed-twitter\"><div class=\"wp-block-embed__wrapper\">\n<blockquote class=\"twitter-tweet\" data-width=\"500\" data-dnt=\"true\"><p lang=\"es\" dir=\"ltr\">Plantan 25.000 \u00e1rboles en Par\u00eds en 5 meses, y casi 1.000 de ellos en calles donde se ha levantado el asfalto. <a href=\"https:\/\/t.co\/5kcFuwSS9z\">pic.twitter.com\/5kcFuwSS9z<\/a><\/p>&mdash; Mobility Behaviour \ud83c\udf93 (@davidlois_UNED) <a href=\"https:\/\/twitter.com\/davidlois_UNED\/status\/1664273421705052163?ref_src=twsrc%5Etfw\">June 1, 2023<\/a><\/blockquote><script async src=\"https:\/\/platform.twitter.com\/widgets.js\" charset=\"utf-8\"><\/script>\n<\/div><\/figure>\n\n<p>Sin ir m\u00e1s lejos, est\u00e1 comprobado que las urbes donde hay cuerpos de agua y parques no se padecen temperaturas tan altas a lo largo del a\u00f1o.<\/p>\n\n<figure class=\"wp-block-image size-full\"><img loading=\"lazy\" decoding=\"async\" width=\"800\" height=\"533\" src=\"https:\/\/www.greenpeace.org\/static\/planet4-colombia-stateless\/2024\/01\/4528b78a-gp1suivd_low_res_with_credit_line.jpg\" alt=\"\" class=\"wp-image-11322\" srcset=\"https:\/\/www.greenpeace.org\/static\/planet4-colombia-stateless\/2024\/01\/4528b78a-gp1suivd_low_res_with_credit_line.jpg 800w, https:\/\/www.greenpeace.org\/static\/planet4-colombia-stateless\/2024\/01\/4528b78a-gp1suivd_low_res_with_credit_line-300x200.jpg 300w, https:\/\/www.greenpeace.org\/static\/planet4-colombia-stateless\/2024\/01\/4528b78a-gp1suivd_low_res_with_credit_line-768x512.jpg 768w, https:\/\/www.greenpeace.org\/static\/planet4-colombia-stateless\/2024\/01\/4528b78a-gp1suivd_low_res_with_credit_line-510x340.jpg 510w\" sizes=\"auto, (max-width: 800px) 100vw, 800px\" \/><figcaption class=\"wp-element-caption\">En el marco del D\u00eda Mundial de las Ciudades, Greenpeace Colombia instala un jard\u00edn vertical en la plaza El Rosario y exige al Concejo de Bogot\u00e1 declarar emergencia clim\u00e1tica, reverdecer la ciudad y ampliar y proteger los espacios verdes.<\/figcaption><\/figure>\n\n<p>Otra soluci\u00f3n posible es crear un plan que permita aplicar a la brevedad <strong>la tecnolog\u00eda de las cubiertas verdes<\/strong>, que tiene el potencial de ayudar a mitigar el efecto isla de calor urbana.&nbsp;<\/p>\n\n<p>Se trata de un sistema de ingenier\u00eda que permite el crecimiento de vegetaci\u00f3n en la parte superior de los edificios (techos o azoteas), manteniendo protegida su estructura. Al igual que en otras \u00e1reas verdes, la vegetaci\u00f3n que crece sobre una cubierta da sombra a las superficies y remueve calor del aire por evapotranspiraci\u00f3n.&nbsp;<\/p>\n\n<p>En definitiva, lo importante es prestar atenci\u00f3n a este fen\u00f3meno que es habitual en muchas urbes del planeta para poder implementar medidas concretas a tiempo.&nbsp;<\/p>\n\t\t\t<section\n\t\t\tclass=\"boxout  \"\n\t\t\t\n\t\t>\n\t\t\t<a\n\t\t\t\tdata-ga-category=\"Take Action Boxout\"\n\t\t\t\tdata-ga-action=\"Image\"\n\t\t\t\tdata-ga-label=\"n\/a\"\n\t\t\t\tclass=\"cover-card-overlay\"\n\t\t\t\thref=\"https:\/\/unete.greenpeace.co\/cupon_general\/?ref=web-header-boton&amp;_ga=2.65575534.1371875161.1706274801-27695169.1706274801\" target=\"_blank\"\n\t\t\t><\/a>\n\t\t\t\t\t\t\t<img\n\t\t\t\t\t\tsrc=\"https:\/\/www.greenpeace.org\/static\/planet4-colombia-stateless\/2023\/07\/68016802-feria_bogota.jpg\"\n\t\t\t\t\t\tsrcset=\"https:\/\/www.greenpeace.org\/static\/planet4-colombia-stateless\/2023\/07\/68016802-feria_bogota-300x200.jpg 300w, https:\/\/www.greenpeace.org\/static\/planet4-colombia-stateless\/2023\/07\/68016802-feria_bogota-510x340.jpg 510w, https:\/\/www.greenpeace.org\/static\/planet4-colombia-stateless\/2023\/07\/68016802-feria_bogota.jpg 640w\"\n\t\t\t\t\t\tsizes=\"(min-width: 1000px) 358px, (min-width: 780px) 313px, 88px\"\n\t\t\t\t\t\talt=\"Voluntarios y voluntarias\" title=\"Voluntarios y voluntarias\"\n\t\t\t\t\/>\n            \t\t\t<div class=\"boxout-content\">\n\t\t\t\t\t\t\t\t\t<a\n\t\t\t\t\t\tclass=\"boxout-heading medium\"\n\t\t\t\t\t\tdata-ga-category=\"Take Action Boxout\"\n\t\t\t\t\t\tdata-ga-action=\"Title\"\n\t\t\t\t\t\tdata-ga-label=\"n\/a\"\n\t\t\t\t\t\thref=\"https:\/\/unete.greenpeace.co\/cupon_general\/?ref=web-header-boton&amp;_ga=2.65575534.1371875161.1706274801-27695169.1706274801\"\n\t\t\t\t\t\ttarget=\"_blank\"\n\t\t\t\t\t>\n\t\t\t\t\t\tAp\u00f3yanos para frenar el cambio clim\u00e1tico<br>\n\t\t\t\t\t<\/a>\n\t\t\t\t\t\t\t\t                                    <a\n                        class=\"btn btn-primary\"\n                        data-ga-category=\"Take Action Boxout\"\n                        data-ga-action=\"Call to Action\"\n                        data-ga-label=\"n\/a\"\n                        href=\"https:\/\/unete.greenpeace.co\/cupon_general\/?ref=web-header-boton&amp;_ga=2.65575534.1371875161.1706274801-27695169.1706274801\"\n                        target=\"_blank\"\n                    >\n                        \u00danete ahora\n                    <\/a>\n                \t\t\t<\/div>\n\t\t\t\t\t<\/section>\n\t","protected":false},"excerpt":{"rendered":"<p>\u00bfDe qu\u00e9 se trata este fen\u00f3meno que afecta cada vez a m\u00e1s ciudades?<\/p>\n","protected":false},"author":53,"featured_media":11319,"comment_status":"closed","ping_status":"open","sticky":false,"template":"","format":"standard","meta":{"ep_exclude_from_search":false,"p4_og_title":"\u00bfQu\u00e9 son las islas de calor urbanas y qu\u00e9 hacer para evitar que se generen?","p4_og_description":"\u00bfDe qu\u00e9 se trata este fen\u00f3meno que afecta cada vez a m\u00e1s ciudades?\n","p4_og_image":"","p4_og_image_id":"","p4_seo_canonical_url":"","p4_campaign_name":"","p4_local_project":"","p4_basket_name":"","p4_department":"","footnotes":""},"categories":[3,51],"tags":[55],"p4-page-type":[14],"class_list":["post-11315","post","type-post","status-publish","format-standard","has-post-thumbnail","hentry","category-climayenergia","category-sustentabilidad","tag-cambio-climatico","p4-page-type-blog"],"_links":{"self":[{"href":"https:\/\/www.greenpeace.org\/colombia\/wp-json\/wp\/v2\/posts\/11315","targetHints":{"allow":["GET"]}}],"collection":[{"href":"https:\/\/www.greenpeace.org\/colombia\/wp-json\/wp\/v2\/posts"}],"about":[{"href":"https:\/\/www.greenpeace.org\/colombia\/wp-json\/wp\/v2\/types\/post"}],"author":[{"embeddable":true,"href":"https:\/\/www.greenpeace.org\/colombia\/wp-json\/wp\/v2\/users\/53"}],"replies":[{"embeddable":true,"href":"https:\/\/www.greenpeace.org\/colombia\/wp-json\/wp\/v2\/comments?post=11315"}],"version-history":[{"count":7,"href":"https:\/\/www.greenpeace.org\/colombia\/wp-json\/wp\/v2\/posts\/11315\/revisions"}],"predecessor-version":[{"id":15469,"href":"https:\/\/www.greenpeace.org\/colombia\/wp-json\/wp\/v2\/posts\/11315\/revisions\/15469"}],"wp:featuredmedia":[{"embeddable":true,"href":"https:\/\/www.greenpeace.org\/colombia\/wp-json\/wp\/v2\/media\/11319"}],"wp:attachment":[{"href":"https:\/\/www.greenpeace.org\/colombia\/wp-json\/wp\/v2\/media?parent=11315"}],"wp:term":[{"taxonomy":"category","embeddable":true,"href":"https:\/\/www.greenpeace.org\/colombia\/wp-json\/wp\/v2\/categories?post=11315"},{"taxonomy":"post_tag","embeddable":true,"href":"https:\/\/www.greenpeace.org\/colombia\/wp-json\/wp\/v2\/tags?post=11315"},{"taxonomy":"p4-page-type","embeddable":true,"href":"https:\/\/www.greenpeace.org\/colombia\/wp-json\/wp\/v2\/p4-page-type?post=11315"}],"curies":[{"name":"wp","href":"https:\/\/api.w.org\/{rel}","templated":true}]}}