{"id":11485,"date":"2024-03-06T19:55:44","date_gmt":"2024-03-06T19:55:44","guid":{"rendered":"https:\/\/www.greenpeace.org\/colombia\/?p=11485"},"modified":"2024-03-18T18:16:44","modified_gmt":"2024-03-18T18:16:44","slug":"tratado-global-de-los-oceanos-celebramos-el-primer-ano-de-un-acuerdo-historico-y-pedimos-su-ratificacion","status":"publish","type":"post","link":"https:\/\/www.greenpeace.org\/colombia\/blog\/campanas\/oceanos\/tratado-global-de-los-oceanos-celebramos-el-primer-ano-de-un-acuerdo-historico-y-pedimos-su-ratificacion\/","title":{"rendered":"Tratado Global de los Oc\u00e9anos: celebramos el primer a\u00f1o de un acuerdo hist\u00f3rico\u00a0y pedimos su ratificaci\u00f3n"},"content":{"rendered":"\n<figure class=\"wp-block-image size-large\"><img loading=\"lazy\" decoding=\"async\" width=\"1024\" height=\"683\" src=\"https:\/\/www.greenpeace.org\/static\/planet4-colombia-stateless\/2024\/03\/0b68694f-gpi-tratado-global-oceanos-1024x683.jpg\" alt=\"\" class=\"wp-image-11486\" srcset=\"https:\/\/www.greenpeace.org\/static\/planet4-colombia-stateless\/2024\/03\/0b68694f-gpi-tratado-global-oceanos-1024x683.jpg 1024w, https:\/\/www.greenpeace.org\/static\/planet4-colombia-stateless\/2024\/03\/0b68694f-gpi-tratado-global-oceanos-300x200.jpg 300w, https:\/\/www.greenpeace.org\/static\/planet4-colombia-stateless\/2024\/03\/0b68694f-gpi-tratado-global-oceanos-768x512.jpg 768w, https:\/\/www.greenpeace.org\/static\/planet4-colombia-stateless\/2024\/03\/0b68694f-gpi-tratado-global-oceanos-1536x1024.jpg 1536w, https:\/\/www.greenpeace.org\/static\/planet4-colombia-stateless\/2024\/03\/0b68694f-gpi-tratado-global-oceanos-2048x1366.jpg 2048w, https:\/\/www.greenpeace.org\/static\/planet4-colombia-stateless\/2024\/03\/0b68694f-gpi-tratado-global-oceanos-510x340.jpg 510w\" sizes=\"auto, (max-width: 1024px) 100vw, 1024px\" \/><figcaption class=\"wp-element-caption\">&nbsp;\u00a9 POW \/ Greenpeace<\/figcaption><\/figure>\n\n<p>Conmemoramos el<strong> primer aniversario del acuerdo hist\u00f3rico para el Tratado Global de los Oc\u00e9anos<\/strong> de la ONU. A un a\u00f1o de esta victoria monumental para la protecci\u00f3n de los mares y oc\u00e9anos, celebramos<strong> este logro que llev\u00f3 casi dos d\u00e9cadas alcanzar <\/strong>y que fue posible gracias al compromiso de organizaciones de la sociedad civil, entre ellas Greenpeace, la comunidad cient\u00edfica y miles de personas alrededor del mundo.\u00a0<\/p>\n\n<p>Adem\u00e1s, lo tomamos como una se\u00f1al importante de que el multilateralismo a\u00fan funciona en un mundo cada vez m\u00e1s dividido.<\/p>\n\n<h4 class=\"wp-block-heading\"><strong>Tratado Global de los Oc\u00e9anos: \u00e9sta es su importancia<\/strong><\/h4>\n\n<figure class=\"wp-block-image size-large\"><img loading=\"lazy\" decoding=\"async\" width=\"1024\" height=\"667\" src=\"https:\/\/www.greenpeace.org\/static\/planet4-colombia-stateless\/2024\/03\/4b771636-biodiversidad-pacifico-colombiano-ballena-jorobada-1024x667.jpg\" alt=\"\" class=\"wp-image-11483\" srcset=\"https:\/\/www.greenpeace.org\/static\/planet4-colombia-stateless\/2024\/03\/4b771636-biodiversidad-pacifico-colombiano-ballena-jorobada-1024x667.jpg 1024w, https:\/\/www.greenpeace.org\/static\/planet4-colombia-stateless\/2024\/03\/4b771636-biodiversidad-pacifico-colombiano-ballena-jorobada-300x196.jpg 300w, https:\/\/www.greenpeace.org\/static\/planet4-colombia-stateless\/2024\/03\/4b771636-biodiversidad-pacifico-colombiano-ballena-jorobada-768x500.jpg 768w, https:\/\/www.greenpeace.org\/static\/planet4-colombia-stateless\/2024\/03\/4b771636-biodiversidad-pacifico-colombiano-ballena-jorobada-1536x1001.jpg 1536w, https:\/\/www.greenpeace.org\/static\/planet4-colombia-stateless\/2024\/03\/4b771636-biodiversidad-pacifico-colombiano-ballena-jorobada-2048x1335.jpg 2048w, https:\/\/www.greenpeace.org\/static\/planet4-colombia-stateless\/2024\/03\/4b771636-biodiversidad-pacifico-colombiano-ballena-jorobada-510x332.jpg 510w\" sizes=\"auto, (max-width: 1024px) 100vw, 1024px\" \/><figcaption class=\"wp-element-caption\">\u00a9 Paul Hilton \/ Greenpeace<\/figcaption><\/figure>\n\n<p>La aprobaci\u00f3n del Tratado Internacional naci\u00f3 como una poderosa herramienta para <strong>preservar la alta mar (o aguas internacionales)<\/strong> que cubre 61% del \u00e1rea del oc\u00e9ano y que, en la actualidad, s\u00f3lo est\u00e1 protegida en apenas menos del 3%.&nbsp;<\/p>\n\n<p>La urgencia de preservar la alta mar radica en <strong>que<\/strong>, al estar fuera de la jurisdicci\u00f3n de los pa\u00edses, <strong>ha sido &#8220;agua de nadie&#8221; pr\u00e1cticamente desde siempre<\/strong>. Con este Tratado se busca revertir esa realidad en la que las pr\u00e1cticas llevadas a cabo en esas aguas, casi sin controles ni monitoreos, trajeron<strong> graves consecuencias <\/strong>para la salud de los ecosistemas marinos.<\/p>\n\n<p>Al mismo tiempo, el nuevo Tratado <strong>ayuda a mantener vivo<\/strong> <strong>el objetivo 30\u00d730 \u2013proteger el 30% de los oc\u00e9anos del mundo para 2030\u2013<\/strong> pues proporciona un camino para crear \u00e1reas total o altamente protegidas en los oc\u00e9anos del mundo. <\/p>\n\n<figure class=\"wp-block-image size-large\"><img loading=\"lazy\" decoding=\"async\" width=\"1024\" height=\"683\" src=\"https:\/\/www.greenpeace.org\/static\/planet4-colombia-stateless\/2024\/03\/1a7e751e-gpi-proteccion-oceanos-30x30-1-1024x683.jpg\" alt=\"\" class=\"wp-image-11482\" srcset=\"https:\/\/www.greenpeace.org\/static\/planet4-colombia-stateless\/2024\/03\/1a7e751e-gpi-proteccion-oceanos-30x30-1-1024x683.jpg 1024w, https:\/\/www.greenpeace.org\/static\/planet4-colombia-stateless\/2024\/03\/1a7e751e-gpi-proteccion-oceanos-30x30-1-300x200.jpg 300w, https:\/\/www.greenpeace.org\/static\/planet4-colombia-stateless\/2024\/03\/1a7e751e-gpi-proteccion-oceanos-30x30-1-768x512.jpg 768w, https:\/\/www.greenpeace.org\/static\/planet4-colombia-stateless\/2024\/03\/1a7e751e-gpi-proteccion-oceanos-30x30-1-1536x1024.jpg 1536w, https:\/\/www.greenpeace.org\/static\/planet4-colombia-stateless\/2024\/03\/1a7e751e-gpi-proteccion-oceanos-30x30-1-2048x1366.jpg 2048w, https:\/\/www.greenpeace.org\/static\/planet4-colombia-stateless\/2024\/03\/1a7e751e-gpi-proteccion-oceanos-30x30-1-510x340.jpg 510w\" sizes=\"auto, (max-width: 1024px) 100vw, 1024px\" \/><figcaption class=\"wp-element-caption\">\u00a9 Sarah Turton \/ Greenpeace<\/figcaption><\/figure>\n\n<p><\/p>\n\n<h4 class=\"wp-block-heading\"><strong>\u00bfC\u00f3mo avanz\u00f3 el Tratado Internacional de los Oc\u00e9anos?<\/strong><\/h4>\n\n<figure class=\"wp-block-image size-full\"><img loading=\"lazy\" decoding=\"async\" width=\"800\" height=\"553\" src=\"https:\/\/www.greenpeace.org\/static\/planet4-colombia-stateless\/2024\/01\/8691bf18-gp0stunis_low_res_with_credit_line.jpg\" alt=\"\" class=\"wp-image-11202\" srcset=\"https:\/\/www.greenpeace.org\/static\/planet4-colombia-stateless\/2024\/01\/8691bf18-gp0stunis_low_res_with_credit_line.jpg 800w, https:\/\/www.greenpeace.org\/static\/planet4-colombia-stateless\/2024\/01\/8691bf18-gp0stunis_low_res_with_credit_line-300x207.jpg 300w, https:\/\/www.greenpeace.org\/static\/planet4-colombia-stateless\/2024\/01\/8691bf18-gp0stunis_low_res_with_credit_line-768x531.jpg 768w, https:\/\/www.greenpeace.org\/static\/planet4-colombia-stateless\/2024\/01\/8691bf18-gp0stunis_low_res_with_credit_line-492x340.jpg 492w\" sizes=\"auto, (max-width: 800px) 100vw, 800px\" \/><\/figure>\n\n<p>Hasta ahora, cerca de 84 pa\u00edses han firmado el Tratado. Sin embargo, para que se convierta en ley y pueda entrar en vigor se requiere que al menos 60 pa\u00edses<strong> lo ratifiquen<\/strong>. <strong>Los primeros<\/strong> en hacerlo fueron <strong>Chile y Palau<\/strong>.&nbsp;<\/p>\n\n<p>El tiempo corre y s\u00f3lo faltan 6 a\u00f1os para que llegue el 2030 y con ello la fecha l\u00edmite para alcanzar el objetivo 30\u00d730. De ah\u00ed que es necesario que<strong> el resto de las naciones aceleren sus procesos internos <\/strong>para lograr la ratificaci\u00f3n de este acuerdo.<\/p>\n\n<p>Es que, como todo Tratado Internacional,<strong> para que sea vinculante (obligatorio) y pueda entrar en vigor, necesita ser ratificado por los pa\u00edses<\/strong> (y esto tiene mecanismos particulares al interior de cada naci\u00f3n).&nbsp;<\/p>\n\n<p>&#8220;Desde <strong>Greenpeace Colombia, hacemos un llamado al Ministerio de Medio ambiente a la acci\u00f3n por los oc\u00e9anos de nuestro pa\u00eds ratificando el Tratado Global de los Oc\u00e9anos.<\/strong> Una acci\u00f3n aunque parezca peque\u00f1a, puede ayudar al planeta\u201d, asegur\u00f3 Tatiana C\u00e9spedes, coordinadora de campa\u00f1as para Greenpeace Colombia.<\/p>\n\n<figure class=\"wp-block-image size-large\"><img loading=\"lazy\" decoding=\"async\" width=\"1024\" height=\"680\" src=\"https:\/\/www.greenpeace.org\/static\/planet4-colombia-stateless\/2024\/03\/9359fcaa-gpco-plastico-contaminacion-colombia-credito-martin-katz-greenpeace-1-1024x680.jpg\" alt=\"\" class=\"wp-image-11458\" srcset=\"https:\/\/www.greenpeace.org\/static\/planet4-colombia-stateless\/2024\/03\/9359fcaa-gpco-plastico-contaminacion-colombia-credito-martin-katz-greenpeace-1-1024x680.jpg 1024w, https:\/\/www.greenpeace.org\/static\/planet4-colombia-stateless\/2024\/03\/9359fcaa-gpco-plastico-contaminacion-colombia-credito-martin-katz-greenpeace-1-300x199.jpg 300w, https:\/\/www.greenpeace.org\/static\/planet4-colombia-stateless\/2024\/03\/9359fcaa-gpco-plastico-contaminacion-colombia-credito-martin-katz-greenpeace-1-768x510.jpg 768w, https:\/\/www.greenpeace.org\/static\/planet4-colombia-stateless\/2024\/03\/9359fcaa-gpco-plastico-contaminacion-colombia-credito-martin-katz-greenpeace-1-1536x1021.jpg 1536w, https:\/\/www.greenpeace.org\/static\/planet4-colombia-stateless\/2024\/03\/9359fcaa-gpco-plastico-contaminacion-colombia-credito-martin-katz-greenpeace-1-2048x1361.jpg 2048w, https:\/\/www.greenpeace.org\/static\/planet4-colombia-stateless\/2024\/03\/9359fcaa-gpco-plastico-contaminacion-colombia-credito-martin-katz-greenpeace-1-510x340.jpg 510w\" sizes=\"auto, (max-width: 1024px) 100vw, 1024px\" \/><figcaption class=\"wp-element-caption\">\u00a9 Mart\u00edn Katz \/ Greenpeace<div class=\"credit icon-left\"> \u00a9 Mart\u00edn Katz \/ Greenpeace.<\/div><\/figcaption><\/figure>\n\n<p>Una vez en marcha, este acuerdo permitir\u00e1 proteger a los ecosistemas marinos de actividades humanas da\u00f1inas como la explotaci\u00f3n petrolera, la miner\u00eda submarina y la sobrepesca, as\u00ed como de problem\u00e1ticas como la<strong> contaminaci\u00f3n por pl\u00e1sticos <\/strong>y el cambio clim\u00e1tico.<\/p>\n\n<p>La <strong>producci\u00f3n incontrolada de pl\u00e1sticos<\/strong> est\u00e1 acelerando la triple crisis planetaria \u2013cambio clim\u00e1tico, contaminaci\u00f3n y p\u00e9rdida de biodiversidad-, amenazando la salud humana y de los ecosistemas a una escala inimaginable y exacerbando las desigualdades de g\u00e9nero, econ\u00f3micas y de raza.<\/p>\n\n<h4 class=\"wp-block-heading\"><strong>La contaminaci\u00f3n<\/strong>: <strong>la mayor amenaza percibida para los oc\u00e9anos a nivel mundial<\/strong><\/h4>\n\n<p>Los<a href=\"https:\/\/www.greenpeace.org\/colombia\/noticia\/issues\/oceanos\/estudio-revela-preocupacion-generalizada-por-la-salud-de-los-oceanos-en-colombia\/\"> <strong>resultados de un relevamiento reciente realizado por YouGov Plc para Greenpeace<\/strong><\/a>, que involucr\u00f3 a 1,069 adultos en Colombia destacan la<strong> profunda preocupaci\u00f3n y el llamado a la acci\u00f3n de la poblaci\u00f3n colombiana para proteger los oc\u00e9anos y las especies marinas. <\/strong><\/p>\n\n<figure class=\"wp-block-image size-large\"><img loading=\"lazy\" decoding=\"async\" width=\"1024\" height=\"681\" src=\"https:\/\/www.greenpeace.org\/static\/planet4-colombia-stateless\/2024\/03\/2a38887c-gpco-contaminacion-plastica-santa-marta-colombia-2-1024x681.jpg\" alt=\"\" class=\"wp-image-11481\" srcset=\"https:\/\/www.greenpeace.org\/static\/planet4-colombia-stateless\/2024\/03\/2a38887c-gpco-contaminacion-plastica-santa-marta-colombia-2-1024x681.jpg 1024w, https:\/\/www.greenpeace.org\/static\/planet4-colombia-stateless\/2024\/03\/2a38887c-gpco-contaminacion-plastica-santa-marta-colombia-2-300x199.jpg 300w, https:\/\/www.greenpeace.org\/static\/planet4-colombia-stateless\/2024\/03\/2a38887c-gpco-contaminacion-plastica-santa-marta-colombia-2-768x510.jpg 768w, https:\/\/www.greenpeace.org\/static\/planet4-colombia-stateless\/2024\/03\/2a38887c-gpco-contaminacion-plastica-santa-marta-colombia-2-1536x1021.jpg 1536w, https:\/\/www.greenpeace.org\/static\/planet4-colombia-stateless\/2024\/03\/2a38887c-gpco-contaminacion-plastica-santa-marta-colombia-2-2048x1361.jpg 2048w, https:\/\/www.greenpeace.org\/static\/planet4-colombia-stateless\/2024\/03\/2a38887c-gpco-contaminacion-plastica-santa-marta-colombia-2-510x340.jpg 510w\" sizes=\"auto, (max-width: 1024px) 100vw, 1024px\" \/><figcaption class=\"wp-element-caption\">\u00a9 Mart\u00edn Katz \/ Greenpeace<\/figcaption><\/figure>\n\n<p>Con la <strong>contaminaci\u00f3n<\/strong> y la <strong>p\u00e9rdida de h\u00e1bitats costeros<\/strong> identificados como problemas urgentes, hay un fuerte respaldo para medidas gubernamentales y acuerdos internacionales que aborden estos desaf\u00edos y promuevan la conservaci\u00f3n marina en Colombia y m\u00e1s all\u00e1.<\/p>\n\n<p>Los objetos de pl\u00e1stico llegan al medio marino tardan entre d\u00e9cadas y cientos de a\u00f1os en degradarse. El tiempo de degradaci\u00f3n depende del tipo de pl\u00e1stico y de las condiciones ambientales a las que se expone (luz solar, ox\u00edgeno, agentes mec\u00e1nicos). <strong>En el caso de los oc\u00e9anos, la radiaci\u00f3n UV procedente de la luz solar es el principal agente que degrada el pl\u00e1stico.<\/strong> La acci\u00f3n del oleaje acelera este proceso y como resultado los fragmentos m\u00e1s grandes se van rompiendo en trozos m\u00e1s peque\u00f1os, generando micropl\u00e1sticos.<\/p>\n\n<p>A\u00fan con el respaldo de este documento, lo cierto es que queda mucho trabajo por hacer.&nbsp;<\/p>\n","protected":false},"excerpt":{"rendered":"<p>A un a\u00f1o de esta victoria monumental para la protecci\u00f3n de los mares y oc\u00e9anos, celebramos este logro que llev\u00f3 casi dos d\u00e9cadas alcanzar y que fue posible gracias al compromiso de organizaciones de la sociedad civil, entre ellas Greenpeace.\u00a0<\/p>\n","protected":false},"author":22,"featured_media":11486,"comment_status":"closed","ping_status":"open","sticky":false,"template":"","format":"standard","meta":{"ep_exclude_from_search":false,"p4_og_title":"Tratado Global de los Oc\u00e9anos: celebramos el primer a\u00f1o de un acuerdo hist\u00f3rico\u00a0","p4_og_description":"A un a\u00f1o de esta victoria monumental para la protecci\u00f3n de los mares y oc\u00e9anos, celebramos este logro que llev\u00f3 casi dos d\u00e9cadas alcanzar y que fue posible gracias al compromiso de organizaciones de la sociedad civil, entre ellas Greenpeace.\u00a0","p4_og_image":"https:\/\/www.greenpeace.org\/static\/planet4-colombia-stateless\/2024\/03\/0b68694f-gpi-tratado-global-oceanos-scaled.jpg","p4_og_image_id":"11486","p4_seo_canonical_url":"","p4_campaign_name":"","p4_local_project":"","p4_basket_name":"","p4_department":"","footnotes":""},"categories":[17,4],"tags":[56],"p4-page-type":[14],"class_list":["post-11485","post","type-post","status-publish","format-standard","has-post-thumbnail","hentry","category-contaminacion","category-oceanos","tag-pacifico-colombiano","p4-page-type-blog"],"_links":{"self":[{"href":"https:\/\/www.greenpeace.org\/colombia\/wp-json\/wp\/v2\/posts\/11485","targetHints":{"allow":["GET"]}}],"collection":[{"href":"https:\/\/www.greenpeace.org\/colombia\/wp-json\/wp\/v2\/posts"}],"about":[{"href":"https:\/\/www.greenpeace.org\/colombia\/wp-json\/wp\/v2\/types\/post"}],"author":[{"embeddable":true,"href":"https:\/\/www.greenpeace.org\/colombia\/wp-json\/wp\/v2\/users\/22"}],"replies":[{"embeddable":true,"href":"https:\/\/www.greenpeace.org\/colombia\/wp-json\/wp\/v2\/comments?post=11485"}],"version-history":[{"count":3,"href":"https:\/\/www.greenpeace.org\/colombia\/wp-json\/wp\/v2\/posts\/11485\/revisions"}],"predecessor-version":[{"id":11672,"href":"https:\/\/www.greenpeace.org\/colombia\/wp-json\/wp\/v2\/posts\/11485\/revisions\/11672"}],"wp:featuredmedia":[{"embeddable":true,"href":"https:\/\/www.greenpeace.org\/colombia\/wp-json\/wp\/v2\/media\/11486"}],"wp:attachment":[{"href":"https:\/\/www.greenpeace.org\/colombia\/wp-json\/wp\/v2\/media?parent=11485"}],"wp:term":[{"taxonomy":"category","embeddable":true,"href":"https:\/\/www.greenpeace.org\/colombia\/wp-json\/wp\/v2\/categories?post=11485"},{"taxonomy":"post_tag","embeddable":true,"href":"https:\/\/www.greenpeace.org\/colombia\/wp-json\/wp\/v2\/tags?post=11485"},{"taxonomy":"p4-page-type","embeddable":true,"href":"https:\/\/www.greenpeace.org\/colombia\/wp-json\/wp\/v2\/p4-page-type?post=11485"}],"curies":[{"name":"wp","href":"https:\/\/api.w.org\/{rel}","templated":true}]}}