{"id":11656,"date":"2024-03-20T20:11:08","date_gmt":"2024-03-20T20:11:08","guid":{"rendered":"https:\/\/www.greenpeace.org\/colombia\/?p=11656"},"modified":"2024-03-25T18:57:52","modified_gmt":"2024-03-25T18:57:52","slug":"colombia-es-pacifico-comienza-la-expedicion-2024-de-greenpeace-a-bordo-del-barco-arctic-sunrise-para-proteger-nuestro-oceano-pacifico-sumate-con-tu-firma","status":"publish","type":"post","link":"https:\/\/www.greenpeace.org\/colombia\/blog\/campanas\/oceanos\/colombia-es-pacifico-comienza-la-expedicion-2024-de-greenpeace-a-bordo-del-barco-arctic-sunrise-para-proteger-nuestro-oceano-pacifico-sumate-con-tu-firma\/","title":{"rendered":"\u00a1Colombia es Pac\u00edfico!\u00a0Comienza la expedici\u00f3n 2024 de Greenpeace a bordo del barco Arctic Sunrise para proteger nuestro oc\u00e9ano pac\u00edfico. \u00a1S\u00famate con tu firma!"},"content":{"rendered":"\n<h4 class=\"wp-block-heading\"><strong>Nuestros ecosistemas marinos est\u00e1n en constante riesgo por la contaminaci\u00f3n pl\u00e1stica, la pesca intensiva y la degradaci\u00f3n.<\/strong> <strong>Descubre la biodiversidad \u00fanica de nuestro mar pac\u00edfico con esta expedici\u00f3n y ap\u00f3yanos con tu firma para protegerlo<\/strong><strong>. <\/strong><strong>Frente a la actual crisis clim\u00e1tica es clave que nos comprometamos.<\/strong><\/h4>\n\n<figure class=\"wp-block-image size-large\"><img loading=\"lazy\" decoding=\"async\" width=\"1024\" height=\"529\" src=\"https:\/\/www.greenpeace.org\/static\/planet4-colombia-stateless\/2024\/03\/94aeb71c-banner-1024x529.png\" alt=\"\" class=\"wp-image-11542\" srcset=\"https:\/\/www.greenpeace.org\/static\/planet4-colombia-stateless\/2024\/03\/94aeb71c-banner-1024x529.png 1024w, https:\/\/www.greenpeace.org\/static\/planet4-colombia-stateless\/2024\/03\/94aeb71c-banner-300x155.png 300w, https:\/\/www.greenpeace.org\/static\/planet4-colombia-stateless\/2024\/03\/94aeb71c-banner-768x397.png 768w, https:\/\/www.greenpeace.org\/static\/planet4-colombia-stateless\/2024\/03\/94aeb71c-banner-510x264.png 510w, https:\/\/www.greenpeace.org\/static\/planet4-colombia-stateless\/2024\/03\/94aeb71c-banner.png 1207w\" sizes=\"auto, (max-width: 1024px) 100vw, 1024px\" \/><\/figure>\n\n<h4 class=\"wp-block-heading is-style-default has-grey-200-background-color has-background\"><strong>Viajaremos <\/strong><strong>en representaci\u00f3n tuya y de todas las personas que defienden el mar y sus especies.<\/strong><\/h4>\n\n<p>Las situaciones urgentes requieren medidas valientes. As\u00ed que este <strong>2024,<\/strong> en el que Greenpeace cumple <strong>15 a\u00f1os de presencia en Colombia<\/strong>, nuestro emblem\u00e1tico barco <strong>Arctic Sunrise<\/strong> arriba <strong>por primera vez <\/strong>al pa\u00eds en <strong>un tour<\/strong> in\u00e9dito hasta las <strong>zonas m\u00e1s espectaculares del Pac\u00edfico Colombiano.<\/strong><\/p>\n\n<figure class=\"wp-block-image size-large\"><img loading=\"lazy\" decoding=\"async\" width=\"1024\" height=\"683\" src=\"https:\/\/www.greenpeace.org\/static\/planet4-colombia-stateless\/2024\/03\/284a6801-gp0stznhb_medium_res_with_credit_line-1024x683.jpg\" alt=\"\" class=\"wp-image-11581\" srcset=\"https:\/\/www.greenpeace.org\/static\/planet4-colombia-stateless\/2024\/03\/284a6801-gp0stznhb_medium_res_with_credit_line-1024x683.jpg 1024w, https:\/\/www.greenpeace.org\/static\/planet4-colombia-stateless\/2024\/03\/284a6801-gp0stznhb_medium_res_with_credit_line-300x200.jpg 300w, https:\/\/www.greenpeace.org\/static\/planet4-colombia-stateless\/2024\/03\/284a6801-gp0stznhb_medium_res_with_credit_line-768x512.jpg 768w, https:\/\/www.greenpeace.org\/static\/planet4-colombia-stateless\/2024\/03\/284a6801-gp0stznhb_medium_res_with_credit_line-510x340.jpg 510w, https:\/\/www.greenpeace.org\/static\/planet4-colombia-stateless\/2024\/03\/284a6801-gp0stznhb_medium_res_with_credit_line.jpg 1200w\" sizes=\"auto, (max-width: 1024px) 100vw, 1024px\" \/><figcaption class=\"wp-element-caption\">Tripulaci\u00f3n a bordo del barco Arctic Sunrise en el Oc\u00e9ano Pac\u00edfico \u00a9 Tom\u00e1s Munita \/ Greenpeace<\/figcaption><\/figure>\n\n<p>Luego de su traves\u00eda investigativa en las<strong> Islas Gal\u00e1pagos<\/strong> y como parte de la<strong> campa\u00f1a internacional de Pl\u00e1sticos<\/strong>, el barco Arctic Sunrise llegar\u00e1 al puerto de <strong>Buenaventura<\/strong> y luego se dirigir\u00e1 al Santuario de Flora y Fauna <strong>Isla de Malpelo<\/strong> (declarada Sitio de Patrimonio Natural por la UNESCO) para documentar la importancia ecosist\u00e9mica de migraci\u00f3n, sustento y de biodiversidad.<\/p>\n\n<blockquote class=\"instagram-media\" data-instgrm-captioned data-instgrm-permalink=\"https:\/\/www.instagram.com\/p\/C4v--LlP9B5\/?utm_source=ig_embed&amp;utm_campaign=loading\" data-instgrm-version=\"14\" style=\" background:#FFF; border:0; border-radius:3px; box-shadow:0 0 1px 0 rgba(0,0,0,0.5),0 1px 10px 0 rgba(0,0,0,0.15); margin: 1px; max-width:540px; min-width:326px; padding:0; width:99.375%; width:-webkit-calc(100% - 2px); width:calc(100% - 2px);\"><div style=\"padding:16px;\"> <a href=\"https:\/\/www.instagram.com\/p\/C4v--LlP9B5\/?utm_source=ig_embed&amp;utm_campaign=loading\" style=\" background:#FFFFFF; line-height:0; padding:0 0; text-align:center; text-decoration:none; width:100%;\" target=\"_blank\" rel=\"noopener\"> <div style=\" display: flex; flex-direction: row; align-items: center;\"> <div style=\"background-color: #F4F4F4; border-radius: 50%; flex-grow: 0; height: 40px; margin-right: 14px; width: 40px;\"><\/div> <div style=\"display: flex; flex-direction: column; flex-grow: 1; justify-content: center;\"> <div style=\" background-color: #F4F4F4; border-radius: 4px; flex-grow: 0; height: 14px; margin-bottom: 6px; width: 100px;\"><\/div> <div style=\" background-color: #F4F4F4; border-radius: 4px; flex-grow: 0; height: 14px; width: 60px;\"><\/div><\/div><\/div><div style=\"padding: 19% 0;\"><\/div> <div style=\"display:block; height:50px; margin:0 auto 12px; width:50px;\"><svg width=\"50px\" height=\"50px\" viewBox=\"0 0 60 60\" version=\"1.1\" xmlns=\"https:\/\/www.w3.org\/2000\/svg\" xmlns:xlink=\"https:\/\/www.w3.org\/1999\/xlink\"><g stroke=\"none\" stroke-width=\"1\" fill=\"none\" fill-rule=\"evenodd\"><g transform=\"translate(-511.000000, -20.000000)\" fill=\"#000000\"><g><path d=\"M556.869,30.41 C554.814,30.41 553.148,32.076 553.148,34.131 C553.148,36.186 554.814,37.852 556.869,37.852 C558.924,37.852 560.59,36.186 560.59,34.131 C560.59,32.076 558.924,30.41 556.869,30.41 M541,60.657 C535.114,60.657 530.342,55.887 530.342,50 C530.342,44.114 535.114,39.342 541,39.342 C546.887,39.342 551.658,44.114 551.658,50 C551.658,55.887 546.887,60.657 541,60.657 M541,33.886 C532.1,33.886 524.886,41.1 524.886,50 C524.886,58.899 532.1,66.113 541,66.113 C549.9,66.113 557.115,58.899 557.115,50 C557.115,41.1 549.9,33.886 541,33.886 M565.378,62.101 C565.244,65.022 564.756,66.606 564.346,67.663 C563.803,69.06 563.154,70.057 562.106,71.106 C561.058,72.155 560.06,72.803 558.662,73.347 C557.607,73.757 556.021,74.244 553.102,74.378 C549.944,74.521 548.997,74.552 541,74.552 C533.003,74.552 532.056,74.521 528.898,74.378 C525.979,74.244 524.393,73.757 523.338,73.347 C521.94,72.803 520.942,72.155 519.894,71.106 C518.846,70.057 518.197,69.06 517.654,67.663 C517.244,66.606 516.755,65.022 516.623,62.101 C516.479,58.943 516.448,57.996 516.448,50 C516.448,42.003 516.479,41.056 516.623,37.899 C516.755,34.978 517.244,33.391 517.654,32.338 C518.197,30.938 518.846,29.942 519.894,28.894 C520.942,27.846 521.94,27.196 523.338,26.654 C524.393,26.244 525.979,25.756 528.898,25.623 C532.057,25.479 533.004,25.448 541,25.448 C548.997,25.448 549.943,25.479 553.102,25.623 C556.021,25.756 557.607,26.244 558.662,26.654 C560.06,27.196 561.058,27.846 562.106,28.894 C563.154,29.942 563.803,30.938 564.346,32.338 C564.756,33.391 565.244,34.978 565.378,37.899 C565.522,41.056 565.552,42.003 565.552,50 C565.552,57.996 565.522,58.943 565.378,62.101 M570.82,37.631 C570.674,34.438 570.167,32.258 569.425,30.349 C568.659,28.377 567.633,26.702 565.965,25.035 C564.297,23.368 562.623,22.342 560.652,21.575 C558.743,20.834 556.562,20.326 553.369,20.18 C550.169,20.033 549.148,20 541,20 C532.853,20 531.831,20.033 528.631,20.18 C525.438,20.326 523.257,20.834 521.349,21.575 C519.376,22.342 517.703,23.368 516.035,25.035 C514.368,26.702 513.342,28.377 512.574,30.349 C511.834,32.258 511.326,34.438 511.181,37.631 C511.035,40.831 511,41.851 511,50 C511,58.147 511.035,59.17 511.181,62.369 C511.326,65.562 511.834,67.743 512.574,69.651 C513.342,71.625 514.368,73.296 516.035,74.965 C517.703,76.634 519.376,77.658 521.349,78.425 C523.257,79.167 525.438,79.673 528.631,79.82 C531.831,79.965 532.853,80.001 541,80.001 C549.148,80.001 550.169,79.965 553.369,79.82 C556.562,79.673 558.743,79.167 560.652,78.425 C562.623,77.658 564.297,76.634 565.965,74.965 C567.633,73.296 568.659,71.625 569.425,69.651 C570.167,67.743 570.674,65.562 570.82,62.369 C570.966,59.17 571,58.147 571,50 C571,41.851 570.966,40.831 570.82,37.631\"><\/path><\/g><\/g><\/g><\/svg><\/div><div style=\"padding-top: 8px;\"> <div style=\" color:#3897f0; font-family:Arial,sans-serif; font-size:14px; font-style:normal; font-weight:550; line-height:18px;\">Ver esta publicaci\u00f3n en Instagram<\/div><\/div><div style=\"padding: 12.5% 0;\"><\/div> <div style=\"display: flex; flex-direction: row; margin-bottom: 14px; align-items: center;\"><div> <div style=\"background-color: #F4F4F4; border-radius: 50%; height: 12.5px; width: 12.5px; transform: translateX(0px) translateY(7px);\"><\/div> <div style=\"background-color: #F4F4F4; height: 12.5px; transform: rotate(-45deg) translateX(3px) translateY(1px); width: 12.5px; flex-grow: 0; margin-right: 14px; margin-left: 2px;\"><\/div> <div style=\"background-color: #F4F4F4; border-radius: 50%; height: 12.5px; width: 12.5px; transform: translateX(9px) translateY(-18px);\"><\/div><\/div><div style=\"margin-left: 8px;\"> <div style=\" background-color: #F4F4F4; border-radius: 50%; flex-grow: 0; height: 20px; width: 20px;\"><\/div> <div style=\" width: 0; height: 0; border-top: 2px solid transparent; border-left: 6px solid #f4f4f4; border-bottom: 2px solid transparent; transform: translateX(16px) translateY(-4px) rotate(30deg)\"><\/div><\/div><div style=\"margin-left: auto;\"> <div style=\" width: 0px; border-top: 8px solid #F4F4F4; border-right: 8px solid transparent; transform: translateY(16px);\"><\/div> <div style=\" background-color: #F4F4F4; flex-grow: 0; height: 12px; width: 16px; transform: translateY(-4px);\"><\/div> <div style=\" width: 0; height: 0; border-top: 8px solid #F4F4F4; border-left: 8px solid transparent; transform: translateY(-4px) translateX(8px);\"><\/div><\/div><\/div> <div style=\"display: flex; flex-direction: column; flex-grow: 1; justify-content: center; margin-bottom: 24px;\"> <div style=\" background-color: #F4F4F4; border-radius: 4px; flex-grow: 0; height: 14px; margin-bottom: 6px; width: 224px;\"><\/div> <div style=\" background-color: #F4F4F4; border-radius: 4px; flex-grow: 0; height: 14px; width: 144px;\"><\/div><\/div><\/a><p style=\" color:#c9c8cd; font-family:Arial,sans-serif; font-size:14px; line-height:17px; margin-bottom:0; margin-top:8px; overflow:hidden; padding:8px 0 7px; text-align:center; text-overflow:ellipsis; white-space:nowrap;\"><a href=\"https:\/\/www.instagram.com\/p\/C4v--LlP9B5\/?utm_source=ig_embed&amp;utm_campaign=loading\" style=\" color:#c9c8cd; font-family:Arial,sans-serif; font-size:14px; font-style:normal; font-weight:normal; line-height:17px; text-decoration:none;\" target=\"_blank\" rel=\"noopener\">Una publicaci\u00f3n compartida de Greenpeace Colombia (@greenpeacecolombia)<\/a><\/p><\/div><\/blockquote>\n<script async src=\"\/\/www.instagram.com\/embed.js\"><\/script>\n\n<p>Nos embarcamos junto con ONGs, defensores de los oc\u00e9anos y cient\u00edficos. Vamos a <strong>documentar, investigar, denunciar las amenazas a nuestro mar, especialmente la contaminaci\u00f3n por pl\u00e1sticos. <\/strong>Rescataremos el <strong>valor de conservaci\u00f3n del Pac\u00edfico tropical de Colombia<\/strong>,<strong> los montes submarinos <\/strong>y la<strong> necesidad de aumentar las \u00e1reas marinas protegidas en Colombia.<\/strong><\/p>\n\n<p>Queremos que nos acompa\u00f1es desde tu lugar en esta aventura donde vamos a estar presentes en donde el oc\u00e9ano m\u00e1s nos necesita para defender a quienes no pueden hacerlo por s\u00ed mismos.&nbsp;<\/p>\n\n<div class=\"wp-block-buttons is-content-justification-center is-layout-flex wp-container-core-buttons-is-layout-16018d1d wp-block-buttons-is-layout-flex\">\n<div class=\"wp-block-button is-style-cta\"><a class=\"wp-block-button__link wp-element-button\" href=\"https:\/\/bit.ly\/4a5NLK7\">Suma tu firma para proteger el Pac\u00edfico Colombiano<\/a><\/div>\n<\/div>\n\n<p><\/p>\n\n<h4 class=\"wp-block-heading\"><strong>\u00bfQuienes van a bordo?<\/strong><\/h4>\n\n<p>Adem\u00e1s de la <strong>tripulaci\u00f3n<\/strong> conformada por personas de diferentes pa\u00edses nos subimos representantes de campa\u00f1as e investigaci\u00f3n de <strong>Greenpeace Andino<\/strong> y un equipo que va registrar la expedici\u00f3n de la mejor manera para que nada de lo que ocurra quede afuera y este viaje sea parte clave de la historia de Greenpeace Colombia y de la protecci\u00f3n de nuestro oc\u00e9ano pac\u00edfico.<\/p>\n\n<figure class=\"wp-block-image size-large\"><img loading=\"lazy\" decoding=\"async\" width=\"1024\" height=\"684\" src=\"https:\/\/www.greenpeace.org\/static\/planet4-colombia-stateless\/2024\/03\/04d48c51-gp0stzngm_medium_res_with_credit_line-1024x684.jpg\" alt=\"\" class=\"wp-image-11582\" srcset=\"https:\/\/www.greenpeace.org\/static\/planet4-colombia-stateless\/2024\/03\/04d48c51-gp0stzngm_medium_res_with_credit_line-1024x684.jpg 1024w, https:\/\/www.greenpeace.org\/static\/planet4-colombia-stateless\/2024\/03\/04d48c51-gp0stzngm_medium_res_with_credit_line-300x200.jpg 300w, https:\/\/www.greenpeace.org\/static\/planet4-colombia-stateless\/2024\/03\/04d48c51-gp0stzngm_medium_res_with_credit_line-768x513.jpg 768w, https:\/\/www.greenpeace.org\/static\/planet4-colombia-stateless\/2024\/03\/04d48c51-gp0stzngm_medium_res_with_credit_line-510x340.jpg 510w, https:\/\/www.greenpeace.org\/static\/planet4-colombia-stateless\/2024\/03\/04d48c51-gp0stzngm_medium_res_with_credit_line.jpg 1200w\" sizes=\"auto, (max-width: 1024px) 100vw, 1024px\" \/><figcaption class=\"wp-element-caption\">\u00a9 Tom\u00e1s Munita \/ Greenpeace<\/figcaption><\/figure>\n\n<p>Tambi\u00e9n nos acompa\u00f1ar\u00e1n un <strong>equipo de profesionales de biodiversidad marina<\/strong>: &nbsp; miembros de la <strong><a href=\"https:\/\/www.fundacionmalpelo.org\/\" target=\"_blank\" rel=\"noreferrer noopener\">Fundaci\u00f3n Malpelo <\/a>y de <a href=\"https:\/\/www.parquesnacionales.gov.co\/\" target=\"_blank\" rel=\"noreferrer noopener\">Parques Nacionales Naturales<\/a><\/strong>.&nbsp; Junto a quienes m\u00e1s saben vamos a documentar por primera vez una zona de <strong>montes submarinos<\/strong> y <strong>arrecifes.<\/strong> <\/p>\n\n<p>Mostraremos la belleza natural de un \u00e1rea que es zona de alimentaci\u00f3n o tr\u00e1nsito de varias especies ic\u00f3nicas como: <strong>Ballena Jorobada, Tibur\u00f3n Martillo, Tibur\u00f3n Ballena, Tortuga Verde.<\/strong><\/p>\n<div data-hydrate=\"planet4-blocks\/gallery\" data-attributes=\"{&quot;attributes&quot;:{&quot;gallery_block_description&quot;:&quot;Cortes\\u00eda \\u00a9 Sandra Bessudo, Fred Buyle \\u2013 Fundaci\\u00f3n Malpelo&quot;,&quot;multiple_image&quot;:&quot;11644,11642,11616,11662,11663,11757&quot;,&quot;image_data&quot;:[{&quot;url&quot;:&quot;https:\\\/\\\/www.greenpeace.org\\\/static\\\/planet4-colombia-stateless\\\/2024\\\/03\\\/4c5030d3-tortuga-marinas-expedicion-galapagos-\\u00a9-sandra-bessudo-fundacion-malpelo-scaled.jpg&quot;,&quot;focalPoint&quot;:{&quot;x&quot;:0.5,&quot;y&quot;:0.5},&quot;id&quot;:11644},{&quot;url&quot;:&quot;https:\\\/\\\/www.greenpeace.org\\\/static\\\/planet4-colombia-stateless\\\/2024\\\/03\\\/a6934a4c-tiburon-martillo-sphyrna-lewini-\\u00a9-sandra-bessudo-fundacion-malpelo-scaled.jpg&quot;,&quot;focalPoint&quot;:{&quot;x&quot;:0.5,&quot;y&quot;:0.5},&quot;id&quot;:11642},{&quot;url&quot;:&quot;https:\\\/\\\/www.greenpeace.org\\\/static\\\/planet4-colombia-stateless\\\/2024\\\/03\\\/e443afe3-ballena-jorobada-gp01clp-\\u00a9-paul-hilton-greenpeace.jpg&quot;,&quot;focalPoint&quot;:{&quot;x&quot;:0.5,&quot;y&quot;:0.5},&quot;id&quot;:11616},{&quot;url&quot;:&quot;https:\\\/\\\/www.greenpeace.org\\\/static\\\/planet4-colombia-stateless\\\/2024\\\/03\\\/43151b33-cachalote-_s4a5487-sandra-bessudo-\\u00a9-sandra-bessudo-fundacion-malpelo-scaled.jpg&quot;,&quot;focalPoint&quot;:{&quot;x&quot;:0.5,&quot;y&quot;:0.5},&quot;id&quot;:11662},{&quot;url&quot;:&quot;https:\\\/\\\/www.greenpeace.org\\\/static\\\/planet4-colombia-stateless\\\/2024\\\/03\\\/e038b7cc-otras-especies-7_\\u00a9-sandra-bessudo-fundacion-malpelo-scaled.jpg&quot;,&quot;focalPoint&quot;:{&quot;x&quot;:0.5,&quot;y&quot;:0.5},&quot;id&quot;:11663},{&quot;url&quot;:&quot;https:\\\/\\\/www.greenpeace.org\\\/static\\\/planet4-colombia-stateless\\\/2024\\\/03\\\/984abe66-tiburon-ballena-rhincodon-typus_tiburon-ballena_sandra-bessudo_mg_9468-\\u00a9-sandra-bessudo-fundacion-malpelo-scaled.jpg&quot;,&quot;focalPoint&quot;:{&quot;x&quot;:0.5,&quot;y&quot;:0.5},&quot;id&quot;:11757}],&quot;className&quot;:&quot;is-style-grid&quot;,&quot;gallery_block_style&quot;:0,&quot;gallery_block_title&quot;:&quot;&quot;,&quot;gallery_block_focus_points&quot;:&quot;&quot;,&quot;images&quot;:[{&quot;image_src&quot;:&quot;https:\\\/\\\/www.greenpeace.org\\\/static\\\/planet4-colombia-stateless\\\/2024\\\/03\\\/4c5030d3-tortuga-marinas-expedicion-galapagos-\\u00a9-sandra-bessudo-fundacion-malpelo-scaled.jpg&quot;,&quot;image_srcset&quot;:&quot;https:\\\/\\\/www.greenpeace.org\\\/static\\\/planet4-colombia-stateless\\\/2024\\\/03\\\/4c5030d3-tortuga-marinas-expedicion-galapagos-\\u00a9-sandra-bessudo-fundacion-malpelo-scaled.jpg 2560w, https:\\\/\\\/www.greenpeace.org\\\/static\\\/planet4-colombia-stateless\\\/2024\\\/03\\\/4c5030d3-tortuga-marinas-expedicion-galapagos-\\u00a9-sandra-bessudo-fundacion-malpelo-300x225.jpg 300w, https:\\\/\\\/www.greenpeace.org\\\/static\\\/planet4-colombia-stateless\\\/2024\\\/03\\\/4c5030d3-tortuga-marinas-expedicion-galapagos-\\u00a9-sandra-bessudo-fundacion-malpelo-1024x768.jpg 1024w, https:\\\/\\\/www.greenpeace.org\\\/static\\\/planet4-colombia-stateless\\\/2024\\\/03\\\/4c5030d3-tortuga-marinas-expedicion-galapagos-\\u00a9-sandra-bessudo-fundacion-malpelo-768x576.jpg 768w, https:\\\/\\\/www.greenpeace.org\\\/static\\\/planet4-colombia-stateless\\\/2024\\\/03\\\/4c5030d3-tortuga-marinas-expedicion-galapagos-\\u00a9-sandra-bessudo-fundacion-malpelo-1536x1152.jpg 1536w, https:\\\/\\\/www.greenpeace.org\\\/static\\\/planet4-colombia-stateless\\\/2024\\\/03\\\/4c5030d3-tortuga-marinas-expedicion-galapagos-\\u00a9-sandra-bessudo-fundacion-malpelo-2048x1536.jpg 2048w, https:\\\/\\\/www.greenpeace.org\\\/static\\\/planet4-colombia-stateless\\\/2024\\\/03\\\/4c5030d3-tortuga-marinas-expedicion-galapagos-\\u00a9-sandra-bessudo-fundacion-malpelo-1821x1366.jpg 1821w, https:\\\/\\\/www.greenpeace.org\\\/static\\\/planet4-colombia-stateless\\\/2024\\\/03\\\/4c5030d3-tortuga-marinas-expedicion-galapagos-\\u00a9-sandra-bessudo-fundacion-malpelo-453x340.jpg 453w&quot;,&quot;image_sizes&quot;:false,&quot;alt_text&quot;:&quot;&quot;,&quot;caption&quot;:&quot;&quot;,&quot;focus_image&quot;:&quot;&quot;,&quot;credits&quot;:&quot;&quot;},{&quot;image_src&quot;:&quot;https:\\\/\\\/www.greenpeace.org\\\/static\\\/planet4-colombia-stateless\\\/2024\\\/03\\\/a6934a4c-tiburon-martillo-sphyrna-lewini-\\u00a9-sandra-bessudo-fundacion-malpelo-scaled.jpg&quot;,&quot;image_srcset&quot;:&quot;https:\\\/\\\/www.greenpeace.org\\\/static\\\/planet4-colombia-stateless\\\/2024\\\/03\\\/a6934a4c-tiburon-martillo-sphyrna-lewini-\\u00a9-sandra-bessudo-fundacion-malpelo-scaled.jpg 2560w, https:\\\/\\\/www.greenpeace.org\\\/static\\\/planet4-colombia-stateless\\\/2024\\\/03\\\/a6934a4c-tiburon-martillo-sphyrna-lewini-\\u00a9-sandra-bessudo-fundacion-malpelo-300x214.jpg 300w, https:\\\/\\\/www.greenpeace.org\\\/static\\\/planet4-colombia-stateless\\\/2024\\\/03\\\/a6934a4c-tiburon-martillo-sphyrna-lewini-\\u00a9-sandra-bessudo-fundacion-malpelo-1024x729.jpg 1024w, https:\\\/\\\/www.greenpeace.org\\\/static\\\/planet4-colombia-stateless\\\/2024\\\/03\\\/a6934a4c-tiburon-martillo-sphyrna-lewini-\\u00a9-sandra-bessudo-fundacion-malpelo-768x547.jpg 768w, https:\\\/\\\/www.greenpeace.org\\\/static\\\/planet4-colombia-stateless\\\/2024\\\/03\\\/a6934a4c-tiburon-martillo-sphyrna-lewini-\\u00a9-sandra-bessudo-fundacion-malpelo-1536x1094.jpg 1536w, https:\\\/\\\/www.greenpeace.org\\\/static\\\/planet4-colombia-stateless\\\/2024\\\/03\\\/a6934a4c-tiburon-martillo-sphyrna-lewini-\\u00a9-sandra-bessudo-fundacion-malpelo-2048x1458.jpg 2048w, https:\\\/\\\/www.greenpeace.org\\\/static\\\/planet4-colombia-stateless\\\/2024\\\/03\\\/a6934a4c-tiburon-martillo-sphyrna-lewini-\\u00a9-sandra-bessudo-fundacion-malpelo-1919x1366.jpg 1919w, https:\\\/\\\/www.greenpeace.org\\\/static\\\/planet4-colombia-stateless\\\/2024\\\/03\\\/a6934a4c-tiburon-martillo-sphyrna-lewini-\\u00a9-sandra-bessudo-fundacion-malpelo-478x340.jpg 478w&quot;,&quot;image_sizes&quot;:false,&quot;alt_text&quot;:&quot;&quot;,&quot;caption&quot;:&quot;&quot;,&quot;focus_image&quot;:&quot;&quot;,&quot;credits&quot;:&quot;\\u00a9 Sandra Bessudo\\\/ Fundaci\\u00f3n Malpelo&quot;},{&quot;image_src&quot;:&quot;https:\\\/\\\/www.greenpeace.org\\\/static\\\/planet4-colombia-stateless\\\/2024\\\/03\\\/e443afe3-ballena-jorobada-gp01clp-\\u00a9-paul-hilton-greenpeace.jpg&quot;,&quot;image_srcset&quot;:&quot;https:\\\/\\\/www.greenpeace.org\\\/static\\\/planet4-colombia-stateless\\\/2024\\\/03\\\/e443afe3-ballena-jorobada-gp01clp-\\u00a9-paul-hilton-greenpeace.jpg 2111w, https:\\\/\\\/www.greenpeace.org\\\/static\\\/planet4-colombia-stateless\\\/2024\\\/03\\\/e443afe3-ballena-jorobada-gp01clp-\\u00a9-paul-hilton-greenpeace-300x164.jpg 300w, https:\\\/\\\/www.greenpeace.org\\\/static\\\/planet4-colombia-stateless\\\/2024\\\/03\\\/e443afe3-ballena-jorobada-gp01clp-\\u00a9-paul-hilton-greenpeace-1024x560.jpg 1024w, https:\\\/\\\/www.greenpeace.org\\\/static\\\/planet4-colombia-stateless\\\/2024\\\/03\\\/e443afe3-ballena-jorobada-gp01clp-\\u00a9-paul-hilton-greenpeace-768x420.jpg 768w, https:\\\/\\\/www.greenpeace.org\\\/static\\\/planet4-colombia-stateless\\\/2024\\\/03\\\/e443afe3-ballena-jorobada-gp01clp-\\u00a9-paul-hilton-greenpeace-1536x840.jpg 1536w, https:\\\/\\\/www.greenpeace.org\\\/static\\\/planet4-colombia-stateless\\\/2024\\\/03\\\/e443afe3-ballena-jorobada-gp01clp-\\u00a9-paul-hilton-greenpeace-2048x1121.jpg 2048w, https:\\\/\\\/www.greenpeace.org\\\/static\\\/planet4-colombia-stateless\\\/2024\\\/03\\\/e443afe3-ballena-jorobada-gp01clp-\\u00a9-paul-hilton-greenpeace-510x279.jpg 510w&quot;,&quot;image_sizes&quot;:false,&quot;alt_text&quot;:&quot;&quot;,&quot;caption&quot;:&quot;&quot;,&quot;focus_image&quot;:&quot;&quot;,&quot;credits&quot;:&quot;&quot;},{&quot;image_src&quot;:&quot;https:\\\/\\\/www.greenpeace.org\\\/static\\\/planet4-colombia-stateless\\\/2024\\\/03\\\/43151b33-cachalote-_s4a5487-sandra-bessudo-\\u00a9-sandra-bessudo-fundacion-malpelo-scaled.jpg&quot;,&quot;image_srcset&quot;:&quot;https:\\\/\\\/www.greenpeace.org\\\/static\\\/planet4-colombia-stateless\\\/2024\\\/03\\\/43151b33-cachalote-_s4a5487-sandra-bessudo-\\u00a9-sandra-bessudo-fundacion-malpelo-scaled.jpg 2560w, https:\\\/\\\/www.greenpeace.org\\\/static\\\/planet4-colombia-stateless\\\/2024\\\/03\\\/43151b33-cachalote-_s4a5487-sandra-bessudo-\\u00a9-sandra-bessudo-fundacion-malpelo-300x200.jpg 300w, https:\\\/\\\/www.greenpeace.org\\\/static\\\/planet4-colombia-stateless\\\/2024\\\/03\\\/43151b33-cachalote-_s4a5487-sandra-bessudo-\\u00a9-sandra-bessudo-fundacion-malpelo-1024x683.jpg 1024w, https:\\\/\\\/www.greenpeace.org\\\/static\\\/planet4-colombia-stateless\\\/2024\\\/03\\\/43151b33-cachalote-_s4a5487-sandra-bessudo-\\u00a9-sandra-bessudo-fundacion-malpelo-768x512.jpg 768w, https:\\\/\\\/www.greenpeace.org\\\/static\\\/planet4-colombia-stateless\\\/2024\\\/03\\\/43151b33-cachalote-_s4a5487-sandra-bessudo-\\u00a9-sandra-bessudo-fundacion-malpelo-1536x1024.jpg 1536w, https:\\\/\\\/www.greenpeace.org\\\/static\\\/planet4-colombia-stateless\\\/2024\\\/03\\\/43151b33-cachalote-_s4a5487-sandra-bessudo-\\u00a9-sandra-bessudo-fundacion-malpelo-2048x1366.jpg 2048w, https:\\\/\\\/www.greenpeace.org\\\/static\\\/planet4-colombia-stateless\\\/2024\\\/03\\\/43151b33-cachalote-_s4a5487-sandra-bessudo-\\u00a9-sandra-bessudo-fundacion-malpelo-510x340.jpg 510w&quot;,&quot;image_sizes&quot;:false,&quot;alt_text&quot;:&quot;&quot;,&quot;caption&quot;:&quot;&quot;,&quot;focus_image&quot;:&quot;&quot;,&quot;credits&quot;:&quot;&quot;},{&quot;image_src&quot;:&quot;https:\\\/\\\/www.greenpeace.org\\\/static\\\/planet4-colombia-stateless\\\/2024\\\/03\\\/e038b7cc-otras-especies-7_\\u00a9-sandra-bessudo-fundacion-malpelo-scaled.jpg&quot;,&quot;image_srcset&quot;:&quot;https:\\\/\\\/www.greenpeace.org\\\/static\\\/planet4-colombia-stateless\\\/2024\\\/03\\\/e038b7cc-otras-especies-7_\\u00a9-sandra-bessudo-fundacion-malpelo-scaled.jpg 2560w, https:\\\/\\\/www.greenpeace.org\\\/static\\\/planet4-colombia-stateless\\\/2024\\\/03\\\/e038b7cc-otras-especies-7_\\u00a9-sandra-bessudo-fundacion-malpelo-300x200.jpg 300w, https:\\\/\\\/www.greenpeace.org\\\/static\\\/planet4-colombia-stateless\\\/2024\\\/03\\\/e038b7cc-otras-especies-7_\\u00a9-sandra-bessudo-fundacion-malpelo-1024x682.jpg 1024w, https:\\\/\\\/www.greenpeace.org\\\/static\\\/planet4-colombia-stateless\\\/2024\\\/03\\\/e038b7cc-otras-especies-7_\\u00a9-sandra-bessudo-fundacion-malpelo-768x512.jpg 768w, https:\\\/\\\/www.greenpeace.org\\\/static\\\/planet4-colombia-stateless\\\/2024\\\/03\\\/e038b7cc-otras-especies-7_\\u00a9-sandra-bessudo-fundacion-malpelo-1536x1023.jpg 1536w, https:\\\/\\\/www.greenpeace.org\\\/static\\\/planet4-colombia-stateless\\\/2024\\\/03\\\/e038b7cc-otras-especies-7_\\u00a9-sandra-bessudo-fundacion-malpelo-2048x1366.jpg 2048w, https:\\\/\\\/www.greenpeace.org\\\/static\\\/planet4-colombia-stateless\\\/2024\\\/03\\\/e038b7cc-otras-especies-7_\\u00a9-sandra-bessudo-fundacion-malpelo-510x340.jpg 510w&quot;,&quot;image_sizes&quot;:false,&quot;alt_text&quot;:&quot;&quot;,&quot;caption&quot;:&quot;&quot;,&quot;focus_image&quot;:&quot;&quot;,&quot;credits&quot;:&quot;&quot;},{&quot;image_src&quot;:&quot;https:\\\/\\\/www.greenpeace.org\\\/static\\\/planet4-colombia-stateless\\\/2024\\\/03\\\/984abe66-tiburon-ballena-rhincodon-typus_tiburon-ballena_sandra-bessudo_mg_9468-\\u00a9-sandra-bessudo-fundacion-malpelo-scaled.jpg&quot;,&quot;image_srcset&quot;:&quot;https:\\\/\\\/www.greenpeace.org\\\/static\\\/planet4-colombia-stateless\\\/2024\\\/03\\\/984abe66-tiburon-ballena-rhincodon-typus_tiburon-ballena_sandra-bessudo_mg_9468-\\u00a9-sandra-bessudo-fundacion-malpelo-scaled.jpg 2560w, https:\\\/\\\/www.greenpeace.org\\\/static\\\/planet4-colombia-stateless\\\/2024\\\/03\\\/984abe66-tiburon-ballena-rhincodon-typus_tiburon-ballena_sandra-bessudo_mg_9468-\\u00a9-sandra-bessudo-fundacion-malpelo-300x200.jpg 300w, https:\\\/\\\/www.greenpeace.org\\\/static\\\/planet4-colombia-stateless\\\/2024\\\/03\\\/984abe66-tiburon-ballena-rhincodon-typus_tiburon-ballena_sandra-bessudo_mg_9468-\\u00a9-sandra-bessudo-fundacion-malpelo-1024x683.jpg 1024w, https:\\\/\\\/www.greenpeace.org\\\/static\\\/planet4-colombia-stateless\\\/2024\\\/03\\\/984abe66-tiburon-ballena-rhincodon-typus_tiburon-ballena_sandra-bessudo_mg_9468-\\u00a9-sandra-bessudo-fundacion-malpelo-768x512.jpg 768w, https:\\\/\\\/www.greenpeace.org\\\/static\\\/planet4-colombia-stateless\\\/2024\\\/03\\\/984abe66-tiburon-ballena-rhincodon-typus_tiburon-ballena_sandra-bessudo_mg_9468-\\u00a9-sandra-bessudo-fundacion-malpelo-1536x1024.jpg 1536w, https:\\\/\\\/www.greenpeace.org\\\/static\\\/planet4-colombia-stateless\\\/2024\\\/03\\\/984abe66-tiburon-ballena-rhincodon-typus_tiburon-ballena_sandra-bessudo_mg_9468-\\u00a9-sandra-bessudo-fundacion-malpelo-2048x1366.jpg 2048w, https:\\\/\\\/www.greenpeace.org\\\/static\\\/planet4-colombia-stateless\\\/2024\\\/03\\\/984abe66-tiburon-ballena-rhincodon-typus_tiburon-ballena_sandra-bessudo_mg_9468-\\u00a9-sandra-bessudo-fundacion-malpelo-510x340.jpg 510w&quot;,&quot;image_sizes&quot;:false,&quot;alt_text&quot;:&quot;&quot;,&quot;caption&quot;:&quot;&quot;,&quot;focus_image&quot;:&quot;&quot;,&quot;credits&quot;:&quot;&quot;}]}}\"><section class=\"block gallery-grid is-style-grid\"><p class=\"page-section-description\">Cortes\u00eda \u00a9 Sandra Bessudo, Fred Buyle \u2013 Fundaci\u00f3n Malpelo<\/p><\/section><\/div>\n<h4 class=\"wp-block-heading\"><strong>\u00bfPor qu\u00e9 un tour en barco?<\/strong><\/h4>\n\n<p>Nos embarcamos en esta expedici\u00f3n porque es URGENTE. En lo profundo del<strong> Oc\u00e9ano Pac\u00edfico,<\/strong> hay una \u201c<strong>superautopista<\/strong>\u201d submarina que se extiende aproximadamente 700 kil\u00f3metros (430 millas) <strong>entre las reservas marinas de las Islas Gal\u00e1pagos de Ecuador y la Isla del Coco, frente a la costa de Costa Rica, pasando por el mar pac\u00edfico Colombiano.&nbsp;<\/strong><\/p>\n\n<p>La <strong>ruta <\/strong>migratoria del <strong>Pac\u00edfico Colombiano<\/strong> es <strong>vital para la vida marina<\/strong> -incluidas tortugas marinas, tiburones, ballenas y tiburones martillo- que va y viene entre las islas, buscando un lugar para anidar o en busca de alimento.&nbsp;<\/p>\n\n<figure class=\"wp-block-image size-large\"><img loading=\"lazy\" decoding=\"async\" width=\"1024\" height=\"683\" src=\"https:\/\/www.greenpeace.org\/static\/planet4-colombia-stateless\/2024\/03\/4bc359b9-isla-malpelo-_s4a3871-sandra-bessudo-1-\u00a9-sandra-bessudo-fundacion-malpelo-1024x683.jpg\" alt=\"\" class=\"wp-image-11548\" srcset=\"https:\/\/www.greenpeace.org\/static\/planet4-colombia-stateless\/2024\/03\/4bc359b9-isla-malpelo-_s4a3871-sandra-bessudo-1-\u00a9-sandra-bessudo-fundacion-malpelo-1024x683.jpg 1024w, https:\/\/www.greenpeace.org\/static\/planet4-colombia-stateless\/2024\/03\/4bc359b9-isla-malpelo-_s4a3871-sandra-bessudo-1-\u00a9-sandra-bessudo-fundacion-malpelo-300x200.jpg 300w, https:\/\/www.greenpeace.org\/static\/planet4-colombia-stateless\/2024\/03\/4bc359b9-isla-malpelo-_s4a3871-sandra-bessudo-1-\u00a9-sandra-bessudo-fundacion-malpelo-768x512.jpg 768w, https:\/\/www.greenpeace.org\/static\/planet4-colombia-stateless\/2024\/03\/4bc359b9-isla-malpelo-_s4a3871-sandra-bessudo-1-\u00a9-sandra-bessudo-fundacion-malpelo-1536x1024.jpg 1536w, https:\/\/www.greenpeace.org\/static\/planet4-colombia-stateless\/2024\/03\/4bc359b9-isla-malpelo-_s4a3871-sandra-bessudo-1-\u00a9-sandra-bessudo-fundacion-malpelo-2048x1366.jpg 2048w, https:\/\/www.greenpeace.org\/static\/planet4-colombia-stateless\/2024\/03\/4bc359b9-isla-malpelo-_s4a3871-sandra-bessudo-1-\u00a9-sandra-bessudo-fundacion-malpelo-510x340.jpg 510w\" sizes=\"auto, (max-width: 1024px) 100vw, 1024px\" \/><figcaption class=\"wp-element-caption\">Isla Malpelo  \u00a9 Sandra Bessudo &#8211; Fundaci\u00f3n Malpelo<\/figcaption><\/figure>\n\n<p><strong>Colombia<\/strong> tiene una posici\u00f3n estrat\u00e9gica en Sudam\u00e9rica porque es <strong>el \u00fanico pa\u00eds que tiene costas en los dos mares (Pac\u00edfico y Atl\u00e1ntico). <\/strong>Casi el 50% de su jurisdicci\u00f3n es agua, relativamente igual a los territorios emergidos (continentales e insulares).<\/p>\n\n<p>Al estar en el tr\u00f3pico,<strong> cuenta con la presencia de ecosistemas marinos \u00fanicos como mesetas y montes submarinos, arrecifes coralinos, manglares y humedales<\/strong> algunos de ellos son: Parque Nacional Natural Uramba Bah\u00eda M\u00e1laga y el Santuario de Flora y Fauna Malpelo.&nbsp;<\/p>\n\n<figure class=\"wp-block-image size-large\"><img loading=\"lazy\" decoding=\"async\" width=\"1024\" height=\"683\" src=\"https:\/\/www.greenpeace.org\/static\/planet4-colombia-stateless\/2024\/03\/5f8bf0cf-arrecife-de-coral-_s4a9872-sandra-bessudo-\u00a9-sandra-bessudo-fundacion-malpelo-1024x683.jpg\" alt=\"\" class=\"wp-image-11550\" srcset=\"https:\/\/www.greenpeace.org\/static\/planet4-colombia-stateless\/2024\/03\/5f8bf0cf-arrecife-de-coral-_s4a9872-sandra-bessudo-\u00a9-sandra-bessudo-fundacion-malpelo-1024x683.jpg 1024w, https:\/\/www.greenpeace.org\/static\/planet4-colombia-stateless\/2024\/03\/5f8bf0cf-arrecife-de-coral-_s4a9872-sandra-bessudo-\u00a9-sandra-bessudo-fundacion-malpelo-300x200.jpg 300w, https:\/\/www.greenpeace.org\/static\/planet4-colombia-stateless\/2024\/03\/5f8bf0cf-arrecife-de-coral-_s4a9872-sandra-bessudo-\u00a9-sandra-bessudo-fundacion-malpelo-768x512.jpg 768w, https:\/\/www.greenpeace.org\/static\/planet4-colombia-stateless\/2024\/03\/5f8bf0cf-arrecife-de-coral-_s4a9872-sandra-bessudo-\u00a9-sandra-bessudo-fundacion-malpelo-1536x1024.jpg 1536w, https:\/\/www.greenpeace.org\/static\/planet4-colombia-stateless\/2024\/03\/5f8bf0cf-arrecife-de-coral-_s4a9872-sandra-bessudo-\u00a9-sandra-bessudo-fundacion-malpelo-2048x1366.jpg 2048w, https:\/\/www.greenpeace.org\/static\/planet4-colombia-stateless\/2024\/03\/5f8bf0cf-arrecife-de-coral-_s4a9872-sandra-bessudo-\u00a9-sandra-bessudo-fundacion-malpelo-510x340.jpg 510w\" sizes=\"auto, (max-width: 1024px) 100vw, 1024px\" \/><figcaption class=\"wp-element-caption\">Arrecife de coral  \u00a9 Sandra Bessudo &#8211; Fundaci\u00f3n Malpelo<div class=\"credit icon-left\"> \u00a9 Sandra Bessudo \/ Fundaci\u00f3n Malpelo<\/div><\/figcaption><\/figure>\n\n<p>Nuestro barco <strong>Arctic Sunrise<\/strong> es un rompehielos que viene desde las <strong>Islas Gal\u00e1pagos<\/strong> en una <strong>expedici\u00f3n internacional<\/strong> que ya lleva varios a\u00f1os denunciando las amenazas a los mares y oc\u00e9anos alrededor del mundo en campa\u00f1a por un <strong>Tratado Global sobre los Oc\u00e9anos<\/strong> que se firm\u00f3 en las Naciones Unidas hace aproximadamente un a\u00f1o. <\/p>\n\n<p>El Tratado podr\u00eda establecer santuarios marinos en el mar con un instrumento internacional jur\u00eddicamente vinculante que pueda proteger la vida y los h\u00e1bitats marinos fuera de la jurisdicci\u00f3n nacional.<\/p>\n\n<h4 class=\"wp-block-heading\"><strong>\u00bfCu\u00e1l es la amenaza?<\/strong><\/h4>\n\n<figure class=\"wp-block-image size-large\"><img loading=\"lazy\" decoding=\"async\" width=\"1024\" height=\"683\" src=\"https:\/\/www.greenpeace.org\/static\/planet4-colombia-stateless\/2024\/03\/bfb21b59-gp0stt3fe_medium_res_with_credit_line-1024x683.jpg\" title=\"Cangrejo atrapado en vaso pl\u00e1stico descartable.\" alt=\"\" class=\"wp-image-11570\" srcset=\"https:\/\/www.greenpeace.org\/static\/planet4-colombia-stateless\/2024\/03\/bfb21b59-gp0stt3fe_medium_res_with_credit_line-1024x683.jpg 1024w, https:\/\/www.greenpeace.org\/static\/planet4-colombia-stateless\/2024\/03\/bfb21b59-gp0stt3fe_medium_res_with_credit_line-300x200.jpg 300w, https:\/\/www.greenpeace.org\/static\/planet4-colombia-stateless\/2024\/03\/bfb21b59-gp0stt3fe_medium_res_with_credit_line-768x512.jpg 768w, https:\/\/www.greenpeace.org\/static\/planet4-colombia-stateless\/2024\/03\/bfb21b59-gp0stt3fe_medium_res_with_credit_line-510x340.jpg 510w, https:\/\/www.greenpeace.org\/static\/planet4-colombia-stateless\/2024\/03\/bfb21b59-gp0stt3fe_medium_res_with_credit_line.jpg 1200w\" sizes=\"auto, (max-width: 1024px) 100vw, 1024px\" \/><figcaption><div class=\"credit icon-left\"> \u00a9 Noel Guevara \/ Greenpeace<\/div><\/figcaption><\/figure>\n\n<p>Una de las amenazas para nuestro <strong>Oc\u00e9ano Pac\u00edfico<\/strong> es la <strong>contaminaci\u00f3n por pl\u00e1sticos<\/strong>. Los <strong>pl\u00e1sticos y los micropl\u00e1sticos<\/strong> se han apoderado del planeta. Su creciente producci\u00f3n y uso <strong>amenazan con contaminar todos los rincones del planeta,<\/strong> especialmente los mares, destino final de muchos de ellos, donde da\u00f1an gravemente la salud de los ecosistemas acu\u00e1ticos y la supervivencia de las especies que los habitan.&nbsp;<\/p>\n\n<p>Podemos encontrarlos en la playa, en las rocas, flotando en el agua e incluso en las zonas m\u00e1s profundas. Desde el \u00c1rtico hasta el Ant\u00e1rtico, en zonas pobladas y en islas deshabitadas.&nbsp;<\/p>\n\n<figure class=\"wp-block-image size-large\"><img loading=\"lazy\" decoding=\"async\" width=\"1024\" height=\"680\" src=\"https:\/\/www.greenpeace.org\/static\/planet4-colombia-stateless\/2024\/03\/9359fcaa-gpco-plastico-contaminacion-colombia-credito-martin-katz-greenpeace-1-1024x680.jpg\" alt=\"\" class=\"wp-image-11458\" srcset=\"https:\/\/www.greenpeace.org\/static\/planet4-colombia-stateless\/2024\/03\/9359fcaa-gpco-plastico-contaminacion-colombia-credito-martin-katz-greenpeace-1-1024x680.jpg 1024w, https:\/\/www.greenpeace.org\/static\/planet4-colombia-stateless\/2024\/03\/9359fcaa-gpco-plastico-contaminacion-colombia-credito-martin-katz-greenpeace-1-300x199.jpg 300w, https:\/\/www.greenpeace.org\/static\/planet4-colombia-stateless\/2024\/03\/9359fcaa-gpco-plastico-contaminacion-colombia-credito-martin-katz-greenpeace-1-768x510.jpg 768w, https:\/\/www.greenpeace.org\/static\/planet4-colombia-stateless\/2024\/03\/9359fcaa-gpco-plastico-contaminacion-colombia-credito-martin-katz-greenpeace-1-1536x1021.jpg 1536w, https:\/\/www.greenpeace.org\/static\/planet4-colombia-stateless\/2024\/03\/9359fcaa-gpco-plastico-contaminacion-colombia-credito-martin-katz-greenpeace-1-2048x1361.jpg 2048w, https:\/\/www.greenpeace.org\/static\/planet4-colombia-stateless\/2024\/03\/9359fcaa-gpco-plastico-contaminacion-colombia-credito-martin-katz-greenpeace-1-510x340.jpg 510w\" sizes=\"auto, (max-width: 1024px) 100vw, 1024px\" \/><figcaption class=\"wp-element-caption\">\u00a9 Mart\u00edn Katz\/ Greenpeace<div class=\"credit icon-left\"> \u00a9 Mart\u00edn Katz \/ Greenpeace.<\/div><\/figcaption><\/figure>\n\n<p>Cada a\u00f1o, l<strong>os mares y oc\u00e9anos son receptores de hasta 12 millones de toneladas de basura<\/strong>. Su f\u00e1cil dispersi\u00f3n y su lento proceso de degradaci\u00f3n hacen del pl\u00e1stico <strong>el enemigo n\u00famero uno de los mares y oc\u00e9anos<\/strong>.&nbsp;<\/p>\n\n<p>El ciclo de vida completo del pl\u00e1stico perjudica los medios de subsistencia y el clima. El hecho es que <strong>el 99% del pl\u00e1stico se fabrica a partir de combustibles f\u00f3siles -petr\u00f3leo y gas- y las grandes petroleras, en alianza con las grandes marcas, siguen fabricando m\u00e1s<\/strong>, promoviendo falsas soluciones y un modelo de un solo uso desechable en el que los beneficios empresariales se anteponen a la salud de nuestras comunidades.<\/p>\n\n<figure class=\"wp-block-image size-large\"><img loading=\"lazy\" decoding=\"async\" width=\"1024\" height=\"683\" src=\"https:\/\/www.greenpeace.org\/static\/planet4-colombia-stateless\/2024\/03\/f8008f96-gp0stznhn_medium_res_with_credit_line-1024x683.jpg\" alt=\"\" class=\"wp-image-11535\" srcset=\"https:\/\/www.greenpeace.org\/static\/planet4-colombia-stateless\/2024\/03\/f8008f96-gp0stznhn_medium_res_with_credit_line-1024x683.jpg 1024w, https:\/\/www.greenpeace.org\/static\/planet4-colombia-stateless\/2024\/03\/f8008f96-gp0stznhn_medium_res_with_credit_line-300x200.jpg 300w, https:\/\/www.greenpeace.org\/static\/planet4-colombia-stateless\/2024\/03\/f8008f96-gp0stznhn_medium_res_with_credit_line-768x512.jpg 768w, https:\/\/www.greenpeace.org\/static\/planet4-colombia-stateless\/2024\/03\/f8008f96-gp0stznhn_medium_res_with_credit_line-510x340.jpg 510w, https:\/\/www.greenpeace.org\/static\/planet4-colombia-stateless\/2024\/03\/f8008f96-gp0stznhn_medium_res_with_credit_line.jpg 1200w\" sizes=\"auto, (max-width: 1024px) 100vw, 1024px\" \/><figcaption class=\"wp-element-caption\">\u00a9 Tom\u00e1s Munita \/ Greenpeace<\/figcaption><\/figure>\n\n<p>Greenpeace, junto con nuestros aliados del Movimiento &#8220;Break Free from Plastic&#8221;, est\u00e1 trabajando para <strong>conseguir un Tratado Mundial sobre los Pl\u00e1sticos <\/strong>fuerte y jur\u00eddicamente vinculante en las Naciones Unidas para proteger a los mares y oc\u00e9anos de esta amenaza.<\/p>\n\n<h4 class=\"wp-block-heading\"><strong>\u00bfQu\u00e9 relaci\u00f3n tienen los oc\u00e9anos con la crisis clim\u00e1tica?<\/strong><\/h4>\n\n<figure class=\"wp-block-image size-large\"><img loading=\"lazy\" decoding=\"async\" width=\"1024\" height=\"683\" src=\"https:\/\/www.greenpeace.org\/static\/planet4-colombia-stateless\/2024\/03\/f47ffca1-gp0stznfz_medium_res_with_credit_line-1024x683.jpg\" alt=\"\" class=\"wp-image-11530\" srcset=\"https:\/\/www.greenpeace.org\/static\/planet4-colombia-stateless\/2024\/03\/f47ffca1-gp0stznfz_medium_res_with_credit_line-1024x683.jpg 1024w, https:\/\/www.greenpeace.org\/static\/planet4-colombia-stateless\/2024\/03\/f47ffca1-gp0stznfz_medium_res_with_credit_line-300x200.jpg 300w, https:\/\/www.greenpeace.org\/static\/planet4-colombia-stateless\/2024\/03\/f47ffca1-gp0stznfz_medium_res_with_credit_line-768x512.jpg 768w, https:\/\/www.greenpeace.org\/static\/planet4-colombia-stateless\/2024\/03\/f47ffca1-gp0stznfz_medium_res_with_credit_line-510x340.jpg 510w, https:\/\/www.greenpeace.org\/static\/planet4-colombia-stateless\/2024\/03\/f47ffca1-gp0stznfz_medium_res_with_credit_line.jpg 1200w\" sizes=\"auto, (max-width: 1024px) 100vw, 1024px\" \/><figcaption class=\"wp-element-caption\">\u00a9 Tom\u00e1s Munita \/ Greenpeace<\/figcaption><\/figure>\n\n<p>La crisis clim\u00e1tica que hoy estamos atravesando es una <strong>crisis de los oc\u00e9anos.<\/strong> Ellos representan el 7<strong>0% del planeta, y las aguas internacionales comprenden el 43% de la superficie.<\/strong> Y dado el i<strong>mportante rol<\/strong> que cumplen los oc\u00e9anos en la regulaci\u00f3n del clima (por su funci\u00f3n esencial de <strong>capturar carbono de la superficie,<\/strong> y regular los ciclos del agua) vemos las consecuencias de esta crisis en los incendios, sequ\u00edas, inundaciones y otros.<\/p>\n\n<p>Los impactos del colapso clim\u00e1tico y la <strong>explotaci\u00f3n humana en nuestros oc\u00e9anos <\/strong>es cr\u00f3nica y en algunos casos irreversible.&nbsp; Gran parte del agua de lluvia, agua potable, alimentos y sistemas clim\u00e1ticos son proporcionados o regulados por los oc\u00e9anos.&nbsp; Pero la sobrepesca, las prospecciones de gas y petr\u00f3leo y la <strong>contaminaci\u00f3n por pl\u00e1sticos <\/strong>est\u00e1n causando un enorme desgaste,<strong> afectando a la habilidad que tienen los oc\u00e9anos de hacer frente y poder lidiar con el cambio clim\u00e1tico<\/strong>.. Por eso, defender el pac\u00edfico colombiano, es clave&nbsp; en la lucha contra la crisis clim\u00e1tica.<\/p>\n\n<p>Es tal la importancia de amar y proteger nuestro pac\u00edfico colombiano con sus oc\u00e9anos y selvas tropicales que <strong>nuestro pa\u00eds fue escogido como la sede de la Conferencia de las Partes del Convenio sobre la Diversidad Biol\u00f3gica (COP16)<\/strong> a realizarse este 2024 entre octubre y noviembre. Esto es debido&nbsp; a, entre otros aspectos, la importancia ecol\u00f3gica y ambiental de <strong>Colombia<\/strong>, al ser una de las zonas m\u00e1s biodiversas del mundo y de <strong>importancia global para la regulaci\u00f3n del clima<\/strong>.<\/p>\n\n<h4 class=\"wp-block-heading\"><strong>\u00bfQu\u00e9 actividades va a hacer el barco?<\/strong><\/h4>\n\n<figure class=\"wp-block-image size-large\"><img loading=\"lazy\" decoding=\"async\" width=\"1024\" height=\"683\" src=\"https:\/\/www.greenpeace.org\/static\/planet4-colombia-stateless\/2024\/03\/30552092-gp0stzngc_medium_res_with_credit_line-1024x683.jpg\" alt=\"\" class=\"wp-image-11588\" srcset=\"https:\/\/www.greenpeace.org\/static\/planet4-colombia-stateless\/2024\/03\/30552092-gp0stzngc_medium_res_with_credit_line-1024x683.jpg 1024w, https:\/\/www.greenpeace.org\/static\/planet4-colombia-stateless\/2024\/03\/30552092-gp0stzngc_medium_res_with_credit_line-300x200.jpg 300w, https:\/\/www.greenpeace.org\/static\/planet4-colombia-stateless\/2024\/03\/30552092-gp0stzngc_medium_res_with_credit_line-768x512.jpg 768w, https:\/\/www.greenpeace.org\/static\/planet4-colombia-stateless\/2024\/03\/30552092-gp0stzngc_medium_res_with_credit_line-510x340.jpg 510w, https:\/\/www.greenpeace.org\/static\/planet4-colombia-stateless\/2024\/03\/30552092-gp0stzngc_medium_res_with_credit_line.jpg 1200w\" sizes=\"auto, (max-width: 1024px) 100vw, 1024px\" \/><figcaption class=\"wp-element-caption\">La cient\u00edfica Paola Sangolqui de la Fundaci\u00f3n de Conservaci\u00f3n&nbsp;<em>Jocotoco<\/em>, toma muestras de ADN ambiental entre Gal\u00e1pagos y Ecuador. \u00a9 Tom\u00e1s Munita \/ Greenpeace<\/figcaption><\/figure>\n\n<p>Con esta expedici\u00f3n queremos comenzar un camino hacia un Oc\u00e9ano Pac\u00edfico biodiverso y protegido, que podr\u00eda llevar a la regi\u00f3n y a Colombia a convertirse en un referente para Am\u00e9rica Latina\u00a0<\/p>\n\n<p>Esta expedici\u00f3n es posible gracias al aporte de personas individuales, lo hacemos para poder<strong> poner el cuerpo en tu nombre <\/strong>llegando a lugares inalcanzables,<strong> para documentar, investigar y enfrentar<\/strong> las amenazas.&nbsp;<\/p>\n\n<h4 class=\"wp-block-heading\"><strong>Desde hace 15 a\u00f1os Greenpeace trabaja como una organizaci\u00f3n de campa\u00f1as y acciones pac\u00edficas no violentas, independiente pol\u00edtica y econ\u00f3micamente.<\/strong><\/h4>\n\n<h4 class=\"wp-block-heading\"><strong>Vamos a escribir en conjunto una<\/strong> <strong>nueva historia para esta y las futuras generaciones. Acomp\u00e1\u00f1anos en esta traves\u00eda desde donde te encuentres a trav\u00e9s de nuestras redes sociales y firmando nuestra petici\u00f3n para proteger el Pac\u00edfico Colombiano.<\/strong><\/h4>\n\n<figure class=\"wp-block-embed is-type-wp-embed is-provider-greenpeace-colombia wp-block-embed-greenpeace-colombia\"><div class=\"wp-block-embed__wrapper\">\nhttps:\/\/www.greenpeace.org\/colombia\/colombia-pacifico\/\n<\/div><\/figure>\n","protected":false},"excerpt":{"rendered":"<p>Viajaremos en representaci\u00f3n tuya y de todas las personas que defienden el mar y sus especies.<\/p>\n","protected":false},"author":21,"featured_media":11542,"comment_status":"closed","ping_status":"open","sticky":false,"template":"","format":"standard","meta":{"ep_exclude_from_search":false,"p4_og_title":"\u00a1Colombia es Pac\u00edfico!\u00a0Comienza la expedici\u00f3n 2024 de Greenpeace a bordo del barco Arctic Sunrise para proteger nuestro oc\u00e9ano pac\u00edfico. \u00a1S\u00famate con tu firma!","p4_og_description":"Descubre la biodiversidad \u00fanica de nuestro mar pac\u00edfico con esta expedici\u00f3n y ap\u00f3yanos con tu firma para protegerlo. ","p4_og_image":"https:\/\/www.greenpeace.org\/static\/planet4-colombia-stateless\/2024\/03\/94aeb71c-banner.png","p4_og_image_id":"11542","p4_seo_canonical_url":"","p4_campaign_name":"","p4_local_project":"","p4_basket_name":"","p4_department":"","footnotes":""},"categories":[17,37,4],"tags":[56],"p4-page-type":[14],"class_list":["post-11656","post","type-post","status-publish","format-standard","has-post-thumbnail","hentry","category-contaminacion","category-greenpeace","category-oceanos","tag-pacifico-colombiano","p4-page-type-blog"],"_links":{"self":[{"href":"https:\/\/www.greenpeace.org\/colombia\/wp-json\/wp\/v2\/posts\/11656","targetHints":{"allow":["GET"]}}],"collection":[{"href":"https:\/\/www.greenpeace.org\/colombia\/wp-json\/wp\/v2\/posts"}],"about":[{"href":"https:\/\/www.greenpeace.org\/colombia\/wp-json\/wp\/v2\/types\/post"}],"author":[{"embeddable":true,"href":"https:\/\/www.greenpeace.org\/colombia\/wp-json\/wp\/v2\/users\/21"}],"replies":[{"embeddable":true,"href":"https:\/\/www.greenpeace.org\/colombia\/wp-json\/wp\/v2\/comments?post=11656"}],"version-history":[{"count":11,"href":"https:\/\/www.greenpeace.org\/colombia\/wp-json\/wp\/v2\/posts\/11656\/revisions"}],"predecessor-version":[{"id":11795,"href":"https:\/\/www.greenpeace.org\/colombia\/wp-json\/wp\/v2\/posts\/11656\/revisions\/11795"}],"wp:featuredmedia":[{"embeddable":true,"href":"https:\/\/www.greenpeace.org\/colombia\/wp-json\/wp\/v2\/media\/11542"}],"wp:attachment":[{"href":"https:\/\/www.greenpeace.org\/colombia\/wp-json\/wp\/v2\/media?parent=11656"}],"wp:term":[{"taxonomy":"category","embeddable":true,"href":"https:\/\/www.greenpeace.org\/colombia\/wp-json\/wp\/v2\/categories?post=11656"},{"taxonomy":"post_tag","embeddable":true,"href":"https:\/\/www.greenpeace.org\/colombia\/wp-json\/wp\/v2\/tags?post=11656"},{"taxonomy":"p4-page-type","embeddable":true,"href":"https:\/\/www.greenpeace.org\/colombia\/wp-json\/wp\/v2\/p4-page-type?post=11656"}],"curies":[{"name":"wp","href":"https:\/\/api.w.org\/{rel}","templated":true}]}}