{"id":12240,"date":"2024-05-07T13:34:53","date_gmt":"2024-05-07T13:34:53","guid":{"rendered":"https:\/\/www.greenpeace.org\/colombia\/?p=12240"},"modified":"2024-05-10T04:35:40","modified_gmt":"2024-05-10T04:35:40","slug":"voluntarios-de-greenpeace-visitaron-nuestro-emblematico-barco-arctic-sunrise","status":"publish","type":"post","link":"https:\/\/www.greenpeace.org\/colombia\/blog\/greenpeace\/voluntarios-de-greenpeace-visitaron-nuestro-emblematico-barco-arctic-sunrise\/","title":{"rendered":"La experiencia de voluntarias de Greenpeace Colombia en nuestro emblem\u00e1tico barco Arctic Sunrise"},"content":{"rendered":"\n<p>El <strong>equipo de voluntariado de Greenpeace Colombia<\/strong> tuvo oportunidad de conocer el barco m\u00e1s antiguo de la organizaci\u00f3n, el <strong>Arctic Sunrise<\/strong>, que visit\u00f3 nuestro pa\u00eds con motivo de la expedici\u00f3n por el Pac\u00edfico Colombiano.\u00a0<\/p>\n\n<figure class=\"wp-block-image size-large\"><img loading=\"lazy\" decoding=\"async\" width=\"1024\" height=\"683\" src=\"https:\/\/www.greenpeace.org\/static\/planet4-colombia-stateless\/2024\/04\/20240401-Voluntarios-en-el-Arctic-Sunrise-Credito-Martin-Katz-Greenpeace-14-1024x683.jpg\" alt=\"\" class=\"wp-image-11941\" srcset=\"https:\/\/www.greenpeace.org\/static\/planet4-colombia-stateless\/2024\/04\/20240401-Voluntarios-en-el-Arctic-Sunrise-Credito-Martin-Katz-Greenpeace-14-1024x683.jpg 1024w, https:\/\/www.greenpeace.org\/static\/planet4-colombia-stateless\/2024\/04\/20240401-Voluntarios-en-el-Arctic-Sunrise-Credito-Martin-Katz-Greenpeace-14-300x200.jpg 300w, https:\/\/www.greenpeace.org\/static\/planet4-colombia-stateless\/2024\/04\/20240401-Voluntarios-en-el-Arctic-Sunrise-Credito-Martin-Katz-Greenpeace-14-768x512.jpg 768w, https:\/\/www.greenpeace.org\/static\/planet4-colombia-stateless\/2024\/04\/20240401-Voluntarios-en-el-Arctic-Sunrise-Credito-Martin-Katz-Greenpeace-14-1536x1024.jpg 1536w, https:\/\/www.greenpeace.org\/static\/planet4-colombia-stateless\/2024\/04\/20240401-Voluntarios-en-el-Arctic-Sunrise-Credito-Martin-Katz-Greenpeace-14-2048x1366.jpg 2048w, https:\/\/www.greenpeace.org\/static\/planet4-colombia-stateless\/2024\/04\/20240401-Voluntarios-en-el-Arctic-Sunrise-Credito-Martin-Katz-Greenpeace-14-510x340.jpg 510w\" sizes=\"auto, (max-width: 1024px) 100vw, 1024px\" \/><figcaption class=\"wp-element-caption\">\u00a9  Mart\u00edn Katz \/Greenpeace<\/figcaption><\/figure>\n\n<figure class=\"wp-block-image size-large is-resized\"><img loading=\"lazy\" decoding=\"async\" width=\"1024\" height=\"682\" src=\"https:\/\/www.greenpeace.org\/static\/planet4-colombia-stateless\/2024\/04\/735283e2-dreym_img_0011-1024x682.jpg\" alt=\"\" class=\"wp-image-12109\" style=\"width:736px;height:auto\" srcset=\"https:\/\/www.greenpeace.org\/static\/planet4-colombia-stateless\/2024\/04\/735283e2-dreym_img_0011-1024x682.jpg 1024w, https:\/\/www.greenpeace.org\/static\/planet4-colombia-stateless\/2024\/04\/735283e2-dreym_img_0011-300x200.jpg 300w, https:\/\/www.greenpeace.org\/static\/planet4-colombia-stateless\/2024\/04\/735283e2-dreym_img_0011-768x512.jpg 768w, https:\/\/www.greenpeace.org\/static\/planet4-colombia-stateless\/2024\/04\/735283e2-dreym_img_0011-1536x1023.jpg 1536w, https:\/\/www.greenpeace.org\/static\/planet4-colombia-stateless\/2024\/04\/735283e2-dreym_img_0011-2048x1364.jpg 2048w, https:\/\/www.greenpeace.org\/static\/planet4-colombia-stateless\/2024\/04\/735283e2-dreym_img_0011-510x340.jpg 510w\" sizes=\"auto, (max-width: 1024px) 100vw, 1024px\" \/><figcaption class=\"wp-element-caption\">\u00a9  Mart\u00edn Katz \/Greenpeace<\/figcaption><\/figure>\n\n<p>Luego de vivir este buen momento a bordo, las protagonistas cuentan en primera persona c\u00f3mo fue la experiencia:<\/p>\n\n<h2 class=\"wp-block-heading has-grey-800-color has-text-color has-link-color has-large-font-size wp-elements-3f9e98e282a2b6d72bddbc8426c3b0ae\"><strong>El testimonio de Luisa, voluntaria de Greenpeace desde 2022<\/strong> \ud83e\udd70<\/h2>\n\n<div class=\"wp-block-columns is-layout-flex wp-container-core-columns-is-layout-9d6595d7 wp-block-columns-is-layout-flex\">\n<div class=\"wp-block-column is-layout-flow wp-block-column-is-layout-flow\">\n<p>\u201cTuve la oportunidad de <strong>viajar hasta el puerto de Buenaventura<\/strong>, un recorrido que no me habr\u00eda imaginado ni en mis pensamientos m\u00e1s locos, y <strong>pisar el emblem\u00e1tico Arctic Sunrise<\/strong> para cumplir por un d\u00eda estos sue\u00f1os.<\/p>\n\n\n\n<p>El d\u00eda empez\u00f3 muy temprano en la madrugada, ten\u00eda que reunirme en el aeropuerto a las 7 AM con mis <em>compa\u00f1eres<\/em> de viaje, pues fuimos 6 quienes tuvimos la fortuna de emprender esta corta pero sustanciosa traves\u00eda.&nbsp;<\/p>\n<\/div>\n\n\n\n<div class=\"wp-block-column is-layout-flow wp-block-column-is-layout-flow\">\n<p>Luego de un viaje por aire y por tierra de unas 5 horas en total, llegamos a nuestro anhelado destino. Ver de primera mano el Arctic Sunrise, atracado en el puerto m\u00e1s importante de Colombia nos di\u00f3 una <strong>felicidad y un sentimiento de convicci\u00f3n<\/strong> de que este era solo el comienzo de meses de navegaci\u00f3n que a\u00fan tiene por delante la tripulaci\u00f3n. Un viaje que estar\u00e1 lleno de descubrimientos y conocimientos para presionar al pa\u00eds hacia una firma del Tratado Global de Pl\u00e1sticos\u201d.<\/p>\n<\/div>\n<\/div>\n\n<h2 class=\"wp-block-heading has-grey-800-color has-text-color has-link-color has-large-font-size wp-elements-8aacfa77efd622b45dbce305d49d8e10\"><strong>Sandra, voluntaria desde hace 8 a\u00f1os, revive la visita<\/strong> \ud83e\udd70<\/h2>\n\n<div class=\"wp-block-columns is-layout-flex wp-container-core-columns-is-layout-9d6595d7 wp-block-columns-is-layout-flex\">\n<div class=\"wp-block-column is-layout-flow wp-block-column-is-layout-flow\">\n<p>\u201cAl ingresar al puerto llega este m\u00e1gico momento de ver al barco de color verde con sus letras <em>Greenpeace<\/em> y su tripulaci\u00f3n. Miro al cielo <strong>con los ojos aguados y digo gracias a Dios<\/strong> por esta vivencia tan especial. Cuando observo a mis compa\u00f1eros, los veo igual de emocionados que yo. Abrazos van, abrazos vienen y al ingresar al barco siempre la mayor hospitalidad de las personas.&nbsp;<\/p>\n\n\n\n<p>Nos llevaron por un tour para mostrarnos absolutamente todo del barco: cabina de mando, cabinas de descanso, cocina, el taller donde pintamos una pancarta&nbsp; con nuestros compa\u00f1eros para la campa\u00f1a <em>Pl\u00e1sticos en el Pac\u00edfico<\/em>.&nbsp;<\/p>\n<\/div>\n\n\n\n<div class=\"wp-block-column is-layout-flow wp-block-column-is-layout-flow\">\n<p>Hoy m\u00e1s que nunca siento que lo que haces con amor, el Universo te lo devuelve multiplicado.<strong> Agradezco a Greenpeace por esta oportunidad tan hermosa<\/strong> que nos permite vivir a los voluntarios y <strong>me siento privilegiada de formar parte<\/strong> de una organizaci\u00f3n que lucha por tener un planeta mejor\u201d.<\/p>\n\n\n\n<figure class=\"wp-block-image size-large\"><img loading=\"lazy\" decoding=\"async\" width=\"1024\" height=\"577\" src=\"https:\/\/www.greenpeace.org\/static\/planet4-colombia-stateless\/2024\/05\/19928e99-copia-de-img_20240401_164839-1024x577.jpg\" alt=\"\" class=\"wp-image-12244\" style=\"aspect-ratio:1;object-fit:cover\" srcset=\"https:\/\/www.greenpeace.org\/static\/planet4-colombia-stateless\/2024\/05\/19928e99-copia-de-img_20240401_164839-1024x577.jpg 1024w, https:\/\/www.greenpeace.org\/static\/planet4-colombia-stateless\/2024\/05\/19928e99-copia-de-img_20240401_164839-300x169.jpg 300w, https:\/\/www.greenpeace.org\/static\/planet4-colombia-stateless\/2024\/05\/19928e99-copia-de-img_20240401_164839-768x432.jpg 768w, https:\/\/www.greenpeace.org\/static\/planet4-colombia-stateless\/2024\/05\/19928e99-copia-de-img_20240401_164839-1536x865.jpg 1536w, https:\/\/www.greenpeace.org\/static\/planet4-colombia-stateless\/2024\/05\/19928e99-copia-de-img_20240401_164839-2048x1153.jpg 2048w, https:\/\/www.greenpeace.org\/static\/planet4-colombia-stateless\/2024\/05\/19928e99-copia-de-img_20240401_164839-510x287.jpg 510w\" sizes=\"auto, (max-width: 1024px) 100vw, 1024px\" \/><\/figure>\n<\/div>\n<\/div>\n\n<h2 class=\"wp-block-heading has-grey-800-color has-text-color has-link-color has-large-font-size wp-elements-2b2a4852a8fbf07906bec6b8e6fe8453\"><strong>As\u00ed lo vivi\u00f3 Yuly, a punto de cumplir 10 a\u00f1os como voluntaria en Colombia<\/strong> \ud83e\udd70<\/h2>\n\n<div class=\"wp-block-columns is-layout-flex wp-container-core-columns-is-layout-9d6595d7 wp-block-columns-is-layout-flex\">\n<div class=\"wp-block-column is-layout-flow wp-block-column-is-layout-flow\">\n<p>\u201cDurante las horas en que pude conocer ese grandioso barco, se me pas\u00f3 por la mente la cantidad de tripulaci\u00f3n, ambientalistas, lugares, campa\u00f1as por las que ha luchado.&nbsp;<br>Con mucha nostalgia pero m\u00e1s alegr\u00eda, emoci\u00f3n y admiraci\u00f3n, trat\u00e9 de recorrer gran parte de los espacios <strong>sinti\u00e9ndome orgullosa<\/strong> de esto, de la organizaci\u00f3n, de que <strong>cada granito y cada peque\u00f1a acci\u00f3n s\u00ed cuentan<\/strong>. Porque cada esfuerzo desde Greenpeace Colombia ha valido la pena, para que uno de estos emblem\u00e1ticos barcos se encuentre ahora en nuestro pa\u00eds llevando un mensaje tan relevante por todo el mundo.<\/p>\n<\/div>\n\n\n\n<div class=\"wp-block-column is-layout-flow wp-block-column-is-layout-flow\">\n<p>Me fui con una mezcla de emociones y<strong> encantada con todo lo que vi y aprend\u00ed<\/strong>: las charlas del funcionamiento general del Arctic, el compartir con algunas personas de la tripulaci\u00f3n, cada espacio m\u00e1gico del barco y la funci\u00f3n que cumplen; por todo lado, el tiempo hasta para hacer un banner de la campa\u00f1a, etc. Para luego finalizar el d\u00eda con un lindo atardecer en el Pac\u00edfico y dejando un recuerdo de nuestro pa\u00eds en la entrada al barco\u201d.<\/p>\n<\/div>\n<\/div>\n\n<figure class=\"wp-block-image size-large\"><img loading=\"lazy\" decoding=\"async\" width=\"1024\" height=\"768\" src=\"https:\/\/www.greenpeace.org\/static\/planet4-colombia-stateless\/2024\/05\/34cdbb53-copia-de-img-20240401-wa0078-1024x768.jpg\" title=\"Atardecer en el Arctic Sunrise, Pac\u00edfico Colombiano.\" alt=\"Atardecer en el Arctic Sunrise, Pac\u00edfico Colombiano.\" class=\"wp-image-12243\" srcset=\"https:\/\/www.greenpeace.org\/static\/planet4-colombia-stateless\/2024\/05\/34cdbb53-copia-de-img-20240401-wa0078-1024x768.jpg 1024w, https:\/\/www.greenpeace.org\/static\/planet4-colombia-stateless\/2024\/05\/34cdbb53-copia-de-img-20240401-wa0078-300x225.jpg 300w, https:\/\/www.greenpeace.org\/static\/planet4-colombia-stateless\/2024\/05\/34cdbb53-copia-de-img-20240401-wa0078-768x576.jpg 768w, https:\/\/www.greenpeace.org\/static\/planet4-colombia-stateless\/2024\/05\/34cdbb53-copia-de-img-20240401-wa0078-1536x1152.jpg 1536w, https:\/\/www.greenpeace.org\/static\/planet4-colombia-stateless\/2024\/05\/34cdbb53-copia-de-img-20240401-wa0078-453x340.jpg 453w, https:\/\/www.greenpeace.org\/static\/planet4-colombia-stateless\/2024\/05\/34cdbb53-copia-de-img-20240401-wa0078.jpg 1600w\" sizes=\"auto, (max-width: 1024px) 100vw, 1024px\" \/><figcaption class=\"wp-element-caption\">Atardecer en el Arctic Sunrise, Pac\u00edfico Colombiano.<\/figcaption><\/figure>\n\n<h2 class=\"wp-block-heading has-grey-800-color has-text-color has-link-color has-large-font-size wp-elements-e36628359b83efd25c99e6d51e20ad5c\"><strong>La vivencia de Dana, voluntaria desde hace 2 a\u00f1os<\/strong> \ud83e\udd70<\/h2>\n\n<div class=\"wp-block-columns is-layout-flex wp-container-core-columns-is-layout-9d6595d7 wp-block-columns-is-layout-flex\">\n<div class=\"wp-block-column is-layout-flow wp-block-column-is-layout-flow\" style=\"flex-basis:50%\">\n<p>\u201cLo m\u00e1s significativo de esta experiencia fue el <strong>tiempo compartido con la tripulaci\u00f3n<\/strong>. Escuchar de primera mano qu\u00e9 significa para ellos estar all\u00ed y cargar con la responsabilidad diaria de su labor en una din\u00e1mica como esa,<strong> reforz\u00f3 mi sentido de pertenencia a una gran familia llamada Greenpeace<\/strong>. Una familia que no solo tiene voz en Colombia, sino en numerosos pa\u00edses alrededor del mundo.<\/p>\n<\/div>\n\n\n\n<div class=\"wp-block-column is-layout-flow wp-block-column-is-layout-flow\" style=\"flex-basis:50%\">\n<p>Es emocionante saber que hay <strong>personas como nosotros, preocupadas por el medio ambiente<\/strong> y por el legado que dejaremos a las generaciones futuras, esparcidas por todo el mundo. Experiencias como esta motivan tanto a los voluntarios como a las personas comunes a tomar acciones concretas. Nos recuerdan que los problemas que enfrenta nuestra sociedad son serios, pero que, con uni\u00f3n, aceptaci\u00f3n, comprensi\u00f3n y di\u00e1logo, podemos encontrar soluciones que beneficien a todos, incluyendo a las especies y ecosistemas con los que compartimos este hermoso planeta\u201d.<\/p>\n<\/div>\n<\/div>\n\n<h2 class=\"wp-block-heading has-grey-800-color has-text-color has-link-color has-large-font-size wp-elements-50fc649bff0c56827dba30cb0d5ceda5\"><strong>En palabras de Jennifer<\/strong> \ud83e\udd70<\/h2>\n\n<figure class=\"wp-block-image size-large\"><img loading=\"lazy\" decoding=\"async\" width=\"1024\" height=\"683\" src=\"https:\/\/www.greenpeace.org\/static\/planet4-colombia-stateless\/2024\/05\/fd358df6-dreym_img_0979-1024x683.jpg\" alt=\"\" class=\"wp-image-12255\" srcset=\"https:\/\/www.greenpeace.org\/static\/planet4-colombia-stateless\/2024\/05\/fd358df6-dreym_img_0979-1024x683.jpg 1024w, https:\/\/www.greenpeace.org\/static\/planet4-colombia-stateless\/2024\/05\/fd358df6-dreym_img_0979-300x200.jpg 300w, https:\/\/www.greenpeace.org\/static\/planet4-colombia-stateless\/2024\/05\/fd358df6-dreym_img_0979-768x512.jpg 768w, https:\/\/www.greenpeace.org\/static\/planet4-colombia-stateless\/2024\/05\/fd358df6-dreym_img_0979-1536x1024.jpg 1536w, https:\/\/www.greenpeace.org\/static\/planet4-colombia-stateless\/2024\/05\/fd358df6-dreym_img_0979-2048x1366.jpg 2048w, https:\/\/www.greenpeace.org\/static\/planet4-colombia-stateless\/2024\/05\/fd358df6-dreym_img_0979-510x340.jpg 510w\" sizes=\"auto, (max-width: 1024px) 100vw, 1024px\" \/><figcaption class=\"wp-element-caption\">Jennifer en la cocina del Arctic Sunrise.  \u00a9  Diana Rey Melo \/Greenpeace<\/figcaption><\/figure>\n\n<p><strong>Jennifer Alejandra Romero D\u00edaz<\/strong> es bogotana santafere\u00f1a del 89, enamorada de su ciudad. Tecn\u00f3loga mecatr\u00f3nica con experiencia en el sector m\u00e9dico e industrial, cumpli\u00f3 el <strong>rol de asistente de cocina durante la expedici\u00f3n del Arctic Sunrise<\/strong>. <\/p>\n\n<div class=\"wp-block-columns is-layout-flex wp-container-core-columns-is-layout-9d6595d7 wp-block-columns-is-layout-flex\">\n<div class=\"wp-block-column is-layout-flow wp-block-column-is-layout-flow\">\n<p> &#8220;Llegu\u00e9 a la organizaci\u00f3n por un llamado de mi hermana, con el fin de apoyar la defensa de los derechos y la vida de los hijos de una activista en Honduras. He aprendido con Greenpeace sobre el enfrentamiento pac\u00edfico, el trabajo en equipo, aceptar decisiones, ser constante y que hasta cierto punto todo es posible&#8221;.  <\/p>\n<\/div>\n\n\n\n<div class=\"wp-block-column is-layout-flow wp-block-column-is-layout-flow\">\n<p>Jennifer partcip\u00f3 en las campa\u00f1as para poner fin al <strong>Asbesto<\/strong>, en la<strong> <\/strong>campa\u00f1a <strong>&#8220;No m\u00e1s pl\u00e1sticos de un solo uso&#8221; <\/strong>, como apoyo log\u00edstico para la campa\u00f1a <strong>Reinicia<\/strong>r y <strong>cambio clim\u00e1tico<\/strong> y apoy\u00f3 en las actividades b\u00e1sicas e iniciales para la haza\u00f1a de tener en puerto colombiano al Arctic Sunrise. &#8220;Me embarcar\u00e9 por dos semanas en este hermoso barco, con toooda la gratitud en mi, la energ\u00eda y voluntad de aportar desde la cocina y en las tareas que me permitan participar&#8221;. <\/p>\n<\/div>\n<\/div>\n\n<p>En este video nos cuenta c\u00f3mo vivi\u00f3 el viaje:<\/p>\n\n<blockquote class=\"instagram-media\" data-instgrm-captioned data-instgrm-permalink=\"https:\/\/www.instagram.com\/reel\/C6gWruaNFnF\/?utm_source=ig_embed&amp;utm_campaign=loading\" data-instgrm-version=\"14\" style=\" background:#FFF; border:0; border-radius:3px; box-shadow:0 0 1px 0 rgba(0,0,0,0.5),0 1px 10px 0 rgba(0,0,0,0.15); margin: 1px; max-width:540px; min-width:326px; padding:0; width:99.375%; width:-webkit-calc(100% - 2px); width:calc(100% - 2px);\"><div style=\"padding:16px;\"> <a href=\"https:\/\/www.instagram.com\/reel\/C6gWruaNFnF\/?utm_source=ig_embed&amp;utm_campaign=loading\" style=\" background:#FFFFFF; line-height:0; padding:0 0; text-align:center; text-decoration:none; width:100%;\" target=\"_blank\" rel=\"noopener\"> <div style=\" display: flex; flex-direction: row; align-items: center;\"> <div style=\"background-color: #F4F4F4; border-radius: 50%; flex-grow: 0; height: 40px; margin-right: 14px; width: 40px;\"><\/div> <div style=\"display: flex; flex-direction: column; flex-grow: 1; justify-content: center;\"> <div style=\" background-color: #F4F4F4; border-radius: 4px; flex-grow: 0; height: 14px; margin-bottom: 6px; width: 100px;\"><\/div> <div style=\" background-color: #F4F4F4; border-radius: 4px; flex-grow: 0; height: 14px; width: 60px;\"><\/div><\/div><\/div><div style=\"padding: 19% 0;\"><\/div> <div style=\"display:block; height:50px; margin:0 auto 12px; width:50px;\"><svg width=\"50px\" height=\"50px\" viewBox=\"0 0 60 60\" version=\"1.1\" xmlns=\"https:\/\/www.w3.org\/2000\/svg\" xmlns:xlink=\"https:\/\/www.w3.org\/1999\/xlink\"><g stroke=\"none\" stroke-width=\"1\" fill=\"none\" fill-rule=\"evenodd\"><g transform=\"translate(-511.000000, -20.000000)\" fill=\"#000000\"><g><path d=\"M556.869,30.41 C554.814,30.41 553.148,32.076 553.148,34.131 C553.148,36.186 554.814,37.852 556.869,37.852 C558.924,37.852 560.59,36.186 560.59,34.131 C560.59,32.076 558.924,30.41 556.869,30.41 M541,60.657 C535.114,60.657 530.342,55.887 530.342,50 C530.342,44.114 535.114,39.342 541,39.342 C546.887,39.342 551.658,44.114 551.658,50 C551.658,55.887 546.887,60.657 541,60.657 M541,33.886 C532.1,33.886 524.886,41.1 524.886,50 C524.886,58.899 532.1,66.113 541,66.113 C549.9,66.113 557.115,58.899 557.115,50 C557.115,41.1 549.9,33.886 541,33.886 M565.378,62.101 C565.244,65.022 564.756,66.606 564.346,67.663 C563.803,69.06 563.154,70.057 562.106,71.106 C561.058,72.155 560.06,72.803 558.662,73.347 C557.607,73.757 556.021,74.244 553.102,74.378 C549.944,74.521 548.997,74.552 541,74.552 C533.003,74.552 532.056,74.521 528.898,74.378 C525.979,74.244 524.393,73.757 523.338,73.347 C521.94,72.803 520.942,72.155 519.894,71.106 C518.846,70.057 518.197,69.06 517.654,67.663 C517.244,66.606 516.755,65.022 516.623,62.101 C516.479,58.943 516.448,57.996 516.448,50 C516.448,42.003 516.479,41.056 516.623,37.899 C516.755,34.978 517.244,33.391 517.654,32.338 C518.197,30.938 518.846,29.942 519.894,28.894 C520.942,27.846 521.94,27.196 523.338,26.654 C524.393,26.244 525.979,25.756 528.898,25.623 C532.057,25.479 533.004,25.448 541,25.448 C548.997,25.448 549.943,25.479 553.102,25.623 C556.021,25.756 557.607,26.244 558.662,26.654 C560.06,27.196 561.058,27.846 562.106,28.894 C563.154,29.942 563.803,30.938 564.346,32.338 C564.756,33.391 565.244,34.978 565.378,37.899 C565.522,41.056 565.552,42.003 565.552,50 C565.552,57.996 565.522,58.943 565.378,62.101 M570.82,37.631 C570.674,34.438 570.167,32.258 569.425,30.349 C568.659,28.377 567.633,26.702 565.965,25.035 C564.297,23.368 562.623,22.342 560.652,21.575 C558.743,20.834 556.562,20.326 553.369,20.18 C550.169,20.033 549.148,20 541,20 C532.853,20 531.831,20.033 528.631,20.18 C525.438,20.326 523.257,20.834 521.349,21.575 C519.376,22.342 517.703,23.368 516.035,25.035 C514.368,26.702 513.342,28.377 512.574,30.349 C511.834,32.258 511.326,34.438 511.181,37.631 C511.035,40.831 511,41.851 511,50 C511,58.147 511.035,59.17 511.181,62.369 C511.326,65.562 511.834,67.743 512.574,69.651 C513.342,71.625 514.368,73.296 516.035,74.965 C517.703,76.634 519.376,77.658 521.349,78.425 C523.257,79.167 525.438,79.673 528.631,79.82 C531.831,79.965 532.853,80.001 541,80.001 C549.148,80.001 550.169,79.965 553.369,79.82 C556.562,79.673 558.743,79.167 560.652,78.425 C562.623,77.658 564.297,76.634 565.965,74.965 C567.633,73.296 568.659,71.625 569.425,69.651 C570.167,67.743 570.674,65.562 570.82,62.369 C570.966,59.17 571,58.147 571,50 C571,41.851 570.966,40.831 570.82,37.631\"><\/path><\/g><\/g><\/g><\/svg><\/div><div style=\"padding-top: 8px;\"> <div style=\" color:#3897f0; font-family:Arial,sans-serif; font-size:14px; font-style:normal; font-weight:550; line-height:18px;\">Ver esta publicaci\u00f3n en Instagram<\/div><\/div><div style=\"padding: 12.5% 0;\"><\/div> <div style=\"display: flex; flex-direction: row; margin-bottom: 14px; align-items: center;\"><div> <div style=\"background-color: #F4F4F4; border-radius: 50%; height: 12.5px; width: 12.5px; transform: translateX(0px) translateY(7px);\"><\/div> <div style=\"background-color: #F4F4F4; height: 12.5px; transform: rotate(-45deg) translateX(3px) translateY(1px); width: 12.5px; flex-grow: 0; margin-right: 14px; margin-left: 2px;\"><\/div> <div style=\"background-color: #F4F4F4; border-radius: 50%; height: 12.5px; width: 12.5px; transform: translateX(9px) translateY(-18px);\"><\/div><\/div><div style=\"margin-left: 8px;\"> <div style=\" background-color: #F4F4F4; border-radius: 50%; flex-grow: 0; height: 20px; width: 20px;\"><\/div> <div style=\" width: 0; height: 0; border-top: 2px solid transparent; border-left: 6px solid #f4f4f4; border-bottom: 2px solid transparent; transform: translateX(16px) translateY(-4px) rotate(30deg)\"><\/div><\/div><div style=\"margin-left: auto;\"> <div style=\" width: 0px; border-top: 8px solid #F4F4F4; border-right: 8px solid transparent; transform: translateY(16px);\"><\/div> <div style=\" background-color: #F4F4F4; flex-grow: 0; height: 12px; width: 16px; transform: translateY(-4px);\"><\/div> <div style=\" width: 0; height: 0; border-top: 8px solid #F4F4F4; border-left: 8px solid transparent; transform: translateY(-4px) translateX(8px);\"><\/div><\/div><\/div> <div style=\"display: flex; flex-direction: column; flex-grow: 1; justify-content: center; margin-bottom: 24px;\"> <div style=\" background-color: #F4F4F4; border-radius: 4px; flex-grow: 0; height: 14px; margin-bottom: 6px; width: 224px;\"><\/div> <div style=\" background-color: #F4F4F4; border-radius: 4px; flex-grow: 0; height: 14px; width: 144px;\"><\/div><\/div><\/a><p style=\" color:#c9c8cd; font-family:Arial,sans-serif; font-size:14px; line-height:17px; margin-bottom:0; margin-top:8px; overflow:hidden; padding:8px 0 7px; text-align:center; text-overflow:ellipsis; white-space:nowrap;\"><a href=\"https:\/\/www.instagram.com\/reel\/C6gWruaNFnF\/?utm_source=ig_embed&amp;utm_campaign=loading\" style=\" color:#c9c8cd; font-family:Arial,sans-serif; font-size:14px; font-style:normal; font-weight:normal; line-height:17px; text-decoration:none;\" target=\"_blank\" rel=\"noopener\">Una publicaci\u00f3n compartida de Greenpeace Colombia (@greenpeacecolombia)<\/a><\/p><\/div><\/blockquote> <script async src=\"\/\/www.instagram.com\/embed.js\"><\/script>\n\n<h2 class=\"wp-block-heading has-grey-800-color has-text-color has-link-color wp-elements-f93fafdf135bbc04c6f6cc25033661e8\">La experiencia de Camila\ud83e\udd70<\/h2>\n\n<figure class=\"wp-block-image size-large\"><img loading=\"lazy\" decoding=\"async\" width=\"1024\" height=\"683\" src=\"https:\/\/www.greenpeace.org\/static\/planet4-colombia-stateless\/2024\/05\/545d4d3e-dreym_img_3434-1024x683.jpg\" alt=\"\" class=\"wp-image-12257\" srcset=\"https:\/\/www.greenpeace.org\/static\/planet4-colombia-stateless\/2024\/05\/545d4d3e-dreym_img_3434-1024x683.jpg 1024w, https:\/\/www.greenpeace.org\/static\/planet4-colombia-stateless\/2024\/05\/545d4d3e-dreym_img_3434-300x200.jpg 300w, https:\/\/www.greenpeace.org\/static\/planet4-colombia-stateless\/2024\/05\/545d4d3e-dreym_img_3434-768x512.jpg 768w, https:\/\/www.greenpeace.org\/static\/planet4-colombia-stateless\/2024\/05\/545d4d3e-dreym_img_3434-1536x1024.jpg 1536w, https:\/\/www.greenpeace.org\/static\/planet4-colombia-stateless\/2024\/05\/545d4d3e-dreym_img_3434-2048x1366.jpg 2048w, https:\/\/www.greenpeace.org\/static\/planet4-colombia-stateless\/2024\/05\/545d4d3e-dreym_img_3434-510x340.jpg 510w\" sizes=\"auto, (max-width: 1024px) 100vw, 1024px\" \/><figcaption class=\"wp-element-caption\">Camila en la Isla de Malpelo  \u00a9  Diana Rey Melo \/Greenpeace<\/figcaption><\/figure>\n\n<p><strong>Camila Bri\u00f1ez<\/strong> tiene 33 y es bogotana. Es ingeniera civil y se sum\u00f3 a la expedici\u00f3n del Arctic Sunrise en Colombia con el <strong>rol de marinera de cubierta.  <\/strong><\/p>\n\n<p>&#8220;Me un\u00ed a Greenpeace en 2016 porque sent\u00ed la necesidad de hacer algo por la protecci\u00f3n del medio ambiente. Desde entonces, ha sido un camino de aprendizaje constante en el cual he sido coordinadora de log\u00edstica y comunicaciones del voluntariado.  Trabaj\u00e9 para la organizaci\u00f3n durante un mes en 2019, liderando la participaci\u00f3n del voluntariado en la marcha por el clima y una actividad realizada con las comunidades ind\u00edgenas de Leticia &#8211; Amazonas para exigir que se detengan los incendios forestales en este ecosistema. Tambi\u00e9n tuve la oportunidad en 2018 de viajar a Buenos Aires, Argentina para aprender sobre <em>scouting<\/em>. Durante estos a\u00f1os, he recibido capacitaci\u00f3n sobre activismo, liderazgo, acci\u00f3n directa no violenta, eco-feminismo y contra publicidad&#8221;.<\/p>\n\n<div class=\"wp-block-columns are-vertically-aligned-top is-layout-flex wp-container-core-columns-is-layout-9d6595d7 wp-block-columns-is-layout-flex\">\n<div class=\"wp-block-column is-vertically-aligned-top is-layout-flow wp-block-column-is-layout-flow\" style=\"flex-basis:50%\">\n<p>&#8220;Unirme a esta expedici\u00f3n que exige la conservaci\u00f3n del pac\u00edfico colombiano es m\u00e1s que un sue\u00f1o hecho realidad para m\u00ed. Esta experiencia representa una oportunidad invaluable para seguir contribuyendo, desde lo que puedo aportar, a la protecci\u00f3n de la biodiversidad de nuestro pa\u00eds. Estoy muy emocionada por lo que est\u00e1 por venir y por continuar siendo parte de esta causa verde&#8221;.<\/p>\n<\/div>\n\n\n\n<div class=\"wp-block-column is-vertically-aligned-top is-layout-flow wp-block-column-is-layout-flow\" style=\"flex-basis:50%\">\n<figure class=\"wp-block-image size-large\"><img loading=\"lazy\" decoding=\"async\" width=\"1024\" height=\"683\" src=\"https:\/\/www.greenpeace.org\/static\/planet4-colombia-stateless\/2024\/05\/20240401-Voluntarios-en-el-Arctic-Sunrise-Credito-Martin-Katz-Greenpeace-8-1024x683.jpg\" alt=\"\" class=\"wp-image-12258\" srcset=\"https:\/\/www.greenpeace.org\/static\/planet4-colombia-stateless\/2024\/05\/20240401-Voluntarios-en-el-Arctic-Sunrise-Credito-Martin-Katz-Greenpeace-8-1024x683.jpg 1024w, https:\/\/www.greenpeace.org\/static\/planet4-colombia-stateless\/2024\/05\/20240401-Voluntarios-en-el-Arctic-Sunrise-Credito-Martin-Katz-Greenpeace-8-300x200.jpg 300w, https:\/\/www.greenpeace.org\/static\/planet4-colombia-stateless\/2024\/05\/20240401-Voluntarios-en-el-Arctic-Sunrise-Credito-Martin-Katz-Greenpeace-8-768x512.jpg 768w, https:\/\/www.greenpeace.org\/static\/planet4-colombia-stateless\/2024\/05\/20240401-Voluntarios-en-el-Arctic-Sunrise-Credito-Martin-Katz-Greenpeace-8-1536x1024.jpg 1536w, https:\/\/www.greenpeace.org\/static\/planet4-colombia-stateless\/2024\/05\/20240401-Voluntarios-en-el-Arctic-Sunrise-Credito-Martin-Katz-Greenpeace-8-2048x1366.jpg 2048w, https:\/\/www.greenpeace.org\/static\/planet4-colombia-stateless\/2024\/05\/20240401-Voluntarios-en-el-Arctic-Sunrise-Credito-Martin-Katz-Greenpeace-8-510x340.jpg 510w\" sizes=\"auto, (max-width: 1024px) 100vw, 1024px\" \/><figcaption><div class=\"credit icon-left\"> \u00a9 Mart\u00edn Katz \/ Greenpeace<\/div><\/figcaption><\/figure>\n<\/div>\n<\/div>\n\n<figure class=\"wp-block-image size-large is-resized\"><img loading=\"lazy\" decoding=\"async\" width=\"1024\" height=\"683\" src=\"https:\/\/www.greenpeace.org\/static\/planet4-colombia-stateless\/2024\/05\/20240401-Voluntarios-en-el-Arctic-Sunrise-Credito-Martin-Katz-Greenpeace-12-1024x683.jpg\" alt=\"\" class=\"wp-image-12260\" style=\"width:736px;height:auto\" srcset=\"https:\/\/www.greenpeace.org\/static\/planet4-colombia-stateless\/2024\/05\/20240401-Voluntarios-en-el-Arctic-Sunrise-Credito-Martin-Katz-Greenpeace-12-1024x683.jpg 1024w, https:\/\/www.greenpeace.org\/static\/planet4-colombia-stateless\/2024\/05\/20240401-Voluntarios-en-el-Arctic-Sunrise-Credito-Martin-Katz-Greenpeace-12-300x200.jpg 300w, https:\/\/www.greenpeace.org\/static\/planet4-colombia-stateless\/2024\/05\/20240401-Voluntarios-en-el-Arctic-Sunrise-Credito-Martin-Katz-Greenpeace-12-768x512.jpg 768w, https:\/\/www.greenpeace.org\/static\/planet4-colombia-stateless\/2024\/05\/20240401-Voluntarios-en-el-Arctic-Sunrise-Credito-Martin-Katz-Greenpeace-12-1536x1024.jpg 1536w, https:\/\/www.greenpeace.org\/static\/planet4-colombia-stateless\/2024\/05\/20240401-Voluntarios-en-el-Arctic-Sunrise-Credito-Martin-Katz-Greenpeace-12-2048x1366.jpg 2048w, https:\/\/www.greenpeace.org\/static\/planet4-colombia-stateless\/2024\/05\/20240401-Voluntarios-en-el-Arctic-Sunrise-Credito-Martin-Katz-Greenpeace-12-510x340.jpg 510w\" sizes=\"auto, (max-width: 1024px) 100vw, 1024px\" \/><figcaption class=\"wp-element-caption\">\u00a9  Mart\u00edn Katz \/Greenpeace<\/figcaption><\/figure>\n\n<figure class=\"wp-block-image size-large\"><img loading=\"lazy\" decoding=\"async\" width=\"1024\" height=\"683\" src=\"https:\/\/www.greenpeace.org\/static\/planet4-colombia-stateless\/2024\/05\/20240401-Voluntarios-en-el-Arctic-Sunrise-Credito-Martin-Katz-Greenpeace-13-1024x683.jpg\" alt=\"\" class=\"wp-image-12261\" srcset=\"https:\/\/www.greenpeace.org\/static\/planet4-colombia-stateless\/2024\/05\/20240401-Voluntarios-en-el-Arctic-Sunrise-Credito-Martin-Katz-Greenpeace-13-1024x683.jpg 1024w, https:\/\/www.greenpeace.org\/static\/planet4-colombia-stateless\/2024\/05\/20240401-Voluntarios-en-el-Arctic-Sunrise-Credito-Martin-Katz-Greenpeace-13-300x200.jpg 300w, https:\/\/www.greenpeace.org\/static\/planet4-colombia-stateless\/2024\/05\/20240401-Voluntarios-en-el-Arctic-Sunrise-Credito-Martin-Katz-Greenpeace-13-768x512.jpg 768w, https:\/\/www.greenpeace.org\/static\/planet4-colombia-stateless\/2024\/05\/20240401-Voluntarios-en-el-Arctic-Sunrise-Credito-Martin-Katz-Greenpeace-13-1536x1024.jpg 1536w, https:\/\/www.greenpeace.org\/static\/planet4-colombia-stateless\/2024\/05\/20240401-Voluntarios-en-el-Arctic-Sunrise-Credito-Martin-Katz-Greenpeace-13-2048x1366.jpg 2048w, https:\/\/www.greenpeace.org\/static\/planet4-colombia-stateless\/2024\/05\/20240401-Voluntarios-en-el-Arctic-Sunrise-Credito-Martin-Katz-Greenpeace-13-510x340.jpg 510w\" sizes=\"auto, (max-width: 1024px) 100vw, 1024px\" \/><figcaption class=\"wp-element-caption\">\u00a9  Mart\u00edn Katz \/Greenpeace<\/figcaption><\/figure>\n\n<p>Como organizaci\u00f3n agradecemos<strong> el aporte de cada integrante del voluntariado en Colombia<\/strong> y nos llena de alegr\u00eda poder generar experiencias tan valoradas por quienes forman parte de nuestra comunidad.&nbsp;<\/p>\n\n<p><strong>En Greenpeace nos enorgullece contar con personas voluntarias de todo el mundo <\/strong>que ponen su compromiso en defensa del planeta, y m\u00e1s alegr\u00eda nos brinda comprender que el coraz\u00f3n de las personas que forman parte de toda nuestra organizaci\u00f3n late en un mismo sentimiento de comuni\u00f3n y amor por la causa ambiental.<\/p>\n\n<p>Si compartes este sentimiento, te invitamos a unirte. Env\u00eda un mensaje a <a href=\"mailto:voluntarios.colombia@greenpeace.org\">voluntarios.colombia@greenpeace.org<\/a> para ser invitado a la pr\u00f3xima reuni\u00f3n de recepci\u00f3n de ingresantes.<\/p>\n\t\t\t<section\n\t\t\tclass=\"boxout post-578 \"\n\t\t\t\n\t\t>\n\t\t\t<a\n\t\t\t\tdata-ga-category=\"Take Action Boxout\"\n\t\t\t\tdata-ga-action=\"Image\"\n\t\t\t\tdata-ga-label=\"n\/a\"\n\t\t\t\tclass=\"cover-card-overlay\"\n\t\t\t\thref=\"https:\/\/www.greenpeace.org\/colombia\/conviertete-en-voluntario\/\" \n\t\t\t><\/a>\n\t\t\t\t\t\t\t<img\n\t\t\t\t\t\tsrc=\"https:\/\/www.greenpeace.org\/static\/planet4-colombia-stateless\/2023\/07\/68016802-feria_bogota.jpg\"\n\t\t\t\t\t\tsrcset=\"https:\/\/www.greenpeace.org\/static\/planet4-colombia-stateless\/2023\/07\/68016802-feria_bogota-300x200.jpg 300w, https:\/\/www.greenpeace.org\/static\/planet4-colombia-stateless\/2023\/07\/68016802-feria_bogota-510x340.jpg 510w, https:\/\/www.greenpeace.org\/static\/planet4-colombia-stateless\/2023\/07\/68016802-feria_bogota.jpg 640w\"\n\t\t\t\t\t\tsizes=\"(min-width: 1000px) 358px, (min-width: 780px) 313px, 88px\"\n\t\t\t\t\t\talt=\"Voluntarios y voluntarias\" title=\"Voluntarios y voluntarias\"\n\t\t\t\t\/>\n            \t\t\t<div class=\"boxout-content\">\n\t\t\t\t\t\t\t\t\t<a\n\t\t\t\t\t\tclass=\"boxout-heading medium\"\n\t\t\t\t\t\tdata-ga-category=\"Take Action Boxout\"\n\t\t\t\t\t\tdata-ga-action=\"Title\"\n\t\t\t\t\t\tdata-ga-label=\"n\/a\"\n\t\t\t\t\t\thref=\"https:\/\/www.greenpeace.org\/colombia\/conviertete-en-voluntario\/\"\n\t\t\t\t\t\t\n\t\t\t\t\t>\n\t\t\t\t\t\tInvol\u00facrate\n\t\t\t\t\t<\/a>\n\t\t\t\t\t\t\t\t\t\t\t\t\t<p class=\"boxout-excerpt\">Las personas voluntarias son\nel coraz\u00f3n de nuestra organizaci\u00f3n. \n\u00a1\u00danete!<\/p>\n\t\t\t\t                                    <a\n                        class=\"btn btn-primary\"\n                        data-ga-category=\"Take Action Boxout\"\n                        data-ga-action=\"Call to Action\"\n                        data-ga-label=\"n\/a\"\n                        href=\"https:\/\/www.greenpeace.org\/colombia\/conviertete-en-voluntario\/\"\n                        \n                    >\n                        Invol\u00facrate\n                    <\/a>\n                \t\t\t<\/div>\n\t\t\t\t\t<\/section>\n\t","protected":false},"excerpt":{"rendered":"<p>C\u00f3mo se siente visitar y viajar en un barco de Greenpeace, contado en primera persona.<\/p>\n","protected":false},"author":53,"featured_media":12243,"comment_status":"closed","ping_status":"open","sticky":false,"template":"","format":"standard","meta":{"ep_exclude_from_search":false,"p4_og_title":"La experiencia de voluntarias de Greenpeace Colombia en nuestro emblem\u00e1tico barco Arctic Sunrise","p4_og_description":"C\u00f3mo se siente visitar y viajar en un barco de Greenpeace, contado en primera persona.\n","p4_og_image":"https:\/\/www.greenpeace.org\/static\/planet4-colombia-stateless\/2024\/05\/34cdbb53-copia-de-img-20240401-wa0078.jpg","p4_og_image_id":"12243","p4_seo_canonical_url":"","p4_campaign_name":"","p4_local_project":"","p4_basket_name":"","p4_department":"","footnotes":""},"categories":[37],"tags":[29,56],"p4-page-type":[14],"class_list":["post-12240","post","type-post","status-publish","format-standard","has-post-thumbnail","hentry","category-greenpeace","tag-voluntarios","tag-pacifico-colombiano","p4-page-type-blog"],"_links":{"self":[{"href":"https:\/\/www.greenpeace.org\/colombia\/wp-json\/wp\/v2\/posts\/12240","targetHints":{"allow":["GET"]}}],"collection":[{"href":"https:\/\/www.greenpeace.org\/colombia\/wp-json\/wp\/v2\/posts"}],"about":[{"href":"https:\/\/www.greenpeace.org\/colombia\/wp-json\/wp\/v2\/types\/post"}],"author":[{"embeddable":true,"href":"https:\/\/www.greenpeace.org\/colombia\/wp-json\/wp\/v2\/users\/53"}],"replies":[{"embeddable":true,"href":"https:\/\/www.greenpeace.org\/colombia\/wp-json\/wp\/v2\/comments?post=12240"}],"version-history":[{"count":14,"href":"https:\/\/www.greenpeace.org\/colombia\/wp-json\/wp\/v2\/posts\/12240\/revisions"}],"predecessor-version":[{"id":12277,"href":"https:\/\/www.greenpeace.org\/colombia\/wp-json\/wp\/v2\/posts\/12240\/revisions\/12277"}],"wp:featuredmedia":[{"embeddable":true,"href":"https:\/\/www.greenpeace.org\/colombia\/wp-json\/wp\/v2\/media\/12243"}],"wp:attachment":[{"href":"https:\/\/www.greenpeace.org\/colombia\/wp-json\/wp\/v2\/media?parent=12240"}],"wp:term":[{"taxonomy":"category","embeddable":true,"href":"https:\/\/www.greenpeace.org\/colombia\/wp-json\/wp\/v2\/categories?post=12240"},{"taxonomy":"post_tag","embeddable":true,"href":"https:\/\/www.greenpeace.org\/colombia\/wp-json\/wp\/v2\/tags?post=12240"},{"taxonomy":"p4-page-type","embeddable":true,"href":"https:\/\/www.greenpeace.org\/colombia\/wp-json\/wp\/v2\/p4-page-type?post=12240"}],"curies":[{"name":"wp","href":"https:\/\/api.w.org\/{rel}","templated":true}]}}