{"id":12505,"date":"2024-06-14T23:57:08","date_gmt":"2024-06-14T23:57:08","guid":{"rendered":"https:\/\/www.greenpeace.org\/colombia\/?p=12505"},"modified":"2024-06-16T19:13:32","modified_gmt":"2024-06-16T19:13:32","slug":"dia-internacional-de-las-tortugas-marinas-defender-su-hogar-es-eliminar-la-contaminacion-plastica-en-los-oceanos","status":"publish","type":"post","link":"https:\/\/www.greenpeace.org\/colombia\/noticia\/campanas\/oceanos\/dia-internacional-de-las-tortugas-marinas-defender-su-hogar-es-eliminar-la-contaminacion-plastica-en-los-oceanos\/","title":{"rendered":"D\u00eda Internacional de las Tortugas Marinas: defender su hogar es eliminar la contaminaci\u00f3n pl\u00e1stica en los oc\u00e9anos"},"content":{"rendered":"\n<h4 class=\"wp-block-heading\"><strong>Cada 16 de junio se celebra el D\u00eda Internacional de las Tortugas Marinas <\/strong><strong>con el fin de generar conciencia sobre la importancia de su preservaci\u00f3n para el planeta, ya que es una de las especies m\u00e1s amenazadas por la actividad humana. En esta nota te contamos algunos datos acerca de esta fascinante especie y sus amenazas.<\/strong><\/h4>\n\n<figure class=\"wp-block-image size-large\"><img loading=\"lazy\" decoding=\"async\" width=\"1024\" height=\"626\" src=\"https:\/\/www.greenpeace.org\/static\/planet4-colombia-stateless\/2018\/09\/c4bf0d66-gp01pln-1024x626.jpg\" alt=\"\" class=\"wp-image-938\" srcset=\"https:\/\/www.greenpeace.org\/static\/planet4-colombia-stateless\/2018\/09\/c4bf0d66-gp01pln-1024x626.jpg 1024w, https:\/\/www.greenpeace.org\/static\/planet4-colombia-stateless\/2018\/09\/c4bf0d66-gp01pln-300x184.jpg 300w, https:\/\/www.greenpeace.org\/static\/planet4-colombia-stateless\/2018\/09\/c4bf0d66-gp01pln-768x470.jpg 768w, https:\/\/www.greenpeace.org\/static\/planet4-colombia-stateless\/2018\/09\/c4bf0d66-gp01pln-510x312.jpg 510w, https:\/\/www.greenpeace.org\/static\/planet4-colombia-stateless\/2018\/09\/c4bf0d66-gp01pln.jpg 1200w\" sizes=\"auto, (max-width: 1024px) 100vw, 1024px\" \/><figcaption class=\"wp-element-caption\">Tortuga Verde en Maldivas . \u00a9Paul Hilton \/ Greenpeace<\/figcaption><\/figure>\n\n<p>Las <strong>tortugas marinas<\/strong> habitan la Tierra desde hace m\u00e1s de 100 millones de a\u00f1os. La \u00faltima gran extinci\u00f3n hizo desaparecer a los dinosaurios de la faz de la tierra, pero las tortugas marinas sobrevivieron. Evolucionaron a partir de tortugas de agua dulce, pero las tortugas de mar ahora tienen aletas que se asemejan a remos y les permiten adaptarse mejor en el mar.&nbsp;<\/p>\n\n<p>De acuerdo con la organizaci\u00f3n Fondo Mundial para la Naturaleza (WWF, por sus siglas en ingl\u00e9s) las tortugas marinas son un enlace fundamental con los ecosistemas marinos, ya que ayudan a mantener la salud de los lechos de pastos marinos y los arrecifes coralinos, que benefician a otras especies.<\/p>\n\n<figure class=\"wp-block-image size-large\"><img loading=\"lazy\" decoding=\"async\" width=\"1024\" height=\"666\" src=\"https:\/\/www.greenpeace.org\/static\/planet4-colombia-stateless\/2024\/03\/a3084e23-gpco-biodiversidad-pacifico-co-tortuga-verde-\u00a9-paul-hilton-greenpeace-1024x666.jpg\" alt=\"\" class=\"wp-image-11699\" srcset=\"https:\/\/www.greenpeace.org\/static\/planet4-colombia-stateless\/2024\/03\/a3084e23-gpco-biodiversidad-pacifico-co-tortuga-verde-\u00a9-paul-hilton-greenpeace-1024x666.jpg 1024w, https:\/\/www.greenpeace.org\/static\/planet4-colombia-stateless\/2024\/03\/a3084e23-gpco-biodiversidad-pacifico-co-tortuga-verde-\u00a9-paul-hilton-greenpeace-300x195.jpg 300w, https:\/\/www.greenpeace.org\/static\/planet4-colombia-stateless\/2024\/03\/a3084e23-gpco-biodiversidad-pacifico-co-tortuga-verde-\u00a9-paul-hilton-greenpeace-768x500.jpg 768w, https:\/\/www.greenpeace.org\/static\/planet4-colombia-stateless\/2024\/03\/a3084e23-gpco-biodiversidad-pacifico-co-tortuga-verde-\u00a9-paul-hilton-greenpeace-1536x1000.jpg 1536w, https:\/\/www.greenpeace.org\/static\/planet4-colombia-stateless\/2024\/03\/a3084e23-gpco-biodiversidad-pacifico-co-tortuga-verde-\u00a9-paul-hilton-greenpeace-2048x1333.jpg 2048w, https:\/\/www.greenpeace.org\/static\/planet4-colombia-stateless\/2024\/03\/a3084e23-gpco-biodiversidad-pacifico-co-tortuga-verde-\u00a9-paul-hilton-greenpeace-510x332.jpg 510w\" sizes=\"auto, (max-width: 1024px) 100vw, 1024px\" \/><figcaption class=\"wp-element-caption\">Tortuga Verde \u00a9Paul Hilton \/ Greenpeace<\/figcaption><\/figure>\n\n<p>Pasan m\u00e1s de un <strong>90% de su vida en el agua<\/strong> (aliment\u00e1ndose, reproduci\u00e9ndose y migrando). Tienen la habilidad de migrar cientos hasta algunas veces, miles de kil\u00f3metros desde el \u00e1rea de forraje hasta la playa de anidaci\u00f3n. Las <strong>hembras vuelven a tierra solo para desovar<\/strong> a las mismas costas donde ellas nacieron y los <strong>machos <\/strong>una vez entran al agua<strong> nunca m\u00e1s vuelven a tierra<\/strong>.<\/p>\n\n<p>En <strong>Colombia habitan 5 de las 7 especies de tortugas marinas que existen en el mundo<\/strong>, todas ellas enlistadas en una categor\u00eda de riesgo.<\/p>\n\n<h4 class=\"wp-block-heading\"><strong>Defender el h\u00e1bitat de las tortugas marinas en Colombia:<\/strong><\/h4>\n\n<figure class=\"wp-block-image size-large\"><img loading=\"lazy\" decoding=\"async\" width=\"1024\" height=\"683\" src=\"https:\/\/www.greenpeace.org\/static\/planet4-colombia-stateless\/2024\/06\/cebec130-dreym_img_0588-1024x683.jpg\" alt=\"\" class=\"wp-image-12483\" srcset=\"https:\/\/www.greenpeace.org\/static\/planet4-colombia-stateless\/2024\/06\/cebec130-dreym_img_0588-1024x683.jpg 1024w, https:\/\/www.greenpeace.org\/static\/planet4-colombia-stateless\/2024\/06\/cebec130-dreym_img_0588-300x200.jpg 300w, https:\/\/www.greenpeace.org\/static\/planet4-colombia-stateless\/2024\/06\/cebec130-dreym_img_0588-768x512.jpg 768w, https:\/\/www.greenpeace.org\/static\/planet4-colombia-stateless\/2024\/06\/cebec130-dreym_img_0588-1536x1024.jpg 1536w, https:\/\/www.greenpeace.org\/static\/planet4-colombia-stateless\/2024\/06\/cebec130-dreym_img_0588-2048x1366.jpg 2048w, https:\/\/www.greenpeace.org\/static\/planet4-colombia-stateless\/2024\/06\/cebec130-dreym_img_0588-510x340.jpg 510w\" sizes=\"auto, (max-width: 1024px) 100vw, 1024px\" \/><figcaption class=\"wp-element-caption\">Expedici\u00f3n Salvar el Pac\u00edfico Colombiano,. Isla del Malpelo   \u00a9Diana Rey Melo \/Greenpeace<\/figcaption><\/figure>\n\n<p>La ruta migratoria del <strong>Pac\u00edfico Colombiano<\/strong> es vital para la vida marina \u2013 tortugas marinas, tiburones y ballenas \u2013 que van y vienen entre las islas, buscando un lugar para anidar o en busca de alimento.&nbsp; Pero se encuentra amenazada por la <strong>contaminaci\u00f3n por pl\u00e1sticos.<\/strong><\/p>\n\n<p>La basura y especialmente los<strong> pl\u00e1sticos de un solo uso<\/strong>, sale de la ciudad y llega a los <strong>mares y oc\u00e9anos<\/strong>: El desecho incorrecto de los residuos sumado a la acci\u00f3n de las tormentas, el viento o la lluvia hace que viajen desde el sistema de alcantarillado de zonas urbanas a r\u00edos, mares, oc\u00e9anos u otras v\u00edas fluviales por muy lejos que nos encontremos de la costa.&nbsp;<\/p>\n\n<figure class=\"wp-block-image size-full\"><img loading=\"lazy\" decoding=\"async\" width=\"799\" height=\"566\" src=\"https:\/\/www.greenpeace.org\/static\/planet4-colombia-stateless\/2024\/04\/0b0963cb-gp0stqmqp.jpg\" alt=\"\" class=\"wp-image-12205\" srcset=\"https:\/\/www.greenpeace.org\/static\/planet4-colombia-stateless\/2024\/04\/0b0963cb-gp0stqmqp.jpg 799w, https:\/\/www.greenpeace.org\/static\/planet4-colombia-stateless\/2024\/04\/0b0963cb-gp0stqmqp-300x213.jpg 300w, https:\/\/www.greenpeace.org\/static\/planet4-colombia-stateless\/2024\/04\/0b0963cb-gp0stqmqp-768x544.jpg 768w, https:\/\/www.greenpeace.org\/static\/planet4-colombia-stateless\/2024\/04\/0b0963cb-gp0stqmqp-480x340.jpg 480w\" sizes=\"auto, (max-width: 799px) 100vw, 799px\" \/><figcaption class=\"wp-element-caption\">Tortuga atrapada en un envase de pl\u00e1stico.<br>Cr\u00e9ditos \u00a9 Stefan Leijon<div class=\"credit icon-left\"> \u00a9 Stefan Leijon \/ CC BY-ND 2.0<\/div><\/figcaption><\/figure>\n\n<p>En Colombia el r\u00edo Bogot\u00e1 recibe aproximadamente 690 toneladas diarias de carga contaminante, incluyendo aguas residuales y desperdicios industriales. Estas <strong>aguas viajan por todo el r\u00edo Magdalena llegando, as\u00ed al mar Caribe<\/strong>. <strong>Tanto en el oc\u00e9ano Pac\u00edfico como en el Caribe, se han podido encontrar hasta 8.000 micropl\u00e1sticos <\/strong>y de 23 a 52 micropl\u00e1sticos por metro cuadrado de playa.&nbsp;<\/p>\n\n<p>Todos los objetos de <strong>pl\u00e1stico que llegan al mar tardan muchos a\u00f1os en degradarse <\/strong>y pueden causar graves da\u00f1os a la fauna marina.&nbsp; Estudios demuestran que <strong>1 de cada 3 tortugas mueren a causa del pl\u00e1stico porque a menudo confunden las bolsas de pl\u00e1stico flotantes con medusas<\/strong>, lo que resulta en inanici\u00f3n a medida que sus est\u00f3magos se llenan de basura indigerible.&nbsp;&nbsp;<\/p>\n\n<p>Por otro lado, las <strong>tortugas de r\u00edo<\/strong> pueden verse afectadas por la contaminaci\u00f3n del agua, especialmente por la basura y los desechos qu\u00edmicos.<\/p>\n\n<p>Otro ejemplo es la <strong>contaminaci\u00f3n a trav\u00e9s de la cadena alimentaria<\/strong>. Si los animales consumen alimentos contaminados, las sustancias qu\u00edmicas pueden acumularse en su organismo y provocar enfermedades y problemas de salud.<\/p>\n\n<figure class=\"wp-block-image size-large\"><img loading=\"lazy\" decoding=\"async\" width=\"1024\" height=\"685\" src=\"https:\/\/www.greenpeace.org\/static\/planet4-colombia-stateless\/2024\/03\/c4c96918-gp0stpywj_medium_res_with_credit_line-1024x685.jpg\" alt=\"\" class=\"wp-image-11443\" srcset=\"https:\/\/www.greenpeace.org\/static\/planet4-colombia-stateless\/2024\/03\/c4c96918-gp0stpywj_medium_res_with_credit_line-1024x685.jpg 1024w, https:\/\/www.greenpeace.org\/static\/planet4-colombia-stateless\/2024\/03\/c4c96918-gp0stpywj_medium_res_with_credit_line-300x201.jpg 300w, https:\/\/www.greenpeace.org\/static\/planet4-colombia-stateless\/2024\/03\/c4c96918-gp0stpywj_medium_res_with_credit_line-768x514.jpg 768w, https:\/\/www.greenpeace.org\/static\/planet4-colombia-stateless\/2024\/03\/c4c96918-gp0stpywj_medium_res_with_credit_line-508x340.jpg 508w, https:\/\/www.greenpeace.org\/static\/planet4-colombia-stateless\/2024\/03\/c4c96918-gp0stpywj_medium_res_with_credit_line.jpg 1200w\" sizes=\"auto, (max-width: 1024px) 100vw, 1024px\" \/><figcaption class=\"wp-element-caption\">Tortuga con bolsa de pl\u00e1stico.<\/figcaption><\/figure>\n\n<p>Como parte de la<strong> campa\u00f1a internacional de Pl\u00e1sticos<\/strong>, el barco de Greenpeace Arctic Sunrise estuvo hace unos meses en el Santuario de Flora y Fauna <strong>Isla de Malpelo<\/strong> (declarada Sitio de Patrimonio Natural por la UNESCO) para documentar la importancia ecosist\u00e9mica de migraci\u00f3n, sustento y de biodiversidad y fue testigo de este tipo de contaminaci\u00f3n.<\/p>\n\n<p>Mientras el uso y consumo de <strong>pl\u00e1sticos de un solo<\/strong> <strong>uso<\/strong> aumenta anualmente, la capacidad de los sistemas de reciclaje no aumenta a la misma velocidad A partir de mitad de a\u00f1o comienza a regir en Colombia la <strong>Ley de Pl\u00e1sticos de un Solo Uso<\/strong> que obliga al Gobierno Nacional a promover la formalizaci\u00f3n de los actores de la cadena de valor del pl\u00e1stico, incluyendo a los recicladores de oficio y las asociaciones de recicladores<\/p>\n\n<h4 class=\"wp-block-heading\"><strong>La crisis clim\u00e1tica y las tortugas marinas:<\/strong><\/h4>\n\n<figure class=\"wp-block-image size-large\"><img loading=\"lazy\" decoding=\"async\" width=\"1024\" height=\"707\" src=\"https:\/\/www.greenpeace.org\/static\/planet4-colombia-stateless\/2024\/03\/c7a264cb-gp0stunis_medium_res_with_credit_line-1-1024x707.jpg\" alt=\"\" class=\"wp-image-11576\" srcset=\"https:\/\/www.greenpeace.org\/static\/planet4-colombia-stateless\/2024\/03\/c7a264cb-gp0stunis_medium_res_with_credit_line-1-1024x707.jpg 1024w, https:\/\/www.greenpeace.org\/static\/planet4-colombia-stateless\/2024\/03\/c7a264cb-gp0stunis_medium_res_with_credit_line-1-300x207.jpg 300w, https:\/\/www.greenpeace.org\/static\/planet4-colombia-stateless\/2024\/03\/c7a264cb-gp0stunis_medium_res_with_credit_line-1-768x531.jpg 768w, https:\/\/www.greenpeace.org\/static\/planet4-colombia-stateless\/2024\/03\/c7a264cb-gp0stunis_medium_res_with_credit_line-1-492x340.jpg 492w, https:\/\/www.greenpeace.org\/static\/planet4-colombia-stateless\/2024\/03\/c7a264cb-gp0stunis_medium_res_with_credit_line-1.jpg 1200w\" sizes=\"auto, (max-width: 1024px) 100vw, 1024px\" \/><figcaption class=\"wp-element-caption\">Cria de tortuga verde<\/figcaption><\/figure>\n\n<p>Los <strong>cambios de temperatura<\/strong> y el <strong>calentamiento global <\/strong>tambi\u00e9n afectan severamente la continuidad de la poblaci\u00f3n de estas tortugas.&nbsp;&nbsp;<\/p>\n\n<p>De acuerdo con la WWF, la determinaci\u00f3n del sexo de las tortugas marinas depende de la temperatura. <strong>Mientras la arena est\u00e9 m\u00e1s fr\u00eda saldr\u00e1n mayor cantidad de machos,<\/strong> mientras<strong> la arena est\u00e9 m\u00e1s caliente saldr\u00e1n m\u00e1s hembras<\/strong>.&nbsp;<\/p>\n\n<p>Un cambio en las temperaturas globales altera la temperatura de la arena, lo cual afecta el sexo de las cr\u00edas e<strong> incrementa el riesgo de una inestabilidad en la composici\u00f3n de las poblaciones<\/strong>.<\/p>\n\n<p>Por otro lado, al aumentar el nivel del mar hace que se pierdan playas donde anidaban. <strong>Las tormentas e inundaciones cada vez m\u00e1s frecuentes pueden arrasar los nidos y los pastos se degradan o cambian en abundancia y distribuci\u00f3n<\/strong>. Las temperaturas m\u00e1s altas de la arena pueden modificar el porcentaje de cr\u00edas machos y hembras que nacen, pero tambi\u00e9n las temporadas migratorias.<br><\/p>\n\n<figure class=\"wp-block-image size-large\"><img loading=\"lazy\" decoding=\"async\" width=\"1024\" height=\"733\" src=\"https:\/\/www.greenpeace.org\/static\/planet4-colombia-stateless\/2024\/03\/98661f24-gp0stuni6_medium_res_with_credit_line-1024x733.jpg\" alt=\"\" class=\"wp-image-11640\" srcset=\"https:\/\/www.greenpeace.org\/static\/planet4-colombia-stateless\/2024\/03\/98661f24-gp0stuni6_medium_res_with_credit_line-1024x733.jpg 1024w, https:\/\/www.greenpeace.org\/static\/planet4-colombia-stateless\/2024\/03\/98661f24-gp0stuni6_medium_res_with_credit_line-300x215.jpg 300w, https:\/\/www.greenpeace.org\/static\/planet4-colombia-stateless\/2024\/03\/98661f24-gp0stuni6_medium_res_with_credit_line-768x550.jpg 768w, https:\/\/www.greenpeace.org\/static\/planet4-colombia-stateless\/2024\/03\/98661f24-gp0stuni6_medium_res_with_credit_line-475x340.jpg 475w, https:\/\/www.greenpeace.org\/static\/planet4-colombia-stateless\/2024\/03\/98661f24-gp0stuni6_medium_res_with_credit_line.jpg 1200w\" sizes=\"auto, (max-width: 1024px) 100vw, 1024px\" \/><figcaption class=\"wp-element-caption\">Tortuga verde en Indonesia.<\/figcaption><\/figure>\n\n<p>Desde Greenpeace seguimos trabajando para <strong>conseguir un Tratado Mundial sobre los Pl\u00e1sticos <\/strong>fuerte y jur\u00eddicamente vinculante en las Naciones Unidas que impida que las grandes marcas y las grandes petroleras produzcan cada vez m\u00e1s pl\u00e1stico.<\/p>\n\n<p>Y al mismo tiempo exigimos la creaci\u00f3n de santuarios marinos a trav\u00e9s del <strong>Tratado Global de los Oc\u00e9anos<\/strong>, un marco que podr\u00eda allanar el camino para una vasta red de santuarios oce\u00e1nicos que abarcan todo el mundo, <strong>fuera del alcance de la actividad humana<\/strong> destructiva, proporcionando a nuestros oc\u00e9anos el espacio que necesitan para recuperarse y prosperar. Y dando a estas tortugas la oportunidad de vivir&nbsp; millones de a\u00f1os m\u00e1s.<\/p>\n\t\t\t<section\n\t\t\tclass=\"boxout post-11440 \"\n\t\t\t\n\t\t>\n\t\t\t<a\n\t\t\t\tdata-ga-category=\"Take Action Boxout\"\n\t\t\t\tdata-ga-action=\"Image\"\n\t\t\t\tdata-ga-label=\"n\/a\"\n\t\t\t\tclass=\"cover-card-overlay\"\n\t\t\t\thref=\"https:\/\/www.greenpeace.org\/colombia\/involucrate\/pacifico\/\" \n\t\t\t><\/a>\n\t\t\t\t\t\t\t<img\n\t\t\t\t\t\tsrc=\"https:\/\/www.greenpeace.org\/static\/planet4-colombia-stateless\/2024\/03\/e84933cb-pacifico-colombiano.jpg\"\n\t\t\t\t\t\tsrcset=\"https:\/\/www.greenpeace.org\/static\/planet4-colombia-stateless\/2024\/03\/e84933cb-pacifico-colombiano-300x201.jpg 300w, https:\/\/www.greenpeace.org\/static\/planet4-colombia-stateless\/2024\/03\/e84933cb-pacifico-colombiano-768x514.jpg 768w, https:\/\/www.greenpeace.org\/static\/planet4-colombia-stateless\/2024\/03\/e84933cb-pacifico-colombiano-508x340.jpg 508w, https:\/\/www.greenpeace.org\/static\/planet4-colombia-stateless\/2024\/03\/e84933cb-pacifico-colombiano.jpg 1024w\"\n\t\t\t\t\t\tsizes=\"(min-width: 1000px) 358px, (min-width: 780px) 313px, 88px\"\n\t\t\t\t\t\talt=\"\" title=\"\"\n\t\t\t\t\/>\n            \t\t\t<div class=\"boxout-content\">\n\t\t\t\t\t\t\t\t\t<a\n\t\t\t\t\t\tclass=\"boxout-heading medium\"\n\t\t\t\t\t\tdata-ga-category=\"Take Action Boxout\"\n\t\t\t\t\t\tdata-ga-action=\"Title\"\n\t\t\t\t\t\tdata-ga-label=\"n\/a\"\n\t\t\t\t\t\thref=\"https:\/\/www.greenpeace.org\/colombia\/involucrate\/pacifico\/\"\n\t\t\t\t\t\t\n\t\t\t\t\t>\n\t\t\t\t\t\tColombia es pac\u00edfico\n\t\t\t\t\t<\/a>\n\t\t\t\t\t\t\t\t\t\t\t\t\t<p class=\"boxout-excerpt\">S\u00e9 parte de un movimiento mundial imparable que pueda lograr un ambicioso Tratado Mundial sobre los Pl\u00e1sticos.<\/p>\n\t\t\t\t                                    <a\n                        class=\"btn btn-primary\"\n                        data-ga-category=\"Take Action Boxout\"\n                        data-ga-action=\"Call to Action\"\n                        data-ga-label=\"n\/a\"\n                        href=\"https:\/\/www.greenpeace.org\/colombia\/involucrate\/pacifico\/\"\n                        \n                    >\n                        Invol\u00facrate\n                    <\/a>\n                \t\t\t<\/div>\n\t\t\t\t\t<\/section>\n\t","protected":false},"excerpt":{"rendered":"<p>Cada 16 de junio se celebra el D\u00eda Internacional de las Tortugas Marinas con el fin de generar conciencia sobre la importancia de su preservaci\u00f3n para el planeta, ya que es una de las especies m\u00e1s amenazadas por la actividad humana. En esta nota te contamos algunos datos acerca de esta fascinante especie y sus amenazas.<\/p>\n","protected":false},"author":21,"featured_media":938,"comment_status":"closed","ping_status":"open","sticky":false,"template":"","format":"standard","meta":{"ep_exclude_from_search":false,"p4_og_title":"D\u00eda Internacional de las Tortugas Marinas: defender su hogar es eliminar la contaminaci\u00f3n pl\u00e1stica en los oc\u00e9anos","p4_og_description":"Cada 16 de junio se celebra el D\u00eda Internacional de las Tortugas Marinas con el fin de generar conciencia sobre la importancia de su preservaci\u00f3n para el planeta, ya que es una de las especies m\u00e1s amenazadas por la actividad humana. En esta nota te contamos algunos datos acerca de esta fascinante especie y sus amenazas.","p4_og_image":"https:\/\/www.greenpeace.org\/static\/planet4-colombia-stateless\/2024\/03\/a3084e23-gpco-biodiversidad-pacifico-co-tortuga-verde-\u00a9-paul-hilton-greenpeace.jpg","p4_og_image_id":"11699","p4_seo_canonical_url":"","p4_campaign_name":"","p4_local_project":"","p4_basket_name":"","p4_department":"","footnotes":""},"categories":[37,4],"tags":[56,23,49],"p4-page-type":[16],"class_list":["post-12505","post","type-post","status-publish","format-standard","has-post-thumbnail","hentry","category-greenpeace","category-oceanos","tag-pacifico-colombiano","tag-plasticos","tag-basta-de-basura","p4-page-type-noticia"],"_links":{"self":[{"href":"https:\/\/www.greenpeace.org\/colombia\/wp-json\/wp\/v2\/posts\/12505","targetHints":{"allow":["GET"]}}],"collection":[{"href":"https:\/\/www.greenpeace.org\/colombia\/wp-json\/wp\/v2\/posts"}],"about":[{"href":"https:\/\/www.greenpeace.org\/colombia\/wp-json\/wp\/v2\/types\/post"}],"author":[{"embeddable":true,"href":"https:\/\/www.greenpeace.org\/colombia\/wp-json\/wp\/v2\/users\/21"}],"replies":[{"embeddable":true,"href":"https:\/\/www.greenpeace.org\/colombia\/wp-json\/wp\/v2\/comments?post=12505"}],"version-history":[{"count":4,"href":"https:\/\/www.greenpeace.org\/colombia\/wp-json\/wp\/v2\/posts\/12505\/revisions"}],"predecessor-version":[{"id":12509,"href":"https:\/\/www.greenpeace.org\/colombia\/wp-json\/wp\/v2\/posts\/12505\/revisions\/12509"}],"wp:featuredmedia":[{"embeddable":true,"href":"https:\/\/www.greenpeace.org\/colombia\/wp-json\/wp\/v2\/media\/938"}],"wp:attachment":[{"href":"https:\/\/www.greenpeace.org\/colombia\/wp-json\/wp\/v2\/media?parent=12505"}],"wp:term":[{"taxonomy":"category","embeddable":true,"href":"https:\/\/www.greenpeace.org\/colombia\/wp-json\/wp\/v2\/categories?post=12505"},{"taxonomy":"post_tag","embeddable":true,"href":"https:\/\/www.greenpeace.org\/colombia\/wp-json\/wp\/v2\/tags?post=12505"},{"taxonomy":"p4-page-type","embeddable":true,"href":"https:\/\/www.greenpeace.org\/colombia\/wp-json\/wp\/v2\/p4-page-type?post=12505"}],"curies":[{"name":"wp","href":"https:\/\/api.w.org\/{rel}","templated":true}]}}