{"id":12629,"date":"2024-07-03T13:13:04","date_gmt":"2024-07-03T13:13:04","guid":{"rendered":"https:\/\/www.greenpeace.org\/colombia\/?p=12629"},"modified":"2024-07-03T13:13:06","modified_gmt":"2024-07-03T13:13:06","slug":"por-un-futuro-limpio-y-saludable-la-nueva-ley-de-plasticos-nuestro-compromiso-y-tu-participacion","status":"publish","type":"post","link":"https:\/\/www.greenpeace.org\/colombia\/noticia\/campanas\/contaminacion\/por-un-futuro-limpio-y-saludable-la-nueva-ley-de-plasticos-nuestro-compromiso-y-tu-participacion\/","title":{"rendered":"Por un Futuro Limpio y Saludable: La Nueva Ley de Pl\u00e1sticos, Nuestro Compromiso y Tu Participaci\u00f3n"},"content":{"rendered":"\n<h4 class=\"wp-block-heading\">En un momento decisivo para la protecci\u00f3n ambiental, que marcar\u00e1 un antes y un despu\u00e9s, luego de que empiece a regir la nueva ley de pl\u00e1sticos en Colombia. Es por ello que desde Greenpeace Colombia, Fundaci\u00f3n Pl\u00e1stico Precioso Uramba, Fundaci\u00f3n MarViva, WWF, Fundaci\u00f3n y Planeta ConSentido, nos unimos para hacer un llamado urgente a la sociedad colombiana, el sector industrial, y las autoridades nacionales e internacionales: la implementaci\u00f3n de la nueva Ley de Pl\u00e1sticos es esencial para la salud de nuestros ecosistemas y la sostenibilidad de nuestro futuro.<\/h4>\n\n<h4 class=\"wp-block-heading\"><strong>El Pl\u00e1stico de Un Solo Uso: Un Enemigo Silencioso<\/strong><\/h4>\n\n<figure class=\"wp-block-image size-full\"><img loading=\"lazy\" decoding=\"async\" width=\"800\" height=\"530\" src=\"https:\/\/www.greenpeace.org\/static\/planet4-colombia-stateless\/2024\/01\/7efa7d0b-gp0sttwjn_low_res_with_credit_line.jpg\" alt=\"\" class=\"wp-image-11250\" srcset=\"https:\/\/www.greenpeace.org\/static\/planet4-colombia-stateless\/2024\/01\/7efa7d0b-gp0sttwjn_low_res_with_credit_line.jpg 800w, https:\/\/www.greenpeace.org\/static\/planet4-colombia-stateless\/2024\/01\/7efa7d0b-gp0sttwjn_low_res_with_credit_line-300x199.jpg 300w, https:\/\/www.greenpeace.org\/static\/planet4-colombia-stateless\/2024\/01\/7efa7d0b-gp0sttwjn_low_res_with_credit_line-768x509.jpg 768w, https:\/\/www.greenpeace.org\/static\/planet4-colombia-stateless\/2024\/01\/7efa7d0b-gp0sttwjn_low_res_with_credit_line-510x338.jpg 510w\" sizes=\"auto, (max-width: 800px) 100vw, 800px\" \/><\/figure>\n\n<p>Cada a\u00f1o, <strong>millones de toneladas de pl\u00e1sticos desechables inundan nuestros oc\u00e9anos y paisajes, causando un da\u00f1o incalculable a la vida marina, a nuestros ecosistemas y<\/strong>, en \u00faltima instancia, <strong>a nuestra propia salud.<\/strong> Este enemigo silencioso se encuentra en cada rinc\u00f3n de nuestro entorno, poniendo en riesgo la vida de innumerables especies y contaminando el agua que bebemos y el aire que respiramos.<\/p>\n\n<h4 class=\"wp-block-heading\"><strong>La Producci\u00f3n de Pl\u00e1sticos: Un Reto Creciente<\/strong><\/h4>\n\n<figure class=\"wp-block-image size-full\"><img loading=\"lazy\" decoding=\"async\" width=\"2500\" height=\"1666\" src=\"https:\/\/www.greenpeace.org\/static\/planet4-colombia-stateless\/2023\/09\/88f3656e-plasticos-9.jpg\" alt=\"\" class=\"wp-image-10597\" srcset=\"https:\/\/www.greenpeace.org\/static\/planet4-colombia-stateless\/2023\/09\/88f3656e-plasticos-9.jpg 2500w, https:\/\/www.greenpeace.org\/static\/planet4-colombia-stateless\/2023\/09\/88f3656e-plasticos-9-300x200.jpg 300w, https:\/\/www.greenpeace.org\/static\/planet4-colombia-stateless\/2023\/09\/88f3656e-plasticos-9-1024x682.jpg 1024w, https:\/\/www.greenpeace.org\/static\/planet4-colombia-stateless\/2023\/09\/88f3656e-plasticos-9-768x512.jpg 768w, https:\/\/www.greenpeace.org\/static\/planet4-colombia-stateless\/2023\/09\/88f3656e-plasticos-9-1536x1024.jpg 1536w, https:\/\/www.greenpeace.org\/static\/planet4-colombia-stateless\/2023\/09\/88f3656e-plasticos-9-2048x1366.jpg 2048w, https:\/\/www.greenpeace.org\/static\/planet4-colombia-stateless\/2023\/09\/88f3656e-plasticos-9-510x340.jpg 510w\" sizes=\"auto, (max-width: 2500px) 100vw, 2500px\" \/><\/figure>\n\n<p>La producci\u00f3n de pl\u00e1stico est\u00e1 en aumento, y se proyecta que<strong> para 2030, el 20% de la producci\u00f3n mundial de petr\u00f3leo se destinar\u00e1 a la fabricaci\u00f3n de pl\u00e1sticos<\/strong>. Esta tendencia no solo intensifica la crisis clim\u00e1tica, sino que tambi\u00e9n pone en peligro la biodiversidad marina. Se estima que para finales de este a\u00f1o, la producci\u00f3n y quema de pl\u00e1sticos <strong>generar\u00e1n emisiones de gases de efecto invernadero equivalentes a las de 200 centrales de carb\u00f3n<\/strong>. Esto subraya la necesidad urgente de cambiar nuestros h\u00e1bitos y pol\u00edticas\u200b\u200b.<\/p>\n\n<h4 class=\"wp-block-heading\"><strong>La Ley de Pl\u00e1sticos: Una Oportunidad para Sanar Nuestro Hogar Com\u00fan<\/strong><\/h4>\n\n<figure class=\"wp-block-image size-large\"><img loading=\"lazy\" decoding=\"async\" width=\"1024\" height=\"683\" src=\"https:\/\/www.greenpeace.org\/static\/planet4-colombia-stateless\/2023\/09\/8607c883-plasticos-8-1024x683.jpg\" alt=\"\" class=\"wp-image-10592\" srcset=\"https:\/\/www.greenpeace.org\/static\/planet4-colombia-stateless\/2023\/09\/8607c883-plasticos-8-1024x683.jpg 1024w, https:\/\/www.greenpeace.org\/static\/planet4-colombia-stateless\/2023\/09\/8607c883-plasticos-8-300x200.jpg 300w, https:\/\/www.greenpeace.org\/static\/planet4-colombia-stateless\/2023\/09\/8607c883-plasticos-8-768x512.jpg 768w, https:\/\/www.greenpeace.org\/static\/planet4-colombia-stateless\/2023\/09\/8607c883-plasticos-8-1536x1024.jpg 1536w, https:\/\/www.greenpeace.org\/static\/planet4-colombia-stateless\/2023\/09\/8607c883-plasticos-8-2048x1366.jpg 2048w, https:\/\/www.greenpeace.org\/static\/planet4-colombia-stateless\/2023\/09\/8607c883-plasticos-8-510x340.jpg 510w\" sizes=\"auto, (max-width: 1024px) 100vw, 1024px\" \/><\/figure>\n\n<p>Colombia ha dado un paso valiente y visionario al aprobar la Ley de Pl\u00e1sticos de Un Solo Uso, que se implementar\u00e1 a partir de 2024. <strong>Esta ley no es solo un conjunto de normas; es una promesa de un futuro m\u00e1s limpio, saludable y sostenible para todos nosotros.<\/strong> Al unirse a m\u00e1s de 69 naciones comprometidas con la reducci\u00f3n de pl\u00e1sticos desechables, Colombia se posiciona como un l\u00edder regional en la lucha contra la contaminaci\u00f3n pl\u00e1stica.<\/p>\n\n<h4 class=\"wp-block-heading\"><strong>Por Qu\u00e9 Esta Ley Nos Importa a Todos<\/strong><\/h4>\n\n<figure class=\"wp-block-image aligncenter size-full\"><img loading=\"lazy\" decoding=\"async\" width=\"600\" height=\"400\" src=\"https:\/\/www.greenpeace.org\/static\/planet4-colombia-stateless\/2023\/07\/0d2c61f7-gp0stpn3m_low_res_with_credit_line.jpg\" alt=\"\" class=\"wp-image-7683\" srcset=\"https:\/\/www.greenpeace.org\/static\/planet4-colombia-stateless\/2023\/07\/0d2c61f7-gp0stpn3m_low_res_with_credit_line.jpg 600w, https:\/\/www.greenpeace.org\/static\/planet4-colombia-stateless\/2023\/07\/0d2c61f7-gp0stpn3m_low_res_with_credit_line-300x200.jpg 300w, https:\/\/www.greenpeace.org\/static\/planet4-colombia-stateless\/2023\/07\/0d2c61f7-gp0stpn3m_low_res_with_credit_line-510x340.jpg 510w\" sizes=\"auto, (max-width: 600px) 100vw, 600px\" \/><\/figure>\n\n<p>Eliminaci\u00f3n de Pl\u00e1sticos Destructivos: En un plazo de dos a ocho a\u00f1os,<strong> 14 categor\u00edas de pl\u00e1sticos de un solo uso, incluidos bolsas de punto de pago, pitillos y mezcladores, ser\u00e1n eliminadas de forma gradual. <\/strong>Esta acci\u00f3n reducir\u00e1 significativamente la basura que llega a nuestros mares y r\u00edos\u200b\u200b.<\/p>\n\n<h4 class=\"wp-block-heading\"><strong>Protecci\u00f3n de Nuestros Tesoros Naturales:<\/strong> <\/h4>\n\n<figure class=\"wp-block-image size-large\"><img loading=\"lazy\" decoding=\"async\" width=\"1024\" height=\"680\" src=\"https:\/\/www.greenpeace.org\/static\/planet4-colombia-stateless\/2024\/07\/cad58f59-gpco-contaminacion-manglares-santa-marta-credito-martin-katz-greenpeace-5-1024x680.jpg\" alt=\"\" class=\"wp-image-12624\" srcset=\"https:\/\/www.greenpeace.org\/static\/planet4-colombia-stateless\/2024\/07\/cad58f59-gpco-contaminacion-manglares-santa-marta-credito-martin-katz-greenpeace-5-1024x680.jpg 1024w, https:\/\/www.greenpeace.org\/static\/planet4-colombia-stateless\/2024\/07\/cad58f59-gpco-contaminacion-manglares-santa-marta-credito-martin-katz-greenpeace-5-300x199.jpg 300w, https:\/\/www.greenpeace.org\/static\/planet4-colombia-stateless\/2024\/07\/cad58f59-gpco-contaminacion-manglares-santa-marta-credito-martin-katz-greenpeace-5-768x510.jpg 768w, https:\/\/www.greenpeace.org\/static\/planet4-colombia-stateless\/2024\/07\/cad58f59-gpco-contaminacion-manglares-santa-marta-credito-martin-katz-greenpeace-5-1536x1021.jpg 1536w, https:\/\/www.greenpeace.org\/static\/planet4-colombia-stateless\/2024\/07\/cad58f59-gpco-contaminacion-manglares-santa-marta-credito-martin-katz-greenpeace-5-2048x1361.jpg 2048w, https:\/\/www.greenpeace.org\/static\/planet4-colombia-stateless\/2024\/07\/cad58f59-gpco-contaminacion-manglares-santa-marta-credito-martin-katz-greenpeace-5-510x340.jpg 510w\" sizes=\"auto, (max-width: 1024px) 100vw, 1024px\" \/><\/figure>\n\n<p>La ley proteger\u00e1 ecosistemas fr\u00e1giles como Parques Naturales y humedales, preservando la belleza y biodiversidad de nuestros paisajes para futuras generaciones\u200b\u200b.<\/p>\n\n<p><strong>Seguridad y Transparencia:<\/strong> Se exigir\u00e1 que los productos pl\u00e1sticos incluyan etiquetas claras sobre los aditivos qu\u00edmicos utilizados, protegiendo a los consumidores y fomentando la producci\u00f3n responsable\u200b\u200b.<\/p>\n\n<p><strong>Apoyo a los Recicladores:<\/strong> La ley promueve la formalizaci\u00f3n de los recicladores y sus asociaciones, asegurando que aquellos que trabajan en la cadena de valor del pl\u00e1stico reciban el reconocimiento y apoyo que merecen\u200b\u200b.<\/p>\n\n<p><strong>Incentivos a la Innovaci\u00f3n:<\/strong> El Ministerio de Medio Ambiente y Desarrollo Sostenible est\u00e1 trabajando en un plan de reconversi\u00f3n productiva y adaptaci\u00f3n laboral, fomentando la innovaci\u00f3n hacia alternativas sostenibles y ecoamigables\u200b\u200b.<\/p>\n\n<p><strong>Reducci\u00f3n de Residuos:<\/strong> Esta ley ayudar\u00e1 a disminuir los residuos que terminan en rellenos sanitarios, reduciendo los costos de gesti\u00f3n y protegiendo \u00e1reas de especial inter\u00e9s ecol\u00f3gico\u200b\u200b.<\/p>\n\n<p><strong>Nuestro Compromiso:<\/strong> Un Mensaje de Esperanza<\/p>\n\n<p>Nos comprometemos a liderar con el ejemplo, a educar y sensibilizar a nuestras comunidades sobre los peligros del pl\u00e1stico de un solo uso y a promover alternativas sostenibles. Pero necesitamos tu ayuda. Cada peque\u00f1o gesto, desde rechazar una bolsa pl\u00e1stica hasta apoyar pol\u00edticas ambientales, contribuye a la transformaci\u00f3n que todos deseamos ver.<\/p>\n\n<h4 class=\"wp-block-heading\"><strong>Lo Que T\u00fa Puedes Hacer Hoy<\/strong><\/h4>\n\n<figure class=\"wp-block-image size-large\"><img loading=\"lazy\" decoding=\"async\" width=\"1024\" height=\"467\" src=\"https:\/\/www.greenpeace.org\/static\/planet4-colombia-stateless\/2023\/10\/39fa6cb5-92424891c4f3c4840145ece4563a39a6-1024x467.jpg\" title=\"Envases pl\u00e1sticos en la v\u00eda p\u00fablica\" alt=\"Envases pl\u00e1sticos en la v\u00eda p\u00fablica\" class=\"wp-image-10658\" srcset=\"https:\/\/www.greenpeace.org\/static\/planet4-colombia-stateless\/2023\/10\/39fa6cb5-92424891c4f3c4840145ece4563a39a6-1024x467.jpg 1024w, https:\/\/www.greenpeace.org\/static\/planet4-colombia-stateless\/2023\/10\/39fa6cb5-92424891c4f3c4840145ece4563a39a6-300x137.jpg 300w, https:\/\/www.greenpeace.org\/static\/planet4-colombia-stateless\/2023\/10\/39fa6cb5-92424891c4f3c4840145ece4563a39a6-768x350.jpg 768w, https:\/\/www.greenpeace.org\/static\/planet4-colombia-stateless\/2023\/10\/39fa6cb5-92424891c4f3c4840145ece4563a39a6-510x233.jpg 510w, https:\/\/www.greenpeace.org\/static\/planet4-colombia-stateless\/2023\/10\/39fa6cb5-92424891c4f3c4840145ece4563a39a6.jpg 1199w\" sizes=\"auto, (max-width: 1024px) 100vw, 1024px\" \/><figcaption><div class=\"credit icon-left\"> \u00a9 Racedirectorshq.com <\/div><\/figcaption><\/figure>\n\n<ul class=\"wp-block-list\">\n<li><strong>Rechaza y Reemplaza:<\/strong> Opta por productos reutilizables. Cada vez que rechazas un pl\u00e1stico desechable, ayudas a proteger el medio ambiente.<\/li>\n<\/ul>\n\n<ul class=\"wp-block-list\">\n<li><strong>Informa y Educa:<\/strong> Habla con tus amigos, familiares y colegas sobre la nueva ley y sus beneficios. El cambio comienza con la conciencia\u200b\u200b.<\/li>\n<\/ul>\n\n<ul class=\"wp-block-list\">\n<li><strong>Apoya el Cambio:<\/strong> Elige apoyar empresas que adopten pr\u00e1cticas sostenibles y pide a las autoridades que implementen y fortalezcan esta ley.<\/li>\n<\/ul>\n\n<h4 class=\"wp-block-heading\"><strong>Un Futuro Mejor Est\u00e1 en Nuestras Manos<\/strong><\/h4>\n\n<figure class=\"wp-block-image size-large\"><img loading=\"lazy\" decoding=\"async\" width=\"1024\" height=\"683\" src=\"https:\/\/www.greenpeace.org\/static\/planet4-colombia-stateless\/2023\/12\/548ad26a-gpco-bffp-plogging-3-1024x683.jpg\" alt=\"\" class=\"wp-image-11087\" srcset=\"https:\/\/www.greenpeace.org\/static\/planet4-colombia-stateless\/2023\/12\/548ad26a-gpco-bffp-plogging-3-1024x683.jpg 1024w, https:\/\/www.greenpeace.org\/static\/planet4-colombia-stateless\/2023\/12\/548ad26a-gpco-bffp-plogging-3-300x200.jpg 300w, https:\/\/www.greenpeace.org\/static\/planet4-colombia-stateless\/2023\/12\/548ad26a-gpco-bffp-plogging-3-768x512.jpg 768w, https:\/\/www.greenpeace.org\/static\/planet4-colombia-stateless\/2023\/12\/548ad26a-gpco-bffp-plogging-3-1536x1024.jpg 1536w, https:\/\/www.greenpeace.org\/static\/planet4-colombia-stateless\/2023\/12\/548ad26a-gpco-bffp-plogging-3-2048x1366.jpg 2048w, https:\/\/www.greenpeace.org\/static\/planet4-colombia-stateless\/2023\/12\/548ad26a-gpco-bffp-plogging-3-510x340.jpg 510w\" sizes=\"auto, (max-width: 1024px) 100vw, 1024px\" \/><\/figure>\n\n<p>Hoy m\u00e1s que nunca, creemos en la capacidad de nuestra sociedad para adaptarse, innovar y proteger nuestro hogar com\u00fan. La Ley de Pl\u00e1sticos es m\u00e1s que una regulaci\u00f3n; es una oportunidad para cada uno de nosotros de ser parte de una soluci\u00f3n que dejar\u00e1 un legado positivo para nuestros hijos y nietos.<\/p>\n\n<p class=\"has-grey-200-background-color has-background\"><strong>\u00a1Comparte este mensaje! Habla con tus amigos, familiares y colegas sobre los beneficios de la entrada en vigencia de la Ley de Pl\u00e1sticos de Un Solo Uso y c\u00f3mo pueden contribuir. Juntos, podemos marcar la diferencia\u200b\u200b.<\/strong><\/p>\n","protected":false},"excerpt":{"rendered":"<p>La implementaci\u00f3n de la nueva Ley de Pl\u00e1sticos es esencial para la salud de nuestros ecosistemas y la sostenibilidad de nuestro futuro.<\/p>\n","protected":false},"author":23,"featured_media":7683,"comment_status":"closed","ping_status":"open","sticky":false,"template":"","format":"standard","meta":{"ep_exclude_from_search":false,"p4_og_title":"Por un Futuro Limpio y Saludable: La Nueva Ley de Pl\u00e1sticos, Nuestro Compromiso y Tu Participaci\u00f3n","p4_og_description":"La implementaci\u00f3n de la nueva Ley de Pl\u00e1sticos es esencial para la salud de nuestros ecosistemas y la sostenibilidad de nuestro futuro.","p4_og_image":"https:\/\/www.greenpeace.org\/static\/planet4-colombia-stateless\/2023\/12\/548ad26a-gpco-bffp-plogging-3-scaled.jpg","p4_og_image_id":"11087","p4_seo_canonical_url":"","p4_campaign_name":"","p4_local_project":"","p4_basket_name":"","p4_department":"","footnotes":""},"categories":[17],"tags":[49,23],"p4-page-type":[16],"class_list":["post-12629","post","type-post","status-publish","format-standard","has-post-thumbnail","hentry","category-contaminacion","tag-basta-de-basura","tag-plasticos","p4-page-type-noticia"],"_links":{"self":[{"href":"https:\/\/www.greenpeace.org\/colombia\/wp-json\/wp\/v2\/posts\/12629","targetHints":{"allow":["GET"]}}],"collection":[{"href":"https:\/\/www.greenpeace.org\/colombia\/wp-json\/wp\/v2\/posts"}],"about":[{"href":"https:\/\/www.greenpeace.org\/colombia\/wp-json\/wp\/v2\/types\/post"}],"author":[{"embeddable":true,"href":"https:\/\/www.greenpeace.org\/colombia\/wp-json\/wp\/v2\/users\/23"}],"replies":[{"embeddable":true,"href":"https:\/\/www.greenpeace.org\/colombia\/wp-json\/wp\/v2\/comments?post=12629"}],"version-history":[{"count":1,"href":"https:\/\/www.greenpeace.org\/colombia\/wp-json\/wp\/v2\/posts\/12629\/revisions"}],"predecessor-version":[{"id":12630,"href":"https:\/\/www.greenpeace.org\/colombia\/wp-json\/wp\/v2\/posts\/12629\/revisions\/12630"}],"wp:featuredmedia":[{"embeddable":true,"href":"https:\/\/www.greenpeace.org\/colombia\/wp-json\/wp\/v2\/media\/7683"}],"wp:attachment":[{"href":"https:\/\/www.greenpeace.org\/colombia\/wp-json\/wp\/v2\/media?parent=12629"}],"wp:term":[{"taxonomy":"category","embeddable":true,"href":"https:\/\/www.greenpeace.org\/colombia\/wp-json\/wp\/v2\/categories?post=12629"},{"taxonomy":"post_tag","embeddable":true,"href":"https:\/\/www.greenpeace.org\/colombia\/wp-json\/wp\/v2\/tags?post=12629"},{"taxonomy":"p4-page-type","embeddable":true,"href":"https:\/\/www.greenpeace.org\/colombia\/wp-json\/wp\/v2\/p4-page-type?post=12629"}],"curies":[{"name":"wp","href":"https:\/\/api.w.org\/{rel}","templated":true}]}}