{"id":1271,"date":"2019-03-08T13:16:40","date_gmt":"2019-03-08T13:16:40","guid":{"rendered":"https:\/\/www.greenpeace.org\/colombia\/?p=1271"},"modified":"2021-12-01T12:27:28","modified_gmt":"2021-12-01T12:27:28","slug":"dia-internacional-de-la-mujer-8-de-marzo-para-repensarnos","status":"publish","type":"post","link":"https:\/\/www.greenpeace.org\/colombia\/blog\/uncategorized\/dia-internacional-de-la-mujer-8-de-marzo-para-repensarnos\/","title":{"rendered":"D\u00eda Internacional de la Mujer: 8 de Marzo, \u00a1para repensarnos!"},"content":{"rendered":"<p><img loading=\"lazy\" decoding=\"async\" class=\"alignnone size-full wp-image-1272\" src=\"https:\/\/www.greenpeace.org\/static\/planet4-colombia-stateless\/2019\/03\/9ebc07fe-0000960572.jpg\" alt=\"\" width=\"800\" height=\"533\" srcset=\"https:\/\/www.greenpeace.org\/static\/planet4-colombia-stateless\/2019\/03\/9ebc07fe-0000960572.jpg 800w, https:\/\/www.greenpeace.org\/static\/planet4-colombia-stateless\/2019\/03\/9ebc07fe-0000960572-300x200.jpg 300w, https:\/\/www.greenpeace.org\/static\/planet4-colombia-stateless\/2019\/03\/9ebc07fe-0000960572-768x512.jpg 768w, https:\/\/www.greenpeace.org\/static\/planet4-colombia-stateless\/2019\/03\/9ebc07fe-0000960572-510x340.jpg 510w\" sizes=\"auto, (max-width: 800px) 100vw, 800px\" \/><\/p>\n<p><span style=\"font-weight: 400;\">Por Silvia Gomez<\/span><\/p>\n<p><i><span style=\"font-weight: 400;\"><strong>\u201cEl Amor y las semillas son lo \u00fanico que se multiplica cuando se comparte\u201d.<\/strong> <\/span><\/i><\/p>\n<p><i><span style=\"font-weight: 400;\"> El principito<\/span><\/i><\/p>\n<p><span style=\"font-weight: 400;\">Hoy, \u00a1pienso en las mujeres que admiro! Las que me inspiran y alientan mi orgullo por ser mujer. Las que est\u00e1n cerca de mi alma y en las que puedo verme reflejada. Mujeres comunes que no necesito se destaquen en el mundo para ser destacadas en mi vida: mi mam\u00e1, mi hermana, mis t\u00edas, mis abuelas, mis amigas y colegas.<\/span><\/p>\n<p><span style=\"font-weight: 400;\">Las que d\u00eda a d\u00eda luchan por ser ellas mismas a pesar de las obligaciones sociales y culturales que tienen que conciliar. Las que se levantan y muchas veces sin saberlo, activan redes, que m\u00e1s all\u00e1 de ellas, restauran, conectan, y convocan.<\/span><\/p>\n<p><span style=\"font-weight: 400;\">No suelen recibir el reconocimiento merecido por las infinitas labores, que parecen insignificantes pero que en la realidad, son las que hacen posible el m\u00e1gico flujo de los d\u00edas. Y, sin embargo, permanecen y no se rinden. &nbsp;Corren contra el tiempo, no se resignan y llegan cuando tienen que llegar. <\/span><\/p>\n<p><span style=\"font-weight: 400;\">Llenas de sentimientos, a veces de satisfacci\u00f3n y alegr\u00eda, otras de soledad y frustraci\u00f3n, no hay d\u00eda en que no alcen la cara, saquen el pecho y est\u00e9n dispuestas a sortear la vida tal como venga.<\/span><\/p>\n<p><span style=\"font-weight: 400;\">Las mujeres hemos sido hist\u00f3ricamente quienes reciben y contienen. Entre muchas otras tareas heredadas, pareciera que inspirar cuidado y respeto por los otros, resulta m\u00e1s relevante que nunca, en un mundo lleno de egos, que necesita mirar m\u00e1s hacia adentro que brillar hacia afuera. Pero claro, ese cuidado viene con sensaciones dolorosas de culpas aprendidas; de no ser nunca suficiente, de no estar a la altura o tener que hacer esfuerzos extras para cumplir con expectativas de otros.<\/span><\/p>\n<p><span style=\"font-weight: 400;\">Hoy quiero, que nos animemos a vernos en movimiento, todas y todos. Que nos atrevamos a reconocer lo que nos hace bien y aquello que nos hace da\u00f1o; para intentar cambiar los viejos paradigmas que limitan nuestro mundo complementario de oportunidades. Tambi\u00e9n que podamos honrar lo que somos y agradecer, a esas mujeres <\/span><b>poderosas<\/b><span style=\"font-weight: 400;\"> que ense\u00f1an con su ejemplo a no descansar hasta no lograr lo que nos proponemos. A tantas <\/span><b>sabias<\/b><span style=\"font-weight: 400;\">, que con sus acciones, muestran el valor inmenso de las palabras y tambi\u00e9n del silencio. &nbsp;A las <\/span><b>generosas<\/b><span style=\"font-weight: 400;\">, que muestran y comparten su coraz\u00f3n genuinamente. A las mujeres que con <\/span><b>humildad<\/b><span style=\"font-weight: 400;\">, fertilizan el mundo con sus ideas, comida o hijos. A aquellas &nbsp;<\/span><b>valientes<\/b><span style=\"font-weight: 400;\">, que sin miedo, confrontan situaciones inc\u00f3modas y se comprometen con la verdad. A las m\u00e1s <\/span><b>sensibles<\/b><span style=\"font-weight: 400;\"> que aman la naturaleza y luchan por protegerla. &nbsp;A todas las que como yo, seguimos creyendo que: el Amor y las semillas son lo \u00fanico que se multiplica cuando se comparte. <\/span><\/p>\n<div class=\"EmptyMessage\">Block content is empty. Check the block&#8217;s settings or remove it.<\/div>","protected":false},"excerpt":{"rendered":"<p>Por Silvia Gomez \u201cEl Amor y las semillas son lo \u00fanico que se multiplica cuando se comparte\u201d. El principito Hoy, \u00a1pienso en las mujeres que admiro! Las que me inspiran&hellip;<\/p>\n","protected":false},"author":19,"featured_media":1272,"comment_status":"closed","ping_status":"open","sticky":false,"template":"","format":"standard","meta":{"ep_exclude_from_search":false,"p4_og_title":"","p4_og_description":"","p4_og_image":"","p4_og_image_id":"","p4_seo_canonical_url":"","p4_campaign_name":"not set","p4_local_project":"not set","p4_basket_name":"not set","p4_department":"","footnotes":""},"categories":[1],"tags":[],"p4-page-type":[14],"class_list":["post-1271","post","type-post","status-publish","format-standard","has-post-thumbnail","hentry","category-uncategorized","p4-page-type-blog"],"_links":{"self":[{"href":"https:\/\/www.greenpeace.org\/colombia\/wp-json\/wp\/v2\/posts\/1271","targetHints":{"allow":["GET"]}}],"collection":[{"href":"https:\/\/www.greenpeace.org\/colombia\/wp-json\/wp\/v2\/posts"}],"about":[{"href":"https:\/\/www.greenpeace.org\/colombia\/wp-json\/wp\/v2\/types\/post"}],"author":[{"embeddable":true,"href":"https:\/\/www.greenpeace.org\/colombia\/wp-json\/wp\/v2\/users\/19"}],"replies":[{"embeddable":true,"href":"https:\/\/www.greenpeace.org\/colombia\/wp-json\/wp\/v2\/comments?post=1271"}],"version-history":[{"count":4,"href":"https:\/\/www.greenpeace.org\/colombia\/wp-json\/wp\/v2\/posts\/1271\/revisions"}],"predecessor-version":[{"id":5681,"href":"https:\/\/www.greenpeace.org\/colombia\/wp-json\/wp\/v2\/posts\/1271\/revisions\/5681"}],"wp:featuredmedia":[{"embeddable":true,"href":"https:\/\/www.greenpeace.org\/colombia\/wp-json\/wp\/v2\/media\/1272"}],"wp:attachment":[{"href":"https:\/\/www.greenpeace.org\/colombia\/wp-json\/wp\/v2\/media?parent=1271"}],"wp:term":[{"taxonomy":"category","embeddable":true,"href":"https:\/\/www.greenpeace.org\/colombia\/wp-json\/wp\/v2\/categories?post=1271"},{"taxonomy":"post_tag","embeddable":true,"href":"https:\/\/www.greenpeace.org\/colombia\/wp-json\/wp\/v2\/tags?post=1271"},{"taxonomy":"p4-page-type","embeddable":true,"href":"https:\/\/www.greenpeace.org\/colombia\/wp-json\/wp\/v2\/p4-page-type?post=1271"}],"curies":[{"name":"wp","href":"https:\/\/api.w.org\/{rel}","templated":true}]}}