{"id":13111,"date":"2024-09-16T13:33:12","date_gmt":"2024-09-16T13:33:12","guid":{"rendered":"https:\/\/www.greenpeace.org\/colombia\/?p=13111"},"modified":"2025-07-02T07:20:01","modified_gmt":"2025-07-02T07:20:01","slug":"contaminacion-por-microplasticos-3-cosas-que-tienes-que-saber","status":"publish","type":"post","link":"https:\/\/www.greenpeace.org\/colombia\/blog\/campanas\/contaminacion\/contaminacion-por-microplasticos-3-cosas-que-tienes-que-saber\/","title":{"rendered":"Contaminaci\u00f3n por micropl\u00e1sticos: 3 cosas que tienes que saber\u00a0"},"content":{"rendered":"\n<p>Los <strong>micropl\u00e1sticos<\/strong> no dejan de ser noticia. Las pruebas de que son un verdadero problema para la salud de las personas, los animales y el ambiente son contundentes, lo cual es l\u00f3gico cuando consideramos que vivimos en un mundo donde la contaminaci\u00f3n por este material sint\u00e9tico es la regla y no la excepci\u00f3n.&nbsp;<\/p>\n\n<figure class=\"wp-block-image size-large\"><img loading=\"lazy\" decoding=\"async\" width=\"1024\" height=\"576\" src=\"https:\/\/www.greenpeace.org\/static\/planet4-colombia-stateless\/2024\/07\/e5f4ac95-gpi-el-mar-comienza-en-la-ciudad-\u00a9-ivan-castaneira-greenpeace-1024x576.jpg\" alt=\"\" class=\"wp-image-12625\" srcset=\"https:\/\/www.greenpeace.org\/static\/planet4-colombia-stateless\/2024\/07\/e5f4ac95-gpi-el-mar-comienza-en-la-ciudad-\u00a9-ivan-castaneira-greenpeace-1024x576.jpg 1024w, https:\/\/www.greenpeace.org\/static\/planet4-colombia-stateless\/2024\/07\/e5f4ac95-gpi-el-mar-comienza-en-la-ciudad-\u00a9-ivan-castaneira-greenpeace-300x169.jpg 300w, https:\/\/www.greenpeace.org\/static\/planet4-colombia-stateless\/2024\/07\/e5f4ac95-gpi-el-mar-comienza-en-la-ciudad-\u00a9-ivan-castaneira-greenpeace-768x432.jpg 768w, https:\/\/www.greenpeace.org\/static\/planet4-colombia-stateless\/2024\/07\/e5f4ac95-gpi-el-mar-comienza-en-la-ciudad-\u00a9-ivan-castaneira-greenpeace-1536x864.jpg 1536w, https:\/\/www.greenpeace.org\/static\/planet4-colombia-stateless\/2024\/07\/e5f4ac95-gpi-el-mar-comienza-en-la-ciudad-\u00a9-ivan-castaneira-greenpeace-2048x1152.jpg 2048w, https:\/\/www.greenpeace.org\/static\/planet4-colombia-stateless\/2024\/07\/e5f4ac95-gpi-el-mar-comienza-en-la-ciudad-\u00a9-ivan-castaneira-greenpeace-510x287.jpg 510w\" sizes=\"auto, (max-width: 1024px) 100vw, 1024px\" \/><figcaption class=\"wp-element-caption\">En conmemoraci\u00f3n del D\u00eda Internacional Libre de Bolsas de Pl\u00e1stico, Greenpeace insta a todos los colombianos a unirse en la lucha contra la contaminaci\u00f3n pl\u00e1stica, adoptando alternativas sostenibles y comprendiendo la importancia de la nueva ley de pl\u00e1sticos que entr\u00f3 en vigor el 1 de julio de este a\u00f1o.<\/figcaption><\/figure>\n\n<p>En este video Celeste Giardinelli muestra con claridad c\u00f3mo se ve el flagelo de los micropl\u00e1sticos en un lugar tan delicado y lleno de vida silvestre como es la Isla de Pascua.&nbsp;<\/p>\n\n<figure class=\"wp-block-embed is-type-video is-provider-youtube wp-block-embed-youtube wp-embed-aspect-16-9 wp-has-aspect-ratio\"><div class=\"wp-block-embed__wrapper\">\n<iframe loading=\"lazy\" title=\"Conocer la Isla de Pascua pero...\u00a1El para\u00edso est\u00e1 lleno de pl\u00e1sticos!\" width=\"500\" height=\"281\" src=\"https:\/\/www.youtube.com\/embed\/YsxkvQi-wEk?feature=oembed\" frameborder=\"0\" allow=\"accelerometer; autoplay; clipboard-write; encrypted-media; gyroscope; picture-in-picture; web-share\" referrerpolicy=\"strict-origin-when-cross-origin\" allowfullscreen><\/iframe>\n<\/div><\/figure>\n\n<p>Esta es una de las problem\u00e1ticas m\u00e1s urgentes a las que nos enfrentamos como sociedad. Por suerte, siempre hay algo que podemos hacer para mejorar la situaci\u00f3n.&nbsp;<\/p>\n\n<p>Hoy en particular te compartimos algunas<strong> ideas que ayudan a reducir la exposici\u00f3n a estos contaminantes \u00ednfimos pero poderosos<\/strong>, que nos acechan en el agua, el aire y hasta en la comida.<\/p>\n\n<h2 class=\"wp-block-heading\">\u00bf<strong>Qu\u00e9 son los micropl\u00e1sticos?<\/strong><\/h2>\n\n<div class=\"wp-block-columns is-layout-flex wp-container-core-columns-is-layout-9d6595d7 wp-block-columns-is-layout-flex\">\n<div class=\"wp-block-column is-layout-flow wp-block-column-is-layout-flow\" style=\"flex-basis:40%\">\n<p>Primero, convengamos que cuando hablamos de <strong>micropl\u00e1sticos<\/strong> nos referimos a <strong>diminutos fragmentos de pl\u00e1stico<\/strong> (de menos de 5 mm de di\u00e1metro) que se originan al degradarse productos m\u00e1s grandes, como botellas, bolsas, esponjas de melamina, etc.<\/p>\n<\/div>\n\n\n\n<div class=\"wp-block-column is-layout-flow wp-block-column-is-layout-flow\" style=\"flex-basis:60%\">\n<figure class=\"wp-block-image aligncenter size-full is-resized\"><img decoding=\"async\" src=\"https:\/\/www.greenpeace.org\/static\/planet4-argentina-stateless\/2024\/09\/0ad77e55-gp1suvkm_low-res-with-credit-line-800px.jpg\" alt=\"\" class=\"wp-image-25427\" style=\"width:366px\"\/><figcaption class=\"wp-element-caption\">Micropl\u00e1sticos vistos desde un microscopio, a partir de muestras de agua tomadas por Greenpeace en el r\u00edo Rin.<\/figcaption><\/figure>\n<\/div>\n<\/div>\n\n<div class=\"wp-block-columns are-vertically-aligned-top is-layout-flex wp-container-core-columns-is-layout-9d6595d7 wp-block-columns-is-layout-flex\">\n<div class=\"wp-block-column is-vertically-aligned-top is-layout-flow wp-block-column-is-layout-flow\" style=\"flex-basis:40%\">\n<p>Estos materiales, al ser descartados y quedar expuestos a la intemperie, se descomponen en part\u00edculas m\u00e1s peque\u00f1as que <strong>se depositan en el suelo, viajan a r\u00edos y mares y hasta son transportadas por el aire<\/strong>.<\/p>\n<\/div>\n\n\n\n<div class=\"wp-block-column is-vertically-aligned-top is-layout-flow wp-block-column-is-layout-flow\" style=\"flex-basis:60%\">\n<figure class=\"wp-block-image aligncenter size-full is-resized\"><img decoding=\"async\" src=\"https:\/\/www.greenpeace.org\/static\/planet4-argentina-stateless\/2024\/09\/a4709b40-gp0stz6p4_low-res-with-credit-line-800px.jpg\" alt=\"\" class=\"wp-image-25426\" style=\"width:366px\"\/><figcaption class=\"wp-element-caption\">Millones de perdigones, peque\u00f1as bolas de pl\u00e1stico de color blanco, han estado inundando las costas gallegas.<\/figcaption><\/figure>\n<\/div>\n<\/div>\n\n<p>Es importante saber que <strong>los micropl\u00e1sticos no s\u00f3lo se generan al terminar la vida \u00fatil de un objeto<\/strong>. El ejemplo m\u00e1s claro es el de<strong> las esponjas pl\u00e1sticas<\/strong> que se usan para lavar platos que, cada vez que se friccionan, <strong>liberan billones de part\u00edculas t\u00f3xicas<\/strong> que viajan ca\u00f1er\u00edas abajo contaminando todo a su paso.<\/p>\n\n<h2 class=\"wp-block-heading\"><strong>\u00bfC\u00f3mo llegan a nosotros los micropl\u00e1sticos?<\/strong><\/h2>\n\n<p>Los micropl\u00e1sticos tambi\u00e9n llegan a partir de los mismos <strong>recipientes <\/strong>que utilizamos a diario para transportar alimentos, que a diario <strong>desprenden fragmentos microsc\u00f3picos que ingerimos<\/strong> sin darnos cuenta.&nbsp;<\/p>\n\n<p>Al mismo tiempo, diversos estudios cient\u00edficos han encontrado que el agua embotellada contiene niveles significativamente m\u00e1s altos de micropl\u00e1sticos en comparaci\u00f3n con el agua del grifo.<\/p>\n\n<p>Es decir que todo el tiempo estamos en contacto con micropl\u00e1sticos que terminan ingresando en nuestro sistemas.<\/p>\n\n<p>En esta nota puedes leer m\u00e1s detalles:<\/p>\n\n<figure class=\"wp-block-embed is-type-wp-embed is-provider-greenpeace-colombia wp-block-embed-greenpeace-colombia\"><div class=\"wp-block-embed__wrapper\">\n<blockquote class=\"wp-embedded-content\" data-secret=\"Zilulxr9bB\"><a href=\"https:\/\/www.greenpeace.org\/colombia\/blog\/issues\/contaminacion\/peligro-hay-plasticos-en-la-comida-y-en-el-aire-que-respiramos\/\">\u00a1Peligro! Hay pl\u00e1sticos en la comida y en el aire que respiramos<\/a><\/blockquote><iframe loading=\"lazy\" class=\"wp-embedded-content\" sandbox=\"allow-scripts\" security=\"restricted\" style=\"position: absolute; visibility: hidden;\" title=\"&#8220;\u00a1Peligro! Hay pl\u00e1sticos en la comida y en el aire que respiramos&#8221; &#8212; Greenpeace Colombia\" src=\"https:\/\/www.greenpeace.org\/colombia\/blog\/issues\/contaminacion\/peligro-hay-plasticos-en-la-comida-y-en-el-aire-que-respiramos\/embed\/#?secret=TDrZVcFBZG#?secret=Zilulxr9bB\" data-secret=\"Zilulxr9bB\" width=\"500\" height=\"282\" frameborder=\"0\" marginwidth=\"0\" marginheight=\"0\" scrolling=\"no\"><\/iframe>\n<\/div><\/figure>\n\n<h2 class=\"wp-block-heading\"><strong>\u00bfC\u00f3mo disminuir la exposici\u00f3n a los micropl\u00e1sticos?&nbsp;<\/strong><\/h2>\n\n<p>Es momento de poner acci\u00f3n estas ideas para reducir la exposici\u00f3n a este tipo de contaminaci\u00f3n:<\/p>\n\n<p class=\"has-white-color has-blue-green-800-background-color has-text-color has-background has-link-color wp-elements-bc771511303399ed8d95a2caf2d5ca71\">Evitar el uso de botellas de pl\u00e1stico y optar por recipientes de vidrio o acero inoxidable para almacenar alimentos.&nbsp;<\/p>\n\n<p class=\"has-blue-green-800-color has-white-background-color has-text-color has-background has-link-color wp-elements-c287804775b5f9430894007265b7f7d1\">Invertir en <strong>filtros de agua<\/strong> certificados.<\/p>\n\n<p class=\"has-white-color has-blue-green-800-background-color has-text-color has-background has-link-color wp-elements-30ad56e0f8620b8a8af153ad7d51cfe4\">En cuanto al almacenamiento de alimentos, es aconsejable evitar el uso de recipientes pl\u00e1sticos, especialmente para alimentos calientes, ya que las altas temperaturas pueden acelerar la degradaci\u00f3n y liberaci\u00f3n de micropl\u00e1sticos.&nbsp;<\/p>\n\n<p class=\"has-blue-green-800-color has-white-background-color has-text-color has-background has-link-color wp-elements-4902e98a735e2947213906736452a9f7\">No reutilizar pl\u00e1sticos de un solo uso para alimentos y bebidas y siempre optar por los que sean de vidrio o cer\u00e1mica para calentar los alimentos.<\/p>\n\n<figure class=\"wp-block-image size-full\"><img decoding=\"async\" src=\"https:\/\/www.greenpeace.org\/static\/planet4-argentina-stateless\/2024\/09\/b60cd8a4-gp0su06wy_low-res-with-credit-line-800px.jpg\" alt=\"\" class=\"wp-image-25436\"\/><figcaption class=\"wp-element-caption\">Sof\u00eda G\u00f3mez con un cartel que dice &#8220;Tratado Global de Pl\u00e1sticos ahora&#8221;.<\/figcaption><\/figure>\n\n<p>En un plano m\u00e1s general, no olvidemos que podemos frenar esta marea si se crean y fomentan medidas que abarquen desde la producci\u00f3n hasta el consumo.<em> <\/em>Por eso, conseguir un <strong>Tratado Mundial sobre los Pl\u00e1sticos<\/strong> contin\u00faa siendo la mejor estrategia. Seguiremos luchando para que se haga realidad \ud83c\udf0e\ud83d\udcaa.<\/p>\n\t\t\t<section\n\t\t\tclass=\"boxout  \"\n\t\t\t\n\t\t>\n\t\t\t<a\n\t\t\t\tdata-ga-category=\"Take Action Boxout\"\n\t\t\t\tdata-ga-action=\"Image\"\n\t\t\t\tdata-ga-label=\"n\/a\"\n\t\t\t\tclass=\"cover-card-overlay\"\n\t\t\t\thref=\"https:\/\/www.greenpeace.org\/colombia\/involucrate\/\" target=\"_blank\"\n\t\t\t><\/a>\n\t\t\t\t\t\t\t<img\n\t\t\t\t\t\tsrc=\"https:\/\/www.greenpeace.org\/static\/planet4-colombia-stateless\/2024\/06\/a5c28313-dreym_img_0853-1024x683.jpg\"\n\t\t\t\t\t\tsrcset=\"https:\/\/www.greenpeace.org\/static\/planet4-colombia-stateless\/2024\/06\/a5c28313-dreym_img_0853-300x200.jpg 300w, https:\/\/www.greenpeace.org\/static\/planet4-colombia-stateless\/2024\/06\/a5c28313-dreym_img_0853-1024x683.jpg 1024w, https:\/\/www.greenpeace.org\/static\/planet4-colombia-stateless\/2024\/06\/a5c28313-dreym_img_0853-768x512.jpg 768w, https:\/\/www.greenpeace.org\/static\/planet4-colombia-stateless\/2024\/06\/a5c28313-dreym_img_0853-1536x1024.jpg 1536w, https:\/\/www.greenpeace.org\/static\/planet4-colombia-stateless\/2024\/06\/a5c28313-dreym_img_0853-2048x1366.jpg 2048w, https:\/\/www.greenpeace.org\/static\/planet4-colombia-stateless\/2024\/06\/a5c28313-dreym_img_0853-510x340.jpg 510w\"\n\t\t\t\t\t\tsizes=\"(min-width: 1000px) 358px, (min-width: 780px) 313px, 88px\"\n\t\t\t\t\t\talt=\"\" title=\"\"\n\t\t\t\t\/>\n            \t\t\t<div class=\"boxout-content\">\n\t\t\t\t\t\t\t\t\t<a\n\t\t\t\t\t\tclass=\"boxout-heading medium\"\n\t\t\t\t\t\tdata-ga-category=\"Take Action Boxout\"\n\t\t\t\t\t\tdata-ga-action=\"Title\"\n\t\t\t\t\t\tdata-ga-label=\"n\/a\"\n\t\t\t\t\t\thref=\"https:\/\/www.greenpeace.org\/colombia\/involucrate\/\"\n\t\t\t\t\t\ttarget=\"_blank\"\n\t\t\t\t\t>\n\t\t\t\t\t\tS\u00famate a nosotros\n\t\t\t\t\t<\/a>\n\t\t\t\t\t\t\t\t                                    <a\n                        class=\"btn btn-primary\"\n                        data-ga-category=\"Take Action Boxout\"\n                        data-ga-action=\"Call to Action\"\n                        data-ga-label=\"n\/a\"\n                        href=\"https:\/\/www.greenpeace.org\/colombia\/involucrate\/\"\n                        target=\"_blank\"\n                    >\n                        Conoce tus opciones\n                    <\/a>\n                \t\t\t<\/div>\n\t\t\t\t\t<\/section>\n\t","protected":false},"excerpt":{"rendered":"<p>Este es un tema al que ya no podemos escapar. <\/p>\n","protected":false},"author":53,"featured_media":13115,"comment_status":"closed","ping_status":"open","sticky":false,"template":"","format":"standard","meta":{"ep_exclude_from_search":false,"p4_og_title":"Contaminaci\u00f3n por micropl\u00e1sticos: 3 cosas que tienes que saber\u00a0","p4_og_description":"Este es un tema al que ya no podemos escapar. \n","p4_og_image":"https:\/\/www.greenpeace.org\/static\/planet4-colombia-stateless\/2024\/09\/37acad4f-gp1suvkm_low-res-with-credit-line-800px.jpg","p4_og_image_id":"13115","p4_seo_canonical_url":"","p4_campaign_name":"","p4_local_project":"","p4_basket_name":"","p4_department":"","footnotes":""},"categories":[17],"tags":[56,23,53,49],"p4-page-type":[14],"class_list":["post-13111","post","type-post","status-publish","format-standard","has-post-thumbnail","hentry","category-contaminacion","tag-pacifico-colombiano","tag-plasticos","tag-consumo","tag-basta-de-basura","p4-page-type-blog"],"_links":{"self":[{"href":"https:\/\/www.greenpeace.org\/colombia\/wp-json\/wp\/v2\/posts\/13111","targetHints":{"allow":["GET"]}}],"collection":[{"href":"https:\/\/www.greenpeace.org\/colombia\/wp-json\/wp\/v2\/posts"}],"about":[{"href":"https:\/\/www.greenpeace.org\/colombia\/wp-json\/wp\/v2\/types\/post"}],"author":[{"embeddable":true,"href":"https:\/\/www.greenpeace.org\/colombia\/wp-json\/wp\/v2\/users\/53"}],"replies":[{"embeddable":true,"href":"https:\/\/www.greenpeace.org\/colombia\/wp-json\/wp\/v2\/comments?post=13111"}],"version-history":[{"count":6,"href":"https:\/\/www.greenpeace.org\/colombia\/wp-json\/wp\/v2\/posts\/13111\/revisions"}],"predecessor-version":[{"id":15414,"href":"https:\/\/www.greenpeace.org\/colombia\/wp-json\/wp\/v2\/posts\/13111\/revisions\/15414"}],"wp:featuredmedia":[{"embeddable":true,"href":"https:\/\/www.greenpeace.org\/colombia\/wp-json\/wp\/v2\/media\/13115"}],"wp:attachment":[{"href":"https:\/\/www.greenpeace.org\/colombia\/wp-json\/wp\/v2\/media?parent=13111"}],"wp:term":[{"taxonomy":"category","embeddable":true,"href":"https:\/\/www.greenpeace.org\/colombia\/wp-json\/wp\/v2\/categories?post=13111"},{"taxonomy":"post_tag","embeddable":true,"href":"https:\/\/www.greenpeace.org\/colombia\/wp-json\/wp\/v2\/tags?post=13111"},{"taxonomy":"p4-page-type","embeddable":true,"href":"https:\/\/www.greenpeace.org\/colombia\/wp-json\/wp\/v2\/p4-page-type?post=13111"}],"curies":[{"name":"wp","href":"https:\/\/api.w.org\/{rel}","templated":true}]}}