{"id":14000,"date":"2024-11-27T18:00:25","date_gmt":"2024-11-27T18:00:25","guid":{"rendered":"https:\/\/www.greenpeace.org\/colombia\/?p=14000"},"modified":"2024-11-27T18:00:30","modified_gmt":"2024-11-27T18:00:30","slug":"dia-internacional-contra-el-consumismo-un-alto-necesario-en-la-carrera-por-comprar","status":"publish","type":"post","link":"https:\/\/www.greenpeace.org\/colombia\/noticia\/campanas\/sustentabilidad\/dia-internacional-contra-el-consumismo-un-alto-necesario-en-la-carrera-por-comprar\/","title":{"rendered":"D\u00eda Internacional contra el Consumismo: Un Alto Necesario en la Carrera por Comprar"},"content":{"rendered":"\n<figure class=\"wp-block-image size-large\"><img loading=\"lazy\" decoding=\"async\" width=\"1024\" height=\"683\" src=\"https:\/\/www.greenpeace.org\/static\/planet4-colombia-stateless\/2024\/11\/f801b24d-gpco-feria-de-reciclaje-y-reutilizacion-bogota-1024x683.jpg\" alt=\"\" class=\"wp-image-14001\" srcset=\"https:\/\/www.greenpeace.org\/static\/planet4-colombia-stateless\/2024\/11\/f801b24d-gpco-feria-de-reciclaje-y-reutilizacion-bogota-1024x683.jpg 1024w, https:\/\/www.greenpeace.org\/static\/planet4-colombia-stateless\/2024\/11\/f801b24d-gpco-feria-de-reciclaje-y-reutilizacion-bogota-300x200.jpg 300w, https:\/\/www.greenpeace.org\/static\/planet4-colombia-stateless\/2024\/11\/f801b24d-gpco-feria-de-reciclaje-y-reutilizacion-bogota-768x512.jpg 768w, https:\/\/www.greenpeace.org\/static\/planet4-colombia-stateless\/2024\/11\/f801b24d-gpco-feria-de-reciclaje-y-reutilizacion-bogota-1536x1024.jpg 1536w, https:\/\/www.greenpeace.org\/static\/planet4-colombia-stateless\/2024\/11\/f801b24d-gpco-feria-de-reciclaje-y-reutilizacion-bogota-2048x1366.jpg 2048w, https:\/\/www.greenpeace.org\/static\/planet4-colombia-stateless\/2024\/11\/f801b24d-gpco-feria-de-reciclaje-y-reutilizacion-bogota-510x340.jpg 510w\" sizes=\"auto, (max-width: 1024px) 100vw, 1024px\" \/><figcaption class=\"wp-element-caption\">\u00a0\u00a9 Ivan Valencia \/ Greenpeace<\/figcaption><\/figure>\n\n<p>Bogot\u00e1 27 de noviembre de 2024 &#8211; En un mundo donde las compras desmedidas\u00a0 son\u00a0 sin\u00f3nimo de progreso y \u00e9xito, <strong>el D\u00eda Internacional contra el Consumismo, celebrado cada 29 de noviembre, nos recuerda la urgencia de replantear nuestras decisiones de consumo y su impacto en el planeta.<\/strong> Coincidiendo con el Black Friday y la temporada de fin de a\u00f1o, esta fecha busca despertar conciencia sobre los efectos devastadores que este comportamiento tiene\u00a0 en el medio ambiente, la sociedad y nuestra calidad de vida.<\/p>\n\n<figure class=\"wp-block-image size-large\"><img loading=\"lazy\" decoding=\"async\" width=\"1024\" height=\"686\" src=\"https:\/\/www.greenpeace.org\/static\/planet4-colombia-stateless\/2024\/11\/852ea3a8-gpa-reutlizacion-de-residuos-electronicos-1024x686.jpg\" alt=\"\" class=\"wp-image-14002\" srcset=\"https:\/\/www.greenpeace.org\/static\/planet4-colombia-stateless\/2024\/11\/852ea3a8-gpa-reutlizacion-de-residuos-electronicos-1024x686.jpg 1024w, https:\/\/www.greenpeace.org\/static\/planet4-colombia-stateless\/2024\/11\/852ea3a8-gpa-reutlizacion-de-residuos-electronicos-300x201.jpg 300w, https:\/\/www.greenpeace.org\/static\/planet4-colombia-stateless\/2024\/11\/852ea3a8-gpa-reutlizacion-de-residuos-electronicos-768x514.jpg 768w, https:\/\/www.greenpeace.org\/static\/planet4-colombia-stateless\/2024\/11\/852ea3a8-gpa-reutlizacion-de-residuos-electronicos-1536x1029.jpg 1536w, https:\/\/www.greenpeace.org\/static\/planet4-colombia-stateless\/2024\/11\/852ea3a8-gpa-reutlizacion-de-residuos-electronicos-2048x1371.jpg 2048w, https:\/\/www.greenpeace.org\/static\/planet4-colombia-stateless\/2024\/11\/852ea3a8-gpa-reutlizacion-de-residuos-electronicos-2040x1366.jpg 2040w, https:\/\/www.greenpeace.org\/static\/planet4-colombia-stateless\/2024\/11\/852ea3a8-gpa-reutlizacion-de-residuos-electronicos-508x340.jpg 508w\" sizes=\"auto, (max-width: 1024px) 100vw, 1024px\" \/><figcaption class=\"wp-element-caption\">\u00a0\u00a9 Martin Katz \/ Greenpeace Argentina<\/figcaption><\/figure>\n\n<p>El consumo excesivo est\u00e1 agotando los recursos naturales a un ritmo alarmante. <a href=\"https:\/\/www.unep.org\/es\/resources\/Global-Resource-Outlook-2024#:~:text=El%20informe%20tambi%C3%A9n%20muestra%20c%C3%B3mo,y%20riesgos%20cada%20vez%20mayores\">Seg\u00fan el Panel Internacional de Recursos, la extracci\u00f3n de materiales podr\u00eda aumentar un 60% para 2060<\/a>. Mientras que <strong>Greenpeace afirma que estamos demandando los recursos de 1.7 planetas Tierra para sostener el estilo de vida actual<\/strong>. Este &#8220;<strong>sobregiro ecol\u00f3gico<\/strong>&#8221; est\u00e1 llevando al colapso de ecosistemas, acelerando la p\u00e9rdida de biodiversidad y exacerbando la crisis clim\u00e1tica.<\/p>\n\n<figure class=\"wp-block-image size-large\"><img loading=\"lazy\" decoding=\"async\" width=\"1024\" height=\"683\" src=\"https:\/\/www.greenpeace.org\/static\/planet4-colombia-stateless\/2024\/11\/ea00ac32-gpco-black-friday-colombia-1024x683.jpg\" alt=\"\" class=\"wp-image-14004\" srcset=\"https:\/\/www.greenpeace.org\/static\/planet4-colombia-stateless\/2024\/11\/ea00ac32-gpco-black-friday-colombia-1024x683.jpg 1024w, https:\/\/www.greenpeace.org\/static\/planet4-colombia-stateless\/2024\/11\/ea00ac32-gpco-black-friday-colombia-300x200.jpg 300w, https:\/\/www.greenpeace.org\/static\/planet4-colombia-stateless\/2024\/11\/ea00ac32-gpco-black-friday-colombia-768x512.jpg 768w, https:\/\/www.greenpeace.org\/static\/planet4-colombia-stateless\/2024\/11\/ea00ac32-gpco-black-friday-colombia-1536x1024.jpg 1536w, https:\/\/www.greenpeace.org\/static\/planet4-colombia-stateless\/2024\/11\/ea00ac32-gpco-black-friday-colombia-2048x1366.jpg 2048w, https:\/\/www.greenpeace.org\/static\/planet4-colombia-stateless\/2024\/11\/ea00ac32-gpco-black-friday-colombia-510x340.jpg 510w\" sizes=\"auto, (max-width: 1024px) 100vw, 1024px\" \/><figcaption class=\"wp-element-caption\">\u00a0\u00a9 Nathalia Angarita \/ Greenpeace<br><a href=\"https:\/\/fotos.greenpeace.org.ar\/Colombia\/FTP\/20241126%20Dia%20Internacional%20contra%20el%20Consumismo\/__GPCO%20Black%20Friday%20Colombia.jpg\"><\/a><\/figcaption><\/figure>\n\n<p>\u201cCombatir el consumismo es un desaf\u00edo, <strong>el cambio comienza en nuestras elecciones diarias. <\/strong>Adoptar un consumo responsable no significa dejar de comprar, sino hacerlo de manera consciente, entendiendo que nuestras decisiones impactan no solo al planeta, sino tambi\u00e9n a las generaciones futuras\u201d, afirm\u00f3 Tatiana Cespedes, coordinadora de campa\u00f1as de Greenpeace Colombia.\u00a0<\/p>\n\n<h4 class=\"wp-block-heading\"><strong>La industria de la moda: un ejemplo cr\u00edtico<\/strong><\/h4>\n\n<figure class=\"wp-block-image size-large\"><img loading=\"lazy\" decoding=\"async\" width=\"1024\" height=\"683\" src=\"https:\/\/www.greenpeace.org\/static\/planet4-colombia-stateless\/2024\/11\/988ea132-gpi-reciclaje-de-ropa-en-bolsos-1024x683.jpg\" alt=\"\" class=\"wp-image-14005\" srcset=\"https:\/\/www.greenpeace.org\/static\/planet4-colombia-stateless\/2024\/11\/988ea132-gpi-reciclaje-de-ropa-en-bolsos-1024x683.jpg 1024w, https:\/\/www.greenpeace.org\/static\/planet4-colombia-stateless\/2024\/11\/988ea132-gpi-reciclaje-de-ropa-en-bolsos-300x200.jpg 300w, https:\/\/www.greenpeace.org\/static\/planet4-colombia-stateless\/2024\/11\/988ea132-gpi-reciclaje-de-ropa-en-bolsos-768x512.jpg 768w, https:\/\/www.greenpeace.org\/static\/planet4-colombia-stateless\/2024\/11\/988ea132-gpi-reciclaje-de-ropa-en-bolsos-1536x1024.jpg 1536w, https:\/\/www.greenpeace.org\/static\/planet4-colombia-stateless\/2024\/11\/988ea132-gpi-reciclaje-de-ropa-en-bolsos-2048x1366.jpg 2048w, https:\/\/www.greenpeace.org\/static\/planet4-colombia-stateless\/2024\/11\/988ea132-gpi-reciclaje-de-ropa-en-bolsos-510x340.jpg 510w\" sizes=\"auto, (max-width: 1024px) 100vw, 1024px\" \/><figcaption class=\"wp-element-caption\">\u00a0\u00a9 Baramee Temboonkiat \/ Greenpeace<\/figcaption><\/figure>\n\n<p>Un caso emblem\u00e1tico de los efectos del consumismo es la <strong>industria de la moda r\u00e1pida o fast fashion, responsable de aproximadamente el 10% de las emisiones globales de gases de efecto invernadero<\/strong>. Cada prenda producida conlleva un alto costo ambiental, desde el uso intensivo de agua hasta la contaminaci\u00f3n de r\u00edos y oc\u00e9anos por desechos qu\u00edmicos. Adem\u00e1s, <strong>las condiciones laborales en esta industria son a menudo precarias, perpetuando un sistema econ\u00f3mico que prioriza el beneficio a corto plazo sobre el bienestar humano y planetario<\/strong>.<\/p>\n\n<h4 class=\"wp-block-heading\"><strong>Alternativas para un consumo consciente<\/strong><\/h4>\n\n<figure class=\"wp-block-image size-large\"><img loading=\"lazy\" decoding=\"async\" width=\"1024\" height=\"684\" src=\"https:\/\/www.greenpeace.org\/static\/planet4-colombia-stateless\/2024\/11\/4cb45ac1-gpch-vertedero-textil-desierto-atacama-chile-1024x684.jpg\" alt=\"\" class=\"wp-image-14006\" srcset=\"https:\/\/www.greenpeace.org\/static\/planet4-colombia-stateless\/2024\/11\/4cb45ac1-gpch-vertedero-textil-desierto-atacama-chile-1024x684.jpg 1024w, https:\/\/www.greenpeace.org\/static\/planet4-colombia-stateless\/2024\/11\/4cb45ac1-gpch-vertedero-textil-desierto-atacama-chile-300x200.jpg 300w, https:\/\/www.greenpeace.org\/static\/planet4-colombia-stateless\/2024\/11\/4cb45ac1-gpch-vertedero-textil-desierto-atacama-chile-768x513.jpg 768w, https:\/\/www.greenpeace.org\/static\/planet4-colombia-stateless\/2024\/11\/4cb45ac1-gpch-vertedero-textil-desierto-atacama-chile-1536x1025.jpg 1536w, https:\/\/www.greenpeace.org\/static\/planet4-colombia-stateless\/2024\/11\/4cb45ac1-gpch-vertedero-textil-desierto-atacama-chile-2048x1367.jpg 2048w, https:\/\/www.greenpeace.org\/static\/planet4-colombia-stateless\/2024\/11\/4cb45ac1-gpch-vertedero-textil-desierto-atacama-chile-2046x1366.jpg 2046w, https:\/\/www.greenpeace.org\/static\/planet4-colombia-stateless\/2024\/11\/4cb45ac1-gpch-vertedero-textil-desierto-atacama-chile-510x340.jpg 510w\" sizes=\"auto, (max-width: 1024px) 100vw, 1024px\" \/><figcaption class=\"wp-element-caption\">&#8211; \u00a9 Cristobal Olivares \/ Greenpeace<\/figcaption><\/figure>\n\n<p>Este <strong>D\u00eda Internacional contra el Consumismo<\/strong>, Greenpeace hace un llamado a la acci\u00f3n:<\/p>\n\n<ul class=\"wp-block-list\">\n<li>Informarnos y reconocer el impacto ambiental y social de tus compras. Hay muchos documentales, libros y art\u00edculos que pueden ayudar a entender c\u00f3mo afecta el consumismo a nuestro planeta para poder generar una conciencia colectiva.\u00a0<\/li>\n\n\n\n<li>Cuestionar nuestras necesidades de compra. Antes de adquirir un producto, reflexionemos sobre su verdadera necesidad y su impacto.<\/li>\n\n\n\n<li>Optar por calidad sobre cantidad. Apoyemos marcas y productos sostenibles, locales y con pr\u00e1cticas \u00e9ticas.<\/li>\n\n\n\n<li>Promover la reutilizaci\u00f3n y el intercambio. Participemos en ferias de trueque, compremos productos de segunda mano y fomentemos una econom\u00eda circular.<\/li>\n<\/ul>\n\n<p>En una temporada marcada por las ofertas y la publicidad agresiva,<strong> el D\u00eda Internacional contra el Consumismo nos invita a detenernos, reflexionar y actuar<\/strong>. Cambiar nuestros h\u00e1bitos no solo ayudar\u00e1 a aliviar la presi\u00f3n sobre los ecosistemas, sino que tambi\u00e9n abrir\u00e1 camino hacia un futuro m\u00e1s justo y sostenible.<\/p>\n","protected":false},"excerpt":{"rendered":"<p>El D\u00eda Internacional contra el Consumismo nos recuerda la urgencia de replantear nuestras decisiones de consumo y su impacto en el planeta.<\/p>\n","protected":false},"author":21,"featured_media":14004,"comment_status":"closed","ping_status":"open","sticky":false,"template":"","format":"standard","meta":{"ep_exclude_from_search":false,"p4_og_title":"D\u00eda Internacional contra el Consumismo: Un Alto Necesario en la Carrera por Comprar","p4_og_description":"El D\u00eda Internacional contra el Consumismo nos recuerda la urgencia de replantear nuestras decisiones de consumo y su impacto en el planeta.","p4_og_image":"https:\/\/www.greenpeace.org\/static\/planet4-colombia-stateless\/2024\/11\/ea00ac32-gpco-black-friday-colombia.jpg","p4_og_image_id":"14004","p4_seo_canonical_url":"","p4_campaign_name":"","p4_local_project":"","p4_basket_name":"","p4_department":"","footnotes":""},"categories":[51],"tags":[],"p4-page-type":[16],"class_list":["post-14000","post","type-post","status-publish","format-standard","has-post-thumbnail","hentry","category-sustentabilidad","p4-page-type-noticia"],"_links":{"self":[{"href":"https:\/\/www.greenpeace.org\/colombia\/wp-json\/wp\/v2\/posts\/14000","targetHints":{"allow":["GET"]}}],"collection":[{"href":"https:\/\/www.greenpeace.org\/colombia\/wp-json\/wp\/v2\/posts"}],"about":[{"href":"https:\/\/www.greenpeace.org\/colombia\/wp-json\/wp\/v2\/types\/post"}],"author":[{"embeddable":true,"href":"https:\/\/www.greenpeace.org\/colombia\/wp-json\/wp\/v2\/users\/21"}],"replies":[{"embeddable":true,"href":"https:\/\/www.greenpeace.org\/colombia\/wp-json\/wp\/v2\/comments?post=14000"}],"version-history":[{"count":1,"href":"https:\/\/www.greenpeace.org\/colombia\/wp-json\/wp\/v2\/posts\/14000\/revisions"}],"predecessor-version":[{"id":14007,"href":"https:\/\/www.greenpeace.org\/colombia\/wp-json\/wp\/v2\/posts\/14000\/revisions\/14007"}],"wp:featuredmedia":[{"embeddable":true,"href":"https:\/\/www.greenpeace.org\/colombia\/wp-json\/wp\/v2\/media\/14004"}],"wp:attachment":[{"href":"https:\/\/www.greenpeace.org\/colombia\/wp-json\/wp\/v2\/media?parent=14000"}],"wp:term":[{"taxonomy":"category","embeddable":true,"href":"https:\/\/www.greenpeace.org\/colombia\/wp-json\/wp\/v2\/categories?post=14000"},{"taxonomy":"post_tag","embeddable":true,"href":"https:\/\/www.greenpeace.org\/colombia\/wp-json\/wp\/v2\/tags?post=14000"},{"taxonomy":"p4-page-type","embeddable":true,"href":"https:\/\/www.greenpeace.org\/colombia\/wp-json\/wp\/v2\/p4-page-type?post=14000"}],"curies":[{"name":"wp","href":"https:\/\/api.w.org\/{rel}","templated":true}]}}