{"id":14101,"date":"2024-12-17T18:30:54","date_gmt":"2024-12-17T18:30:54","guid":{"rendered":"https:\/\/www.greenpeace.org\/colombia\/?p=14101"},"modified":"2024-12-17T18:30:57","modified_gmt":"2024-12-17T18:30:57","slug":"ultimo-encuentro-activista-del-ano-un-taller-para-darle-nueva-vida-a-tu-guardarropas","status":"publish","type":"post","link":"https:\/\/www.greenpeace.org\/colombia\/blog\/greenpeace\/ultimo-encuentro-activista-del-ano-un-taller-para-darle-nueva-vida-a-tu-guardarropas\/","title":{"rendered":"\u00daltimo encuentro activista del a\u00f1o: un taller para darle nueva vida a tu guardarropas"},"content":{"rendered":"\n<p><em>Por Luz Le Dantec, Coordinadora de Loyalty<\/em><\/p>\n\n<p>Este viernes 20 de diciembre cerramos 2024 con un evento especial. Tendremos un taller en el que vamos a aprender en familia los mejores trucos con el fin de transformar nuestras prendas de vestir.<\/p>\n\n<figure class=\"wp-block-image size-large\"><a href=\"https:\/\/landing.infogreenpeace.org\/es-co\/tallerreviviendounaymilprendas\" target=\"_blank\" rel=\"noreferrer noopener\"><img loading=\"lazy\" decoding=\"async\" width=\"1024\" height=\"1024\" src=\"https:\/\/www.greenpeace.org\/static\/planet4-colombia-stateless\/2024\/12\/a207ac26-11-1024x1024.png\" alt=\"\" class=\"wp-image-14102\" srcset=\"https:\/\/www.greenpeace.org\/static\/planet4-colombia-stateless\/2024\/12\/a207ac26-11-1024x1024.png 1024w, https:\/\/www.greenpeace.org\/static\/planet4-colombia-stateless\/2024\/12\/a207ac26-11-300x300.png 300w, https:\/\/www.greenpeace.org\/static\/planet4-colombia-stateless\/2024\/12\/a207ac26-11-150x150.png 150w, https:\/\/www.greenpeace.org\/static\/planet4-colombia-stateless\/2024\/12\/a207ac26-11-768x768.png 768w, https:\/\/www.greenpeace.org\/static\/planet4-colombia-stateless\/2024\/12\/a207ac26-11-1536x1536.png 1536w, https:\/\/www.greenpeace.org\/static\/planet4-colombia-stateless\/2024\/12\/a207ac26-11-1366x1366.png 1366w, https:\/\/www.greenpeace.org\/static\/planet4-colombia-stateless\/2024\/12\/a207ac26-11-340x340.png 340w, https:\/\/www.greenpeace.org\/static\/planet4-colombia-stateless\/2024\/12\/a207ac26-11-400x400.png 400w, https:\/\/www.greenpeace.org\/static\/planet4-colombia-stateless\/2024\/12\/a207ac26-11-600x600.png 600w, https:\/\/www.greenpeace.org\/static\/planet4-colombia-stateless\/2024\/12\/a207ac26-11.png 1920w\" sizes=\"auto, (max-width: 1024px) 100vw, 1024px\" \/><\/a><\/figure>\n\n<p><strong>Este encuentro est\u00e1 pensado en especial para que los m\u00e1s peque\u00f1os del hogar y sus familias descubran c\u00f3mo revivir su vestuario y hacerlo m\u00e1s consciente, con ideas pr\u00e1cticas y divertidas. <\/strong>Adem\u00e1s, habr\u00e1 baile, canciones y mucho m\u00e1s.&nbsp;<\/p>\n\n<p>Ser\u00e1 v\u00eda Zoom, as\u00ed que puedes unirte desde donde est\u00e9s. Va a estar genial, \u00a1no te quedes afuera!<\/p>\n\n<div class=\"wp-block-buttons is-layout-flex wp-block-buttons-is-layout-flex\">\n<div class=\"wp-block-button has-custom-width wp-block-button__width-100 is-style-cta\"><a class=\"wp-block-button__link wp-element-button\" href=\"https:\/\/landing.infogreenpeace.org\/es-co\/tallerreviviendounaymilprendas\" target=\"_blank\" rel=\"noreferrer noopener\"><strong>S\u00famate al Taller Reviviendo una y mil prendas<\/strong><\/a><\/div>\n<\/div>\n\n<h2 class=\"wp-block-heading\"><\/h2>\n\n<p><strong>Nos acompa\u00f1ar\u00e1 Daniela Seguel, actriz y comunicadora chilena<\/strong> que se especializa en moda y consumo responsable.&nbsp;<br><\/p>\n\n<figure class=\"wp-block-image size-large\"><img loading=\"lazy\" decoding=\"async\" width=\"1024\" height=\"1024\" src=\"https:\/\/www.greenpeace.org\/static\/planet4-colombia-stateless\/2024\/12\/bc7ffc12-daniela-seguel-1024x1024.jpg\" alt=\"\" class=\"wp-image-14103\" srcset=\"https:\/\/www.greenpeace.org\/static\/planet4-colombia-stateless\/2024\/12\/bc7ffc12-daniela-seguel-1024x1024.jpg 1024w, https:\/\/www.greenpeace.org\/static\/planet4-colombia-stateless\/2024\/12\/bc7ffc12-daniela-seguel-300x300.jpg 300w, https:\/\/www.greenpeace.org\/static\/planet4-colombia-stateless\/2024\/12\/bc7ffc12-daniela-seguel-150x150.jpg 150w, https:\/\/www.greenpeace.org\/static\/planet4-colombia-stateless\/2024\/12\/bc7ffc12-daniela-seguel-768x769.jpg 768w, https:\/\/www.greenpeace.org\/static\/planet4-colombia-stateless\/2024\/12\/bc7ffc12-daniela-seguel-340x340.jpg 340w, https:\/\/www.greenpeace.org\/static\/planet4-colombia-stateless\/2024\/12\/bc7ffc12-daniela-seguel-400x400.jpg 400w, https:\/\/www.greenpeace.org\/static\/planet4-colombia-stateless\/2024\/12\/bc7ffc12-daniela-seguel-600x600.jpg 600w, https:\/\/www.greenpeace.org\/static\/planet4-colombia-stateless\/2024\/12\/bc7ffc12-daniela-seguel-rotated.jpg 1244w\" sizes=\"auto, (max-width: 1024px) 100vw, 1024px\" \/><\/figure>\n\n<p>A trav\u00e9s de su cuenta <strong><a href=\"https:\/\/www.instagram.com\/reviviendomilprendas\/?hl=es\" target=\"_blank\" rel=\"noreferrer noopener\">@reviviendomilprendas<\/a><\/strong>, promueve el vestuario consciente y busca motivar a que todos le demos una nueva vida a cada <em>outfit<\/em> (conjunto de vestir) con consejos que est\u00e1n a nuestro alcance. Claro, siempre con un rasgo central: la cuota de sustentabilidad.\u00a0<br>Con este prop\u00f3sito, lanz\u00f3 <a href=\"https:\/\/www.buscalibre.cl\/libro-reviviendo-mil-prendas\/9789564061252\/p\/54376273\" target=\"_blank\" rel=\"noreferrer noopener\">el primer libro<\/a> creado en Chile sobre moda sustentable dedicado en su totalidad a ni\u00f1os y ni\u00f1as.<\/p>\n\n<figure class=\"wp-block-image size-full\"><img loading=\"lazy\" decoding=\"async\" width=\"828\" height=\"725\" src=\"https:\/\/www.greenpeace.org\/static\/planet4-colombia-stateless\/2024\/12\/ecbbf7ee-charla-rapa-nui-1.jpeg\" alt=\"\" class=\"wp-image-14104\" srcset=\"https:\/\/www.greenpeace.org\/static\/planet4-colombia-stateless\/2024\/12\/ecbbf7ee-charla-rapa-nui-1.jpeg 828w, https:\/\/www.greenpeace.org\/static\/planet4-colombia-stateless\/2024\/12\/ecbbf7ee-charla-rapa-nui-1-300x263.jpeg 300w, https:\/\/www.greenpeace.org\/static\/planet4-colombia-stateless\/2024\/12\/ecbbf7ee-charla-rapa-nui-1-768x672.jpeg 768w, https:\/\/www.greenpeace.org\/static\/planet4-colombia-stateless\/2024\/12\/ecbbf7ee-charla-rapa-nui-1-388x340.jpeg 388w\" sizes=\"auto, (max-width: 828px) 100vw, 828px\" \/><\/figure>\n\n<h2 class=\"wp-block-heading\"><\/h2>\n\n<h3 class=\"wp-block-heading\"><strong>La moda es otra forma de expresar qui\u00e9nes somos&nbsp;<\/strong><\/h3>\n\n<p>El inter\u00e9s por la moda no es algo fr\u00edvolo y superficial. Por el contrario, cuando elegimos c\u00f3mo vestirnos cada d\u00eda lo hacemos por la funci\u00f3n b\u00e1sica de cubrirnos o abrigarnos y adem\u00e1s, porque estamos comunicando a los que nos rodean c\u00f3mo es nuestra personalidad, qu\u00e9 gustos tenemos, las convicciones que mantenemos, y m\u00e1s.&nbsp;<\/p>\n\n<figure class=\"wp-block-image size-full\"><img loading=\"lazy\" decoding=\"async\" width=\"800\" height=\"533\" src=\"https:\/\/www.greenpeace.org\/static\/planet4-colombia-stateless\/2024\/12\/9deb1db1-blog5.jpg\" alt=\"\" class=\"wp-image-14105\" srcset=\"https:\/\/www.greenpeace.org\/static\/planet4-colombia-stateless\/2024\/12\/9deb1db1-blog5.jpg 800w, https:\/\/www.greenpeace.org\/static\/planet4-colombia-stateless\/2024\/12\/9deb1db1-blog5-300x200.jpg 300w, https:\/\/www.greenpeace.org\/static\/planet4-colombia-stateless\/2024\/12\/9deb1db1-blog5-768x512.jpg 768w, https:\/\/www.greenpeace.org\/static\/planet4-colombia-stateless\/2024\/12\/9deb1db1-blog5-510x340.jpg 510w\" sizes=\"auto, (max-width: 800px) 100vw, 800px\" \/><\/figure>\n\n<p><span id=\"docs-internal-guid-3bf13b63-7fff-7b4d-6ceb-420cce07e884\"><\/span><\/p>\n\n<p>As\u00ed, nuestro atuendo nos permite identificarnos con el grupo social de pertenencia y diferenciarnos de otros. Es decir, cumple una funci\u00f3n social al definirnos y ayudar a movernos en la sociedad. Por eso, es muy importante.&nbsp;<\/p>\n\n<h2 class=\"wp-block-heading\"><\/h2>\n\n<h3 class=\"wp-block-heading\"><strong>La industria de la moda y su huella en el planeta<\/strong><\/h3>\n\n<p>A nivel mundial, esta industria es una de las actividades que m\u00e1s recursos toma de la naturaleza para su producci\u00f3n y de las que m\u00e1s contamina. En definitiva, sus efectos en el ambiente son preocupantes.&nbsp;<\/p>\n\n<figure class=\"wp-block-image size-full\"><img loading=\"lazy\" decoding=\"async\" width=\"800\" height=\"533\" src=\"https:\/\/www.greenpeace.org\/static\/planet4-colombia-stateless\/2024\/12\/6e8ec372-blog6.jpg\" alt=\"\" class=\"wp-image-14106\" srcset=\"https:\/\/www.greenpeace.org\/static\/planet4-colombia-stateless\/2024\/12\/6e8ec372-blog6.jpg 800w, https:\/\/www.greenpeace.org\/static\/planet4-colombia-stateless\/2024\/12\/6e8ec372-blog6-300x200.jpg 300w, https:\/\/www.greenpeace.org\/static\/planet4-colombia-stateless\/2024\/12\/6e8ec372-blog6-768x512.jpg 768w, https:\/\/www.greenpeace.org\/static\/planet4-colombia-stateless\/2024\/12\/6e8ec372-blog6-510x340.jpg 510w\" sizes=\"auto, (max-width: 800px) 100vw, 800px\" \/><\/figure>\n\n<p>Si a esto sumamos la presi\u00f3n del <em>fast fashion<\/em> (moda r\u00e1pida), esa parte del mercado que ofrece prendas de dudosa calidad a bajo costo para satisfacer modas pasajeras -que pueden durar apenas 3 meses-, las consecuencias son desastrosas.&nbsp;<\/p>\n\n<p>Entre ellas, las monta\u00f1as de ropa sin usar que son tiradas a la basura, <a href=\"https:\/\/www.greenpeace.org\/colombia\/blog\/issues\/contaminacion\/alerta-el-desierto-de-atacama-cada-vez-mas-cubierto-de-basura\/\" target=\"_blank\" rel=\"noreferrer noopener\">como ocurre en el desierto de Atacama (Chile)<\/a>, son apenas la punta del iceberg de un consumo desmedido que lleva a nuestro planeta al l\u00edmite.\u00a0<\/p>\n\n<p>Este viernes 20 de diciembre aprenderemos m\u00e1s sobre la moda, su impacto en el ambiente y c\u00f3mo revivir nuestras prendas con Daniela Seguel, en un taller que ser\u00e1 s\u00faper inspirador y divertido. Te estaremos esperando junto a tu familia.<\/p>\n\n<div class=\"wp-block-buttons is-layout-flex wp-block-buttons-is-layout-flex\">\n<div class=\"wp-block-button has-custom-width wp-block-button__width-100 is-style-cta\"><a class=\"wp-block-button__link wp-element-button\" href=\"https:\/\/landing.infogreenpeace.org\/es-co\/tallerreviviendounaymilprendas\" target=\"_blank\" rel=\"noreferrer noopener\"><strong>Reserva&nbsp; tu lugar<\/strong><\/a><\/div>\n<\/div>\n\n<h2 class=\"wp-block-heading\"><\/h2>\n\n<p>Nos hace felices darle un broche de oro a este a\u00f1o lleno de encuentros de activismo \u00fanicos. \u00a1Nos vemos! <br><\/p>\n","protected":false},"excerpt":{"rendered":"<p>Este viernes 20 de diciembre cerramos 2024 con un evento especial. Tendremos un taller en el que vamos a aprender en familia los mejores trucos con el fin de transformar&hellip;<\/p>\n","protected":false},"author":19,"featured_media":14102,"comment_status":"closed","ping_status":"open","sticky":false,"template":"","format":"standard","meta":{"ep_exclude_from_search":false,"p4_og_title":"\u00daltimo encuentro activista del a\u00f1o: un taller para darle nueva vida a tu guardarropas","p4_og_description":"Para que ni\u00f1os y ni\u00f1as se diviertan mientras descubren c\u00f3mo revivir su vestuario.\n","p4_og_image":"https:\/\/www.greenpeace.org\/static\/planet4-colombia-stateless\/2024\/12\/a207ac26-11.png","p4_og_image_id":"14102","p4_seo_canonical_url":"","p4_campaign_name":"","p4_local_project":"","p4_basket_name":"","p4_department":"","footnotes":""},"categories":[41,37,51],"tags":[27],"p4-page-type":[14],"class_list":["post-14101","post","type-post","status-publish","format-standard","has-post-thumbnail","hentry","category-blog","category-greenpeace","category-sustentabilidad","tag-socios","p4-page-type-blog"],"_links":{"self":[{"href":"https:\/\/www.greenpeace.org\/colombia\/wp-json\/wp\/v2\/posts\/14101","targetHints":{"allow":["GET"]}}],"collection":[{"href":"https:\/\/www.greenpeace.org\/colombia\/wp-json\/wp\/v2\/posts"}],"about":[{"href":"https:\/\/www.greenpeace.org\/colombia\/wp-json\/wp\/v2\/types\/post"}],"author":[{"embeddable":true,"href":"https:\/\/www.greenpeace.org\/colombia\/wp-json\/wp\/v2\/users\/19"}],"replies":[{"embeddable":true,"href":"https:\/\/www.greenpeace.org\/colombia\/wp-json\/wp\/v2\/comments?post=14101"}],"version-history":[{"count":3,"href":"https:\/\/www.greenpeace.org\/colombia\/wp-json\/wp\/v2\/posts\/14101\/revisions"}],"predecessor-version":[{"id":14110,"href":"https:\/\/www.greenpeace.org\/colombia\/wp-json\/wp\/v2\/posts\/14101\/revisions\/14110"}],"wp:featuredmedia":[{"embeddable":true,"href":"https:\/\/www.greenpeace.org\/colombia\/wp-json\/wp\/v2\/media\/14102"}],"wp:attachment":[{"href":"https:\/\/www.greenpeace.org\/colombia\/wp-json\/wp\/v2\/media?parent=14101"}],"wp:term":[{"taxonomy":"category","embeddable":true,"href":"https:\/\/www.greenpeace.org\/colombia\/wp-json\/wp\/v2\/categories?post=14101"},{"taxonomy":"post_tag","embeddable":true,"href":"https:\/\/www.greenpeace.org\/colombia\/wp-json\/wp\/v2\/tags?post=14101"},{"taxonomy":"p4-page-type","embeddable":true,"href":"https:\/\/www.greenpeace.org\/colombia\/wp-json\/wp\/v2\/p4-page-type?post=14101"}],"curies":[{"name":"wp","href":"https:\/\/api.w.org\/{rel}","templated":true}]}}