{"id":14738,"date":"2025-06-06T18:32:36","date_gmt":"2025-06-06T18:32:36","guid":{"rendered":"https:\/\/www.greenpeace.org\/colombia\/?p=14738"},"modified":"2025-06-06T20:32:08","modified_gmt":"2025-06-06T20:32:08","slug":"dia-mundial-de-los-oceanos-sin-tratado-global-de-plasticos-no-podremos-salvarlos","status":"publish","type":"post","link":"https:\/\/www.greenpeace.org\/colombia\/blog\/campanas\/oceanos\/dia-mundial-de-los-oceanos-sin-tratado-global-de-plasticos-no-podremos-salvarlos\/","title":{"rendered":"D\u00eda Mundial de los Oc\u00e9anos: sin Tratado Global de Pl\u00e1sticos, no podremos salvarlos"},"content":{"rendered":"\n<p>Cada <strong>8 de junio<\/strong> se conmemora el <strong>D\u00eda Mundial de los Oc\u00e9anos<\/strong>. Ante una nueva fecha de calendario, quiz\u00e1s sientas que es un poco trillado volver a hablar del tema. Incluso te preguntes para qu\u00e9 sirve. La respuesta es clara: en esta sociedad que vivimos, cada vez m\u00e1s urbanizada y dependiente de lo digital, <strong>necesitamos de estas jornadas de reflexi\u00f3n <\/strong>para frenar un momento <strong>y recordar que este planeta es el \u00fanico hogar que tenemos<\/strong> y debemos empezar a cuidarlo, de verdad.\u00a0<\/p>\n\n<figure class=\"wp-block-image size-large\"><img decoding=\"async\" src=\"https:\/\/www.greenpeace.org\/static\/planet4-argentina-stateless\/2025\/06\/080691e8-gp0stznbw_medium-res-with-credit-line-1200px-1024x683.jpg\" alt=\"\" class=\"wp-image-29593\"\/><figcaption class=\"wp-element-caption\">Im\u00e1genes submarinas, Isla Isabela, Pez criollo del Pac\u00edfico.<\/figcaption><\/figure>\n\n<p>Por eso, hoy, volvemos a hablar de los oc\u00e9anos para apreciar y valorar su inmensidad e importancia (<strong>cubren 70% de la superficie terrestre<\/strong>) y su riqueza (<strong>albergan la mayor parte de la biodiversidad<\/strong>). Adem\u00e1s, y muy especialmente, queremos resaltar que <strong>gracias a ellos tenemos aire puro cada d\u00eda<\/strong> ya que son los encargados de producir la mitad del ox\u00edgeno que respiramos y de absorber cerca del 30% del di\u00f3xido de carbono que producen las actividades humanas.<\/p>\n\n<p>Para ser precisos, <strong>el responsable de que podamos respirar es el fitoplancton<\/strong>, un subgrupo de <strong>microorganismos acu\u00e1ticos <\/strong>que vive disperso en los oc\u00e9anos y que, a trav\u00e9s de la fotos\u00edntesis, elabora materia org\u00e1nica a partir de sustancias inorg\u00e1nicas<strong>. <\/strong>Gracias a ese trabajo<strong> se producen entre el 50 y el 85 % del ox\u00edgeno que se libera cada a\u00f1o a la atm\u00f3sfera. Y ellos no podr\u00edan existir sin los oc\u00e9anos.<\/strong><\/p>\n\n<p>Sin embargo, este planeta azul y todos sus habitantes <strong>est\u00e1n en peligro<\/strong> <strong>debido a la triple crisis&nbsp; planetaria (p\u00e9rdida de biodiversidad, crisis clim\u00e1tica y contaminaci\u00f3n)<\/strong>. Tanto es as\u00ed que en las \u00faltimas d\u00e9cadas, el oc\u00e9ano ha absorbido alrededor del 90% del calentamiento global que ha ocurrido en nuestro planeta, seg\u00fan datos publicados por la NASA. As\u00ed es que, con las emisiones de carbono empujando la temperatura mundial hacia arriba, <strong>las aguas de los oc\u00e9anos se calientan, pierden ox\u00edgeno y se vuelven m\u00e1s \u00e1cidas<\/strong>.&nbsp;<\/p>\n\n<figure class=\"wp-block-image size-large\"><img loading=\"lazy\" decoding=\"async\" width=\"1024\" height=\"681\" src=\"https:\/\/www.greenpeace.org\/static\/planet4-colombia-stateless\/2025\/01\/e00fbf35-gpco-contaminacion-plastica-santa-marta-credito-martin-katz-greenpeace-1024x681.jpg\" alt=\"\" class=\"wp-image-14168\" srcset=\"https:\/\/www.greenpeace.org\/static\/planet4-colombia-stateless\/2025\/01\/e00fbf35-gpco-contaminacion-plastica-santa-marta-credito-martin-katz-greenpeace-1024x681.jpg 1024w, https:\/\/www.greenpeace.org\/static\/planet4-colombia-stateless\/2025\/01\/e00fbf35-gpco-contaminacion-plastica-santa-marta-credito-martin-katz-greenpeace-300x199.jpg 300w, https:\/\/www.greenpeace.org\/static\/planet4-colombia-stateless\/2025\/01\/e00fbf35-gpco-contaminacion-plastica-santa-marta-credito-martin-katz-greenpeace-768x510.jpg 768w, https:\/\/www.greenpeace.org\/static\/planet4-colombia-stateless\/2025\/01\/e00fbf35-gpco-contaminacion-plastica-santa-marta-credito-martin-katz-greenpeace-1536x1021.jpg 1536w, https:\/\/www.greenpeace.org\/static\/planet4-colombia-stateless\/2025\/01\/e00fbf35-gpco-contaminacion-plastica-santa-marta-credito-martin-katz-greenpeace-2048x1361.jpg 2048w, https:\/\/www.greenpeace.org\/static\/planet4-colombia-stateless\/2025\/01\/e00fbf35-gpco-contaminacion-plastica-santa-marta-credito-martin-katz-greenpeace-510x340.jpg 510w\" sizes=\"auto, (max-width: 1024px) 100vw, 1024px\" \/><figcaption class=\"wp-element-caption\">Colombia enfrenta un 2025 marcado por desaf\u00edos medioambientales que demandan acci\u00f3n inmediata y efectiva. Desde el manejo sostenible de los recursos como el agua y la energ\u00eda hasta la conservaci\u00f3n de la biodiversidad, la gesti\u00f3n de residuos y la reducci\u00f3n del uso del pl\u00e1stico, el pa\u00eds debe adoptar medidas que aseguren un futuro m\u00e1s sostenible y equitativo para sus habitantes.<\/figcaption><\/figure>\n\n<p>A esta amenaza, se suman otras como la <strong>contaminaci\u00f3n por pl\u00e1sticos<\/strong> que crea islas de basura inmensas o micropl\u00e1sticos que terminan en nuestros cuerpos, l<strong>a pesca de arrastre<\/strong> que arrasa el suelo marino sin tregua,<strong> <a href=\"https:\/\/www.greenpeace.org\/argentina\/blog\/problemas\/oceanos\/4-formas-en-que-la-pesca-industrial-esta-destruyendo-los-mares\/\">la sobrepesca<\/a><\/strong>, la <strong>miner\u00eda en aguas profundas<\/strong> etc. En definitiva, <strong>el trato que le damos a los oc\u00e9anos es muy cruel<\/strong>.<\/p>\n\n<p>Aunque hay evidencia cient\u00edfica de que necesitamos un oc\u00e9ano sano para un clima estable, lo cierto es que en la actualidad<strong> apenas el 1% de las aguas internacionales est\u00e1n protegidas<\/strong>. En este sentido, exigimos que los gobiernos se comprometan a una acci\u00f3n local, nacional e internacional mucho m\u00e1s contundente que sea implementada cuanto antes, mejor. Poniendo freno a las pr\u00e1cticas industriales que amenazan los ecosistemas, nuestra salud, medios de subsistencia y cultura.<\/p>\n\n<figure class=\"wp-block-image size-large\"><img decoding=\"async\" src=\"https:\/\/www.greenpeace.org\/static\/planet4-argentina-stateless\/2025\/06\/2529a6eb-gp0stzng2_medium-res-with-credit-line-1200px-1024x683.jpg\" alt=\"El cineasta F\u00e1bio Erdos sostiene una pancarta &quot;Protejan los oac\u00e9anos&quot; junto al Arctic Sunrise en el Oc\u00e9ano Pac\u00edfico, entre Gal\u00e1pagos y Ecuador.\" class=\"wp-image-29583\"\/><figcaption class=\"wp-element-caption\">En el Oc\u00e9ano Pac\u00edfico, entre Gal\u00e1pagos y Ecuador. En la pancarta &#8220;Protejan los oce\u00e1nos&#8221;.<\/figcaption><\/figure>\n\n<h2 class=\"wp-block-heading\"><strong>La contaminaci\u00f3n pl\u00e1stica, una de las m\u00e1s grandes amenazas<\/strong><\/h2>\n\n<p>La ciencia es clara: <strong>la contaminaci\u00f3n por pl\u00e1sticos est\u00e1 aumentando, perjudicando a los oc\u00e9anos<\/strong>, los ecosistemas y la fauna, la salud humana, las econom\u00edas y el clima. <a href=\"https:\/\/www.unep.org\/interactives\/beat-plastic-pollution\/?lang=ES\">Seg\u00fan el PNUMA<\/a>, gran parte de la basura procede de los r\u00edos del mundo, que act\u00faan como v\u00edas directas de transporte y vertido hacia los lagos y oc\u00e9anos.<\/p>\n\n<p>En nuestro pa\u00eds generamos anualmente alrededor de 700.500 toneladas de envases y empaques pl\u00e1sticos, de los cuales solo el 30% es reciclado. Esto significa que la mayor\u00eda de los pl\u00e1sticos de un solo uso y los micropl\u00e1sticos han acabado en vertederos, incineradoras, en nuestros r\u00edos y oc\u00e9anos y finalmente en nuestros cuerpos.&nbsp;<\/p>\n\n<figure class=\"wp-block-image size-large\"><img loading=\"lazy\" decoding=\"async\" width=\"1024\" height=\"723\" src=\"https:\/\/www.greenpeace.org\/static\/planet4-colombia-stateless\/2024\/04\/c8a78b65-gpi-contaminacion-plastica-animales-red-de-pesca-1024x723.jpg\" alt=\"\" class=\"wp-image-12192\" srcset=\"https:\/\/www.greenpeace.org\/static\/planet4-colombia-stateless\/2024\/04\/c8a78b65-gpi-contaminacion-plastica-animales-red-de-pesca-1024x723.jpg 1024w, https:\/\/www.greenpeace.org\/static\/planet4-colombia-stateless\/2024\/04\/c8a78b65-gpi-contaminacion-plastica-animales-red-de-pesca-300x212.jpg 300w, https:\/\/www.greenpeace.org\/static\/planet4-colombia-stateless\/2024\/04\/c8a78b65-gpi-contaminacion-plastica-animales-red-de-pesca-768x542.jpg 768w, https:\/\/www.greenpeace.org\/static\/planet4-colombia-stateless\/2024\/04\/c8a78b65-gpi-contaminacion-plastica-animales-red-de-pesca-1536x1084.jpg 1536w, https:\/\/www.greenpeace.org\/static\/planet4-colombia-stateless\/2024\/04\/c8a78b65-gpi-contaminacion-plastica-animales-red-de-pesca-2048x1445.jpg 2048w, https:\/\/www.greenpeace.org\/static\/planet4-colombia-stateless\/2024\/04\/c8a78b65-gpi-contaminacion-plastica-animales-red-de-pesca-1936x1366.jpg 1936w, https:\/\/www.greenpeace.org\/static\/planet4-colombia-stateless\/2024\/04\/c8a78b65-gpi-contaminacion-plastica-animales-red-de-pesca-482x340.jpg 482w\" sizes=\"auto, (max-width: 1024px) 100vw, 1024px\" \/><\/figure>\n\n<p>Los hechos demuestran lo grave de la situaci\u00f3n: en las costas del Pac\u00edfico y Caribe colombiano se han encontrado <strong>hasta 8.000 micropl\u00e1sticos por metro cuadrado de playa<\/strong>, <strong>afectando a m\u00e1s de 690 especies marinas<\/strong>, incluyendo aves y mam\u00edferos, que sufren ingesti\u00f3n de pl\u00e1sticos o quedan atrapados en ellos.&nbsp;<\/p>\n\n<p>No hay que olvidar que esos <strong>moluscos, langostas, peces y mariscos<\/strong> que <strong>ingieren micropl\u00e1sticos<\/strong> (deliberadamente o por error al confundirlos con alimento) son los mismos que luego se venden para consumo humano.<\/p>\n\n<figure class=\"wp-block-image size-large\"><img loading=\"lazy\" decoding=\"async\" width=\"1024\" height=\"683\" src=\"https:\/\/www.greenpeace.org\/static\/planet4-colombia-stateless\/2024\/04\/20240404-Isla-Malpelo-Credito-Diana-Rey-Melo-Greenpeace-23-1024x683.jpg\" alt=\"\" class=\"wp-image-12171\" srcset=\"https:\/\/www.greenpeace.org\/static\/planet4-colombia-stateless\/2024\/04\/20240404-Isla-Malpelo-Credito-Diana-Rey-Melo-Greenpeace-23-1024x683.jpg 1024w, https:\/\/www.greenpeace.org\/static\/planet4-colombia-stateless\/2024\/04\/20240404-Isla-Malpelo-Credito-Diana-Rey-Melo-Greenpeace-23-300x200.jpg 300w, https:\/\/www.greenpeace.org\/static\/planet4-colombia-stateless\/2024\/04\/20240404-Isla-Malpelo-Credito-Diana-Rey-Melo-Greenpeace-23-768x512.jpg 768w, https:\/\/www.greenpeace.org\/static\/planet4-colombia-stateless\/2024\/04\/20240404-Isla-Malpelo-Credito-Diana-Rey-Melo-Greenpeace-23-1536x1024.jpg 1536w, https:\/\/www.greenpeace.org\/static\/planet4-colombia-stateless\/2024\/04\/20240404-Isla-Malpelo-Credito-Diana-Rey-Melo-Greenpeace-23-2048x1366.jpg 2048w, https:\/\/www.greenpeace.org\/static\/planet4-colombia-stateless\/2024\/04\/20240404-Isla-Malpelo-Credito-Diana-Rey-Melo-Greenpeace-23-510x340.jpg 510w\" sizes=\"auto, (max-width: 1024px) 100vw, 1024px\" \/><figcaption class=\"wp-element-caption\">Pl\u00e1stico encontrado en Isla Malpelo en la Expedici\u00f3n Salvar el Pac\u00edfico Colombiano<div class=\"credit icon-left\"> \u00a9 Diana Rey Melo \/ Greenpeace<\/div><\/figcaption><\/figure>\n\n<p>Adem\u00e1s, estudios han detectado micropl\u00e1sticos en aguas superficiales de diversas regiones como San Andr\u00e9s, Santa Marta, Cartagena y Tumaco. Estos contaminantes, adem\u00e1s de ser t\u00f3xicos, pueden transportar organismos pat\u00f3genos, invasores o paras\u00edticos, representando riesgos para la biodiversidad y la salud humana.<\/p>\n\n<p><em><strong>Por todo esto, el oc\u00e9ano no puede esperar y nosotros tampoco. Greenpeace, junto con millones de personas, exige el fin de la era del pl\u00e1stico y el inicio de un futuro limpio, justo y sostenible para todos.<\/strong><\/em><\/p>\n\n<h2 class=\"wp-block-heading\"><strong>Ley 2232 y el Tratado Global de Pl\u00e1sticos, dos herramientas claves para enfrentar la contaminaci\u00f3n pl\u00e1stica<\/strong><\/h2>\n\n<p>Por un lado, a nivel nacional contamos con la implementaci\u00f3n de la Ley de Pl\u00e1sticos de un solo uso (n\u00famero 2232), que es crucial para disminuir esta carga ambiental. Fue aprobada en 2022 y para julio de 2024 estableci\u00f3 la prohibici\u00f3n de la fabricaci\u00f3n, importaci\u00f3n, comercializaci\u00f3n y uso de productos <strong>pl\u00e1sticos de un solo uso<\/strong>, entre ellos <strong>bolsas pl\u00e1sticas<\/strong> para embalar en puntos de pago, <strong>pitillos (pajillas)<\/strong> pl\u00e1sticos, <strong>mezcladores de bebidas<\/strong> pl\u00e1sticas, etc. Esta ley progresiva busca eliminar los pl\u00e1sticos de un solo uso a 2030 en Colombia.<\/p>\n\n<figure class=\"wp-block-image size-large\"><img loading=\"lazy\" decoding=\"async\" width=\"1024\" height=\"683\" src=\"https:\/\/www.greenpeace.org\/static\/planet4-colombia-stateless\/2024\/09\/547c00c0-plasticos-8-1024x683.jpg\" alt=\"\" class=\"wp-image-12984\" srcset=\"https:\/\/www.greenpeace.org\/static\/planet4-colombia-stateless\/2024\/09\/547c00c0-plasticos-8-1024x683.jpg 1024w, https:\/\/www.greenpeace.org\/static\/planet4-colombia-stateless\/2024\/09\/547c00c0-plasticos-8-300x200.jpg 300w, https:\/\/www.greenpeace.org\/static\/planet4-colombia-stateless\/2024\/09\/547c00c0-plasticos-8-768x512.jpg 768w, https:\/\/www.greenpeace.org\/static\/planet4-colombia-stateless\/2024\/09\/547c00c0-plasticos-8-1536x1024.jpg 1536w, https:\/\/www.greenpeace.org\/static\/planet4-colombia-stateless\/2024\/09\/547c00c0-plasticos-8-2048x1366.jpg 2048w, https:\/\/www.greenpeace.org\/static\/planet4-colombia-stateless\/2024\/09\/547c00c0-plasticos-8-510x340.jpg 510w\" sizes=\"auto, (max-width: 1024px) 100vw, 1024px\" \/><figcaption class=\"wp-element-caption\">Cientos de manifestantes se congregaron en el coraz\u00f3n de la capital para alertar respecto de las graves consecuencias medioambientales que est\u00e1 generando la contaminaci\u00f3n por pl\u00e1stico.  De acuerdo a la ONG, cada colombiano consume 24 kilos de pl\u00e1stico al a\u00f1o.<\/figcaption><\/figure>\n\n<p>Por otro lado, <strong>el Tratado Global de Pl\u00e1sticos es un acuerdo internacional <\/strong>jur\u00eddicamente vinculante que est\u00e1 siendo negociado por los Estados miembros de la ONU con el objetivo de <strong>poner fin a la contaminaci\u00f3n por pl\u00e1sticos en todo su ciclo de vida<\/strong>, desde la producci\u00f3n y dise\u00f1o, hasta la gesti\u00f3n de residuos, al igual que sus elementos t\u00f3xicos<\/p>\n\n<p>Fue aprobado como resoluci\u00f3n en marzo de 2022 durante la Asamblea de las Naciones Unidas para el Medio Ambiente, y <strong>se prev\u00e9 que est\u00e9 listo para su firma en 2025<\/strong> tras cinco rondas de negociaci\u00f3n, conocidas como INC (Comit\u00e9 Intergubernamental de Negociaci\u00f3n). La ronda INC-5.2 ser\u00e1 clave para definir los puntos de consenso y se llevar\u00e1 a cabo en agosto de 2025 en Ginebra, Suiza.<\/p>\n\n<p>En este sentido, desde Greenpeace exigimos un <strong>Tratado Global sobre Pl\u00e1sticos que: reduzca la producci\u00f3n de pl\u00e1stico en al menos un 75 % para 2040<\/strong>, elimine los pl\u00e1sticos de un solo uso y los elementos t\u00f3xicos, y que genere obligaciones de reutilizaci\u00f3n para los estados miembros, en l\u00ednea con el objetivo clim\u00e1tico de 1,5 \u00b0C, y para proteger nuestra salud, nuestras comunidades y la naturaleza.&nbsp;<\/p>\n\n<p>El Tratado Mundial sobre los Pl\u00e1sticos es una oportunidad \u00fanica para resolver la crisis de los pl\u00e1sticos, la p\u00e9rdida de biodiversidad y la crisis clim\u00e1tica. Por el bien de nuestro futuro colectivo, no podemos desaprovechar este momento.<\/p>\n\n<p><\/p>\n","protected":false},"excerpt":{"rendered":"<p>Una nueva jornada de reflexi\u00f3n para apreciar y valorar a los que les debemos el aire que respiramos<\/p>\n","protected":false},"author":47,"featured_media":11774,"comment_status":"closed","ping_status":"open","sticky":false,"template":"","format":"standard","meta":{"ep_exclude_from_search":false,"p4_og_title":"D\u00eda Mundial de los Oc\u00e9anos: sin Tratado Global de Pl\u00e1sticos, no podremos salvarlos","p4_og_description":"Una nueva jornada de reflexi\u00f3n para apreciar y valorar a los que les debemos el aire que respiramos","p4_og_image":"https:\/\/www.greenpeace.org\/static\/planet4-colombia-stateless\/2024\/03\/c1c3aa3a-gp0stzud1_medium_res_with_credit_line.jpg","p4_og_image_id":"11774","p4_seo_canonical_url":"","p4_campaign_name":"","p4_local_project":"","p4_basket_name":"","p4_department":"","footnotes":""},"categories":[41,4],"tags":[56,36,55],"p4-page-type":[14],"class_list":["post-14738","post","type-post","status-publish","format-standard","has-post-thumbnail","hentry","category-blog","category-oceanos","tag-pacifico-colombiano","tag-santuariosmarinos","tag-cambio-climatico","p4-page-type-blog"],"_links":{"self":[{"href":"https:\/\/www.greenpeace.org\/colombia\/wp-json\/wp\/v2\/posts\/14738","targetHints":{"allow":["GET"]}}],"collection":[{"href":"https:\/\/www.greenpeace.org\/colombia\/wp-json\/wp\/v2\/posts"}],"about":[{"href":"https:\/\/www.greenpeace.org\/colombia\/wp-json\/wp\/v2\/types\/post"}],"author":[{"embeddable":true,"href":"https:\/\/www.greenpeace.org\/colombia\/wp-json\/wp\/v2\/users\/47"}],"replies":[{"embeddable":true,"href":"https:\/\/www.greenpeace.org\/colombia\/wp-json\/wp\/v2\/comments?post=14738"}],"version-history":[{"count":3,"href":"https:\/\/www.greenpeace.org\/colombia\/wp-json\/wp\/v2\/posts\/14738\/revisions"}],"predecessor-version":[{"id":14741,"href":"https:\/\/www.greenpeace.org\/colombia\/wp-json\/wp\/v2\/posts\/14738\/revisions\/14741"}],"wp:featuredmedia":[{"embeddable":true,"href":"https:\/\/www.greenpeace.org\/colombia\/wp-json\/wp\/v2\/media\/11774"}],"wp:attachment":[{"href":"https:\/\/www.greenpeace.org\/colombia\/wp-json\/wp\/v2\/media?parent=14738"}],"wp:term":[{"taxonomy":"category","embeddable":true,"href":"https:\/\/www.greenpeace.org\/colombia\/wp-json\/wp\/v2\/categories?post=14738"},{"taxonomy":"post_tag","embeddable":true,"href":"https:\/\/www.greenpeace.org\/colombia\/wp-json\/wp\/v2\/tags?post=14738"},{"taxonomy":"p4-page-type","embeddable":true,"href":"https:\/\/www.greenpeace.org\/colombia\/wp-json\/wp\/v2\/p4-page-type?post=14738"}],"curies":[{"name":"wp","href":"https:\/\/api.w.org\/{rel}","templated":true}]}}