{"id":14742,"date":"2025-06-09T21:12:38","date_gmt":"2025-06-09T21:12:38","guid":{"rendered":"https:\/\/www.greenpeace.org\/colombia\/?p=14742"},"modified":"2025-07-02T07:18:29","modified_gmt":"2025-07-02T07:18:29","slug":"nuestros-oceanos-al-borde-del-colapso-colombia-debe-actuar-ya-contra-la-contaminacion-plastica","status":"publish","type":"post","link":"https:\/\/www.greenpeace.org\/colombia\/noticia\/campanas\/oceanos\/nuestros-oceanos-al-borde-del-colapso-colombia-debe-actuar-ya-contra-la-contaminacion-plastica\/","title":{"rendered":"Nuestros oc\u00e9anos al borde del colapso: Colombia debe actuar ya contra la contaminaci\u00f3n pl\u00e1stica"},"content":{"rendered":"\n<figure class=\"wp-block-image size-large\"><img loading=\"lazy\" decoding=\"async\" width=\"1024\" height=\"681\" src=\"https:\/\/www.greenpeace.org\/static\/planet4-colombia-stateless\/2025\/01\/e00fbf35-gpco-contaminacion-plastica-santa-marta-credito-martin-katz-greenpeace-1024x681.jpg\" alt=\"\" class=\"wp-image-14168\" srcset=\"https:\/\/www.greenpeace.org\/static\/planet4-colombia-stateless\/2025\/01\/e00fbf35-gpco-contaminacion-plastica-santa-marta-credito-martin-katz-greenpeace-1024x681.jpg 1024w, https:\/\/www.greenpeace.org\/static\/planet4-colombia-stateless\/2025\/01\/e00fbf35-gpco-contaminacion-plastica-santa-marta-credito-martin-katz-greenpeace-300x199.jpg 300w, https:\/\/www.greenpeace.org\/static\/planet4-colombia-stateless\/2025\/01\/e00fbf35-gpco-contaminacion-plastica-santa-marta-credito-martin-katz-greenpeace-768x510.jpg 768w, https:\/\/www.greenpeace.org\/static\/planet4-colombia-stateless\/2025\/01\/e00fbf35-gpco-contaminacion-plastica-santa-marta-credito-martin-katz-greenpeace-1536x1021.jpg 1536w, https:\/\/www.greenpeace.org\/static\/planet4-colombia-stateless\/2025\/01\/e00fbf35-gpco-contaminacion-plastica-santa-marta-credito-martin-katz-greenpeace-2048x1361.jpg 2048w, https:\/\/www.greenpeace.org\/static\/planet4-colombia-stateless\/2025\/01\/e00fbf35-gpco-contaminacion-plastica-santa-marta-credito-martin-katz-greenpeace-510x340.jpg 510w\" sizes=\"auto, (max-width: 1024px) 100vw, 1024px\" \/><figcaption class=\"wp-element-caption\">\u00a0\u00a9 Mart\u00edn Katz \/ Greenpeace<\/figcaption><\/figure>\n\n<h4 class=\"wp-block-heading\">En el marco del D\u00eda Mundial de los Oc\u00e9anos, Greenpeace Colombia hace un llamado urgente al Gobierno Nacional y a la ciudadan\u00eda para enfrentar la creciente crisis de contaminaci\u00f3n pl\u00e1stica que amenaza la biodiversidad marina y la salud de las comunidades costeras.<\/h4>\n\n<p>Bogot\u00e1, 08 de junio de 2025 \u2013  <strong>Cerca del 70% del ox\u00edgeno que respiramos lo produce el oc\u00e9ano, sin embargo, cada segundo, m\u00e1s de 200 kilos de basura, 85% pl\u00e1sticos, llegan a ellos<\/strong>, con un 80% de estos residuos provenientes de tierra firma. En Colombia, se han encontrado hasta 8.000 micropl\u00e1sticos por metro cuadrado de playa en las costas del Pac\u00edfico y Caribe, reflejando una crisis global tangible.<\/p>\n\n<figure class=\"wp-block-image size-large\"><img loading=\"lazy\" decoding=\"async\" width=\"1024\" height=\"684\" src=\"https:\/\/www.greenpeace.org\/static\/planet4-colombia-stateless\/2024\/11\/214c6361-gpco-plastico-playa-colombia-credito-martin-katz-greenpeace-7-1024x684.jpg\" alt=\"\" class=\"wp-image-13970\" srcset=\"https:\/\/www.greenpeace.org\/static\/planet4-colombia-stateless\/2024\/11\/214c6361-gpco-plastico-playa-colombia-credito-martin-katz-greenpeace-7-1024x684.jpg 1024w, https:\/\/www.greenpeace.org\/static\/planet4-colombia-stateless\/2024\/11\/214c6361-gpco-plastico-playa-colombia-credito-martin-katz-greenpeace-7-300x200.jpg 300w, https:\/\/www.greenpeace.org\/static\/planet4-colombia-stateless\/2024\/11\/214c6361-gpco-plastico-playa-colombia-credito-martin-katz-greenpeace-7-768x513.jpg 768w, https:\/\/www.greenpeace.org\/static\/planet4-colombia-stateless\/2024\/11\/214c6361-gpco-plastico-playa-colombia-credito-martin-katz-greenpeace-7-1536x1026.jpg 1536w, https:\/\/www.greenpeace.org\/static\/planet4-colombia-stateless\/2024\/11\/214c6361-gpco-plastico-playa-colombia-credito-martin-katz-greenpeace-7-510x340.jpg 510w, https:\/\/www.greenpeace.org\/static\/planet4-colombia-stateless\/2024\/11\/214c6361-gpco-plastico-playa-colombia-credito-martin-katz-greenpeace-7.jpg 1800w\" sizes=\"auto, (max-width: 1024px) 100vw, 1024px\" \/><figcaption class=\"wp-element-caption\">\u00a0\u00a9 Mart\u00edn Katz \/ Greenpeace<\/figcaption><\/figure>\n\n<p>&#8220;Nuestros oc\u00e9anos no pueden esperar m\u00e1s. La contaminaci\u00f3n por pl\u00e1sticos est\u00e1 destruyendo ecosistemas marinos y afectando directamente a las comunidades y su salud, quienes dependen del mar para su seguridad alimentaria, sustento e identidad cultural. <strong>Colombia debe actuar con decisi\u00f3n: proteger de manera efectiva sus \u00e1reas marinas\u00a0 y avanzar en la reducci\u00f3n real de la producci\u00f3n y el consumo de pl\u00e1sticos de un solo uso<\/strong>&#8220;, afirm\u00f3 Laura Caicedo, coordinadora de campa\u00f1as de Greenpeace Colombia.<\/p>\n\n<p>A pesar de la implementaci\u00f3n de la Ley 2232 de 2022, que proh\u00edbe el uso de ciertos pl\u00e1sticos de un solo uso, la contaminaci\u00f3n pl\u00e1stica sigue amenazando gravemente los ecosistemas marinos costeros del pa\u00eds. Seg\u00fan un estudio realizado por el Centro de Investigaciones Hidr\u00e1ulicas e Hidrot\u00e9cnicas de la Universidad Tecnol\u00f3gica de Panam\u00e1 el litoral Caribe de <strong>Colombia est\u00e1 cuatro veces m\u00e1s contaminado con micropl\u00e1sticos que las playas del Pac\u00edfico.<\/strong><\/p>\n\n<h4 class=\"wp-block-heading\"><strong>Sin los oc\u00e9anos no habr\u00eda vida en la Tierra. <\/strong><\/h4>\n\n<figure class=\"wp-block-image size-large\"><img loading=\"lazy\" decoding=\"async\" width=\"1024\" height=\"680\" src=\"https:\/\/www.greenpeace.org\/static\/planet4-colombia-stateless\/2024\/07\/cad58f59-gpco-contaminacion-manglares-santa-marta-credito-martin-katz-greenpeace-5-1024x680.jpg\" alt=\"\" class=\"wp-image-12624\" srcset=\"https:\/\/www.greenpeace.org\/static\/planet4-colombia-stateless\/2024\/07\/cad58f59-gpco-contaminacion-manglares-santa-marta-credito-martin-katz-greenpeace-5-1024x680.jpg 1024w, https:\/\/www.greenpeace.org\/static\/planet4-colombia-stateless\/2024\/07\/cad58f59-gpco-contaminacion-manglares-santa-marta-credito-martin-katz-greenpeace-5-300x199.jpg 300w, https:\/\/www.greenpeace.org\/static\/planet4-colombia-stateless\/2024\/07\/cad58f59-gpco-contaminacion-manglares-santa-marta-credito-martin-katz-greenpeace-5-768x510.jpg 768w, https:\/\/www.greenpeace.org\/static\/planet4-colombia-stateless\/2024\/07\/cad58f59-gpco-contaminacion-manglares-santa-marta-credito-martin-katz-greenpeace-5-1536x1021.jpg 1536w, https:\/\/www.greenpeace.org\/static\/planet4-colombia-stateless\/2024\/07\/cad58f59-gpco-contaminacion-manglares-santa-marta-credito-martin-katz-greenpeace-5-2048x1361.jpg 2048w, https:\/\/www.greenpeace.org\/static\/planet4-colombia-stateless\/2024\/07\/cad58f59-gpco-contaminacion-manglares-santa-marta-credito-martin-katz-greenpeace-5-510x340.jpg 510w\" sizes=\"auto, (max-width: 1024px) 100vw, 1024px\" \/><figcaption class=\"wp-element-caption\">\u00a0\u00a9 Mart\u00edn Katz \/ Greenpeace<\/figcaption><\/figure>\n\n<p>El <strong>oc\u00e9ano es nuestro principal aliado frente a la crisis clim\u00e1tica, absorbe m\u00e1s del 30% del CO\u2082 que emitimos y regula el clima global<\/strong>, pero hoy est\u00e1 al l\u00edmite por la contaminaci\u00f3n, p\u00e9rdida de biodiversidad y la crisis clim\u00e1tica.<\/p>\n\n<p>Greenpeace Colombia llama al gobierno a:<\/p>\n\n<ul class=\"wp-block-list\">\n<li>Fortalecer la <strong>gesti\u00f3n y programas de monitoreo y vigilancia<\/strong> en ecosistemas\u00a0 clave como manglares, al igual que de las \u00e1reas marinas protegidas.<\/li>\n\n\n\n<li>Incentivar y garantizar<strong> investigaciones cient\u00edficas <\/strong>que permitan evaluar el impacto de los pl\u00e1sticos en la biodiversidad colombiana en el largo plazo.<\/li>\n\n\n\n<li>Implementar y vigilar efectivamente la<strong> Ley 2232<\/strong>, asegurando su cumplimiento en todo el territorio nacional.<\/li>\n\n\n\n<li>Promover<strong> alternativas sostenibles <\/strong>a los pl\u00e1sticos de un solo uso, incentivando la econom\u00eda circular y la innovaci\u00f3n en materiales biodegradables, reutilizables y reciclables.<\/li>\n\n\n\n<li>Involucrar activamente a las comunidades locales y defensoras del oc\u00e9ano en la toma de decisiones, sensibilizaci\u00f3n e implementaci\u00f3n de soluciones adaptadas a sus contextos.<\/li>\n\n\n\n<li>Promover la creaci\u00f3n de un <strong>tratado global de pl\u00e1sticos <\/strong>ambicioso que permita la reducci\u00f3n en la producci\u00f3n y la salida de elementos qu\u00edmicos t\u00f3xicos de los pl\u00e1sticos.<\/li>\n<\/ul>\n\n<figure class=\"wp-block-image size-large\"><img loading=\"lazy\" decoding=\"async\" width=\"1024\" height=\"683\" src=\"https:\/\/www.greenpeace.org\/static\/planet4-colombia-stateless\/2024\/04\/b1a7c947-gpco-contaminacion-plastica-santa-marta-colombia-3-1024x683.jpg\" alt=\"\" class=\"wp-image-12193\" srcset=\"https:\/\/www.greenpeace.org\/static\/planet4-colombia-stateless\/2024\/04\/b1a7c947-gpco-contaminacion-plastica-santa-marta-colombia-3-1024x683.jpg 1024w, https:\/\/www.greenpeace.org\/static\/planet4-colombia-stateless\/2024\/04\/b1a7c947-gpco-contaminacion-plastica-santa-marta-colombia-3-300x200.jpg 300w, https:\/\/www.greenpeace.org\/static\/planet4-colombia-stateless\/2024\/04\/b1a7c947-gpco-contaminacion-plastica-santa-marta-colombia-3-768x512.jpg 768w, https:\/\/www.greenpeace.org\/static\/planet4-colombia-stateless\/2024\/04\/b1a7c947-gpco-contaminacion-plastica-santa-marta-colombia-3-1536x1025.jpg 1536w, https:\/\/www.greenpeace.org\/static\/planet4-colombia-stateless\/2024\/04\/b1a7c947-gpco-contaminacion-plastica-santa-marta-colombia-3-2048x1366.jpg 2048w, https:\/\/www.greenpeace.org\/static\/planet4-colombia-stateless\/2024\/04\/b1a7c947-gpco-contaminacion-plastica-santa-marta-colombia-3-510x340.jpg 510w\" sizes=\"auto, (max-width: 1024px) 100vw, 1024px\" \/><figcaption class=\"wp-element-caption\">Santa Marta, Colombia.<div class=\"credit icon-left\"> \u00a9 Mart\u00edn Katz \/ Greenpeace<\/div><\/figcaption><\/figure>\n\n<p><strong>Colombia tiene la oportunidad \u2014y la responsabilidad\u2014 de liderar con el ejemplo, impulsando un cambio estructural <\/strong>que ponga fin a la contaminaci\u00f3n pl\u00e1stica en nuestros manglares, r\u00edos y oc\u00e9anos y priorice la vida sobre el lucro.<\/p>\n\n<p class=\"has-grey-200-background-color has-background\"><strong>Desde Greenpeace Colombia hacemos un llamado a todas las personas a sumar su voz y exigir a las autoridades acciones concretas, ambiciosas y urgentes. Defender los oc\u00e9anos es defender la vida, el clima, la soberan\u00eda alimentaria y el futuro de las generaciones que vendr\u00e1n.<\/strong><\/p>\n","protected":false},"excerpt":{"rendered":"<p>Greenpeace Colombia hace un llamado urgente al Gobierno Nacional y a la ciudadan\u00eda para enfrentar la contaminaci\u00f3n pl\u00e1stica<\/p>\n","protected":false},"author":23,"featured_media":12624,"comment_status":"closed","ping_status":"open","sticky":false,"template":"","format":"standard","meta":{"ep_exclude_from_search":false,"p4_og_title":"Nuestros oc\u00e9anos al borde del colapso: Colombia debe actuar ya contra la contaminaci\u00f3n pl\u00e1stica","p4_og_description":"Greenpeace Colombia hace un llamado urgente al Gobierno Nacional y a la ciudadan\u00eda para enfrentar la contaminaci\u00f3n pl\u00e1stica","p4_og_image":"https:\/\/www.greenpeace.org\/static\/planet4-colombia-stateless\/2024\/07\/cad58f59-gpco-contaminacion-manglares-santa-marta-credito-martin-katz-greenpeace-5.jpg","p4_og_image_id":"12624","p4_seo_canonical_url":"","p4_campaign_name":"","p4_local_project":"","p4_basket_name":"","p4_department":"","footnotes":""},"categories":[4],"tags":[23],"p4-page-type":[16],"class_list":["post-14742","post","type-post","status-publish","format-standard","has-post-thumbnail","hentry","category-oceanos","tag-plasticos","p4-page-type-noticia"],"_links":{"self":[{"href":"https:\/\/www.greenpeace.org\/colombia\/wp-json\/wp\/v2\/posts\/14742","targetHints":{"allow":["GET"]}}],"collection":[{"href":"https:\/\/www.greenpeace.org\/colombia\/wp-json\/wp\/v2\/posts"}],"about":[{"href":"https:\/\/www.greenpeace.org\/colombia\/wp-json\/wp\/v2\/types\/post"}],"author":[{"embeddable":true,"href":"https:\/\/www.greenpeace.org\/colombia\/wp-json\/wp\/v2\/users\/23"}],"replies":[{"embeddable":true,"href":"https:\/\/www.greenpeace.org\/colombia\/wp-json\/wp\/v2\/comments?post=14742"}],"version-history":[{"count":5,"href":"https:\/\/www.greenpeace.org\/colombia\/wp-json\/wp\/v2\/posts\/14742\/revisions"}],"predecessor-version":[{"id":15364,"href":"https:\/\/www.greenpeace.org\/colombia\/wp-json\/wp\/v2\/posts\/14742\/revisions\/15364"}],"wp:featuredmedia":[{"embeddable":true,"href":"https:\/\/www.greenpeace.org\/colombia\/wp-json\/wp\/v2\/media\/12624"}],"wp:attachment":[{"href":"https:\/\/www.greenpeace.org\/colombia\/wp-json\/wp\/v2\/media?parent=14742"}],"wp:term":[{"taxonomy":"category","embeddable":true,"href":"https:\/\/www.greenpeace.org\/colombia\/wp-json\/wp\/v2\/categories?post=14742"},{"taxonomy":"post_tag","embeddable":true,"href":"https:\/\/www.greenpeace.org\/colombia\/wp-json\/wp\/v2\/tags?post=14742"},{"taxonomy":"p4-page-type","embeddable":true,"href":"https:\/\/www.greenpeace.org\/colombia\/wp-json\/wp\/v2\/p4-page-type?post=14742"}],"curies":[{"name":"wp","href":"https:\/\/api.w.org\/{rel}","templated":true}]}}