{"id":1492,"date":"2019-06-05T13:47:43","date_gmt":"2019-06-05T13:47:43","guid":{"rendered":"https:\/\/www.greenpeace.org\/colombia\/?p=1492"},"modified":"2021-12-01T12:26:57","modified_gmt":"2021-12-01T12:26:57","slug":"greenpeace-en-el-dia-mundial-del-medioambiente","status":"publish","type":"post","link":"https:\/\/www.greenpeace.org\/colombia\/noticia\/uncategorized\/greenpeace-en-el-dia-mundial-del-medioambiente\/","title":{"rendered":"D\u00eda Mundial del Medioambiente: \u201cO reaccionamos ahora o ya no hay vuelta atr\u00e1s\u201d"},"content":{"rendered":"<p><img loading=\"lazy\" decoding=\"async\" class=\"alignnone size-large wp-image-473\" src=\"https:\/\/www.greenpeace.org\/static\/planet4-colombia-stateless\/2018\/08\/99e37ea6-30724285_10156023050102254_1463871660753944576_o-1024x684.jpg\" alt=\"\" width=\"1024\" height=\"684\" srcset=\"https:\/\/www.greenpeace.org\/static\/planet4-colombia-stateless\/2018\/08\/99e37ea6-30724285_10156023050102254_1463871660753944576_o-1024x684.jpg 1024w, https:\/\/www.greenpeace.org\/static\/planet4-colombia-stateless\/2018\/08\/99e37ea6-30724285_10156023050102254_1463871660753944576_o-300x200.jpg 300w, https:\/\/www.greenpeace.org\/static\/planet4-colombia-stateless\/2018\/08\/99e37ea6-30724285_10156023050102254_1463871660753944576_o-768x513.jpg 768w, https:\/\/www.greenpeace.org\/static\/planet4-colombia-stateless\/2018\/08\/99e37ea6-30724285_10156023050102254_1463871660753944576_o-510x340.jpg 510w, https:\/\/www.greenpeace.org\/static\/planet4-colombia-stateless\/2018\/08\/99e37ea6-30724285_10156023050102254_1463871660753944576_o.jpg 1600w\" sizes=\"auto, (max-width: 1024px) 100vw, 1024px\" \/><\/p>\n<p><span style=\"font-weight: 400;\">Greenpeace plante\u00f3 que el <strong>D\u00eda Mundial del Medioambiente<\/strong> es una oportunidad \u00fanica para evaluar el enorme da\u00f1o que se ha hecho al planeta, implementar las urgentes medidas de mitigaci\u00f3n que se requieren y que, o reaccionamos ahora o ya no habr\u00e1 vuelta atr\u00e1s.<\/span><\/p>\n<p><span style=\"font-weight: 400;\">\u201cPara entender la magnitud del problema es bueno ejemplificar con algo tan simple como el aire que respiramos: hoy, <strong>nueve de cada diez personas en el mundo respiran aire inseguro y que resulta da\u00f1ino para la salud<\/strong>. \u00bfQu\u00e9 hicimos para que algo tan elemental como el aire se convirtiera en un lujo y no en un derecho humano b\u00e1sico?\u201d, dice Silvia G\u00f3mez, directora de Greenpeace Colombia. Y agrega: \u201cLa deforestaci\u00f3n en la Amazon\u00eda colombiana es la principal causa de <strong>emisi\u00f3n de gases de efecto invernadero<\/strong>, seguida por el sector energ\u00e9tico. De hecho, <strong>Colombia es el cuarto exportador de carb\u00f3n a nivel mundial<\/strong>\u201d.<\/span><\/p>\n<p><span style=\"font-weight: 400;\">De acuerdo con la ONG ambientalista, el planeta enfrenta una enorme <strong>crisis de salud p\u00fablica<\/strong> que puede ser solucionada mediante una transici\u00f3n decidida y r\u00e1pida desde los combustibles f\u00f3siles contaminantes a energ\u00edas renovables y limpias.<\/span><\/p>\n<p><span style=\"font-weight: 400;\">\u201cLa ciencia ya lo ha dicho y no queda espacio para dudas respecto de la magnitud del problema. En realidad, el desaf\u00edo no es tecnol\u00f3gico sino pol\u00edtic<strong>o. Lo que falta es coraje pol\u00edtico para tomar las medidas que remedien la crisis clim\u00e1tica que enfrentamos.<\/strong> Afortunadamente, los j\u00f3venes se est\u00e1n movilizando en todo el mundo para exigir de sus l\u00edderes acciones concretas y r\u00e1pidas\u201d, explica Silvia G\u00f3mez.<\/span><\/p>\n<p><span style=\"font-weight: 400;\">En este contexto, Greenpeace explica que<strong> la quema de carb\u00f3n es la principal fuente de contaminaci\u00f3n del aire en todo el mundo<\/strong> y que solo en China, aproximadamente 670.000 personas mueren cada a\u00f1o debido a la contaminaci\u00f3n del aire causada por la combusti\u00f3n del carb\u00f3n, cifra que en la India se estima entre 80.000 y 115.000. En Europa y Estados Unidos, la contaminaci\u00f3n del aire por la quema de carb\u00f3n mata a 23.300 y 13.200 personas por a\u00f1o, respectivamente.<\/span><\/p>\n<p><span style=\"font-weight: 400;\">Desde Greenpeace se resalt\u00f3 las graves deficiencias medioambientales que existen en Colombia, donde una de las m\u00e1s relevantes es la <strong>dura batalla que ha buscado por a\u00f1os terminar con la presencia del asbesto y que vive horas claves en el Congreso para su aprobaci\u00f3n.<\/strong> \u201cSin embargo, y de manera inentendible pese a las miles de vidas arrebatadas por el asbesto, algunos insisten en seguir con su explotaci\u00f3n hasta el 2036\u201d, dice Silvia G\u00f3mez.<\/span><\/p>\n<p><span style=\"font-weight: 400;\">Adem\u00e1s, la directora de Greenpeace Colombia resalt\u00f3 el hecho de que los r\u00edos Magdalena y Amazonas se encuentran entre los 20 m\u00e1s<strong> contaminados por pl\u00e1sticos<\/strong> en el mundo y que consecuencia de ello ha sido la impactante presencia, hace unos d\u00edas, de unas 350 toneladas de desechos en Puerto Colombia.<\/span><\/p>\n<p><span style=\"font-weight: 400;\">\u201cA este panorama se suma la <strong>desaparici\u00f3n de especies aut\u00f3ctonas<\/strong> y que, seg\u00fan un relevamiento del Ministerio de Ambiente, alcanza a <\/span><span style=\"font-weight: 400;\">1.203 especies, entre ellos el puma, el oso de anteojos, el manat\u00ed y el c\u00f3ndor\u201d, explic\u00f3 Silvia G\u00f3mez.<\/span><\/p>\n<p><strong>Datos:<\/strong><\/p>\n<p><span style=\"font-weight: 400;\">El \u00faltimo informe del Panel Intergubernamental de Cambio Clim\u00e1tico (IPCC), m\u00e1xima autoridad cient\u00edfica en materia clim\u00e1tica, demostr\u00f3 que es posible mantener el aumento de la temperatura global por debajo del umbral de 1.5\u00b0C en relaci\u00f3n con la era preindustrial, la meta acordada en el Acuerdo Clim\u00e1tico de Par\u00eds. Para lograrlo, eso s\u00ed, se debe reducir a la mitad las emisiones de gases de efecto invernadero para 2030 y, para el 2050, deben llegar a cero. Acelerar la transici\u00f3n hacia energ\u00edas limpias y renovables resulta clave. Deforestar, abrir m\u00e1s reservas de petr\u00f3leo, gas y carb\u00f3n acelera y agrava los impactos clim\u00e1ticos.<\/span><\/p>\n<div class=\"EmptyMessage\">Block content is empty. Check the block&#8217;s settings or remove it.<\/div>","protected":false},"excerpt":{"rendered":"<p>Greenpeace plante\u00f3 que el d\u00eda Mundial del Medioambiente es una oportunidad \u00fanica para evaluar el enorme da\u00f1o que se ha hecho al planeta, implementar las urgentes medidas de mitigaci\u00f3n que&hellip;<\/p>\n","protected":false},"author":23,"featured_media":473,"comment_status":"closed","ping_status":"open","sticky":false,"template":"","format":"standard","meta":{"ep_exclude_from_search":false,"p4_og_title":"","p4_og_description":"","p4_og_image":"","p4_og_image_id":"","p4_seo_canonical_url":"","p4_campaign_name":"not set","p4_local_project":"not set","p4_basket_name":"not set","p4_department":"","footnotes":""},"categories":[1],"tags":[],"p4-page-type":[16],"class_list":["post-1492","post","type-post","status-publish","format-standard","has-post-thumbnail","hentry","category-uncategorized","p4-page-type-noticia"],"_links":{"self":[{"href":"https:\/\/www.greenpeace.org\/colombia\/wp-json\/wp\/v2\/posts\/1492","targetHints":{"allow":["GET"]}}],"collection":[{"href":"https:\/\/www.greenpeace.org\/colombia\/wp-json\/wp\/v2\/posts"}],"about":[{"href":"https:\/\/www.greenpeace.org\/colombia\/wp-json\/wp\/v2\/types\/post"}],"author":[{"embeddable":true,"href":"https:\/\/www.greenpeace.org\/colombia\/wp-json\/wp\/v2\/users\/23"}],"replies":[{"embeddable":true,"href":"https:\/\/www.greenpeace.org\/colombia\/wp-json\/wp\/v2\/comments?post=1492"}],"version-history":[{"count":13,"href":"https:\/\/www.greenpeace.org\/colombia\/wp-json\/wp\/v2\/posts\/1492\/revisions"}],"predecessor-version":[{"id":5656,"href":"https:\/\/www.greenpeace.org\/colombia\/wp-json\/wp\/v2\/posts\/1492\/revisions\/5656"}],"wp:featuredmedia":[{"embeddable":true,"href":"https:\/\/www.greenpeace.org\/colombia\/wp-json\/wp\/v2\/media\/473"}],"wp:attachment":[{"href":"https:\/\/www.greenpeace.org\/colombia\/wp-json\/wp\/v2\/media?parent=1492"}],"wp:term":[{"taxonomy":"category","embeddable":true,"href":"https:\/\/www.greenpeace.org\/colombia\/wp-json\/wp\/v2\/categories?post=1492"},{"taxonomy":"post_tag","embeddable":true,"href":"https:\/\/www.greenpeace.org\/colombia\/wp-json\/wp\/v2\/tags?post=1492"},{"taxonomy":"p4-page-type","embeddable":true,"href":"https:\/\/www.greenpeace.org\/colombia\/wp-json\/wp\/v2\/p4-page-type?post=1492"}],"curies":[{"name":"wp","href":"https:\/\/api.w.org\/{rel}","templated":true}]}}