{"id":1522,"date":"2019-06-10T17:32:43","date_gmt":"2019-06-10T17:32:43","guid":{"rendered":"https:\/\/www.greenpeace.org\/colombia\/?p=1522"},"modified":"2021-12-01T12:26:54","modified_gmt":"2021-12-01T12:26:54","slug":"activistas-de-greenpeace-sorprenden-y-le-piden-a-duque-una-colombia-sin-asbesto-en-buenos-aires","status":"publish","type":"post","link":"https:\/\/www.greenpeace.org\/colombia\/noticia\/campanas\/contaminacion\/activistas-de-greenpeace-sorprenden-y-le-piden-a-duque-una-colombia-sin-asbesto-en-buenos-aires\/","title":{"rendered":"Activistas de Greenpeace sorprenden y le piden a Duque una Colombia sin asbesto en Buenos Aires"},"content":{"rendered":"<p><img loading=\"lazy\" decoding=\"async\" class=\"aligncenter size-large wp-image-1523\" src=\"https:\/\/www.greenpeace.org\/static\/planet4-colombia-stateless\/2019\/06\/7d69522c-duqueasbestosargentina_02-1024x683.jpg\" alt=\"\" width=\"1024\" height=\"683\" srcset=\"https:\/\/www.greenpeace.org\/static\/planet4-colombia-stateless\/2019\/06\/7d69522c-duqueasbestosargentina_02-1024x683.jpg 1024w, https:\/\/www.greenpeace.org\/static\/planet4-colombia-stateless\/2019\/06\/7d69522c-duqueasbestosargentina_02-300x200.jpg 300w, https:\/\/www.greenpeace.org\/static\/planet4-colombia-stateless\/2019\/06\/7d69522c-duqueasbestosargentina_02-768x512.jpg 768w, https:\/\/www.greenpeace.org\/static\/planet4-colombia-stateless\/2019\/06\/7d69522c-duqueasbestosargentina_02-2048x1366.jpg 2048w, https:\/\/www.greenpeace.org\/static\/planet4-colombia-stateless\/2019\/06\/7d69522c-duqueasbestosargentina_02-510x340.jpg 510w\" sizes=\"auto, (max-width: 1024px) 100vw, 1024px\" \/><\/p>\n<p><span style=\"font-weight: 400;\">Fuera de todo protocolo y de manera sorpresiva, activistas de Greenpeace le pidieron al presidente Iv\u00e1n Duque que priorice la salud de los colombianos al desplegar una pancarta con el mensaje \u201c\u00a1Colombia sin asbesto ya!\u201d. La actividad, desarrollada de manera pac\u00edfica, se realiz\u00f3 durante un acto en la Plaza San Mart\u00edn en Buenos Aires, ciudad donde el mandatario se encuentra para mantener reuniones bilaterales con su par argentino.<\/span><\/p>\n<p><i><span style=\"font-weight: 400;\">&#8220;Anoche al llegar al pa\u00eds, el presidente Duque dijo que Colombia y Argentina est\u00e1n hermanadas hace a\u00f1os. Ser\u00eda bueno que Colombia imite a su hermana Argentina y a los m\u00e1s de 60 pa\u00edses que ya prohibieron el uso y la comercializaci\u00f3n del asbesto&#8221;,<\/span><\/i><span style=\"font-weight: 400;\"> dijo Gonzalo Strano, vocero de la oficina regional de Greenpeace Andino (Colombia, Argentina y Chile). Y agreg\u00f3: <\/span><i><span style=\"font-weight: 400;\">&#8220;Es hora de que el Poder Legislativo proh\u00edba de una vez por todas a esta sustancia que enferma y mata a m\u00e1s de 500 colombianos por a\u00f1o&#8221;.<\/span><\/i><\/p>\n<p><span style=\"font-weight: 400;\">Al proyecto de ley Ana Cecilia Ni\u00f1o -que busca prohibir la producci\u00f3n, distribuci\u00f3n y comercializaci\u00f3n del asbesto- solo le resta una instancia en la C\u00e1mara de Representantes para poder convertirse en ley. <\/span><i><span style=\"font-weight: 400;\">\u201cLa iniciativa apenas est\u00e1 a un debate de convertirse en ley, pero para ello es necesario que sea aprobado antes del 20 de junio, cuando finalizan las sesiones en el Congreso. Es una batalla contra el tiempo para, por fin, tener una ley que salvar\u00eda la vida de miles de colombianos. Es responsabilidad de los camaristas y de Alejandro Chac\u00f3n, Presidente de la C\u00e1mara, asegurar su debate a tiempo&#8221;, <\/span><\/i><span style=\"font-weight: 400;\">finaliz\u00f3 Strano.<\/span><\/p>\n\t\t\t<section\n\t\t\tclass=\"boxout post-393 \"\n\t\t\t\n\t\t>\n\t\t\t<a\n\t\t\t\tdata-ga-category=\"Take Action Boxout\"\n\t\t\t\tdata-ga-action=\"Image\"\n\t\t\t\tdata-ga-label=\"n\/a\"\n\t\t\t\tclass=\"cover-card-overlay\"\n\t\t\t\thref=\"https:\/\/www.greenpeace.org\/colombia\/exige-la-prohibicion-del-asbesto\/\" \n\t\t\t><\/a>\n\t\t\t\t\t\t\t<img\n\t\t\t\t\t\tsrc=\"https:\/\/www.greenpeace.org\/static\/planet4-colombia-stateless\/2018\/08\/a073e3eb-gp0stqve4_high_res-1024x683.jpg\"\n\t\t\t\t\t\tsrcset=\"https:\/\/www.greenpeace.org\/static\/planet4-colombia-stateless\/2018\/08\/a073e3eb-gp0stqve4_high_res-300x200.jpg 300w, https:\/\/www.greenpeace.org\/static\/planet4-colombia-stateless\/2018\/08\/a073e3eb-gp0stqve4_high_res-768x513.jpg 768w, https:\/\/www.greenpeace.org\/static\/planet4-colombia-stateless\/2018\/08\/a073e3eb-gp0stqve4_high_res-1024x683.jpg 1024w, https:\/\/www.greenpeace.org\/static\/planet4-colombia-stateless\/2018\/08\/a073e3eb-gp0stqve4_high_res-2048x1366.jpg 2048w, https:\/\/www.greenpeace.org\/static\/planet4-colombia-stateless\/2018\/08\/a073e3eb-gp0stqve4_high_res-510x340.jpg 510w\"\n\t\t\t\t\t\tsizes=\"(min-width: 1000px) 358px, (min-width: 780px) 313px, 88px\"\n\t\t\t\t\t\talt=\"\" title=\"\"\n\t\t\t\t\/>\n            \t\t\t<div class=\"boxout-content\">\n\t\t\t\t\t\t\t\t\t<a\n\t\t\t\t\t\tclass=\"boxout-heading medium\"\n\t\t\t\t\t\tdata-ga-category=\"Take Action Boxout\"\n\t\t\t\t\t\tdata-ga-action=\"Title\"\n\t\t\t\t\t\tdata-ga-label=\"n\/a\"\n\t\t\t\t\t\thref=\"https:\/\/www.greenpeace.org\/colombia\/exige-la-prohibicion-del-asbesto\/\"\n\t\t\t\t\t\t\n\t\t\t\t\t>\n\t\t\t\t\t\tLogramos una Colombia sin asbesto\n\t\t\t\t\t<\/a>\n\t\t\t\t\t\t\t\t                                    <a\n                        class=\"btn btn-primary\"\n                        data-ga-category=\"Take Action Boxout\"\n                        data-ga-action=\"Call to Action\"\n                        data-ga-label=\"n\/a\"\n                        href=\"https:\/\/www.greenpeace.org\/colombia\/exige-la-prohibicion-del-asbesto\/\"\n                        \n                    >\n                        Invol\u00facrate\n                    <\/a>\n                \t\t\t<\/div>\n\t\t\t\t\t<\/section>\n\t","protected":false},"excerpt":{"rendered":"<p>Fuera de todo protocolo y de manera sorpresiva, activistas de Greenpeace le pidieron al presidente Iv\u00e1n Duque que priorice la salud de los colombianos al desplegar una pancarta con el&hellip;<\/p>\n","protected":false},"author":23,"featured_media":1523,"comment_status":"closed","ping_status":"open","sticky":false,"template":"","format":"standard","meta":{"ep_exclude_from_search":false,"p4_og_title":"","p4_og_description":"","p4_og_image":"","p4_og_image_id":"","p4_seo_canonical_url":"","p4_campaign_name":"not set","p4_local_project":"not set","p4_basket_name":"not set","p4_department":"","footnotes":""},"categories":[17],"tags":[25],"p4-page-type":[16],"class_list":["post-1522","post","type-post","status-publish","format-standard","has-post-thumbnail","hentry","category-contaminacion","tag-asbesto","p4-page-type-noticia"],"_links":{"self":[{"href":"https:\/\/www.greenpeace.org\/colombia\/wp-json\/wp\/v2\/posts\/1522","targetHints":{"allow":["GET"]}}],"collection":[{"href":"https:\/\/www.greenpeace.org\/colombia\/wp-json\/wp\/v2\/posts"}],"about":[{"href":"https:\/\/www.greenpeace.org\/colombia\/wp-json\/wp\/v2\/types\/post"}],"author":[{"embeddable":true,"href":"https:\/\/www.greenpeace.org\/colombia\/wp-json\/wp\/v2\/users\/23"}],"replies":[{"embeddable":true,"href":"https:\/\/www.greenpeace.org\/colombia\/wp-json\/wp\/v2\/comments?post=1522"}],"version-history":[{"count":7,"href":"https:\/\/www.greenpeace.org\/colombia\/wp-json\/wp\/v2\/posts\/1522\/revisions"}],"predecessor-version":[{"id":5654,"href":"https:\/\/www.greenpeace.org\/colombia\/wp-json\/wp\/v2\/posts\/1522\/revisions\/5654"}],"wp:featuredmedia":[{"embeddable":true,"href":"https:\/\/www.greenpeace.org\/colombia\/wp-json\/wp\/v2\/media\/1523"}],"wp:attachment":[{"href":"https:\/\/www.greenpeace.org\/colombia\/wp-json\/wp\/v2\/media?parent=1522"}],"wp:term":[{"taxonomy":"category","embeddable":true,"href":"https:\/\/www.greenpeace.org\/colombia\/wp-json\/wp\/v2\/categories?post=1522"},{"taxonomy":"post_tag","embeddable":true,"href":"https:\/\/www.greenpeace.org\/colombia\/wp-json\/wp\/v2\/tags?post=1522"},{"taxonomy":"p4-page-type","embeddable":true,"href":"https:\/\/www.greenpeace.org\/colombia\/wp-json\/wp\/v2\/p4-page-type?post=1522"}],"curies":[{"name":"wp","href":"https:\/\/api.w.org\/{rel}","templated":true}]}}