{"id":1569,"date":"2019-06-20T15:03:17","date_gmt":"2019-06-20T15:03:17","guid":{"rendered":"https:\/\/master.k8s.p4.greenpeace.org\/colombia\/?p=1569"},"modified":"2021-12-01T12:26:52","modified_gmt":"2021-12-01T12:26:52","slug":"deteniendo-a-un-asesino-peligroso-nuestra-campana-contra-el-asbesto","status":"publish","type":"post","link":"https:\/\/www.greenpeace.org\/colombia\/blog\/uncategorized\/deteniendo-a-un-asesino-peligroso-nuestra-campana-contra-el-asbesto\/","title":{"rendered":"Deteniendo a un asesino peligroso: nuestra campa\u00f1a contra el asbesto"},"content":{"rendered":"<p><em>El 11 de Junio se aprob\u00f3 por unanimidad el proyecto de ley que proh\u00edbe la producci\u00f3n, comercializaci\u00f3n y distribuci\u00f3n el asbesto en Colombia a partir de enero de 2021.&nbsp; Los voluntarios de Greenpeace, llevaron adelante la campa\u00f1a activa en conjunto al movimiento Colombia sin asbesto desde 2017 y celebramos con alegr\u00eda la noticia. En esta nota, Ricardo nos cuenta como fue su experiencia participando como voluntario en este gran triunfo:<\/em><\/p>\n<p>&nbsp;<\/p>\n<p>Ana Cecilia Ni\u00f1o muri\u00f3 a causa de la exposici\u00f3n a esta fibra cancer\u00edgena; el asbesto, como ella, muchos otros colombianos lo han hecho, sus familias hoy los lloran y los echan de menos, sin embargo, ante esta gran tristeza ni una l\u00e1grima, al contrario; lucha, entrega, fuerza.<\/p>\n<p>De la mano de la fundaci\u00f3n Ana Cecilia Ni\u00f1o, combatiendo hombro a hombro, poni\u00e9ndonos del lado de las v\u00edctimas, esas v\u00edctimas invisibilizadas e incluso burladas a\u00f1o tras a\u00f1o por el Congreso de la Rep\u00fablica de Colombia al menos siete veces, logramos en un esfuerzo conjunto la prohibici\u00f3n de una fibra asesina que ya no matar\u00e1 m\u00e1s colombianos.<\/p>\n<p>En Greenpeace Colombia la campa\u00f1a se vivi\u00f3 con gran intensidad. En principio muchos desconoc\u00edamos la existencia misma del asbesto y por tanto la problem\u00e1tica asociada a \u00e9l, vencer ese desconocimiento y visibilizar esa situaci\u00f3n fue parte de nuestro trabajo inicial; puntos verdes, charlas, talleres de socializaci\u00f3n y otros, nos permitieron llevar a los colombianos a preocuparse por una problem\u00e1tica invisible, soportada en un \u00e1nimo de lucro, ego\u00edsta y por si fuera poco corruptor, y claro en la necesidad de combatirla.<\/p>\n<p>Desde el voluntariado vinieron varias de las ideas que terminaron en demostraciones y acciones p\u00fablicas, en esta campa\u00f1a se llevaron a cabo las actividades m\u00e1s complejas realizadas por Greenpeace Colombia. Desde junio de 2017 nuestros compa\u00f1eros iniciaron esta hermosa batalla; lideraron y ejecutaron una puesta en escena digna de un Oscar o una palma de oro; acostados y muy enfermos por el asbesto en camillas de hospital en un bulevar peatonal del centro de Bogot\u00e1, levantaron la voz en contra de esta fibra y sus efectos, denunciaron al asesino.<\/p>\n<p><img loading=\"lazy\" decoding=\"async\" class=\"alignnone size-medium wp-image-1571\" src=\"https:\/\/www.greenpeace.org\/static\/planet4-colombia-stateless\/2019\/07\/e7d5604d-2-300x200.png\" alt=\"\" width=\"300\" height=\"200\" srcset=\"https:\/\/www.greenpeace.org\/static\/planet4-colombia-stateless\/2019\/07\/e7d5604d-2-300x200.png 300w, https:\/\/www.greenpeace.org\/static\/planet4-colombia-stateless\/2019\/07\/e7d5604d-2-768x512.png 768w, https:\/\/www.greenpeace.org\/static\/planet4-colombia-stateless\/2019\/07\/e7d5604d-2-1024x683.png 1024w, https:\/\/www.greenpeace.org\/static\/planet4-colombia-stateless\/2019\/07\/e7d5604d-2-2048x1366.png 2048w, https:\/\/www.greenpeace.org\/static\/planet4-colombia-stateless\/2019\/07\/e7d5604d-2-510x340.png 510w\" sizes=\"auto, (max-width: 300px) 100vw, 300px\" \/> <img loading=\"lazy\" decoding=\"async\" class=\"alignnone size-medium wp-image-1570\" src=\"https:\/\/www.greenpeace.org\/static\/planet4-colombia-stateless\/2019\/07\/7d962753-1-300x200.png\" alt=\"\" width=\"300\" height=\"200\" srcset=\"https:\/\/www.greenpeace.org\/static\/planet4-colombia-stateless\/2019\/07\/7d962753-1-300x200.png 300w, https:\/\/www.greenpeace.org\/static\/planet4-colombia-stateless\/2019\/07\/7d962753-1-768x512.png 768w, https:\/\/www.greenpeace.org\/static\/planet4-colombia-stateless\/2019\/07\/7d962753-1-1024x683.png 1024w, https:\/\/www.greenpeace.org\/static\/planet4-colombia-stateless\/2019\/07\/7d962753-1-2048x1366.png 2048w, https:\/\/www.greenpeace.org\/static\/planet4-colombia-stateless\/2019\/07\/7d962753-1-510x340.png 510w\" sizes=\"auto, (max-width: 300px) 100vw, 300px\" \/><\/p>\n<p>Luego dijeron a los colombianos que Eternit constru\u00eda casas c\u00e1ncer en otra espectacular puesta en escena.<\/p>\n<p><img loading=\"lazy\" decoding=\"async\" class=\"alignnone size-medium wp-image-1572\" src=\"https:\/\/www.greenpeace.org\/static\/planet4-colombia-stateless\/2019\/07\/148ec913-3a-300x200.png\" alt=\"\" width=\"300\" height=\"200\" srcset=\"https:\/\/www.greenpeace.org\/static\/planet4-colombia-stateless\/2019\/07\/148ec913-3a-300x200.png 300w, https:\/\/www.greenpeace.org\/static\/planet4-colombia-stateless\/2019\/07\/148ec913-3a-768x512.png 768w, https:\/\/www.greenpeace.org\/static\/planet4-colombia-stateless\/2019\/07\/148ec913-3a-1024x683.png 1024w, https:\/\/www.greenpeace.org\/static\/planet4-colombia-stateless\/2019\/07\/148ec913-3a-2048x1366.png 2048w, https:\/\/www.greenpeace.org\/static\/planet4-colombia-stateless\/2019\/07\/148ec913-3a-510x340.png 510w\" sizes=\"auto, (max-width: 300px) 100vw, 300px\" \/> <img loading=\"lazy\" decoding=\"async\" class=\"alignnone size-medium wp-image-1573\" src=\"https:\/\/www.greenpeace.org\/static\/planet4-colombia-stateless\/2019\/07\/48481fff-3b-300x200.png\" alt=\"\" width=\"300\" height=\"200\" srcset=\"https:\/\/www.greenpeace.org\/static\/planet4-colombia-stateless\/2019\/07\/48481fff-3b-300x200.png 300w, https:\/\/www.greenpeace.org\/static\/planet4-colombia-stateless\/2019\/07\/48481fff-3b-768x513.png 768w, https:\/\/www.greenpeace.org\/static\/planet4-colombia-stateless\/2019\/07\/48481fff-3b-1024x684.png 1024w, https:\/\/www.greenpeace.org\/static\/planet4-colombia-stateless\/2019\/07\/48481fff-3b-2046x1366.png 2046w, https:\/\/www.greenpeace.org\/static\/planet4-colombia-stateless\/2019\/07\/48481fff-3b-510x340.png 510w\" sizes=\"auto, (max-width: 300px) 100vw, 300px\" \/><\/p>\n<p>No pas\u00f3 mucho tiempo para que nuestros voluntarios se acercaran muy en la madrugada de un frio d\u00eda al edificio del Congreso Nacional para proyectar con l\u00e1ser en su fachada el mensaje dirigido a los senadores: Salud o asbesto.<\/p>\n<p><img loading=\"lazy\" decoding=\"async\" class=\"alignnone size-medium wp-image-1574\" src=\"https:\/\/www.greenpeace.org\/static\/planet4-colombia-stateless\/2019\/07\/add29d72-4a-300x185.png\" alt=\"\" width=\"300\" height=\"185\" srcset=\"https:\/\/www.greenpeace.org\/static\/planet4-colombia-stateless\/2019\/07\/add29d72-4a-300x185.png 300w, https:\/\/www.greenpeace.org\/static\/planet4-colombia-stateless\/2019\/07\/add29d72-4a-510x314.png 510w, https:\/\/www.greenpeace.org\/static\/planet4-colombia-stateless\/2019\/07\/add29d72-4a.png 730w\" sizes=\"auto, (max-width: 300px) 100vw, 300px\" \/> <img loading=\"lazy\" decoding=\"async\" class=\"alignnone size-medium wp-image-1586\" src=\"https:\/\/www.greenpeace.org\/static\/planet4-colombia-stateless\/2019\/07\/82c8e3c2-b-300x200.png\" alt=\"\" width=\"300\" height=\"200\" srcset=\"https:\/\/www.greenpeace.org\/static\/planet4-colombia-stateless\/2019\/07\/82c8e3c2-b-300x200.png 300w, https:\/\/www.greenpeace.org\/static\/planet4-colombia-stateless\/2019\/07\/82c8e3c2-b-768x512.png 768w, https:\/\/www.greenpeace.org\/static\/planet4-colombia-stateless\/2019\/07\/82c8e3c2-b-1024x683.png 1024w, https:\/\/www.greenpeace.org\/static\/planet4-colombia-stateless\/2019\/07\/82c8e3c2-b-2048x1366.png 2048w, https:\/\/www.greenpeace.org\/static\/planet4-colombia-stateless\/2019\/07\/82c8e3c2-b-510x340.png 510w\" sizes=\"auto, (max-width: 300px) 100vw, 300px\" \/><\/p>\n<p>Sigui\u00f3 la visita de escaladores de Greenpeace Argentina; que grandes, subieron a los m\u00e1stiles de la Plaza de Bol\u00edvar, y con un banner gigante les recordaron a los senadores su responsabilidad con el pueblo colombiano.<\/p>\n<p><img loading=\"lazy\" decoding=\"async\" class=\"alignnone size-medium wp-image-1576\" src=\"https:\/\/www.greenpeace.org\/static\/planet4-colombia-stateless\/2019\/07\/a479b928-5b-300x200.png\" alt=\"\" width=\"300\" height=\"200\" srcset=\"https:\/\/www.greenpeace.org\/static\/planet4-colombia-stateless\/2019\/07\/a479b928-5b-300x200.png 300w, https:\/\/www.greenpeace.org\/static\/planet4-colombia-stateless\/2019\/07\/a479b928-5b-768x513.png 768w, https:\/\/www.greenpeace.org\/static\/planet4-colombia-stateless\/2019\/07\/a479b928-5b-1024x684.png 1024w, https:\/\/www.greenpeace.org\/static\/planet4-colombia-stateless\/2019\/07\/a479b928-5b-2046x1366.png 2046w, https:\/\/www.greenpeace.org\/static\/planet4-colombia-stateless\/2019\/07\/a479b928-5b-510x340.png 510w\" sizes=\"auto, (max-width: 300px) 100vw, 300px\" \/> <img loading=\"lazy\" decoding=\"async\" class=\"alignnone size-medium wp-image-1575\" src=\"https:\/\/www.greenpeace.org\/static\/planet4-colombia-stateless\/2019\/07\/b480dd8e-5a-300x200.png\" alt=\"\" width=\"300\" height=\"200\" srcset=\"https:\/\/www.greenpeace.org\/static\/planet4-colombia-stateless\/2019\/07\/b480dd8e-5a-300x200.png 300w, https:\/\/www.greenpeace.org\/static\/planet4-colombia-stateless\/2019\/07\/b480dd8e-5a-768x513.png 768w, https:\/\/www.greenpeace.org\/static\/planet4-colombia-stateless\/2019\/07\/b480dd8e-5a-1024x684.png 1024w, https:\/\/www.greenpeace.org\/static\/planet4-colombia-stateless\/2019\/07\/b480dd8e-5a-2046x1366.png 2046w, https:\/\/www.greenpeace.org\/static\/planet4-colombia-stateless\/2019\/07\/b480dd8e-5a-510x340.png 510w\" sizes=\"auto, (max-width: 300px) 100vw, 300px\" \/><\/p>\n<p>A partir de este punto, tuve la oportunidad y el honor de hacer parte de las siguientes actividades que nos condujeron a este gran triunfo; un par de horas parado en la ya tradicional Plaza de Bol\u00edvar vestido de senador decidiendo con mi voto entre salud y c\u00e1ncer, mostrando a los senadores lo que deber\u00edan hacer.<\/p>\n<p><img loading=\"lazy\" decoding=\"async\" class=\"alignnone size-medium wp-image-1577\" src=\"https:\/\/www.greenpeace.org\/static\/planet4-colombia-stateless\/2019\/07\/5f5d7a82-6a-300x200.png\" alt=\"\" width=\"300\" height=\"200\" srcset=\"https:\/\/www.greenpeace.org\/static\/planet4-colombia-stateless\/2019\/07\/5f5d7a82-6a-300x200.png 300w, https:\/\/www.greenpeace.org\/static\/planet4-colombia-stateless\/2019\/07\/5f5d7a82-6a-768x513.png 768w, https:\/\/www.greenpeace.org\/static\/planet4-colombia-stateless\/2019\/07\/5f5d7a82-6a-1024x684.png 1024w, https:\/\/www.greenpeace.org\/static\/planet4-colombia-stateless\/2019\/07\/5f5d7a82-6a-510x340.png 510w, https:\/\/www.greenpeace.org\/static\/planet4-colombia-stateless\/2019\/07\/5f5d7a82-6a.png 2000w\" sizes=\"auto, (max-width: 300px) 100vw, 300px\" \/> <img loading=\"lazy\" decoding=\"async\" class=\"alignnone size-medium wp-image-1578\" src=\"https:\/\/www.greenpeace.org\/static\/planet4-colombia-stateless\/2019\/07\/9abe89f0-6b-300x200.png\" alt=\"\" width=\"300\" height=\"200\" srcset=\"https:\/\/www.greenpeace.org\/static\/planet4-colombia-stateless\/2019\/07\/9abe89f0-6b-300x200.png 300w, https:\/\/www.greenpeace.org\/static\/planet4-colombia-stateless\/2019\/07\/9abe89f0-6b-768x513.png 768w, https:\/\/www.greenpeace.org\/static\/planet4-colombia-stateless\/2019\/07\/9abe89f0-6b-1024x684.png 1024w, https:\/\/www.greenpeace.org\/static\/planet4-colombia-stateless\/2019\/07\/9abe89f0-6b-510x340.png 510w, https:\/\/www.greenpeace.org\/static\/planet4-colombia-stateless\/2019\/07\/9abe89f0-6b.png 2000w\" sizes=\"auto, (max-width: 300px) 100vw, 300px\" \/><\/p>\n<p>Luego particip\u00e9 en el tras de escena, guardando la espalda a mis compa\u00f1eros parados junto a un reloj que recordaba a los senadores el tiempo transcurrido permitiendo actuar a un asesino que ellos no se atrev\u00edan a detener.<\/p>\n<p><img loading=\"lazy\" decoding=\"async\" class=\"alignnone size-medium wp-image-1579\" src=\"https:\/\/www.greenpeace.org\/static\/planet4-colombia-stateless\/2019\/07\/8cf70e47-7a-300x200.png\" alt=\"\" width=\"300\" height=\"200\" srcset=\"https:\/\/www.greenpeace.org\/static\/planet4-colombia-stateless\/2019\/07\/8cf70e47-7a-300x200.png 300w, https:\/\/www.greenpeace.org\/static\/planet4-colombia-stateless\/2019\/07\/8cf70e47-7a-768x513.png 768w, https:\/\/www.greenpeace.org\/static\/planet4-colombia-stateless\/2019\/07\/8cf70e47-7a-1024x684.png 1024w, https:\/\/www.greenpeace.org\/static\/planet4-colombia-stateless\/2019\/07\/8cf70e47-7a-2046x1366.png 2046w, https:\/\/www.greenpeace.org\/static\/planet4-colombia-stateless\/2019\/07\/8cf70e47-7a-510x340.png 510w\" sizes=\"auto, (max-width: 300px) 100vw, 300px\" \/> <img loading=\"lazy\" decoding=\"async\" class=\"alignnone size-medium wp-image-1580\" src=\"https:\/\/www.greenpeace.org\/static\/planet4-colombia-stateless\/2019\/07\/d0dfa2bb-7b-300x200.png\" alt=\"\" width=\"300\" height=\"200\" srcset=\"https:\/\/www.greenpeace.org\/static\/planet4-colombia-stateless\/2019\/07\/d0dfa2bb-7b-300x200.png 300w, https:\/\/www.greenpeace.org\/static\/planet4-colombia-stateless\/2019\/07\/d0dfa2bb-7b-768x512.png 768w, https:\/\/www.greenpeace.org\/static\/planet4-colombia-stateless\/2019\/07\/d0dfa2bb-7b-1024x683.png 1024w, https:\/\/www.greenpeace.org\/static\/planet4-colombia-stateless\/2019\/07\/d0dfa2bb-7b-2048x1366.png 2048w, https:\/\/www.greenpeace.org\/static\/planet4-colombia-stateless\/2019\/07\/d0dfa2bb-7b-510x340.png 510w\" sizes=\"auto, (max-width: 300px) 100vw, 300px\" \/><\/p>\n<p>Aumentamos la apuesta y les preguntamos a los senadores si ten\u00edan los pantalones bien puestos, se empezaron a sentir la presi\u00f3n; \u00a1muy bien!.<\/p>\n<p><img loading=\"lazy\" decoding=\"async\" class=\"alignnone size-medium wp-image-1581\" src=\"https:\/\/www.greenpeace.org\/static\/planet4-colombia-stateless\/2019\/07\/66de8975-8a-300x200.png\" alt=\"\" width=\"300\" height=\"200\" srcset=\"https:\/\/www.greenpeace.org\/static\/planet4-colombia-stateless\/2019\/07\/66de8975-8a-300x200.png 300w, https:\/\/www.greenpeace.org\/static\/planet4-colombia-stateless\/2019\/07\/66de8975-8a-768x512.png 768w, https:\/\/www.greenpeace.org\/static\/planet4-colombia-stateless\/2019\/07\/66de8975-8a-1024x682.png 1024w, https:\/\/www.greenpeace.org\/static\/planet4-colombia-stateless\/2019\/07\/66de8975-8a-2048x1366.png 2048w, https:\/\/www.greenpeace.org\/static\/planet4-colombia-stateless\/2019\/07\/66de8975-8a-510x340.png 510w\" sizes=\"auto, (max-width: 300px) 100vw, 300px\" \/> <img loading=\"lazy\" decoding=\"async\" class=\"alignnone size-medium wp-image-1590\" src=\"https:\/\/www.greenpeace.org\/static\/planet4-colombia-stateless\/2019\/07\/fe96cc7e-8b-300x200.png\" alt=\"\" width=\"300\" height=\"200\" srcset=\"https:\/\/www.greenpeace.org\/static\/planet4-colombia-stateless\/2019\/07\/fe96cc7e-8b-300x200.png 300w, https:\/\/www.greenpeace.org\/static\/planet4-colombia-stateless\/2019\/07\/fe96cc7e-8b-768x513.png 768w, https:\/\/www.greenpeace.org\/static\/planet4-colombia-stateless\/2019\/07\/fe96cc7e-8b-1024x684.png 1024w, https:\/\/www.greenpeace.org\/static\/planet4-colombia-stateless\/2019\/07\/fe96cc7e-8b-2046x1366.png 2046w, https:\/\/www.greenpeace.org\/static\/planet4-colombia-stateless\/2019\/07\/fe96cc7e-8b-510x340.png 510w\" sizes=\"auto, (max-width: 300px) 100vw, 300px\" \/><\/p>\n<p>Se decidi\u00f3 entonces llevar a cabo la acci\u00f3n m\u00e1s grande hasta el momento en Colombia; especial motivaci\u00f3n implic\u00f3 para m\u00ed, pues esta idea surgi\u00f3 de un ejercicio conjunto con amigos de Chile y Argentina en un encuentro regional de voluntarios de 2017. Con la colaboraci\u00f3n de los intr\u00e9pidos escaladores de Argentina dejamos muy claro el mensaje, con un s\u00faper banner de m\u00e1s de 35 metros colgado de un puente de una importante avenida de la capital, les hicimos saber a los senadores que su cobard\u00eda la est\u00e1bamos pagando todos los colombianos. Simplemente impresionante.<\/p>\n<p><img loading=\"lazy\" decoding=\"async\" class=\"alignnone size-medium wp-image-1582\" src=\"https:\/\/www.greenpeace.org\/static\/planet4-colombia-stateless\/2019\/07\/c659fe98-9a-300x200.png\" alt=\"\" width=\"300\" height=\"200\" srcset=\"https:\/\/www.greenpeace.org\/static\/planet4-colombia-stateless\/2019\/07\/c659fe98-9a-300x200.png 300w, https:\/\/www.greenpeace.org\/static\/planet4-colombia-stateless\/2019\/07\/c659fe98-9a-768x512.png 768w, https:\/\/www.greenpeace.org\/static\/planet4-colombia-stateless\/2019\/07\/c659fe98-9a-1024x683.png 1024w, https:\/\/www.greenpeace.org\/static\/planet4-colombia-stateless\/2019\/07\/c659fe98-9a-2048x1366.png 2048w, https:\/\/www.greenpeace.org\/static\/planet4-colombia-stateless\/2019\/07\/c659fe98-9a-510x340.png 510w\" sizes=\"auto, (max-width: 300px) 100vw, 300px\" \/> <img loading=\"lazy\" decoding=\"async\" class=\"alignnone size-medium wp-image-1583\" src=\"https:\/\/www.greenpeace.org\/static\/planet4-colombia-stateless\/2019\/07\/672c6ea4-9b-300x200.png\" alt=\"\" width=\"300\" height=\"200\" srcset=\"https:\/\/www.greenpeace.org\/static\/planet4-colombia-stateless\/2019\/07\/672c6ea4-9b-300x200.png 300w, https:\/\/www.greenpeace.org\/static\/planet4-colombia-stateless\/2019\/07\/672c6ea4-9b-768x512.png 768w, https:\/\/www.greenpeace.org\/static\/planet4-colombia-stateless\/2019\/07\/672c6ea4-9b-1024x683.png 1024w, https:\/\/www.greenpeace.org\/static\/planet4-colombia-stateless\/2019\/07\/672c6ea4-9b-2048x1366.png 2048w, https:\/\/www.greenpeace.org\/static\/planet4-colombia-stateless\/2019\/07\/672c6ea4-9b-510x340.png 510w\" sizes=\"auto, (max-width: 300px) 100vw, 300px\" \/><\/p>\n<p>Luego de varias asistencias al congreso a apoyar cada audiencia, cada plenaria, cada votaci\u00f3n; se cerr\u00f3 con broche de oro con un especial recibimiento por parte de los activistas de la ciudad de Buenos Aires a nuestro presidente Iv\u00e1n Duque en su visita a esta ciudad; con carteles bien en alto a su paso, le hicieron ver que el clamor del pueblo por detener a este asesino no tiene fronteras.<\/p>\n<p><img loading=\"lazy\" decoding=\"async\" class=\"alignnone size-medium wp-image-1585\" src=\"https:\/\/www.greenpeace.org\/static\/planet4-colombia-stateless\/2019\/07\/4195a118-10b-300x200.png\" alt=\"\" width=\"300\" height=\"200\" srcset=\"https:\/\/www.greenpeace.org\/static\/planet4-colombia-stateless\/2019\/07\/4195a118-10b-300x200.png 300w, https:\/\/www.greenpeace.org\/static\/planet4-colombia-stateless\/2019\/07\/4195a118-10b-768x512.png 768w, https:\/\/www.greenpeace.org\/static\/planet4-colombia-stateless\/2019\/07\/4195a118-10b-1024x683.png 1024w, https:\/\/www.greenpeace.org\/static\/planet4-colombia-stateless\/2019\/07\/4195a118-10b-2048x1366.png 2048w, https:\/\/www.greenpeace.org\/static\/planet4-colombia-stateless\/2019\/07\/4195a118-10b-510x340.png 510w\" sizes=\"auto, (max-width: 300px) 100vw, 300px\" \/> <img loading=\"lazy\" decoding=\"async\" class=\"alignnone size-medium wp-image-1584\" src=\"https:\/\/www.greenpeace.org\/static\/planet4-colombia-stateless\/2019\/07\/048b6627-10a-300x200.png\" alt=\"\" width=\"300\" height=\"200\" srcset=\"https:\/\/www.greenpeace.org\/static\/planet4-colombia-stateless\/2019\/07\/048b6627-10a-300x200.png 300w, https:\/\/www.greenpeace.org\/static\/planet4-colombia-stateless\/2019\/07\/048b6627-10a-768x512.png 768w, https:\/\/www.greenpeace.org\/static\/planet4-colombia-stateless\/2019\/07\/048b6627-10a-1024x683.png 1024w, https:\/\/www.greenpeace.org\/static\/planet4-colombia-stateless\/2019\/07\/048b6627-10a-2048x1366.png 2048w, https:\/\/www.greenpeace.org\/static\/planet4-colombia-stateless\/2019\/07\/048b6627-10a-510x340.png 510w\" sizes=\"auto, (max-width: 300px) 100vw, 300px\" \/><\/p>\n<p>Finalmente lleg\u00f3 el d\u00eda, las barras del congreso llenas a reventar, la fundaci\u00f3n Ana Cecilia Ni\u00f1o, Greenpeace y otras tantas, las valerosas v\u00edctimas, la prensa, etc. En realidad, muchos no lo cre\u00edamos posible. La sesi\u00f3n inici\u00f3 con la solicitud de debatir el proyecto de primero en lugar de s\u00e9ptimo; se aprob\u00f3 la moci\u00f3n, all\u00ed empezaba una nueva y extra\u00f1a esperanza; \u00bfY si la aprueban?, \u00bfy si lo conseguimos? Me empiezo a sentir como el perro que persigue un auto y al alcanzarlo no sabe qu\u00e9 hacer. La emoci\u00f3n aumenta, las barras alentamos en silencio, solo con nuestros carteles que hablan por nosotros, con las fotos de las v\u00edctimas que hablan por s\u00ed solas, llega el momento de la votaci\u00f3n, aumentan los nervios; resulta apabullante; ning\u00fan representante se atreve a votar en contra; nos fundimos entonces en un gran abrazo, un abrazo de pulm\u00f3n, de pulm\u00f3n sano, de pulm\u00f3n sin c\u00e1ncer. Daniel Pineda, a quien el asbesto arrebato a su esposa Ana Cecilia, apenas contiene las l\u00e1grimas, lo mismo le ocurre a Silvia, la directora de nuestra organizaci\u00f3n y en cascada a los voluntarios presentes: Cami, Diego, Debbie, Sue y hasta a m\u00ed me cuesta mantenerme imp\u00e1vido, as\u00ed que pronto me pregunto: \u00bfpara qu\u00e9 ocultar la sensaci\u00f3n de triunfo?, esto se siente bien \u00a1a disfrutar!; entre la incredulidad y la felicidad el sentimiento de victoria se apodera de nosotros, pasa toda la campa\u00f1a por mi mente en fracci\u00f3n de segundos, conclusi\u00f3n: vale la pena luchar, vale la pena el esfuerzo. Incre\u00edble, vencimos al asesino, lo detuvimos, no matar\u00e1 m\u00e1s. \u00a1En tu memoria, Ana Cecilia!<\/p>\n<p><img loading=\"lazy\" decoding=\"async\" class=\"alignnone wp-image-1589\" src=\"https:\/\/www.greenpeace.org\/static\/planet4-colombia-stateless\/2019\/07\/c795dbab-11c-225x300.png\" alt=\"\" width=\"315\" height=\"419\" srcset=\"https:\/\/www.greenpeace.org\/static\/planet4-colombia-stateless\/2019\/07\/c795dbab-11c-225x300.png 225w, https:\/\/www.greenpeace.org\/static\/planet4-colombia-stateless\/2019\/07\/c795dbab-11c-768x1024.png 768w, https:\/\/www.greenpeace.org\/static\/planet4-colombia-stateless\/2019\/07\/c795dbab-11c-255x340.png 255w, https:\/\/www.greenpeace.org\/static\/planet4-colombia-stateless\/2019\/07\/c795dbab-11c.png 960w\" sizes=\"auto, (max-width: 315px) 100vw, 315px\" \/> <img loading=\"lazy\" decoding=\"async\" class=\"alignnone wp-image-1588\" src=\"https:\/\/www.greenpeace.org\/static\/planet4-colombia-stateless\/2019\/07\/15ebeab5-11b-225x300.png\" alt=\"\" width=\"313\" height=\"417\" srcset=\"https:\/\/www.greenpeace.org\/static\/planet4-colombia-stateless\/2019\/07\/15ebeab5-11b-225x300.png 225w, https:\/\/www.greenpeace.org\/static\/planet4-colombia-stateless\/2019\/07\/15ebeab5-11b-768x1024.png 768w, https:\/\/www.greenpeace.org\/static\/planet4-colombia-stateless\/2019\/07\/15ebeab5-11b-255x340.png 255w, https:\/\/www.greenpeace.org\/static\/planet4-colombia-stateless\/2019\/07\/15ebeab5-11b.png 960w\" sizes=\"auto, (max-width: 313px) 100vw, 313px\" \/>&nbsp;<img loading=\"lazy\" decoding=\"async\" class=\"alignnone wp-image-1587\" src=\"https:\/\/www.greenpeace.org\/static\/planet4-colombia-stateless\/2019\/07\/c4e92cf8-11-225x300.png\" alt=\"\" width=\"313\" height=\"417\" srcset=\"https:\/\/www.greenpeace.org\/static\/planet4-colombia-stateless\/2019\/07\/c4e92cf8-11-225x300.png 225w, https:\/\/www.greenpeace.org\/static\/planet4-colombia-stateless\/2019\/07\/c4e92cf8-11-768x1024.png 768w, https:\/\/www.greenpeace.org\/static\/planet4-colombia-stateless\/2019\/07\/c4e92cf8-11-255x340.png 255w, https:\/\/www.greenpeace.org\/static\/planet4-colombia-stateless\/2019\/07\/c4e92cf8-11.png 960w\" sizes=\"auto, (max-width: 313px) 100vw, 313px\" \/><\/p>\n\t\t\t<section\n\t\t\tclass=\"boxout post-393 \"\n\t\t\t\n\t\t>\n\t\t\t<a\n\t\t\t\tdata-ga-category=\"Take Action Boxout\"\n\t\t\t\tdata-ga-action=\"Image\"\n\t\t\t\tdata-ga-label=\"n\/a\"\n\t\t\t\tclass=\"cover-card-overlay\"\n\t\t\t\thref=\"https:\/\/www.greenpeace.org\/colombia\/exige-la-prohibicion-del-asbesto\/\" \n\t\t\t><\/a>\n\t\t\t\t\t\t\t<img\n\t\t\t\t\t\tsrc=\"https:\/\/www.greenpeace.org\/static\/planet4-colombia-stateless\/2018\/08\/a073e3eb-gp0stqve4_high_res-1024x683.jpg\"\n\t\t\t\t\t\tsrcset=\"https:\/\/www.greenpeace.org\/static\/planet4-colombia-stateless\/2018\/08\/a073e3eb-gp0stqve4_high_res-300x200.jpg 300w, https:\/\/www.greenpeace.org\/static\/planet4-colombia-stateless\/2018\/08\/a073e3eb-gp0stqve4_high_res-768x513.jpg 768w, https:\/\/www.greenpeace.org\/static\/planet4-colombia-stateless\/2018\/08\/a073e3eb-gp0stqve4_high_res-1024x683.jpg 1024w, https:\/\/www.greenpeace.org\/static\/planet4-colombia-stateless\/2018\/08\/a073e3eb-gp0stqve4_high_res-2048x1366.jpg 2048w, https:\/\/www.greenpeace.org\/static\/planet4-colombia-stateless\/2018\/08\/a073e3eb-gp0stqve4_high_res-510x340.jpg 510w\"\n\t\t\t\t\t\tsizes=\"(min-width: 1000px) 358px, (min-width: 780px) 313px, 88px\"\n\t\t\t\t\t\talt=\"\" title=\"\"\n\t\t\t\t\/>\n            \t\t\t<div class=\"boxout-content\">\n\t\t\t\t\t\t\t\t\t<a\n\t\t\t\t\t\tclass=\"boxout-heading medium\"\n\t\t\t\t\t\tdata-ga-category=\"Take Action Boxout\"\n\t\t\t\t\t\tdata-ga-action=\"Title\"\n\t\t\t\t\t\tdata-ga-label=\"n\/a\"\n\t\t\t\t\t\thref=\"https:\/\/www.greenpeace.org\/colombia\/exige-la-prohibicion-del-asbesto\/\"\n\t\t\t\t\t\t\n\t\t\t\t\t>\n\t\t\t\t\t\tLogramos una Colombia sin asbesto\n\t\t\t\t\t<\/a>\n\t\t\t\t\t\t\t\t                                    <a\n                        class=\"btn btn-primary\"\n                        data-ga-category=\"Take Action Boxout\"\n                        data-ga-action=\"Call to Action\"\n                        data-ga-label=\"n\/a\"\n                        href=\"https:\/\/www.greenpeace.org\/colombia\/exige-la-prohibicion-del-asbesto\/\"\n                        \n                    >\n                        Invol\u00facrate\n                    <\/a>\n                \t\t\t<\/div>\n\t\t\t\t\t<\/section>\n\t","protected":false},"excerpt":{"rendered":"<p>El 11 de Junio se aprob\u00f3 por unanimidad el proyecto de ley que proh\u00edbe la producci\u00f3n, comercializaci\u00f3n y distribuci\u00f3n el asbesto en Colombia a partir de enero de 2021.\u00a0 Los&hellip;<\/p>\n","protected":false},"author":24,"featured_media":1570,"comment_status":"closed","ping_status":"open","sticky":false,"template":"","format":"standard","meta":{"ep_exclude_from_search":false,"p4_og_title":"","p4_og_description":"","p4_og_image":"https:\/\/www.greenpeace.org\/static\/planet4-colombia-stateless\/2019\/07\/c795dbab-11c.png","p4_og_image_id":"1589","p4_seo_canonical_url":"","p4_campaign_name":"not set","p4_local_project":"not set","p4_basket_name":"not set","p4_department":"","footnotes":""},"categories":[1],"tags":[25,29],"p4-page-type":[14],"class_list":["post-1569","post","type-post","status-publish","format-standard","has-post-thumbnail","hentry","category-uncategorized","tag-asbesto","tag-voluntarios","p4-page-type-blog"],"_links":{"self":[{"href":"https:\/\/www.greenpeace.org\/colombia\/wp-json\/wp\/v2\/posts\/1569","targetHints":{"allow":["GET"]}}],"collection":[{"href":"https:\/\/www.greenpeace.org\/colombia\/wp-json\/wp\/v2\/posts"}],"about":[{"href":"https:\/\/www.greenpeace.org\/colombia\/wp-json\/wp\/v2\/types\/post"}],"author":[{"embeddable":true,"href":"https:\/\/www.greenpeace.org\/colombia\/wp-json\/wp\/v2\/users\/24"}],"replies":[{"embeddable":true,"href":"https:\/\/www.greenpeace.org\/colombia\/wp-json\/wp\/v2\/comments?post=1569"}],"version-history":[{"count":5,"href":"https:\/\/www.greenpeace.org\/colombia\/wp-json\/wp\/v2\/posts\/1569\/revisions"}],"predecessor-version":[{"id":5652,"href":"https:\/\/www.greenpeace.org\/colombia\/wp-json\/wp\/v2\/posts\/1569\/revisions\/5652"}],"wp:featuredmedia":[{"embeddable":true,"href":"https:\/\/www.greenpeace.org\/colombia\/wp-json\/wp\/v2\/media\/1570"}],"wp:attachment":[{"href":"https:\/\/www.greenpeace.org\/colombia\/wp-json\/wp\/v2\/media?parent=1569"}],"wp:term":[{"taxonomy":"category","embeddable":true,"href":"https:\/\/www.greenpeace.org\/colombia\/wp-json\/wp\/v2\/categories?post=1569"},{"taxonomy":"post_tag","embeddable":true,"href":"https:\/\/www.greenpeace.org\/colombia\/wp-json\/wp\/v2\/tags?post=1569"},{"taxonomy":"p4-page-type","embeddable":true,"href":"https:\/\/www.greenpeace.org\/colombia\/wp-json\/wp\/v2\/p4-page-type?post=1569"}],"curies":[{"name":"wp","href":"https:\/\/api.w.org\/{rel}","templated":true}]}}