{"id":16072,"date":"2025-08-05T09:40:43","date_gmt":"2025-08-05T09:40:43","guid":{"rendered":"https:\/\/www.greenpeace.org\/colombia\/?p=16072"},"modified":"2025-08-08T18:19:05","modified_gmt":"2025-08-08T18:19:05","slug":"tratado-global-de-plasticos-entra-en-su-ronda-final-oportunidad-historica-para-poner-fin-a-la-era-de-la-contaminacion","status":"publish","type":"post","link":"https:\/\/www.greenpeace.org\/colombia\/blog\/campanas\/contaminacion\/tratado-global-de-plasticos-entra-en-su-ronda-final-oportunidad-historica-para-poner-fin-a-la-era-de-la-contaminacion\/","title":{"rendered":"Tratado Global de Pl\u00e1sticos entra en su ronda final: oportunidad hist\u00f3rica para poner fin a la era de la contaminaci\u00f3n"},"content":{"rendered":"\n<p><strong>Esta semana <\/strong>delegaciones de 170 gobiernos se re\u00fanen <strong>en Ginebra, Suiza,<\/strong> para tomar decisiones concretas que pongan<strong> fin a la crisis ecol\u00f3gica y de derechos humanos, derivada de la contaminaci\u00f3n por pl\u00e1sticos<\/strong>. Esto ocurre en el marco de la <strong>ronda final de negociaciones para la creaci\u00f3n del Tratado Global de Pl\u00e1sticos <\/strong>pautada por la Organizaci\u00f3n de las Naciones Unidas (ONU), mientras las voces de los actores sociales que exigen y apoyan este posible acuerdo se escuchan cada vez m\u00e1s fuerte.&nbsp;<\/p>\n\n<p>En v\u00edsperas de las negociaciones<strong> cientos de ciudadanos y organizaciones de la sociedad civil de todo el mundo se congregaron en la Plaza de las Naciones de Ginebra<\/strong> para exigir un<strong> tratado ambicioso y jur\u00eddicamente vinculante <\/strong>que reduzca la producci\u00f3n de pl\u00e1sticos y proteja la salud de las personas y el planetas. Los manifestantes <strong>vistieron de amarillo, rojo y naranja para simbolizar la urgencia de la crisis clim\u00e1tica y de contaminaci\u00f3n y el peligro que supone la producci\u00f3n descontrolada de pl\u00e1stico<\/strong>, derivado en un 99% de combustibles f\u00f3siles. La movilizaci\u00f3n representa una poderosa muestra de unidad de ciudadanos y ONG decididos a proteger la salud humana, los derechos humanos y los ecosistemas de la creciente crisis de contaminaci\u00f3n por pl\u00e1stico.<\/p>\n\n<h2 class=\"wp-block-heading\"><strong>\u00bfQu\u00e9 es el Tratado Global de Pl\u00e1sticos?<\/strong><\/h2>\n\n<p>Desde hace tiempo, existe consenso y evidencia cient\u00edfica a nivel mundial de que la <strong>crisis del pl\u00e1stico<\/strong> se ha convirtido en una <strong>gran amenaza para la salud humana, la biodiversidad y el clima<\/strong>; ya que, tanto personas como otras especies de fauna y flora, estamos cada vez m\u00e1s expuestas a los micropl\u00e1sticos y a los qu\u00edmicos nocivos utilizados en envases, art\u00edculos para el hogar, utensilios de cocina, ropa y m\u00e1s, y sus efectos en la calidad del aire y agua.. Adem\u00e1s, es una de las industrias que m\u00e1s c<strong>ontribuye a la crisis clim\u00e1tica, emitiendo gases de efecto invernadero durante todo su ciclo de vida.<\/strong>.&nbsp;<br><\/p>\n\n<figure class=\"wp-block-image size-large\"><img loading=\"lazy\" decoding=\"async\" width=\"1024\" height=\"683\" src=\"https:\/\/www.greenpeace.org\/static\/planet4-colombia-stateless\/2025\/08\/09bf3b82-gp0sttn10_medium-res-with-credit-line-1200px-1024x683.jpg\" alt=\"Un activista con una tela de pl\u00e1stico posa ante un monstruo de pl\u00e1stico durante una campa\u00f1a antipl\u00e1stico en el distrito comercial de Yakarta.\" class=\"wp-image-16074\" srcset=\"https:\/\/www.greenpeace.org\/static\/planet4-colombia-stateless\/2025\/08\/09bf3b82-gp0sttn10_medium-res-with-credit-line-1200px-1024x683.jpg 1024w, https:\/\/www.greenpeace.org\/static\/planet4-colombia-stateless\/2025\/08\/09bf3b82-gp0sttn10_medium-res-with-credit-line-1200px-300x200.jpg 300w, https:\/\/www.greenpeace.org\/static\/planet4-colombia-stateless\/2025\/08\/09bf3b82-gp0sttn10_medium-res-with-credit-line-1200px-768x512.jpg 768w, https:\/\/www.greenpeace.org\/static\/planet4-colombia-stateless\/2025\/08\/09bf3b82-gp0sttn10_medium-res-with-credit-line-1200px-510x340.jpg 510w, https:\/\/www.greenpeace.org\/static\/planet4-colombia-stateless\/2025\/08\/09bf3b82-gp0sttn10_medium-res-with-credit-line-1200px.jpg 1200w\" sizes=\"auto, (max-width: 1024px) 100vw, 1024px\" \/><\/figure>\n\n<p>Por este motivo, <strong>en 2022<\/strong>, 175 pa\u00edses votaron la adopci\u00f3n de un<strong> instrumento internacional jur\u00eddicamente vinculante <\/strong>cuyo objetivo es <strong>ocuparse del ciclo de vida del pl\u00e1stico<\/strong> (dise\u00f1o, producci\u00f3n y descarte). <strong>A este instrumento se lo llam\u00f3 el <a href=\"https:\/\/www.greenpeace.org.uk\/resources\/global-plastics-treaty-inc5-briefing\/\" target=\"_blank\" rel=\"noreferrer noopener\">Tratado Global de Pl\u00e1sticos<\/a><\/strong>, un documento que se consider\u00f3 el m\u00e1s importante desde el Acuerdo de Par\u00eds alcanzado en 2015. <\/p>\n\n<blockquote class=\"instagram-media\" data-instgrm-captioned data-instgrm-permalink=\"https:\/\/www.instagram.com\/reel\/DNEq9EGt-3q\/?utm_source=ig_embed&amp;utm_campaign=loading\" data-instgrm-version=\"14\" style=\" background:#FFF; border:0; border-radius:3px; box-shadow:0 0 1px 0 rgba(0,0,0,0.5),0 1px 10px 0 rgba(0,0,0,0.15); margin: 1px; max-width:540px; min-width:326px; padding:0; width:99.375%; width:-webkit-calc(100% - 2px); width:calc(100% - 2px);\"><div style=\"padding:16px;\"> <a href=\"https:\/\/www.instagram.com\/reel\/DNEq9EGt-3q\/?utm_source=ig_embed&amp;utm_campaign=loading\" style=\" background:#FFFFFF; line-height:0; padding:0 0; text-align:center; text-decoration:none; width:100%;\" target=\"_blank\"> <div style=\" display: flex; flex-direction: row; align-items: center;\"> <div style=\"background-color: #F4F4F4; border-radius: 50%; flex-grow: 0; height: 40px; margin-right: 14px; width: 40px;\"><\/div> <div style=\"display: flex; flex-direction: column; flex-grow: 1; justify-content: center;\"> <div style=\" background-color: #F4F4F4; border-radius: 4px; flex-grow: 0; height: 14px; margin-bottom: 6px; width: 100px;\"><\/div> <div style=\" background-color: #F4F4F4; border-radius: 4px; flex-grow: 0; height: 14px; width: 60px;\"><\/div><\/div><\/div><div style=\"padding: 19% 0;\"><\/div> <div style=\"display:block; height:50px; margin:0 auto 12px; width:50px;\"><svg width=\"50px\" height=\"50px\" viewBox=\"0 0 60 60\" version=\"1.1\" xmlns=\"https:\/\/www.w3.org\/2000\/svg\" xmlns:xlink=\"https:\/\/www.w3.org\/1999\/xlink\"><g stroke=\"none\" stroke-width=\"1\" fill=\"none\" fill-rule=\"evenodd\"><g transform=\"translate(-511.000000, -20.000000)\" fill=\"#000000\"><g><path d=\"M556.869,30.41 C554.814,30.41 553.148,32.076 553.148,34.131 C553.148,36.186 554.814,37.852 556.869,37.852 C558.924,37.852 560.59,36.186 560.59,34.131 C560.59,32.076 558.924,30.41 556.869,30.41 M541,60.657 C535.114,60.657 530.342,55.887 530.342,50 C530.342,44.114 535.114,39.342 541,39.342 C546.887,39.342 551.658,44.114 551.658,50 C551.658,55.887 546.887,60.657 541,60.657 M541,33.886 C532.1,33.886 524.886,41.1 524.886,50 C524.886,58.899 532.1,66.113 541,66.113 C549.9,66.113 557.115,58.899 557.115,50 C557.115,41.1 549.9,33.886 541,33.886 M565.378,62.101 C565.244,65.022 564.756,66.606 564.346,67.663 C563.803,69.06 563.154,70.057 562.106,71.106 C561.058,72.155 560.06,72.803 558.662,73.347 C557.607,73.757 556.021,74.244 553.102,74.378 C549.944,74.521 548.997,74.552 541,74.552 C533.003,74.552 532.056,74.521 528.898,74.378 C525.979,74.244 524.393,73.757 523.338,73.347 C521.94,72.803 520.942,72.155 519.894,71.106 C518.846,70.057 518.197,69.06 517.654,67.663 C517.244,66.606 516.755,65.022 516.623,62.101 C516.479,58.943 516.448,57.996 516.448,50 C516.448,42.003 516.479,41.056 516.623,37.899 C516.755,34.978 517.244,33.391 517.654,32.338 C518.197,30.938 518.846,29.942 519.894,28.894 C520.942,27.846 521.94,27.196 523.338,26.654 C524.393,26.244 525.979,25.756 528.898,25.623 C532.057,25.479 533.004,25.448 541,25.448 C548.997,25.448 549.943,25.479 553.102,25.623 C556.021,25.756 557.607,26.244 558.662,26.654 C560.06,27.196 561.058,27.846 562.106,28.894 C563.154,29.942 563.803,30.938 564.346,32.338 C564.756,33.391 565.244,34.978 565.378,37.899 C565.522,41.056 565.552,42.003 565.552,50 C565.552,57.996 565.522,58.943 565.378,62.101 M570.82,37.631 C570.674,34.438 570.167,32.258 569.425,30.349 C568.659,28.377 567.633,26.702 565.965,25.035 C564.297,23.368 562.623,22.342 560.652,21.575 C558.743,20.834 556.562,20.326 553.369,20.18 C550.169,20.033 549.148,20 541,20 C532.853,20 531.831,20.033 528.631,20.18 C525.438,20.326 523.257,20.834 521.349,21.575 C519.376,22.342 517.703,23.368 516.035,25.035 C514.368,26.702 513.342,28.377 512.574,30.349 C511.834,32.258 511.326,34.438 511.181,37.631 C511.035,40.831 511,41.851 511,50 C511,58.147 511.035,59.17 511.181,62.369 C511.326,65.562 511.834,67.743 512.574,69.651 C513.342,71.625 514.368,73.296 516.035,74.965 C517.703,76.634 519.376,77.658 521.349,78.425 C523.257,79.167 525.438,79.673 528.631,79.82 C531.831,79.965 532.853,80.001 541,80.001 C549.148,80.001 550.169,79.965 553.369,79.82 C556.562,79.673 558.743,79.167 560.652,78.425 C562.623,77.658 564.297,76.634 565.965,74.965 C567.633,73.296 568.659,71.625 569.425,69.651 C570.167,67.743 570.674,65.562 570.82,62.369 C570.966,59.17 571,58.147 571,50 C571,41.851 570.966,40.831 570.82,37.631\"><\/path><\/g><\/g><\/g><\/svg><\/div><div style=\"padding-top: 8px;\"> <div style=\" color:#3897f0; font-family:Arial,sans-serif; font-size:14px; font-style:normal; font-weight:550; line-height:18px;\">Ver esta publicaci\u00f3n en Instagram<\/div><\/div><div style=\"padding: 12.5% 0;\"><\/div> <div style=\"display: flex; flex-direction: row; margin-bottom: 14px; align-items: center;\"><div> <div style=\"background-color: #F4F4F4; border-radius: 50%; height: 12.5px; width: 12.5px; transform: translateX(0px) translateY(7px);\"><\/div> <div style=\"background-color: #F4F4F4; height: 12.5px; transform: rotate(-45deg) translateX(3px) translateY(1px); width: 12.5px; flex-grow: 0; margin-right: 14px; margin-left: 2px;\"><\/div> <div style=\"background-color: #F4F4F4; border-radius: 50%; height: 12.5px; width: 12.5px; transform: translateX(9px) translateY(-18px);\"><\/div><\/div><div style=\"margin-left: 8px;\"> <div style=\" background-color: #F4F4F4; border-radius: 50%; flex-grow: 0; height: 20px; width: 20px;\"><\/div> <div style=\" width: 0; height: 0; border-top: 2px solid transparent; border-left: 6px solid #f4f4f4; border-bottom: 2px solid transparent; transform: translateX(16px) translateY(-4px) rotate(30deg)\"><\/div><\/div><div style=\"margin-left: auto;\"> <div style=\" width: 0px; border-top: 8px solid #F4F4F4; border-right: 8px solid transparent; transform: translateY(16px);\"><\/div> <div style=\" background-color: #F4F4F4; flex-grow: 0; height: 12px; width: 16px; transform: translateY(-4px);\"><\/div> <div style=\" width: 0; height: 0; border-top: 8px solid #F4F4F4; border-left: 8px solid transparent; transform: translateY(-4px) translateX(8px);\"><\/div><\/div><\/div> <div style=\"display: flex; flex-direction: column; flex-grow: 1; justify-content: center; margin-bottom: 24px;\"> <div style=\" background-color: #F4F4F4; border-radius: 4px; flex-grow: 0; height: 14px; margin-bottom: 6px; width: 224px;\"><\/div> <div style=\" background-color: #F4F4F4; border-radius: 4px; flex-grow: 0; height: 14px; width: 144px;\"><\/div><\/div><\/a><p style=\" color:#c9c8cd; font-family:Arial,sans-serif; font-size:14px; line-height:17px; margin-bottom:0; margin-top:8px; overflow:hidden; padding:8px 0 7px; text-align:center; text-overflow:ellipsis; white-space:nowrap;\"><a href=\"https:\/\/www.instagram.com\/reel\/DNEq9EGt-3q\/?utm_source=ig_embed&amp;utm_campaign=loading\" style=\" color:#c9c8cd; font-family:Arial,sans-serif; font-size:14px; font-style:normal; font-weight:normal; line-height:17px; text-decoration:none;\" target=\"_blank\">Una publicaci\u00f3n compartida de Greenpeace Colombia (@greenpeacecolombia)<\/a><\/p><\/div><\/blockquote>\n<script async src=\"\/\/www.instagram.com\/embed.js\"><\/script>\n\n<p>Luego le siguieron 4 rondas de negociaciones en los que se discuti\u00f3 sobre los temas clave para un tratado ambicioso: reducci\u00f3n de la producci\u00f3n, regulaciones a los qu\u00edmicos que se utilizan entre sus componentes, dise\u00f1o del producto con enfoque reutilizaci\u00f3n, eliminaci\u00f3n de pl\u00e1sticos de un solo uso y reciclaje, la transici\u00f3n justa de los trabajadores de la industria, mecanismos financieros para apoyar al Tratado, etc. Sin embargo, los pa\u00edses a\u00fan no llegan a un <a href=\"https:\/\/www.greenpeace.org\/international\/press-release\/71619\/global-plastics-treaty-negotiations-fail-inc5\/\" target=\"_blank\" rel=\"noreferrer noopener\">consenso final <\/a>debido a m\u00faltiples intereses econ\u00f3micos y pol\u00edticos.<\/p>\n\n<p>A pesar de las idas y vueltas, el Tratado Mundial sobre los Pl\u00e1sticos sigue siendo<strong> una oportunidad \u00fanica para resolver la crisis de los pl\u00e1sticos<\/strong>.&nbsp;<\/p>\n\n<figure class=\"wp-block-image size-full\"><img loading=\"lazy\" decoding=\"async\" width=\"1200\" height=\"800\" src=\"https:\/\/www.greenpeace.org\/static\/planet4-colombia-stateless\/2025\/08\/1e62100f-gp0su6dt9_medium-res-with-credit-line-1200px.jpg\" alt=\"\" class=\"wp-image-16078\" srcset=\"https:\/\/www.greenpeace.org\/static\/planet4-colombia-stateless\/2025\/08\/1e62100f-gp0su6dt9_medium-res-with-credit-line-1200px.jpg 1200w, https:\/\/www.greenpeace.org\/static\/planet4-colombia-stateless\/2025\/08\/1e62100f-gp0su6dt9_medium-res-with-credit-line-1200px-300x200.jpg 300w, https:\/\/www.greenpeace.org\/static\/planet4-colombia-stateless\/2025\/08\/1e62100f-gp0su6dt9_medium-res-with-credit-line-1200px-1024x683.jpg 1024w, https:\/\/www.greenpeace.org\/static\/planet4-colombia-stateless\/2025\/08\/1e62100f-gp0su6dt9_medium-res-with-credit-line-1200px-768x512.jpg 768w, https:\/\/www.greenpeace.org\/static\/planet4-colombia-stateless\/2025\/08\/1e62100f-gp0su6dt9_medium-res-with-credit-line-1200px-510x340.jpg 510w\" sizes=\"auto, (max-width: 1200px) 100vw, 1200px\" \/><figcaption><div class=\"credit icon-left\"> \u00a9 Samuel Schalch \/ Greenpeace<\/div><\/figcaption><\/figure>\n\n<h2 class=\"wp-block-heading\"><strong>\u00bfPor qu\u00e9 es clave el Tratado Global de Pl\u00e1sticos?<\/strong><\/h2>\n\n<p>Desde mediados del siglo XX, el pl\u00e1stico se posicion\u00f3 como un s\u00edmbolo del progreso industrial. Su bajo costo, resistencia y versatilidad impulsaron su uso masivo. Pero este crecimiento no fue acompa\u00f1ado por marcos regulatorios que previnieran los impactos sociales y ambientales de su producci\u00f3n y uso indiscriminado.&nbsp;&nbsp;<\/p>\n\n<p>Continuar con una <strong>producci\u00f3n incontrolada<\/strong> de pl\u00e1sticos -como hasta ahora- tiene <strong>consecuencias graves<\/strong> que est\u00e1n a la vista de todos: <strong>aceleraci\u00f3n de la triple crisis planetaria<\/strong> \u2013<a href=\"https:\/\/www.greenpeace.org\/international\/story\/49502\/plastic-fossil-fuels-climate-change-philippines-united-states\/\">cambio clim\u00e1tico<\/a>, <a href=\"https:\/\/www.greenpeace.org\/international\/story\/48292\/potential-toxic-plastic-sri-lankas-oil-spill-xpresspearl\/\">contaminaci\u00f3n y p\u00e9rdida de biodiversidad<\/a>-, <a href=\"https:\/\/www.greenpeace.org\/international\/press-release\/21014\/new-report-finds-entire-lifecycle-of-plastics-a-threat-to-human-health\/\"><strong>amenazas a la salud humana <\/strong>a una escala inimaginable<\/a> y <a href=\"https:\/\/www.greenpeace.org\/international\/story\/52154\/africa-waste-colonialism-plastic-treaty\/\">exacerbaci\u00f3n de la desigualdad racial, de g\u00e9nero y econ\u00f3mica <\/a>en todo el planeta.<\/p>\n\n<p>En este sentido, la <strong>parte m\u00e1s importante <\/strong>del Tratado Global de Pl\u00e1sticos es la <strong>referida a la producci\u00f3n<\/strong>. En especial, cuando se estima que se triplicar\u00e1 para 2050, consumiendo 13% o m\u00e1s del presupuesto de carbono que le queda a la Tierra para mantener el calentamiento por debajo de 1,5 \u00b0C. Por este motivo, se busca que los pa\u00edses acuerden reducir, ante todo, la cantidad de pl\u00e1stico que se produce. La meta es ambiciosa y urgente: alcanzar un <strong>compromiso para recortar 75\u202f% en la producci\u00f3n de pl\u00e1sticos para 2040<\/strong>. De esta manera, <strong>se evitar\u00e1 sobrepasar los l\u00edmites clim\u00e1ticos cr\u00edticos<\/strong> al mismo tiempo que se dar\u00e1n se\u00f1ales claras para <strong>desbloquear inversiones para una econom\u00eda circular, alineado con la meta clim\u00e1tica de mantener la temperatura bajo los 1.5 grados cent\u00edgrados.<\/strong><\/p>\n\n<p>De cara a la ronda final, lobistas de la industria petroqu\u00edmica y algunos pa\u00edses productores con baja ambici\u00f3n, han bloqueado un acuerdo que incluya l\u00edmites a la producci\u00f3n de pl\u00e1stico, buscando centrarse \u00fanicamente en su consumo y manejo.<\/p>\n\n<p>Desde Greenpeace exigimos urgentemente que en estas negociaciones se acuerde una reducci\u00f3n de la producci\u00f3n mundial de pl\u00e1stico de al menos un 75 % para 2040 y elimine los pl\u00e1sticos de un solo uso y cree un mecanismo financiero fuerte basado en la jerarqu\u00eda de residuos. El \u00e9xito de las negociaciones depende de esto, el no abordar la producci\u00f3n e incluir finanzas para su implementaci\u00f3n dar\u00eda por resultado un tratado sin alcance real.<\/p>\n\n<h4 class=\"wp-block-heading\"><em>Este mes, el mundo enfrentar\u00e1 una oportunidad hist\u00f3rica para poner fin a la era del pl\u00e1stico con la \u00faltima ronda de negociaciones del Tratado Global. Colombia, como pa\u00eds megadiverso y uno de los impulsores del acuerdo, debe asumir un liderazgo firme.&nbsp;<\/em><\/h4>\n\n<p><\/p>\n","protected":false},"excerpt":{"rendered":"<p>Instancia clave para frenar la contaminaci\u00f3n por pl\u00e1sticos.<\/p>\n","protected":false},"author":53,"featured_media":16079,"comment_status":"closed","ping_status":"open","sticky":false,"template":"","format":"standard","meta":{"ep_exclude_from_search":false,"p4_og_title":"Tratado Global de Pl\u00e1sticos entra en su ronda final: oportunidad hist\u00f3rica para poner fin a la era de la contaminaci\u00f3n","p4_og_description":"Delegaciones de 170 gobiernos se re\u00fanen en Ginebra, Suiza, para tomar decisiones concretas que pongan fin a la crisis ecol\u00f3gica y de derechos humanos, derivada de la contaminaci\u00f3n por pl\u00e1sticos.","p4_og_image":"https:\/\/www.greenpeace.org\/static\/planet4-colombia-stateless\/2025\/08\/3fd7b821-gp0su6dun_medium-res-with-credit-line-1200px.jpg","p4_og_image_id":"16079","p4_seo_canonical_url":"","p4_campaign_name":"","p4_local_project":"","p4_basket_name":"","p4_department":"","footnotes":""},"categories":[17],"tags":[23],"p4-page-type":[14],"class_list":["post-16072","post","type-post","status-publish","format-standard","has-post-thumbnail","hentry","category-contaminacion","tag-plasticos","p4-page-type-blog"],"_links":{"self":[{"href":"https:\/\/www.greenpeace.org\/colombia\/wp-json\/wp\/v2\/posts\/16072","targetHints":{"allow":["GET"]}}],"collection":[{"href":"https:\/\/www.greenpeace.org\/colombia\/wp-json\/wp\/v2\/posts"}],"about":[{"href":"https:\/\/www.greenpeace.org\/colombia\/wp-json\/wp\/v2\/types\/post"}],"author":[{"embeddable":true,"href":"https:\/\/www.greenpeace.org\/colombia\/wp-json\/wp\/v2\/users\/53"}],"replies":[{"embeddable":true,"href":"https:\/\/www.greenpeace.org\/colombia\/wp-json\/wp\/v2\/comments?post=16072"}],"version-history":[{"count":7,"href":"https:\/\/www.greenpeace.org\/colombia\/wp-json\/wp\/v2\/posts\/16072\/revisions"}],"predecessor-version":[{"id":16113,"href":"https:\/\/www.greenpeace.org\/colombia\/wp-json\/wp\/v2\/posts\/16072\/revisions\/16113"}],"wp:featuredmedia":[{"embeddable":true,"href":"https:\/\/www.greenpeace.org\/colombia\/wp-json\/wp\/v2\/media\/16079"}],"wp:attachment":[{"href":"https:\/\/www.greenpeace.org\/colombia\/wp-json\/wp\/v2\/media?parent=16072"}],"wp:term":[{"taxonomy":"category","embeddable":true,"href":"https:\/\/www.greenpeace.org\/colombia\/wp-json\/wp\/v2\/categories?post=16072"},{"taxonomy":"post_tag","embeddable":true,"href":"https:\/\/www.greenpeace.org\/colombia\/wp-json\/wp\/v2\/tags?post=16072"},{"taxonomy":"p4-page-type","embeddable":true,"href":"https:\/\/www.greenpeace.org\/colombia\/wp-json\/wp\/v2\/p4-page-type?post=16072"}],"curies":[{"name":"wp","href":"https:\/\/api.w.org\/{rel}","templated":true}]}}