{"id":17249,"date":"2026-04-27T17:42:13","date_gmt":"2026-04-27T17:42:13","guid":{"rendered":"https:\/\/www.greenpeace.org\/colombia\/?p=17249"},"modified":"2026-04-27T17:42:16","modified_gmt":"2026-04-27T17:42:16","slug":"sol-y-viento-futuro-energetico-el-mensaje-de-greenpeace-en-santa-marta","status":"publish","type":"post","link":"https:\/\/www.greenpeace.org\/colombia\/noticia\/campanas\/climayenergia\/sol-y-viento-futuro-energetico-el-mensaje-de-greenpeace-en-santa-marta\/","title":{"rendered":"\u201cSol y viento: futuro energ\u00e9tico\u201d, el mensaje de Greenpeace en Santa Marta"},"content":{"rendered":"\n<figure class=\"wp-block-image aligncenter size-large\"><img loading=\"lazy\" decoding=\"async\" width=\"1024\" height=\"576\" src=\"https:\/\/www.greenpeace.org\/static\/planet4-colombia-stateless\/2026\/04\/b4eecfc7-santa-marta-transicion-energetica-credito-sergio-calderon-greenpeace-1-1024x576.jpg\" alt=\"\" class=\"wp-image-17251\" srcset=\"https:\/\/www.greenpeace.org\/static\/planet4-colombia-stateless\/2026\/04\/b4eecfc7-santa-marta-transicion-energetica-credito-sergio-calderon-greenpeace-1-1024x576.jpg 1024w, https:\/\/www.greenpeace.org\/static\/planet4-colombia-stateless\/2026\/04\/b4eecfc7-santa-marta-transicion-energetica-credito-sergio-calderon-greenpeace-1-300x169.jpg 300w, https:\/\/www.greenpeace.org\/static\/planet4-colombia-stateless\/2026\/04\/b4eecfc7-santa-marta-transicion-energetica-credito-sergio-calderon-greenpeace-1-768x432.jpg 768w, https:\/\/www.greenpeace.org\/static\/planet4-colombia-stateless\/2026\/04\/b4eecfc7-santa-marta-transicion-energetica-credito-sergio-calderon-greenpeace-1-1536x864.jpg 1536w, https:\/\/www.greenpeace.org\/static\/planet4-colombia-stateless\/2026\/04\/b4eecfc7-santa-marta-transicion-energetica-credito-sergio-calderon-greenpeace-1-2048x1152.jpg 2048w, https:\/\/www.greenpeace.org\/static\/planet4-colombia-stateless\/2026\/04\/b4eecfc7-santa-marta-transicion-energetica-credito-sergio-calderon-greenpeace-1-510x287.jpg 510w\" sizes=\"auto, (max-width: 1024px) 100vw, 1024px\" \/><figcaption class=\"wp-element-caption\">Cr\u00e9dito: Sergio Calder\u00f3n \/ Greenpeace<\/figcaption><\/figure>\n\n<h4 class=\"wp-block-heading\"><strong><strong>La organizaci\u00f3n ambientalista realiz\u00f3 intervenci\u00f3n en playas de Santa Marta en el marco de conferencia sobre transici\u00f3n energ\u00e9tica<\/strong><\/strong><\/h4>\n\n<p>Santa Marta, Colombia, 27 de abril de 2026- En el marco de la <strong>Primera Conferencia Internacional para la Transici\u00f3n m\u00e1s all\u00e1 de los combustibles f\u00f3siles<\/strong>, Greenpeace Colombia realiz\u00f3 una intervenci\u00f3n en las playas de Santa Marta con el mensaje <strong>\u201cSol y viento: futuro energ\u00e9tico\u201d<\/strong>, escrito sobre la arena frente al mar Caribe.<\/p>\n\n<p>La acci\u00f3n acompa\u00f1a el llamado global de Greenpeace a acelerar la salida de los combustibles f\u00f3siles en un contexto internacional marcado por la volatilidad energ\u00e9tica, y pone el foco en una idea clave: <strong>la transici\u00f3n energ\u00e9tica debe construirse con, por y para las personas<\/strong>.<\/p>\n\n<p>El mensaje busca visibilizar que Colombia y Am\u00e9rica Latina cuentan con un enorme potencial en energ\u00edas renovables como el sol y el viento, pero que el verdadero desaf\u00edo es garantizar que este cambio se traduzca en <strong>bienestar, acceso equitativo a la energ\u00eda y justicia social para las comunidades, adem\u00e1s de protecci\u00f3n a ecosistemas clave<\/strong>.<\/p>\n\n<figure class=\"wp-block-image aligncenter size-large\"><img loading=\"lazy\" decoding=\"async\" width=\"1024\" height=\"576\" src=\"https:\/\/www.greenpeace.org\/static\/planet4-colombia-stateless\/2026\/04\/8a959af1-santa-marta-transicion-energetica-credito-sergio-calderon-greenpeace-3-1024x576.jpg\" alt=\"\" class=\"wp-image-17252\" srcset=\"https:\/\/www.greenpeace.org\/static\/planet4-colombia-stateless\/2026\/04\/8a959af1-santa-marta-transicion-energetica-credito-sergio-calderon-greenpeace-3-1024x576.jpg 1024w, https:\/\/www.greenpeace.org\/static\/planet4-colombia-stateless\/2026\/04\/8a959af1-santa-marta-transicion-energetica-credito-sergio-calderon-greenpeace-3-300x169.jpg 300w, https:\/\/www.greenpeace.org\/static\/planet4-colombia-stateless\/2026\/04\/8a959af1-santa-marta-transicion-energetica-credito-sergio-calderon-greenpeace-3-768x432.jpg 768w, https:\/\/www.greenpeace.org\/static\/planet4-colombia-stateless\/2026\/04\/8a959af1-santa-marta-transicion-energetica-credito-sergio-calderon-greenpeace-3-1536x864.jpg 1536w, https:\/\/www.greenpeace.org\/static\/planet4-colombia-stateless\/2026\/04\/8a959af1-santa-marta-transicion-energetica-credito-sergio-calderon-greenpeace-3-2048x1152.jpg 2048w, https:\/\/www.greenpeace.org\/static\/planet4-colombia-stateless\/2026\/04\/8a959af1-santa-marta-transicion-energetica-credito-sergio-calderon-greenpeace-3-510x287.jpg 510w\" sizes=\"auto, (max-width: 1024px) 100vw, 1024px\" \/><figcaption class=\"wp-element-caption\">Cr\u00e9dito:Sergio Calder\u00f3n \/ Greenpeace<\/figcaption><\/figure>\n\n<p>\u201c<strong>Colombia tiene todo para liderar una transici\u00f3n energ\u00e9tica basada en el sol y el viento. <\/strong>Ese potencial es una oportunidad concreta para avanzar hacia un modelo m\u00e1s justo, con participaci\u00f3n de las comunidades y beneficios reales para la gente. Pero para que eso sea posible, necesitamos que se desbloquee el financiamiento global que permita implementar una hoja de ruta nacional. <strong>En un contexto de crisis e inestabilidad global, adem\u00e1s, diversificar nuestra matriz energ\u00e9tica no solo es una necesidad clim\u00e1tica<\/strong>: es clave para fortalecer la resiliencia econ\u00f3mica del pa\u00eds y reducir la dependencia de los combustibles f\u00f3siles\u201d, asegur\u00f3 Laura Caicedo Valencia, coordinadora de campa\u00f1as de Greenpeace Colombia.\u00a0<\/p>\n\n<p>La <strong>intervenci\u00f3n se realiza mientras m\u00e1s de 50 gobiernos se re\u00fanen en Santa Marta para debatir c\u00f3mo avanzar en la transici\u00f3n fuera de los combustibles f\u00f3siles a nivel nacional y global.<\/strong> En este contexto, Greenpeace subraya que este proceso debe:<\/p>\n\n<ul class=\"wp-block-list\">\n<li>Garantizar acceso a energ\u00eda limpia, asequible y segura para todas las personas.<\/li>\n\n\n\n<li>Incluir la participaci\u00f3n real de comunidades locales, pueblos ind\u00edgenas, afrodescendientes y juventudes.<\/li>\n\n\n\n<li>Evitar la reproducci\u00f3n de modelos extractivistas.<\/li>\n\n\n\n<li>Asegurar financiamiento justo para los pa\u00edses del Sur Global.<\/li>\n\n\n\n<li>Garantizar la toma de decisiones basado en datos cient\u00edficos.\u00a0\u00a0<\/li>\n\n\n\n<li>Proteger ecosistemas clave y evitar su destrucci\u00f3n.<\/li>\n<\/ul>\n\n<figure class=\"wp-block-image aligncenter size-large\"><img loading=\"lazy\" decoding=\"async\" width=\"1024\" height=\"576\" src=\"https:\/\/www.greenpeace.org\/static\/planet4-colombia-stateless\/2026\/04\/cef0c8b3-santa-marta-transicion-energetica-credito-sergio-calderon-greenpeace-2-1024x576.jpg\" alt=\"\" class=\"wp-image-17250\" srcset=\"https:\/\/www.greenpeace.org\/static\/planet4-colombia-stateless\/2026\/04\/cef0c8b3-santa-marta-transicion-energetica-credito-sergio-calderon-greenpeace-2-1024x576.jpg 1024w, https:\/\/www.greenpeace.org\/static\/planet4-colombia-stateless\/2026\/04\/cef0c8b3-santa-marta-transicion-energetica-credito-sergio-calderon-greenpeace-2-300x169.jpg 300w, https:\/\/www.greenpeace.org\/static\/planet4-colombia-stateless\/2026\/04\/cef0c8b3-santa-marta-transicion-energetica-credito-sergio-calderon-greenpeace-2-768x432.jpg 768w, https:\/\/www.greenpeace.org\/static\/planet4-colombia-stateless\/2026\/04\/cef0c8b3-santa-marta-transicion-energetica-credito-sergio-calderon-greenpeace-2-1536x864.jpg 1536w, https:\/\/www.greenpeace.org\/static\/planet4-colombia-stateless\/2026\/04\/cef0c8b3-santa-marta-transicion-energetica-credito-sergio-calderon-greenpeace-2-2048x1152.jpg 2048w, https:\/\/www.greenpeace.org\/static\/planet4-colombia-stateless\/2026\/04\/cef0c8b3-santa-marta-transicion-energetica-credito-sergio-calderon-greenpeace-2-510x287.jpg 510w\" sizes=\"auto, (max-width: 1024px) 100vw, 1024px\" \/><figcaption class=\"wp-element-caption\">Cr\u00e9dito: Sergio Calder\u00f3n \/ Greenpeace<\/figcaption><\/figure>\n\n<p class=\"has-grey-200-background-color has-background\">Desde Santa Marta, Greenpeace Colombia refuerza que la transici\u00f3n energ\u00e9tica no puede limitarse a un cambio de matriz: <strong>debe ser una proceso planificado que mejore la vida de las personas y proteja los territorios<\/strong>.<strong><br><\/strong><\/p>\n","protected":false},"excerpt":{"rendered":"<p>Greenpeace realiz\u00f3 una intervenci\u00f3n en playas de Santa Marta en el marco de conferencia sobre transici\u00f3n energ\u00e9tica<\/p>\n","protected":false},"author":23,"featured_media":17250,"comment_status":"closed","ping_status":"open","sticky":false,"template":"","format":"standard","meta":{"ep_exclude_from_search":false,"p4_og_title":"\u201cSol y viento: futuro energ\u00e9tico\u201d, el mensaje de Greenpeace en Santa Marta","p4_og_description":"Greenpeace realiz\u00f3 una intervenci\u00f3n en playas de Santa Marta en el marco de conferencia sobre transici\u00f3n energ\u00e9tica","p4_og_image":"https:\/\/www.greenpeace.org\/static\/planet4-colombia-stateless\/2026\/04\/b4eecfc7-santa-marta-transicion-energetica-credito-sergio-calderon-greenpeace-1-scaled.jpg","p4_og_image_id":"17251","p4_seo_canonical_url":"","p4_campaign_name":"","p4_local_project":"","p4_basket_name":"","p4_department":"","footnotes":""},"categories":[3],"tags":[],"p4-page-type":[16],"class_list":["post-17249","post","type-post","status-publish","format-standard","has-post-thumbnail","hentry","category-climayenergia","p4-page-type-noticia"],"_links":{"self":[{"href":"https:\/\/www.greenpeace.org\/colombia\/wp-json\/wp\/v2\/posts\/17249","targetHints":{"allow":["GET"]}}],"collection":[{"href":"https:\/\/www.greenpeace.org\/colombia\/wp-json\/wp\/v2\/posts"}],"about":[{"href":"https:\/\/www.greenpeace.org\/colombia\/wp-json\/wp\/v2\/types\/post"}],"author":[{"embeddable":true,"href":"https:\/\/www.greenpeace.org\/colombia\/wp-json\/wp\/v2\/users\/23"}],"replies":[{"embeddable":true,"href":"https:\/\/www.greenpeace.org\/colombia\/wp-json\/wp\/v2\/comments?post=17249"}],"version-history":[{"count":2,"href":"https:\/\/www.greenpeace.org\/colombia\/wp-json\/wp\/v2\/posts\/17249\/revisions"}],"predecessor-version":[{"id":17254,"href":"https:\/\/www.greenpeace.org\/colombia\/wp-json\/wp\/v2\/posts\/17249\/revisions\/17254"}],"wp:featuredmedia":[{"embeddable":true,"href":"https:\/\/www.greenpeace.org\/colombia\/wp-json\/wp\/v2\/media\/17250"}],"wp:attachment":[{"href":"https:\/\/www.greenpeace.org\/colombia\/wp-json\/wp\/v2\/media?parent=17249"}],"wp:term":[{"taxonomy":"category","embeddable":true,"href":"https:\/\/www.greenpeace.org\/colombia\/wp-json\/wp\/v2\/categories?post=17249"},{"taxonomy":"post_tag","embeddable":true,"href":"https:\/\/www.greenpeace.org\/colombia\/wp-json\/wp\/v2\/tags?post=17249"},{"taxonomy":"p4-page-type","embeddable":true,"href":"https:\/\/www.greenpeace.org\/colombia\/wp-json\/wp\/v2\/p4-page-type?post=17249"}],"curies":[{"name":"wp","href":"https:\/\/api.w.org\/{rel}","templated":true}]}}