{"id":17255,"date":"2026-04-29T19:03:09","date_gmt":"2026-04-29T19:03:09","guid":{"rendered":"https:\/\/www.greenpeace.org\/colombia\/?p=17255"},"modified":"2026-04-29T19:36:37","modified_gmt":"2026-04-29T19:36:37","slug":"transicion-energetica-la-conferencia-en-santa-marta-me-recordo-por-que-hacemos-esto","status":"publish","type":"post","link":"https:\/\/www.greenpeace.org\/colombia\/blog\/campanas\/climayenergia\/transicion-energetica-la-conferencia-en-santa-marta-me-recordo-por-que-hacemos-esto\/","title":{"rendered":"Transici\u00f3n energ\u00e9tica: \u201cLa conferencia en Santa Marta me record\u00f3 por qu\u00e9 hacemos esto&#8221;"},"content":{"rendered":"\n<figure class=\"wp-block-image aligncenter size-large\"><img loading=\"lazy\" decoding=\"async\" width=\"1024\" height=\"576\" src=\"https:\/\/www.greenpeace.org\/static\/planet4-colombia-stateless\/2026\/04\/b4eecfc7-santa-marta-transicion-energetica-credito-sergio-calderon-greenpeace-1-1024x576.jpg\" alt=\"\" class=\"wp-image-17251\" srcset=\"https:\/\/www.greenpeace.org\/static\/planet4-colombia-stateless\/2026\/04\/b4eecfc7-santa-marta-transicion-energetica-credito-sergio-calderon-greenpeace-1-1024x576.jpg 1024w, https:\/\/www.greenpeace.org\/static\/planet4-colombia-stateless\/2026\/04\/b4eecfc7-santa-marta-transicion-energetica-credito-sergio-calderon-greenpeace-1-300x169.jpg 300w, https:\/\/www.greenpeace.org\/static\/planet4-colombia-stateless\/2026\/04\/b4eecfc7-santa-marta-transicion-energetica-credito-sergio-calderon-greenpeace-1-768x432.jpg 768w, https:\/\/www.greenpeace.org\/static\/planet4-colombia-stateless\/2026\/04\/b4eecfc7-santa-marta-transicion-energetica-credito-sergio-calderon-greenpeace-1-1536x864.jpg 1536w, https:\/\/www.greenpeace.org\/static\/planet4-colombia-stateless\/2026\/04\/b4eecfc7-santa-marta-transicion-energetica-credito-sergio-calderon-greenpeace-1-2048x1152.jpg 2048w, https:\/\/www.greenpeace.org\/static\/planet4-colombia-stateless\/2026\/04\/b4eecfc7-santa-marta-transicion-energetica-credito-sergio-calderon-greenpeace-1-510x287.jpg 510w\" sizes=\"auto, (max-width: 1024px) 100vw, 1024px\" \/><figcaption class=\"wp-element-caption\">Activistas de Greenpeace Colombia despliegan una gran pancarta en la playa de Santa Marta, Colombia, con el lema \u00abSol y viento: El futuro energ\u00e9tico\u00bb, durante la Primera Conferencia sobre la Transici\u00f3n hacia fuentes de energ\u00eda renovables, organizada por los gobiernos de Colombia y los Pa\u00edses Bajos. \u00a9 Sergio Calder\u00f3n Cort\u00e9s \/ Greenpeace.<br><\/figcaption><\/figure>\n\n<p><em><strong>Por Laura Caicedo, coordinadora de campa\u00f1as de Greenpeace Colombia.&nbsp;<\/strong><\/em><\/p>\n\n<p>Estoy escribiendo esto con los pies todav\u00eda llenos de arena de Santa Marta y el coraz\u00f3n m\u00e1s lleno que cuando llegu\u00e9 porque venir a la costa siempre me llena de motivaci\u00f3n<strong>. Esta semana particip\u00e9 en la primera conferencia internacional para transicionar fuera de los combustibles f\u00f3siles.&nbsp;<\/strong><\/p>\n\n<figure class=\"wp-block-image size-large\"><img loading=\"lazy\" decoding=\"async\" width=\"1024\" height=\"683\" src=\"https:\/\/www.greenpeace.org\/static\/planet4-colombia-stateless\/2026\/04\/efe8cff5-santa-marta-transicion-energetica-credito-camilo-noriega-greenpeace-4-1024x683.jpg\" alt=\"\" class=\"wp-image-17256\" srcset=\"https:\/\/www.greenpeace.org\/static\/planet4-colombia-stateless\/2026\/04\/efe8cff5-santa-marta-transicion-energetica-credito-camilo-noriega-greenpeace-4-1024x683.jpg 1024w, https:\/\/www.greenpeace.org\/static\/planet4-colombia-stateless\/2026\/04\/efe8cff5-santa-marta-transicion-energetica-credito-camilo-noriega-greenpeace-4-300x200.jpg 300w, https:\/\/www.greenpeace.org\/static\/planet4-colombia-stateless\/2026\/04\/efe8cff5-santa-marta-transicion-energetica-credito-camilo-noriega-greenpeace-4-768x512.jpg 768w, https:\/\/www.greenpeace.org\/static\/planet4-colombia-stateless\/2026\/04\/efe8cff5-santa-marta-transicion-energetica-credito-camilo-noriega-greenpeace-4-1536x1024.jpg 1536w, https:\/\/www.greenpeace.org\/static\/planet4-colombia-stateless\/2026\/04\/efe8cff5-santa-marta-transicion-energetica-credito-camilo-noriega-greenpeace-4-2048x1366.jpg 2048w, https:\/\/www.greenpeace.org\/static\/planet4-colombia-stateless\/2026\/04\/efe8cff5-santa-marta-transicion-energetica-credito-camilo-noriega-greenpeace-4-510x340.jpg 510w\" sizes=\"auto, (max-width: 1024px) 100vw, 1024px\" \/><figcaption class=\"wp-element-caption\">Laura Caicedo, coordinadora de campa\u00f1as de Greenpeace Colombia en la playa.<br> \u00a9 Camilo Noriega \/ Greenpeace<\/figcaption><\/figure>\n\n<p>Un espacio que esper\u00e1bamos no fuera un foro de declaraciones sino una conversaci\u00f3n sobre c\u00f3mo hacerla posible, con la participaci\u00f3n de m\u00e1s de 50 pa\u00edses del mundo, en una conversaci\u00f3n que reuni\u00f3 <strong>comunidades locales, organizaciones de la sociedad civil, pueblos ind\u00edgenas, campesinos, afrodescendientes, acad\u00e9micos, centros de pensamiento <\/strong>(Think Tanks), instituciones intergubernamentales, y muchos actores m\u00e1s para hablar de algo tan central como<strong> la energ\u00eda.<\/strong><\/p>\n\n<h3 class=\"wp-block-heading\"><strong>Una ciudad que lo dice todo:<\/strong><\/h3>\n\n<figure class=\"wp-block-image size-large\"><img loading=\"lazy\" decoding=\"async\" width=\"1024\" height=\"683\" src=\"https:\/\/www.greenpeace.org\/static\/planet4-colombia-stateless\/2026\/04\/8310f116-santa-marta-transicion-energetica-credito-camilo-noriega-greenpeace-1-1024x683.jpg\" alt=\"\" class=\"wp-image-17259\" srcset=\"https:\/\/www.greenpeace.org\/static\/planet4-colombia-stateless\/2026\/04\/8310f116-santa-marta-transicion-energetica-credito-camilo-noriega-greenpeace-1-1024x683.jpg 1024w, https:\/\/www.greenpeace.org\/static\/planet4-colombia-stateless\/2026\/04\/8310f116-santa-marta-transicion-energetica-credito-camilo-noriega-greenpeace-1-300x200.jpg 300w, https:\/\/www.greenpeace.org\/static\/planet4-colombia-stateless\/2026\/04\/8310f116-santa-marta-transicion-energetica-credito-camilo-noriega-greenpeace-1-768x512.jpg 768w, https:\/\/www.greenpeace.org\/static\/planet4-colombia-stateless\/2026\/04\/8310f116-santa-marta-transicion-energetica-credito-camilo-noriega-greenpeace-1-1536x1024.jpg 1536w, https:\/\/www.greenpeace.org\/static\/planet4-colombia-stateless\/2026\/04\/8310f116-santa-marta-transicion-energetica-credito-camilo-noriega-greenpeace-1-2048x1366.jpg 2048w, https:\/\/www.greenpeace.org\/static\/planet4-colombia-stateless\/2026\/04\/8310f116-santa-marta-transicion-energetica-credito-camilo-noriega-greenpeace-1-510x340.jpg 510w\" sizes=\"auto, (max-width: 1024px) 100vw, 1024px\" \/><figcaption class=\"wp-element-caption\">\u00a9 Camilo Noriega \/ Greenpeace<\/figcaption><\/figure>\n\n<p>Santa Marta no es un escenario neutro, sino una ciudad caribe\u00f1a custodiada por la Sierra Nevada, el macizo litoral m\u00e1s grande del planeta y de donde nacen las cuencas de agua que abastecen a toda la regi\u00f3n y viven pueblos ind\u00edgenas que la conocen y protegen. <strong>Pero tambi\u00e9n es una ciudad golpeada por la crisis clim\u00e1tica, recordemos que hace poco, un mar de leva trajo toneladas de pl\u00e1stico a sus playas<\/strong>, afectando especies y arrebat\u00e1ndole el sustento a las personas que dependen del mar. Recordando que <strong>el pl\u00e1stico tambi\u00e9n ha sido un gran impacto que han dejado los f\u00f3siles.<\/strong><\/p>\n\n<figure class=\"wp-block-image size-large\"><img loading=\"lazy\" decoding=\"async\" width=\"1024\" height=\"683\" src=\"https:\/\/www.greenpeace.org\/static\/planet4-colombia-stateless\/2026\/04\/36e54db5-santa-marta-transicion-energetica-credito-camilo-noriega-greenpeace-13-1024x683.jpg\" alt=\"\" class=\"wp-image-17258\" srcset=\"https:\/\/www.greenpeace.org\/static\/planet4-colombia-stateless\/2026\/04\/36e54db5-santa-marta-transicion-energetica-credito-camilo-noriega-greenpeace-13-1024x683.jpg 1024w, https:\/\/www.greenpeace.org\/static\/planet4-colombia-stateless\/2026\/04\/36e54db5-santa-marta-transicion-energetica-credito-camilo-noriega-greenpeace-13-300x200.jpg 300w, https:\/\/www.greenpeace.org\/static\/planet4-colombia-stateless\/2026\/04\/36e54db5-santa-marta-transicion-energetica-credito-camilo-noriega-greenpeace-13-768x512.jpg 768w, https:\/\/www.greenpeace.org\/static\/planet4-colombia-stateless\/2026\/04\/36e54db5-santa-marta-transicion-energetica-credito-camilo-noriega-greenpeace-13-1536x1024.jpg 1536w, https:\/\/www.greenpeace.org\/static\/planet4-colombia-stateless\/2026\/04\/36e54db5-santa-marta-transicion-energetica-credito-camilo-noriega-greenpeace-13-2048x1366.jpg 2048w, https:\/\/www.greenpeace.org\/static\/planet4-colombia-stateless\/2026\/04\/36e54db5-santa-marta-transicion-energetica-credito-camilo-noriega-greenpeace-13-510x340.jpg 510w\" sizes=\"auto, (max-width: 1024px) 100vw, 1024px\" \/><figcaption class=\"wp-element-caption\">\u00a9 Camilo Noriega \/ Greenpeace<\/figcaption><\/figure>\n\n<p>Hablar de t<strong>ransici\u00f3n energ\u00e9tica <\/strong>aqu\u00ed, en una<strong> regi\u00f3n con una de las radiaciones solares m\u00e1s altas de Colombia<\/strong> y viento que no para, hace la pregunta inevitable \u00bfqu\u00e9 estamos esperando y qui\u00e9n se est\u00e1 beneficiando de que esperemos la transici\u00f3n?<\/p>\n\n<p>Por eso fuimos a la playa y escribimos en la arena:<\/p>\n\n<p class=\"has-text-align-center\"><strong>SOL Y VIENTO: FUTURO ENERG\u00c9TICO<\/strong><\/p>\n\n<figure class=\"wp-block-image size-large\"><img loading=\"lazy\" decoding=\"async\" width=\"1024\" height=\"576\" src=\"https:\/\/www.greenpeace.org\/static\/planet4-colombia-stateless\/2026\/04\/cef0c8b3-santa-marta-transicion-energetica-credito-sergio-calderon-greenpeace-2-1024x576.jpg\" alt=\"\" class=\"wp-image-17250\" srcset=\"https:\/\/www.greenpeace.org\/static\/planet4-colombia-stateless\/2026\/04\/cef0c8b3-santa-marta-transicion-energetica-credito-sergio-calderon-greenpeace-2-1024x576.jpg 1024w, https:\/\/www.greenpeace.org\/static\/planet4-colombia-stateless\/2026\/04\/cef0c8b3-santa-marta-transicion-energetica-credito-sergio-calderon-greenpeace-2-300x169.jpg 300w, https:\/\/www.greenpeace.org\/static\/planet4-colombia-stateless\/2026\/04\/cef0c8b3-santa-marta-transicion-energetica-credito-sergio-calderon-greenpeace-2-768x432.jpg 768w, https:\/\/www.greenpeace.org\/static\/planet4-colombia-stateless\/2026\/04\/cef0c8b3-santa-marta-transicion-energetica-credito-sergio-calderon-greenpeace-2-1536x864.jpg 1536w, https:\/\/www.greenpeace.org\/static\/planet4-colombia-stateless\/2026\/04\/cef0c8b3-santa-marta-transicion-energetica-credito-sergio-calderon-greenpeace-2-2048x1152.jpg 2048w, https:\/\/www.greenpeace.org\/static\/planet4-colombia-stateless\/2026\/04\/cef0c8b3-santa-marta-transicion-energetica-credito-sergio-calderon-greenpeace-2-510x287.jpg 510w\" sizes=\"auto, (max-width: 1024px) 100vw, 1024px\" \/><figcaption class=\"wp-element-caption\">\u00a9 Sergio Calder\u00f3n Cort\u00e9s \/ Greenpeace.<\/figcaption><\/figure>\n\n<h3 class=\"wp-block-heading\"><strong>Lo que construimos juntos:<\/strong><\/h3>\n\n<p>Durante dos d\u00edas trabaj\u00e9 junto a organizaciones de sociedad civil, pueblos ind\u00edgenas, academia e instituciones de toda Am\u00e9rica Latina, en el 5to retiro de Organizaciones de Sociedad Civil de LATAM, construyendo una definici\u00f3n conjunta de lo que deben contener las hojas de ruta&nbsp; para detener la deforestaci\u00f3n y para transicionar afuera de los combustibles f\u00f3siles de nuestros pa\u00edses. <strong>Llegamos a acuerdos concretos sobre participaci\u00f3n ciudadana, financiamiento, trazabilidad de productos y gobernanza de nuestros bosques para que valga m\u00e1s el bosque en pie que destruido y que la transici\u00f3n sea con, por y para las personas.<\/strong><\/p>\n\n<p>No fue f\u00e1cil. La <strong>deforestaci\u00f3n<\/strong> y los problemas energ\u00e9ticos no se experimentan de la misma manera en todo el mundo. En el caso de la deforestaci\u00f3n, <strong>Latinoam\u00e9rica produce gran parte de lo que el mundo consume, como carne, soja, madera, minerales, entre otros productos b\u00e1sicos<\/strong>; sin embargo, hoy en d\u00eda, debido a la<strong> falta de regulaci\u00f3n, informaci\u00f3n y trazabilidad<\/strong>, esta producci\u00f3n destruye ecosistemas vitales para la vida, pone en peligro nuestro agua y especies \u00fanicas, y genera <strong>toneladas de<a href=\"https:\/\/www.nature.com\/articles\/s41558-021-01026-5\" target=\"_blank\" rel=\"noreferrer noopener\"> emisiones de gases de efecto invernadero<\/a>.<\/strong> Escuchar esto directamente de las voces de quienes lo viven en sus propios territorios le da mayor peso y un rostro humano que cualquier estad\u00edstica. <\/p>\n\n<figure class=\"wp-block-image size-large\"><img loading=\"lazy\" decoding=\"async\" width=\"1024\" height=\"683\" src=\"https:\/\/www.greenpeace.org\/static\/planet4-colombia-stateless\/2026\/04\/a89ac75a-santa-marta-transicion-energetica-credito-camilo-noriega-greenpeace-9-1024x683.jpg\" alt=\"\" class=\"wp-image-17257\" srcset=\"https:\/\/www.greenpeace.org\/static\/planet4-colombia-stateless\/2026\/04\/a89ac75a-santa-marta-transicion-energetica-credito-camilo-noriega-greenpeace-9-1024x683.jpg 1024w, https:\/\/www.greenpeace.org\/static\/planet4-colombia-stateless\/2026\/04\/a89ac75a-santa-marta-transicion-energetica-credito-camilo-noriega-greenpeace-9-300x200.jpg 300w, https:\/\/www.greenpeace.org\/static\/planet4-colombia-stateless\/2026\/04\/a89ac75a-santa-marta-transicion-energetica-credito-camilo-noriega-greenpeace-9-768x512.jpg 768w, https:\/\/www.greenpeace.org\/static\/planet4-colombia-stateless\/2026\/04\/a89ac75a-santa-marta-transicion-energetica-credito-camilo-noriega-greenpeace-9-1536x1024.jpg 1536w, https:\/\/www.greenpeace.org\/static\/planet4-colombia-stateless\/2026\/04\/a89ac75a-santa-marta-transicion-energetica-credito-camilo-noriega-greenpeace-9-2048x1366.jpg 2048w, https:\/\/www.greenpeace.org\/static\/planet4-colombia-stateless\/2026\/04\/a89ac75a-santa-marta-transicion-energetica-credito-camilo-noriega-greenpeace-9-510x340.jpg 510w\" sizes=\"auto, (max-width: 1024px) 100vw, 1024px\" \/><figcaption class=\"wp-element-caption\">\u00a9 Camilo Noriega \/ Greenpeace<\/figcaption><\/figure>\n\n<p>Lo que pusimos sobre la mesa desde Greenpeace fue simple, que <strong>las comunidades no pueden seguir siendo las \u00faltimas en enterarse de las decisiones que afectan sus territorios.<\/strong><\/p>\n\n<h3 class=\"wp-block-heading\"><strong>Lo que me qued\u00f3:<\/strong><\/h3>\n\n<p>Lo m\u00e1s importante no ocurri\u00f3 en las salas de trabajo. <strong>Ocurri\u00f3 en las calles, hablando con taxistas, estudiantes, vendedores.<\/strong> Cuando les preguntamos <strong>si les gustar\u00eda que la energ\u00eda de su casa viniera del sol que les cae encima todo el a\u00f1o, que fuera m\u00e1s accesible y econ\u00f3mica y la respuesta era siempre la misma: Claro. <\/strong>\u00bfQu\u00e9 se necesita para que pase? \u00bfC\u00f3mo nos afecta?<\/p>\n\n<p>Esas preguntas son las que desde Greenpeace llevamos a cada espacio de decisi\u00f3n, representando a miles de personas que no pudieron estar aqu\u00ed pero que tienen todo el derecho de que alguien lo diga. <strong>Quedan cuatro a\u00f1os para llegar a 2030 y lograr las<a href=\"https:\/\/unfccc.int\/cop28\/5-key-takeaways\" target=\"_blank\" rel=\"noreferrer noopener\"> metas de deforestaci\u00f3n cero y reducci\u00f3n de emisiones<\/a> a partir de la transici\u00f3n energ\u00e9tica justa.<\/strong> Cuatro a\u00f1os para que los gobiernos conviertan intenciones en hojas de ruta reales, con metas claras y participaci\u00f3n genuina. No es mucho tiempo.<\/p>\n\n<p>Nos vamos con m\u00e1s claridad que cuando llegamos, y con la misma convicci\u00f3n de siempre: esta conversaci\u00f3n no puede seguir siendo solo de expertos.<\/p>\n\n<h4 class=\"wp-block-heading has-text-align-center has-gp-green-200-background-color has-background\"><strong>\u00bfQuieres ser parte? La transici\u00f3n energ\u00e9tica justa y la protecci\u00f3n de nuestra Amazon\u00eda se construye con m\u00e1s personas exigiendo, preguntando y participando.<\/strong><\/h4>\n\n<h4 class=\"wp-block-heading has-text-align-center is-style-chevron has-action-yellow-500-background-color has-background\"><strong> <a href=\"https:\/\/landing.infogreenpeace.org\/saber-protege-amazonia?\" target=\"_blank\" rel=\"noreferrer noopener\">S\u00famate a Greenpeace Colombia, firma y ay\u00fadanos a hacerlo posible<\/a><\/strong>.<\/h4>\n\n<p><\/p>\n","protected":false},"excerpt":{"rendered":"<p>Greenpeace en la primera conferencia internacional para transicionar fuera de los combustibles f\u00f3siles.\u00a0<\/p>\n","protected":false},"author":19,"featured_media":17256,"comment_status":"closed","ping_status":"open","sticky":false,"template":"","format":"standard","meta":{"ep_exclude_from_search":false,"p4_og_title":"Transici\u00f3n energ\u00e9tica: \u201cLa conferencia en Santa Marta me record\u00f3 por qu\u00e9 hacemos esto\"","p4_og_description":"Greenpeace en la primera conferencia internacional para transicionar fuera de los combustibles f\u00f3siles","p4_og_image":"https:\/\/www.greenpeace.org\/static\/planet4-colombia-stateless\/2026\/04\/efe8cff5-santa-marta-transicion-energetica-credito-camilo-noriega-greenpeace-4-scaled.jpg","p4_og_image_id":"17256","p4_seo_canonical_url":"","p4_campaign_name":"","p4_local_project":"","p4_basket_name":"","p4_department":"","footnotes":""},"categories":[3],"tags":[],"p4-page-type":[14],"class_list":["post-17255","post","type-post","status-publish","format-standard","has-post-thumbnail","hentry","category-climayenergia","p4-page-type-blog"],"_links":{"self":[{"href":"https:\/\/www.greenpeace.org\/colombia\/wp-json\/wp\/v2\/posts\/17255","targetHints":{"allow":["GET"]}}],"collection":[{"href":"https:\/\/www.greenpeace.org\/colombia\/wp-json\/wp\/v2\/posts"}],"about":[{"href":"https:\/\/www.greenpeace.org\/colombia\/wp-json\/wp\/v2\/types\/post"}],"author":[{"embeddable":true,"href":"https:\/\/www.greenpeace.org\/colombia\/wp-json\/wp\/v2\/users\/19"}],"replies":[{"embeddable":true,"href":"https:\/\/www.greenpeace.org\/colombia\/wp-json\/wp\/v2\/comments?post=17255"}],"version-history":[{"count":9,"href":"https:\/\/www.greenpeace.org\/colombia\/wp-json\/wp\/v2\/posts\/17255\/revisions"}],"predecessor-version":[{"id":17285,"href":"https:\/\/www.greenpeace.org\/colombia\/wp-json\/wp\/v2\/posts\/17255\/revisions\/17285"}],"wp:featuredmedia":[{"embeddable":true,"href":"https:\/\/www.greenpeace.org\/colombia\/wp-json\/wp\/v2\/media\/17256"}],"wp:attachment":[{"href":"https:\/\/www.greenpeace.org\/colombia\/wp-json\/wp\/v2\/media?parent=17255"}],"wp:term":[{"taxonomy":"category","embeddable":true,"href":"https:\/\/www.greenpeace.org\/colombia\/wp-json\/wp\/v2\/categories?post=17255"},{"taxonomy":"post_tag","embeddable":true,"href":"https:\/\/www.greenpeace.org\/colombia\/wp-json\/wp\/v2\/tags?post=17255"},{"taxonomy":"p4-page-type","embeddable":true,"href":"https:\/\/www.greenpeace.org\/colombia\/wp-json\/wp\/v2\/p4-page-type?post=17255"}],"curies":[{"name":"wp","href":"https:\/\/api.w.org\/{rel}","templated":true}]}}