{"id":17283,"date":"2026-04-30T14:53:10","date_gmt":"2026-04-30T14:53:10","guid":{"rendered":"https:\/\/www.greenpeace.org\/colombia\/?p=17283"},"modified":"2026-04-30T14:53:14","modified_gmt":"2026-04-30T14:53:14","slug":"santa-marta-cierra-con-llamados-a-acelerar-la-transicion-energetica-justa-y-elevar-la-ambicion","status":"publish","type":"post","link":"https:\/\/www.greenpeace.org\/colombia\/noticia\/campanas\/climayenergia\/santa-marta-cierra-con-llamados-a-acelerar-la-transicion-energetica-justa-y-elevar-la-ambicion\/","title":{"rendered":"Santa Marta cierra con llamados a acelerar la transici\u00f3n energ\u00e9tica justa y elevar la ambici\u00f3n\u00a0"},"content":{"rendered":"\n<figure class=\"wp-block-image aligncenter size-large\"><img loading=\"lazy\" decoding=\"async\" width=\"1024\" height=\"615\" src=\"https:\/\/www.greenpeace.org\/static\/planet4-colombia-stateless\/2026\/04\/22ca5e9e-01b1-48ac-82a5-a7229a46048d-1024x615.jpeg\" alt=\"\" class=\"wp-image-17287\" srcset=\"https:\/\/www.greenpeace.org\/static\/planet4-colombia-stateless\/2026\/04\/22ca5e9e-01b1-48ac-82a5-a7229a46048d-1024x615.jpeg 1024w, https:\/\/www.greenpeace.org\/static\/planet4-colombia-stateless\/2026\/04\/22ca5e9e-01b1-48ac-82a5-a7229a46048d-300x180.jpeg 300w, https:\/\/www.greenpeace.org\/static\/planet4-colombia-stateless\/2026\/04\/22ca5e9e-01b1-48ac-82a5-a7229a46048d-768x461.jpeg 768w, https:\/\/www.greenpeace.org\/static\/planet4-colombia-stateless\/2026\/04\/22ca5e9e-01b1-48ac-82a5-a7229a46048d-1536x923.jpeg 1536w, https:\/\/www.greenpeace.org\/static\/planet4-colombia-stateless\/2026\/04\/22ca5e9e-01b1-48ac-82a5-a7229a46048d-510x306.jpeg 510w, https:\/\/www.greenpeace.org\/static\/planet4-colombia-stateless\/2026\/04\/22ca5e9e-01b1-48ac-82a5-a7229a46048d.jpeg 1600w\" sizes=\"auto, (max-width: 1024px) 100vw, 1024px\" \/><\/figure>\n\n<h4 class=\"wp-block-heading\"><strong>Greenpeace advierte que los espacios de di\u00e1logo deben traducirse en decisiones concretas y urgentes para avanzar hacia una transici\u00f3n energ\u00e9tica justa.<\/strong><\/h4>\n\n<p>Santa Marta, Colombia, 30 de abril de 2026 \u2014 En el cierre de la Conferencia Internacional para la Transici\u00f3n m\u00e1s all\u00e1 de los combustibles f\u00f3siles, <strong>Greenpeace se\u00f1al\u00f3 que lo ocurrido en la ciudad refleja una voluntad de avanzar en medio de un contexto global marcado por la brecha entre los compromisos y la acci\u00f3n<\/strong>. Sin embargo, advirti\u00f3 que estos espacios solo ser\u00e1n relevantes si se traducen en medidas concretas.<\/p>\n\n<p>\u201cLa <strong>transici\u00f3n energ\u00e9tica no puede seguir siendo una promesa<\/strong>. Ya est\u00e1 en marcha, y lo que est\u00e1 en juego ahora es si se hace de manera justa, planificada y con financiamiento, o de forma desordenada y con mayores costos para las personas y la naturaleza\u201d, afirm\u00f3 Laura Caicedo, vocera de Greenpeace Colombia.<\/p>\n\n<p>La organizaci\u00f3n subray\u00f3 que la transici\u00f3n energ\u00e9tica <strong>trasciende los ciclos pol\u00edticos <\/strong>y ya no depende de qui\u00e9n est\u00e9 en el poder, sino de la capacidad de los gobiernos de tomar decisiones a la altura de la crisis clim\u00e1tica, energ\u00e9tica y de biodiversidad.<\/p>\n\n<p>Asimismo, <strong>Greenpeace destac\u00f3 la necesidad de acercar este debate a la vida cotidiana<\/strong>. Se\u00f1al\u00f3 que no se trata \u00fanicamente de metas de reducci\u00f3n de emisiones, sino de c\u00f3mo se produce y se accede a la energ\u00eda que sostiene actividades b\u00e1sicas como cocinar, transportarse y trabajar. En ese sentido, <strong>Colombia cuenta con una oportunidad concreta para avanzar hacia un modelo energ\u00e9tico m\u00e1s soberano, resiliente y basado en fuentes renovables <\/strong>como el sol y el viento.<\/p>\n\n<p>Para Greenpeace, Santa Marta no representa un punto de llegada, sino el inicio de un proceso que debe escalar r\u00e1pidamente e incidir en la toma de decisiones en otros espacios de cooperaci\u00f3n internacional. \u201c<strong>Esta conferencia fue un gran espacio para poner la transici\u00f3n energ\u00e9tica en la agenda de cara a la COP del clima. <\/strong>Hay voluntad, hay un aire fresco que se celebra, pero esto es solo el comienzo: se necesita m\u00e1s tiempo para que este proceso madure como un verdadero espacio de di\u00e1logo que informe la toma de decisiones en este y otros \u00e1mbitos de cooperaci\u00f3n sobre los temas centrales de la energ\u00eda. Sin embargo, <strong>no puede ser una excusa para dilatar el cumplimiento de compromisos nacionales ya asumidos en materia de reducci\u00f3n de emisiones<\/strong>, protecci\u00f3n de ecosistemas e inclusi\u00f3n de las personas.\u201d<\/p>\n\n<p class=\"has-text-align-center has-gp-green-200-background-color has-background\"><strong>En este contexto, la organizaci\u00f3n hizo un llamado a que las discusiones impulsadas durante la conferencia se traduzcan en compromisos concretos a nivel nacional rumbo a la pr\u00f3xima COP 31 de clima que se llevar\u00e1 a cabo en Turqu\u00eda, con mayor ambici\u00f3n y un enfoque centrado en la justicia social y ambiental.<\/strong><\/p>\n","protected":false},"excerpt":{"rendered":"<p>Greenpeace advierte que los espacios de di\u00e1logo deben traducirse en decisiones concretas y urgentes para avanzar hacia una transici\u00f3n energ\u00e9tica justa.<\/p>\n","protected":false},"author":23,"featured_media":17287,"comment_status":"closed","ping_status":"open","sticky":false,"template":"","format":"standard","meta":{"ep_exclude_from_search":false,"p4_og_title":"Santa Marta cierra con llamados a acelerar la transici\u00f3n energ\u00e9tica justa y elevar la ambici\u00f3n","p4_og_description":"Greenpeace advierte que los espacios de di\u00e1logo deben traducirse en decisiones concretas y urgentes para avanzar hacia una transici\u00f3n energ\u00e9tica justa.","p4_og_image":"https:\/\/www.greenpeace.org\/static\/planet4-colombia-stateless\/2026\/04\/22ca5e9e-01b1-48ac-82a5-a7229a46048d.jpeg","p4_og_image_id":"17287","p4_seo_canonical_url":"","p4_campaign_name":"","p4_local_project":"","p4_basket_name":"","p4_department":"","footnotes":""},"categories":[3],"tags":[55,62],"p4-page-type":[16],"class_list":["post-17283","post","type-post","status-publish","format-standard","has-post-thumbnail","hentry","category-climayenergia","tag-cambio-climatico","tag-amazonia","p4-page-type-noticia"],"_links":{"self":[{"href":"https:\/\/www.greenpeace.org\/colombia\/wp-json\/wp\/v2\/posts\/17283","targetHints":{"allow":["GET"]}}],"collection":[{"href":"https:\/\/www.greenpeace.org\/colombia\/wp-json\/wp\/v2\/posts"}],"about":[{"href":"https:\/\/www.greenpeace.org\/colombia\/wp-json\/wp\/v2\/types\/post"}],"author":[{"embeddable":true,"href":"https:\/\/www.greenpeace.org\/colombia\/wp-json\/wp\/v2\/users\/23"}],"replies":[{"embeddable":true,"href":"https:\/\/www.greenpeace.org\/colombia\/wp-json\/wp\/v2\/comments?post=17283"}],"version-history":[{"count":2,"href":"https:\/\/www.greenpeace.org\/colombia\/wp-json\/wp\/v2\/posts\/17283\/revisions"}],"predecessor-version":[{"id":17288,"href":"https:\/\/www.greenpeace.org\/colombia\/wp-json\/wp\/v2\/posts\/17283\/revisions\/17288"}],"wp:featuredmedia":[{"embeddable":true,"href":"https:\/\/www.greenpeace.org\/colombia\/wp-json\/wp\/v2\/media\/17287"}],"wp:attachment":[{"href":"https:\/\/www.greenpeace.org\/colombia\/wp-json\/wp\/v2\/media?parent=17283"}],"wp:term":[{"taxonomy":"category","embeddable":true,"href":"https:\/\/www.greenpeace.org\/colombia\/wp-json\/wp\/v2\/categories?post=17283"},{"taxonomy":"post_tag","embeddable":true,"href":"https:\/\/www.greenpeace.org\/colombia\/wp-json\/wp\/v2\/tags?post=17283"},{"taxonomy":"p4-page-type","embeddable":true,"href":"https:\/\/www.greenpeace.org\/colombia\/wp-json\/wp\/v2\/p4-page-type?post=17283"}],"curies":[{"name":"wp","href":"https:\/\/api.w.org\/{rel}","templated":true}]}}