{"id":1855,"date":"2019-08-08T14:20:20","date_gmt":"2019-08-08T14:20:20","guid":{"rendered":"https:\/\/www.greenpeace.org\/colombia\/?p=1855"},"modified":"2021-12-01T12:26:41","modified_gmt":"2021-12-01T12:26:41","slug":"informe-del-ipcc-seran-necesarios-cambios-drasticos-para-enfrentar-el-cambio-climatico","status":"publish","type":"post","link":"https:\/\/www.greenpeace.org\/colombia\/noticia\/uncategorized\/informe-del-ipcc-seran-necesarios-cambios-drasticos-para-enfrentar-el-cambio-climatico\/","title":{"rendered":"Informe del IPCC: Ser\u00e1n necesarios cambios dr\u00e1sticos para enfrentar el cambio clim\u00e1tico"},"content":{"rendered":"<p dir=\"ltr\"><img loading=\"lazy\" decoding=\"async\" class=\"aligncenter size-large wp-image-1856\" src=\"https:\/\/www.greenpeace.org\/static\/planet4-colombia-stateless\/2019\/08\/06b89a47-gp_ipcc_usosuelo_03-1024x682.jpg\" alt=\"\" width=\"1024\" height=\"682\" srcset=\"https:\/\/www.greenpeace.org\/static\/planet4-colombia-stateless\/2019\/08\/06b89a47-gp_ipcc_usosuelo_03-1024x682.jpg 1024w, https:\/\/www.greenpeace.org\/static\/planet4-colombia-stateless\/2019\/08\/06b89a47-gp_ipcc_usosuelo_03-300x200.jpg 300w, https:\/\/www.greenpeace.org\/static\/planet4-colombia-stateless\/2019\/08\/06b89a47-gp_ipcc_usosuelo_03-768x512.jpg 768w, https:\/\/www.greenpeace.org\/static\/planet4-colombia-stateless\/2019\/08\/06b89a47-gp_ipcc_usosuelo_03-2048x1364.jpg 2048w, https:\/\/www.greenpeace.org\/static\/planet4-colombia-stateless\/2019\/08\/06b89a47-gp_ipcc_usosuelo_03-510x340.jpg 510w\" sizes=\"auto, (max-width: 1024px) 100vw, 1024px\" \/><\/p>\n<p dir=\"ltr\">Panel de expertos del IPCC pone especial acento en la relaci\u00f3n entre uso de la tierra y el cambio clim\u00e1tico. Entre los puntos m\u00e1s destacados est\u00e1 la deforestaci\u00f3n y la ganader\u00eda como elementos claves en la actual emergencia clim\u00e1tica. El informe se conoce justo despu\u00e9s de haberse confirmado que julio fue el mes caluroso de la historia desde que se tiene registro.<\/p>\n<div dir=\"auto\">\n<div>La protecci\u00f3n y restauraci\u00f3n de los bosques como tambi\u00e9n la reconversi\u00f3n urgente del sistema alimentario mundial a trav\u00e9s del cambio en la dieta aparecen como dos de las soluciones clave para la creciente crisis clim\u00e1tica que enfrenta el planeta de acuerdo con el esperado nuevo informe sobre cambio clim\u00e1tico que se &nbsp;acaba de dar a conocer y que ha sido elaborado por algunos de los cient\u00edficos m\u00e1s prestigiados del mundo.<\/div>\n<div>El informe del Grupo Intergubernamental de Expertos sobre el Cambio Clim\u00e1tico (IPCC) revela que, desde el per\u00edodo preindustrial, la temperatura sobre la tierra ya ha aumentado 1.53 \u00b0C en comparaci\u00f3n con el promedio global de 0.87 \u00b0C de aumento, teniendo en cuenta la temperatura sobre el oc\u00e9ano y la tierra.<\/div>\n<div dir=\"auto\"><\/div>\n<div dir=\"auto\">El aumento de la temperatura, dice el informe, est\u00e1 afectando la seguridad alimentaria e impulsando la desertificaci\u00f3n y la degradaci\u00f3n del planeta.<\/div>\n<div dir=\"auto\">\u201cDefender y restaurar nuestros bosques y cambiar nuestro sistema alimentario comiendo menos carne ayudar\u00e1 a convertir la crisis clim\u00e1tica en una nueva esperanza para la naturaleza y las personas. Nuestra tierra y biodiversidad est\u00e1n bajo una enorme presi\u00f3n&#8221;, advirti\u00f3 Silvia G\u00f3mez, directora de Greenpeace Colombia.<\/div>\n<div dir=\"auto\"><\/div>\n<div>El informe especial del IPCC sobre el cambio clim\u00e1tico y la tierra advirti\u00f3 que m\u00e1s de una cuarta parte de la tierra est\u00e1 sujeta a la &#8220;degradaci\u00f3n inducida por el hombre&#8221;.<\/div>\n<div dir=\"auto\"><\/div>\n<div dir=\"auto\">\u201cPor eso es que, para proteger nuestro clima y alimentar al mundo, se requiere una acci\u00f3n inmediata y decidida. En este contexto, los gobiernos est\u00e1n obligados a actualizar y mejorar sus objetivos de acci\u00f3n clim\u00e1tica a la luz del informe del IPCC. Es necesario por parte del presidente Duque mayor ambici\u00f3n si es que quiere posicionarse como l\u00edder medioambiental&#8221;, dijo Silvia G\u00f3mez.<\/p>\n<\/div>\n<div dir=\"auto\">De acuerdo con la ONG ambientalista, el desaf\u00edo es enorme, pero hay opciones y decisiones importantes que tomar para enfrentar la crisis. \u201cUna de las m\u00e1s importantes es cambiar la forma en que producimos alimentos y lo que comemos ayudar\u00e1 de manera decisiva en la protecci\u00f3n de nuestro clima y promover\u00e1 la seguridad alimentaria. Un impulso dr\u00e1stico hacia menos consumo de carne y l\u00e1cteos en nuestras dietas es un paso clave para proteger la salud del planeta y, por cierto, &nbsp;abre una etapa de discusi\u00f3n muy relevante respecto de la manera en que hemos usado nuestras tierras y la forma de alimentaci\u00f3n que hemos llevado hasta ahora&#8221;, concluy\u00f3 la directora de Greenpeace Colombia.<\/div>\n<div dir=\"auto\"><\/div>\n<div dir=\"auto\"><b>&nbsp;<\/b><\/div>\n<div dir=\"auto\"><b>Datos clave del informe IPCC:<\/b><\/div>\n<\/div>\n<ul>\n<li>\n<p dir=\"ltr\">El 23% de las emisiones humanas de gases de efecto invernadero provienen de la deforestaci\u00f3n, los incendios forestales y la agricultura. Sin embargo, la tierra puede actuar como un poderoso reservorio de carbono para ayudar a mitigar lo peor del cambio clim\u00e1tico.<\/p>\n<\/li>\n<li>\n<p dir=\"ltr\">Las emisiones del sistema alimentario en su conjunto, incluida la producci\u00f3n y el consumo, representan hasta el 37% del total de las emisiones mundiales de GEI (gases de efecto invernadero) inducidas por el hombre.<\/p>\n<\/li>\n<li>\n<p dir=\"ltr\">El consumo de carne se ha m\u00e1s que duplicado en los \u00faltimos 60 a\u00f1os, ya que la tierra se convirti\u00f3 para uso agr\u00edcola a un ritmo sin precedentes en la historia humana.<\/p>\n<\/li>\n<li>\n<p dir=\"ltr\">Alrededor de 2 mil millones de adultos tienen sobrepeso u obesidad, pero 821 millones de personas todav\u00eda est\u00e1n desnutridos, lo que pone de relieve la necesidad de reformar el sistema alimentario mundial.<\/p>\n<\/li>\n<\/ul>\n<div class=\"EmptyMessage\">Block content is empty. Check the block&#8217;s settings or remove it.<\/div>","protected":false},"excerpt":{"rendered":"<p>Panel de expertos del IPCC pone especial acento en la relaci\u00f3n entre uso de la tierra y el cambio clim\u00e1tico. Entre los puntos m\u00e1s destacados est\u00e1 la deforestaci\u00f3n y la&hellip;<\/p>\n","protected":false},"author":23,"featured_media":1856,"comment_status":"closed","ping_status":"open","sticky":false,"template":"","format":"standard","meta":{"ep_exclude_from_search":false,"p4_og_title":"","p4_og_description":"","p4_og_image":"","p4_og_image_id":"","p4_seo_canonical_url":"","p4_campaign_name":"not set","p4_local_project":"not set","p4_basket_name":"not set","p4_department":"","footnotes":""},"categories":[1],"tags":[],"p4-page-type":[16],"class_list":["post-1855","post","type-post","status-publish","format-standard","has-post-thumbnail","hentry","category-uncategorized","p4-page-type-noticia"],"_links":{"self":[{"href":"https:\/\/www.greenpeace.org\/colombia\/wp-json\/wp\/v2\/posts\/1855","targetHints":{"allow":["GET"]}}],"collection":[{"href":"https:\/\/www.greenpeace.org\/colombia\/wp-json\/wp\/v2\/posts"}],"about":[{"href":"https:\/\/www.greenpeace.org\/colombia\/wp-json\/wp\/v2\/types\/post"}],"author":[{"embeddable":true,"href":"https:\/\/www.greenpeace.org\/colombia\/wp-json\/wp\/v2\/users\/23"}],"replies":[{"embeddable":true,"href":"https:\/\/www.greenpeace.org\/colombia\/wp-json\/wp\/v2\/comments?post=1855"}],"version-history":[{"count":6,"href":"https:\/\/www.greenpeace.org\/colombia\/wp-json\/wp\/v2\/posts\/1855\/revisions"}],"predecessor-version":[{"id":5642,"href":"https:\/\/www.greenpeace.org\/colombia\/wp-json\/wp\/v2\/posts\/1855\/revisions\/5642"}],"wp:featuredmedia":[{"embeddable":true,"href":"https:\/\/www.greenpeace.org\/colombia\/wp-json\/wp\/v2\/media\/1856"}],"wp:attachment":[{"href":"https:\/\/www.greenpeace.org\/colombia\/wp-json\/wp\/v2\/media?parent=1855"}],"wp:term":[{"taxonomy":"category","embeddable":true,"href":"https:\/\/www.greenpeace.org\/colombia\/wp-json\/wp\/v2\/categories?post=1855"},{"taxonomy":"post_tag","embeddable":true,"href":"https:\/\/www.greenpeace.org\/colombia\/wp-json\/wp\/v2\/tags?post=1855"},{"taxonomy":"p4-page-type","embeddable":true,"href":"https:\/\/www.greenpeace.org\/colombia\/wp-json\/wp\/v2\/p4-page-type?post=1855"}],"curies":[{"name":"wp","href":"https:\/\/api.w.org\/{rel}","templated":true}]}}