{"id":1862,"date":"2019-08-09T13:47:59","date_gmt":"2019-08-09T13:47:59","guid":{"rendered":"https:\/\/www.greenpeace.org\/colombia\/?p=1862"},"modified":"2025-07-02T07:28:17","modified_gmt":"2025-07-02T07:28:17","slug":"greenpeace-inauguro-sorprendente-museo-de-la-extincion","status":"publish","type":"post","link":"https:\/\/www.greenpeace.org\/colombia\/noticia\/uncategorized\/greenpeace-inauguro-sorprendente-museo-de-la-extincion\/","title":{"rendered":"Greenpeace inaugur\u00f3 sorprendente Museo de la Extinci\u00f3n"},"content":{"rendered":"<p><img loading=\"lazy\" decoding=\"async\" class=\"aligncenter size-large wp-image-1863\" src=\"https:\/\/www.greenpeace.org\/static\/planet4-colombia-stateless\/2019\/08\/790f7eff-j91a4854-1024x683.jpg\" alt=\"\" width=\"1024\" height=\"683\" srcset=\"https:\/\/www.greenpeace.org\/static\/planet4-colombia-stateless\/2019\/08\/790f7eff-j91a4854-1024x683.jpg 1024w, https:\/\/www.greenpeace.org\/static\/planet4-colombia-stateless\/2019\/08\/790f7eff-j91a4854-300x200.jpg 300w, https:\/\/www.greenpeace.org\/static\/planet4-colombia-stateless\/2019\/08\/790f7eff-j91a4854-768x512.jpg 768w, https:\/\/www.greenpeace.org\/static\/planet4-colombia-stateless\/2019\/08\/790f7eff-j91a4854-2048x1366.jpg 2048w, https:\/\/www.greenpeace.org\/static\/planet4-colombia-stateless\/2019\/08\/790f7eff-j91a4854-510x340.jpg 510w\" sizes=\"auto, (max-width: 1024px) 100vw, 1024px\" \/><\/p>\n<p><span style=\"font-weight: 400;\">La organizaci\u00f3n ambientalista Greenpeace inaugur\u00f3 anoche el Museo de la Extinci\u00f3n, una innovadora muestra art\u00edstica-visual dedicada a visibilizar c\u00f3mo empaques pl\u00e1sticos contaminan durante miles de a\u00f1os, incluso cuando las marcas de los productos ya dejaron de comercializarse. Celebridades y periodistas como Pirry, adem\u00e1s de seguidores y colaboradores de la ONG, asistieron a la apertura de la muestra y afirmaron su compromiso con lucha contra la contaminaci\u00f3n pl\u00e1stica.<\/span><\/p>\n<p><i><span style=\"font-weight: 400;\">\u201cEn Colombia se consumen 1.250.000 de toneladas de pl\u00e1sticos por a\u00f1o, y m\u00e1s de la mitad son de uso \u00fanico. Algunos de esos pl\u00e1sticos tardan cerca de mil a\u00f1os en desaparecer. En el museo se muestran las consecuencias de su uso desmedido. Nuestro objetivo es que, al finalizar la experiencia, cada ciudadano sea m\u00e1s consciente de los efectos de usar un pitillo o una bolsa pl\u00e1stica, entre otros elementos que solo usamos una vez\u201d, <\/span><\/i><span style=\"font-weight: 400;\">asegur\u00f3 Silvia G\u00f3mez, directora de Greenpeace Colombia. <\/span><i><span style=\"font-weight: 400;\">\u201cDebemos ser consumidores cada vez m\u00e1s responsables, ya que los impactos que generan los pl\u00e1sticos de un solo uso son devastadores. Por eso, apelamos al arte en esta muestra. Es urgente comenzar la transici\u00f3n y abandonar los pl\u00e1sticos\u201d.<\/span><\/i><\/p>\n<p><span style=\"font-weight: 400;\">El museo cuenta con distintas obras que visibilizan el grave impacto de los pl\u00e1sticos que usamos por unos pocos segundos y contaminan a ecosistemas como oc\u00e9anos, playas y manglares durante miles de a\u00f1os. <\/span><i><span style=\"font-weight: 400;\">\u201cCreemos que es un buen modo de generar conciencia. Nuestra campa\u00f1a \u2018Colombia mejor sin pl\u00e1sticos\u2019 ya cuenta con m\u00e1s de 100 mil firmas y confiamos en que el movimiento ciudadano es fundamental. De todos modos, no debemos dejar de exigir medidas a las autoridades. El Ministro de Ambiente Ricardo Lozano tiene que poner a Colombia a la vanguardia y prohibir los pl\u00e1sticos de un solo uso desde su origen. Solo as\u00ed podremos hablar de la extinci\u00f3n de los pl\u00e1sticos\u201d<\/span><\/i><span style=\"font-weight: 400;\">, agreg\u00f3 G\u00f3mez.<\/span><\/p>\n<p><span style=\"font-weight: 400;\">Personalidades y celebridades que apoyaron campa\u00f1as de Greenpeace como el periodista y presentador Pirry fueron algunos de los invitados al evento. \u00c9l adem\u00e1s de conocer el museo y los impactos de los pl\u00e1sticos de uso \u00fanico, cont\u00f3 su experiencia junto a la organizaci\u00f3n ambientalista y alert\u00f3 sobre la urgencia del cambio en el consumo de los ciudadanos.&nbsp;<\/span><\/p>\n<p><span style=\"font-weight: 400;\">Otro aspecto a destacar del museo es que es itinerante y continuar\u00e1 su recorrido en universidades. <\/span><i><span style=\"font-weight: 400;\">\u201cTeniendo en cuenta la cercan\u00eda de las elecciones de Alcaldes, creemos que ser\u00e1 tarea de la ciudadan\u00eda -en especial de los j\u00f3venes- instalar en las agendas de campa\u00f1a los temas de sostenibilidad y medio ambiente. Esta muestra buscar\u00e1 concientizar y poner en boca de los estudiantes a la problem\u00e1tica de la contaminaci\u00f3n pl\u00e1stica\u201d<\/span><\/i><span style=\"font-weight: 400;\">, dijo G\u00f3mez.<\/span><\/p>\n<p><span style=\"font-weight: 400;\">El Museo de la Extinci\u00f3n es una obra realizada en colaboraci\u00f3n con el equipo creativo y de producci\u00f3n de la agencia Goodfellas, a quienes Greenpeace agradece su compromiso ambiental. <\/span><i><span style=\"font-weight: 400;\">\u201cPusieron su talento, tiempo y capacidades al servicio de la visibilizaci\u00f3n de la contaminaci\u00f3n pl\u00e1stica\u201d<\/span><\/i><span style=\"font-weight: 400;\">, asegur\u00f3 G\u00f3mez.<\/span><\/p>\n<p><span style=\"font-weight: 400;\">El Museo de la Extinci\u00f3n estar\u00e1 abierto al p\u00fablico <\/span><b>el viernes 9 y el s\u00e1bado 10 de 12 a 21 horas, y el domingo 11 de 12 a 16 horas<\/b><span style=\"font-weight: 400;\"> en la <\/span><b>Carrera 12A # 83 &#8211; 61. Zona T, Bogot\u00e1 D.C<\/b><span style=\"font-weight: 400;\">, diagonal al Crepes &amp; Waffles de la Zona T.&nbsp;<\/span><\/p>\n<p>&nbsp;<\/p>\n\t\t\t<section\n\t\t\tclass=\"boxout post-387 \"\n\t\t\t\n\t\t>\n\t\t\t<a\n\t\t\t\tdata-ga-category=\"Take Action Boxout\"\n\t\t\t\tdata-ga-action=\"Image\"\n\t\t\t\tdata-ga-label=\"n\/a\"\n\t\t\t\tclass=\"cover-card-overlay\"\n\t\t\t\thref=\"https:\/\/www.greenpeace.org\/colombia\/involucrate\/colombia-mejor-sin-plasticos\/\" \n\t\t\t><\/a>\n\t\t\t\t\t\t\t<img\n\t\t\t\t\t\tsrc=\"https:\/\/www.greenpeace.org\/static\/planet4-colombia-stateless\/2024\/09\/547c00c0-plasticos-8-1024x683.jpg\"\n\t\t\t\t\t\tsrcset=\"https:\/\/www.greenpeace.org\/static\/planet4-colombia-stateless\/2024\/09\/547c00c0-plasticos-8-300x200.jpg 300w, https:\/\/www.greenpeace.org\/static\/planet4-colombia-stateless\/2024\/09\/547c00c0-plasticos-8-1024x683.jpg 1024w, https:\/\/www.greenpeace.org\/static\/planet4-colombia-stateless\/2024\/09\/547c00c0-plasticos-8-768x512.jpg 768w, https:\/\/www.greenpeace.org\/static\/planet4-colombia-stateless\/2024\/09\/547c00c0-plasticos-8-1536x1024.jpg 1536w, https:\/\/www.greenpeace.org\/static\/planet4-colombia-stateless\/2024\/09\/547c00c0-plasticos-8-2048x1366.jpg 2048w, https:\/\/www.greenpeace.org\/static\/planet4-colombia-stateless\/2024\/09\/547c00c0-plasticos-8-510x340.jpg 510w\"\n\t\t\t\t\t\tsizes=\"(min-width: 1000px) 358px, (min-width: 780px) 313px, 88px\"\n\t\t\t\t\t\talt=\"\" title=\"\"\n\t\t\t\t\/>\n            \t\t\t<div class=\"boxout-content\">\n\t\t\t\t\t\t\t\t\t<a\n\t\t\t\t\t\tclass=\"boxout-heading medium\"\n\t\t\t\t\t\tdata-ga-category=\"Take Action Boxout\"\n\t\t\t\t\t\tdata-ga-action=\"Title\"\n\t\t\t\t\t\tdata-ga-label=\"n\/a\"\n\t\t\t\t\t\thref=\"https:\/\/www.greenpeace.org\/colombia\/involucrate\/colombia-mejor-sin-plasticos\/\"\n\t\t\t\t\t\t\n\t\t\t\t\t>\n\t\t\t\t\t\tMejor sin pl\u00e1sticos\n\t\t\t\t\t<\/a>\n\t\t\t\t\t\t\t\t\t\t\t\t\t<p class=\"boxout-excerpt\">El ciclo de vida completo del pl\u00e1stico est\u00e1 envenenando nuestra salud.<\/p>\n\t\t\t\t                                    <a\n                        class=\"btn btn-primary\"\n                        data-ga-category=\"Take Action Boxout\"\n                        data-ga-action=\"Call to Action\"\n                        data-ga-label=\"n\/a\"\n                        href=\"https:\/\/www.greenpeace.org\/colombia\/involucrate\/colombia-mejor-sin-plasticos\/\"\n                        \n                    >\n                        Invol\u00facrate\n                    <\/a>\n                \t\t\t<\/div>\n\t\t\t\t\t<\/section>\n\t","protected":false},"excerpt":{"rendered":"<p>La organizaci\u00f3n ambientalista Greenpeace inaugur\u00f3 anoche el Museo de la Extinci\u00f3n, una innovadora muestra art\u00edstica-visual dedicada a visibilizar c\u00f3mo empaques pl\u00e1sticos contaminan durante miles de a\u00f1os, incluso cuando las marcas&hellip;<\/p>\n","protected":false},"author":23,"featured_media":1863,"comment_status":"closed","ping_status":"open","sticky":false,"template":"","format":"standard","meta":{"ep_exclude_from_search":false,"p4_og_title":"","p4_og_description":"","p4_og_image":"","p4_og_image_id":"","p4_seo_canonical_url":"","p4_campaign_name":"not set","p4_local_project":"not set","p4_basket_name":"not set","p4_department":"","footnotes":""},"categories":[1],"tags":[23],"p4-page-type":[16],"class_list":["post-1862","post","type-post","status-publish","format-standard","has-post-thumbnail","hentry","category-uncategorized","tag-plasticos","p4-page-type-noticia"],"_links":{"self":[{"href":"https:\/\/www.greenpeace.org\/colombia\/wp-json\/wp\/v2\/posts\/1862","targetHints":{"allow":["GET"]}}],"collection":[{"href":"https:\/\/www.greenpeace.org\/colombia\/wp-json\/wp\/v2\/posts"}],"about":[{"href":"https:\/\/www.greenpeace.org\/colombia\/wp-json\/wp\/v2\/types\/post"}],"author":[{"embeddable":true,"href":"https:\/\/www.greenpeace.org\/colombia\/wp-json\/wp\/v2\/users\/23"}],"replies":[{"embeddable":true,"href":"https:\/\/www.greenpeace.org\/colombia\/wp-json\/wp\/v2\/comments?post=1862"}],"version-history":[{"count":7,"href":"https:\/\/www.greenpeace.org\/colombia\/wp-json\/wp\/v2\/posts\/1862\/revisions"}],"predecessor-version":[{"id":15716,"href":"https:\/\/www.greenpeace.org\/colombia\/wp-json\/wp\/v2\/posts\/1862\/revisions\/15716"}],"wp:featuredmedia":[{"embeddable":true,"href":"https:\/\/www.greenpeace.org\/colombia\/wp-json\/wp\/v2\/media\/1863"}],"wp:attachment":[{"href":"https:\/\/www.greenpeace.org\/colombia\/wp-json\/wp\/v2\/media?parent=1862"}],"wp:term":[{"taxonomy":"category","embeddable":true,"href":"https:\/\/www.greenpeace.org\/colombia\/wp-json\/wp\/v2\/categories?post=1862"},{"taxonomy":"post_tag","embeddable":true,"href":"https:\/\/www.greenpeace.org\/colombia\/wp-json\/wp\/v2\/tags?post=1862"},{"taxonomy":"p4-page-type","embeddable":true,"href":"https:\/\/www.greenpeace.org\/colombia\/wp-json\/wp\/v2\/p4-page-type?post=1862"}],"curies":[{"name":"wp","href":"https:\/\/api.w.org\/{rel}","templated":true}]}}