{"id":1981,"date":"2019-09-10T19:02:52","date_gmt":"2019-09-10T19:02:52","guid":{"rendered":"https:\/\/www.greenpeace.org\/colombia\/?p=1981"},"modified":"2021-12-01T12:26:24","modified_gmt":"2021-12-01T12:26:24","slug":"como-ayudar-al-amazonas-desde-donde-estes","status":"publish","type":"post","link":"https:\/\/www.greenpeace.org\/colombia\/blog\/campanas\/bosques\/como-ayudar-al-amazonas-desde-donde-estes\/","title":{"rendered":"C\u00f3mo ayudar al Amazonas desde donde est\u00e9s"},"content":{"rendered":"<p>El Amazonas es noticia en todo el mundo. El mayor bosque tropical del planeta perdi\u00f3 casi 2,5 millones de hect\u00e1reas solo en agosto pasado debido a incendios intencionales. As\u00ed se busca liberar cada vez m\u00e1s terrenos para ganader\u00eda y cultivo de soja.<\/p>\n<p>\u00bfQu\u00e9 puedes hacer para ayudar?<\/p>\n<h3>En tu vida online<\/h3>\n<p>&nbsp;<\/p>\n<h5><strong>1.<\/strong>\u00a0<b>S\u00famate a nuestra campa\u00f1a para pedirle al gobierno de Brasil que apague los incendios<\/b>.\u00a0<strong><a href=\"https:\/\/pages.greenpeace.co\/amazonia?utm_source=webComo&amp;utm_medium=link&amp;utm_campaign=amazonia\">Firma la petici\u00f3n.<\/a><\/strong><\/h5>\n<p>&nbsp;<\/p>\n<h5><strong>2.<\/strong>\u00a0<strong>Comparte el pedido por\u00a0<a href=\"https:\/\/api.whatsapp.com\/send?text=%C2%A1URGENTE!%20Se%20incendia%20el%20pulm%C3%B3n%20del%20planeta.%20Pidele%20a%20Bolsonaro%20que%20apague%20los%20incendios%20en%20el%20Amazonas.%0AFirma%20y%20comparte%20en%20tus%20grupos%3A%20http%3A%2F%2Fdc.mk%2F%3Fk%3D91pb9BTF8jBh\">WhatsApp<\/a><\/strong><br \/>\n<a href=\"https:\/\/api.whatsapp.com\/send?text=%C2%A1URGENTE!%20Se%20incendia%20el%20pulm%C3%B3n%20del%20planeta.%20Pidele%20a%20Bolsonaro%20que%20apague%20los%20incendios%20en%20el%20Amazonas.%0AFirma%20y%20comparte%20en%20tus%20grupos%3A%20http%3A%2F%2Fdc.mk%2F%3Fk%3D91pb9BTF8jBh\"><img loading=\"lazy\" decoding=\"async\" class=\"size-full wp-image-2387 alignleft\" title=\"\" src=\"https:\/\/storage.googleapis.com\/planet4-argentina-stateless\/2019\/08\/ab77eb7b-wapp36x36.png\" alt=\"\" width=\"36\" height=\"36\" \/><\/a><\/h5>\n<h5><\/h5>\n<p>&nbsp;<\/p>\n<p>&nbsp;<\/p>\n<h5><strong>3. Difunde la campa\u00f1a en tus cuentas de\u00a0<a href=\"https:\/\/www.facebook.com\/greenpeaceencolombia\/photos\/a.201076772253\/10157216348587254\/?type=3&amp;theater\">Facebook<\/a>,\u00a0<a href=\"https:\/\/twitter.com\/GreenpeaceColom\/status\/1175801387789115392\">Twitter<\/a>\u00a0e\u00a0<a href=\"https:\/\/www.instagram.com\/p\/B2HXTJ-nLaQ\/\">Instagram<\/a><\/strong><\/h5>\n<h5><a href=\"https:\/\/www.facebook.com\/greenpeaceencolombia\/photos\/a.201076772253\/10157216348587254\/?type=3&amp;theater\"><img loading=\"lazy\" decoding=\"async\" class=\"alignnone wp-image-2388 size-full\" title=\"\" src=\"https:\/\/storage.googleapis.com\/planet4-argentina-stateless\/2019\/08\/6cca3cb5-fb-1.png\" alt=\"\" width=\"36\" height=\"36\" \/><\/a>\u00a0<a href=\"https:\/\/twitter.com\/GreenpeaceColom\/status\/1175801387789115392\">\u00a0 \u00a0 \u00a0<img loading=\"lazy\" decoding=\"async\" class=\"alignnone wp-image-2389 size-full\" title=\"\" src=\"https:\/\/storage.googleapis.com\/planet4-argentina-stateless\/2019\/08\/23a193ce-twitter.png\" alt=\"\" width=\"36\" height=\"36\" \/>\u00a0\u00a0\u00a0\u00a0\u00a0<\/a>\u00a0<a href=\"https:\/\/www.instagram.com\/p\/B2HXTJ-nLaQ\/\"><img loading=\"lazy\" decoding=\"async\" class=\"alignnone wp-image-2390 size-full\" title=\"\" src=\"https:\/\/storage.googleapis.com\/planet4-argentina-stateless\/2019\/08\/7fbb3596-instagram.png\" alt=\"\" width=\"36\" height=\"36\" \/><\/a><\/h5>\n<p>&nbsp;<\/p>\n<h5>4.<strong>\u00a0Haz una donaci\u00f3n<\/strong><\/h5>\n<h5>Con tu aporte podremos seguir trabajando para frenar esta tragedia ambiental.\u00a0<b><a href=\"https:\/\/unete.greenpeace.co\/cupon_general\/?ref=web_blog_Amazonia&amp;utm_source=web&amp;utm_medium=blog&amp;utm_campaign=amazonia_blog&amp;utm_content=web_blog_Amazonia_quehacer\">As\u00f3ciate a Greenpeace<\/a>.<\/b><\/h5>\n<p>&nbsp;<\/p>\n<h3>En tu vida cotidiana<\/h3>\n<p>&nbsp;<\/p>\n<h5><strong>5. Reduce el consumo de carne<\/strong><\/h5>\n<p>La ganader\u00eda es una de las causas principales de la deforestaci\u00f3n y los incendios en el Amazonas. Si hay menos demanda, se destruir\u00e1n menos hect\u00e1reas. Adem\u00e1s, gran parte de la soja que se cultiva est\u00e1 destinada a alimentar cerdos y pollos. \u00bfQu\u00e9 comer\u00e1s hoy?<\/p>\n<p>&nbsp;<\/p>\n<h5><strong>6. Disminuye el uso de papel<\/strong><\/h5>\n<p>Cuando tengas que imprimir piensa: \u00bfrealmente es necesario? Los \u00e1rboles del Amazonas te lo agradecer\u00e1n.<\/p>\n<p>&nbsp;<\/p>\n<h5><strong>7. Reaprovecha los productos de madera<\/strong><\/h5>\n<p>Arregla antes de tirar. Renueva tus muebles, modif\u00edcalos o rest\u00e1uralos. Adem\u00e1s, siempre puedes elegir madera reciclada y reciclable o comprar art\u00edculos usados. As\u00ed ayudas a reducir la tala ilegal.<\/p>\n<p>&nbsp;<\/p>\n<h5><strong>8. Apoya a los ind\u00edgenas del Amazonas<\/strong><\/h5>\n<p>Lograr delimitar sus tierras es una forma de frenar la deforestaci\u00f3n. Ahora, un mill\u00f3n de personas est\u00e1n en peligro por los incendios y varios pueblos ind\u00edgenas ya declararon la emergencia ambiental y humanitaria.<\/p>\n<div class=\"EmptyMessage\">Block content is empty. Check the block&#8217;s settings or remove it.<\/div>","protected":false},"excerpt":{"rendered":"<p>El Amazonas es noticia en todo el mundo. El mayor bosque tropical del planeta ya perdi\u00f3 m\u00e1s de 700 mil hect\u00e1reas debido a incendios intencionales y el fuego sigue avanzando&hellip;<\/p>\n","protected":false},"author":19,"featured_media":1891,"comment_status":"closed","ping_status":"open","sticky":false,"template":"","format":"standard","meta":{"ep_exclude_from_search":false,"p4_og_title":"","p4_og_description":"","p4_og_image":"","p4_og_image_id":"","p4_seo_canonical_url":"","p4_campaign_name":"","p4_local_project":"","p4_basket_name":"","p4_department":"","footnotes":""},"categories":[2],"tags":[39],"p4-page-type":[14],"class_list":["post-1981","post","type-post","status-publish","format-standard","has-post-thumbnail","hentry","category-bosques","tag-salvaelamazonas","p4-page-type-blog"],"_links":{"self":[{"href":"https:\/\/www.greenpeace.org\/colombia\/wp-json\/wp\/v2\/posts\/1981","targetHints":{"allow":["GET"]}}],"collection":[{"href":"https:\/\/www.greenpeace.org\/colombia\/wp-json\/wp\/v2\/posts"}],"about":[{"href":"https:\/\/www.greenpeace.org\/colombia\/wp-json\/wp\/v2\/types\/post"}],"author":[{"embeddable":true,"href":"https:\/\/www.greenpeace.org\/colombia\/wp-json\/wp\/v2\/users\/19"}],"replies":[{"embeddable":true,"href":"https:\/\/www.greenpeace.org\/colombia\/wp-json\/wp\/v2\/comments?post=1981"}],"version-history":[{"count":7,"href":"https:\/\/www.greenpeace.org\/colombia\/wp-json\/wp\/v2\/posts\/1981\/revisions"}],"predecessor-version":[{"id":5631,"href":"https:\/\/www.greenpeace.org\/colombia\/wp-json\/wp\/v2\/posts\/1981\/revisions\/5631"}],"wp:featuredmedia":[{"embeddable":true,"href":"https:\/\/www.greenpeace.org\/colombia\/wp-json\/wp\/v2\/media\/1891"}],"wp:attachment":[{"href":"https:\/\/www.greenpeace.org\/colombia\/wp-json\/wp\/v2\/media?parent=1981"}],"wp:term":[{"taxonomy":"category","embeddable":true,"href":"https:\/\/www.greenpeace.org\/colombia\/wp-json\/wp\/v2\/categories?post=1981"},{"taxonomy":"post_tag","embeddable":true,"href":"https:\/\/www.greenpeace.org\/colombia\/wp-json\/wp\/v2\/tags?post=1981"},{"taxonomy":"p4-page-type","embeddable":true,"href":"https:\/\/www.greenpeace.org\/colombia\/wp-json\/wp\/v2\/p4-page-type?post=1981"}],"curies":[{"name":"wp","href":"https:\/\/api.w.org\/{rel}","templated":true}]}}