{"id":2047,"date":"2019-09-25T14:04:35","date_gmt":"2019-09-25T14:04:35","guid":{"rendered":"https:\/\/www.greenpeace.org\/colombia\/?p=2047"},"modified":"2021-12-01T12:26:16","modified_gmt":"2021-12-01T12:26:16","slug":"mas-de-100-cientificos-remarcan-la-urgencia-por-la-proteccion-de-los-oceanos","status":"publish","type":"post","link":"https:\/\/www.greenpeace.org\/colombia\/noticia\/campanas\/oceanos\/mas-de-100-cientificos-remarcan-la-urgencia-por-la-proteccion-de-los-oceanos\/","title":{"rendered":"M\u00e1s de 100 cient\u00edficos remarcan la urgencia por la protecci\u00f3n de los oc\u00e9anos"},"content":{"rendered":"<p dir=\"ltr\"><img loading=\"lazy\" decoding=\"async\" class=\"aligncenter size-large wp-image-2048\" src=\"https:\/\/www.greenpeace.org\/static\/planet4-colombia-stateless\/2019\/09\/6dbca5cd-826e3ebf-gp0sttcf5_pressmedia-1024x575-1024x575.jpg\" alt=\"\" width=\"1024\" height=\"575\" srcset=\"https:\/\/www.greenpeace.org\/static\/planet4-colombia-stateless\/2019\/09\/6dbca5cd-826e3ebf-gp0sttcf5_pressmedia-1024x575.jpg 1024w, https:\/\/www.greenpeace.org\/static\/planet4-colombia-stateless\/2019\/09\/6dbca5cd-826e3ebf-gp0sttcf5_pressmedia-1024x575-300x168.jpg 300w, https:\/\/www.greenpeace.org\/static\/planet4-colombia-stateless\/2019\/09\/6dbca5cd-826e3ebf-gp0sttcf5_pressmedia-1024x575-768x431.jpg 768w, https:\/\/www.greenpeace.org\/static\/planet4-colombia-stateless\/2019\/09\/6dbca5cd-826e3ebf-gp0sttcf5_pressmedia-1024x575-510x286.jpg 510w\" sizes=\"auto, (max-width: 1024px) 100vw, 1024px\" \/><\/p>\n<p dir=\"ltr\">Seg\u00fan el \u00faltimo lanzamiento del <a href=\"https:\/\/storage.googleapis.com\/planet4-argentina-stateless\/2019\/09\/e9a50a35-pcc-srocc-approved-summary-for-policymakers.pdf\" target=\"_blank\" rel=\"noopener noreferrer\" data-saferedirecturl=\"https:\/\/www.google.com\/url?q=https:\/\/storage.googleapis.com\/planet4-argentina-stateless\/2019\/09\/e9a50a35-pcc-srocc-approved-summary-for-policymakers.pdf&amp;source=gmail&amp;ust=1569506507029000&amp;usg=AFQjCNFq8LRZZSP2nDMlrbtHLl1h0wrWww\">informe del Panel Intergubernamental del Cambio Clim\u00e1tico<\/a> (IPCC, por sus siglas en ingl\u00e9s), los gobiernos deben tomar acciones urgentes para abordar la emergencia clim\u00e1tica y proteger los oc\u00e9anos del mundo.<\/p>\n<p dir=\"ltr\">El informe, escrito por m\u00e1s de cien cient\u00edfico clim\u00e1ticos, basado en casi 7 mil documentos, representa la evaluaci\u00f3n m\u00e1s completa al d\u00eda de hoy, donde se expone la gravedad de los impactos clim\u00e1ticos por los que atraviesan los oc\u00e9anos y la criosfera (\u00e1reas congeladas de la Tierra).<\/p>\n<p dir=\"ltr\">El aumento del nivel del mar a un metro para el a\u00f1o 2100, la p\u00e9rdida de hasta el 90% de los arrecifes de coral de las aguas c\u00e1lidas del planeta y mayor frecuencia de hasta 50 veces las olas de calor marinas a finales de este siglo, son alguna de las consecuencias que remarca el informe. (1)<\/p>\n<p dir=\"ltr\">Seg\u00fan Luisina Vueso, coordinadora de la campa\u00f1a de Oc\u00e9anos de Greenpeace, \u201ctanto las acciones clim\u00e1ticas como la resiliencia de nuestros oc\u00e9anos deben ir de la mano.\u00a0 Los gobiernos deben trabajar en medidas concretas que les permitan abandonar los combustibles f\u00f3siles y presentar planes nacionales para mantener por debajo de 1,5\u00b0C en los pr\u00f3ximos a\u00f1os la temperatura, seg\u00fan el compromiso hecho en el Acuerdo de Par\u00eds. Adem\u00e1s, \u00e9stos deben acordar en las Naciones Unidas un Tratado Oce\u00e1nico Global fuerte capaz de proteger al menos el 30% de los oc\u00e9anos del mundo a trav\u00e9s de una red de santuarios marinos\u201d.<\/p>\n<p dir=\"ltr\">Asimismo, el IPCC presenta soluciones a trav\u00e9s de pol\u00edticas que ayuden a los gobiernos a mitigar los peores impactos del calentamiento global. Adem\u00e1s, resalta los desaf\u00edos que enfrentan los oc\u00e9anos ya que sus sistemas de gobernanza cuentan con tantas barreras, sin permitir protecci\u00f3n efectiva.<\/p>\n<p dir=\"ltr\">\u201cEste informe es otro llamado de atenci\u00f3n para los gobiernos que duermen durante la crisis clim\u00e1tica.\u00a0 Necesitamos que haya un compromiso en serio para abordar la emergencia clim\u00e1tica de nuestros oc\u00e9anos, los pa\u00edses representados en la ONU deben lograr firmar un Tratado Oce\u00e1nico Global para proteger nuestros oc\u00e9anos en abril del pr\u00f3ximo a\u00f1o\u201d, sostuvo Vueso.<\/p>\n<p>&nbsp;<\/p>\n<p dir=\"ltr\">Notas:<\/p>\n<ol>\n<li>\n<p dir=\"ltr\">-Ese aumento del nivel del mar para 2100 podr\u00eda estar cerca de un metro si el calentamiento global excede los 3\u00b0C, que es hacia donde se dirigen las pol\u00edticas actuales de los gobiernos del mundo. Esto podr\u00eda provocar el desplazamiento de millones de personas de las zonas costeras.<\/p>\n<\/li>\n<\/ol>\n<p dir=\"ltr\">&#8211; A medida que aumentan las temperaturas de la superficie del mar y los oc\u00e9anos se vuelven m\u00e1s \u00e1cidos, la vida marina y los ecosistemas oce\u00e1nicos sufrir\u00e1n grandes desaf\u00edos. Incluso si el calentamiento global se limita al objetivo acordado de 1.5\u00b0C, se proyecta que se perder\u00e1 hasta el 90% de los arrecifes de coral de aguas c\u00e1lidas.<\/p>\n<p dir=\"ltr\">-El deshielo generalizado del permafrost se proyecta para este siglo. El permafrost \u00e1rtico y sub\u00e1rtico contiene 1460-1600 gigatoneladas de carbono org\u00e1nico, equivalente a casi el doble del carbono que hay actualmente en la atm\u00f3sfera.<\/p>\n<p dir=\"ltr\">-A finales de este siglo, la frecuencia de las olas de calor marinas podr\u00eda aumentar 50 veces (con aumentos de temperatura de 3-5\u2103) en comparaci\u00f3n con el final del siglo XIX.<\/p>\n<p>&nbsp;<\/p>\n<ol start=\"2\">\n<li>\n<p dir=\"ltr\">El<a href=\"https:\/\/nsidc.org\/news\/newsroom\/arctic-sea-ice-minimum-extent-2019\" target=\"_blank\" rel=\"noopener noreferrer\" data-saferedirecturl=\"https:\/\/www.google.com\/url?q=https:\/\/nsidc.org\/news\/newsroom\/arctic-sea-ice-minimum-extent-2019&amp;source=gmail&amp;ust=1569506507029000&amp;usg=AFQjCNFwW4EQkG9iTodGwPqPTdTfsWVH5w\"> Centro Nacional de Datos de Nieve y Hielo<\/a> acaba de anunciar la extensi\u00f3n m\u00ednima del hielo marino del \u00c1rtico para 2019. Tiene 4,15 millones de kil\u00f3metros cuadrados (1,6 millones de millas cuadradas).<\/p>\n<\/li>\n<\/ol>\n<div><\/div>\n<p>&nbsp;<\/p>\n\t\t\t<section\n\t\t\tclass=\"boxout post-1372 \"\n\t\t\t\n\t\t>\n\t\t\t<a\n\t\t\t\tdata-ga-category=\"Take Action Boxout\"\n\t\t\t\tdata-ga-action=\"Image\"\n\t\t\t\tdata-ga-label=\"n\/a\"\n\t\t\t\tclass=\"cover-card-overlay\"\n\t\t\t\thref=\"https:\/\/www.greenpeace.org\/colombia\/protege-los-oceanos-del-mundo\/\" \n\t\t\t><\/a>\n\t\t\t\t\t\t\t<img\n\t\t\t\t\t\tsrc=\"https:\/\/www.greenpeace.org\/static\/planet4-colombia-stateless\/2020\/01\/86f18a86-oceanos-1024x597.jpg\"\n\t\t\t\t\t\tsrcset=\"https:\/\/www.greenpeace.org\/static\/planet4-colombia-stateless\/2020\/01\/86f18a86-oceanos-300x175.jpg 300w, https:\/\/www.greenpeace.org\/static\/planet4-colombia-stateless\/2020\/01\/86f18a86-oceanos-1024x597.jpg 1024w, https:\/\/www.greenpeace.org\/static\/planet4-colombia-stateless\/2020\/01\/86f18a86-oceanos-768x448.jpg 768w, https:\/\/www.greenpeace.org\/static\/planet4-colombia-stateless\/2020\/01\/86f18a86-oceanos-1536x895.jpg 1536w, https:\/\/www.greenpeace.org\/static\/planet4-colombia-stateless\/2020\/01\/86f18a86-oceanos-2048x1194.jpg 2048w, https:\/\/www.greenpeace.org\/static\/planet4-colombia-stateless\/2020\/01\/86f18a86-oceanos-510x297.jpg 510w\"\n\t\t\t\t\t\tsizes=\"(min-width: 1000px) 358px, (min-width: 780px) 313px, 88px\"\n\t\t\t\t\t\talt=\"\" title=\"\"\n\t\t\t\t\/>\n            \t\t\t<div class=\"boxout-content\">\n\t\t\t\t\t\t\t\t\t<a\n\t\t\t\t\t\tclass=\"boxout-heading medium\"\n\t\t\t\t\t\tdata-ga-category=\"Take Action Boxout\"\n\t\t\t\t\t\tdata-ga-action=\"Title\"\n\t\t\t\t\t\tdata-ga-label=\"n\/a\"\n\t\t\t\t\t\thref=\"https:\/\/www.greenpeace.org\/colombia\/protege-los-oceanos-del-mundo\/\"\n\t\t\t\t\t\t\n\t\t\t\t\t>\n\t\t\t\t\t\tProtege los oc\u00e9anos del mundo\n\t\t\t\t\t<\/a>\n\t\t\t\t\t\t\t\t                                    <a\n                        class=\"btn btn-primary\"\n                        data-ga-category=\"Take Action Boxout\"\n                        data-ga-action=\"Call to Action\"\n                        data-ga-label=\"n\/a\"\n                        href=\"https:\/\/www.greenpeace.org\/colombia\/protege-los-oceanos-del-mundo\/\"\n                        \n                    >\n                        Invol\u00facrate\n                    <\/a>\n                \t\t\t<\/div>\n\t\t\t\t\t<\/section>\n\t","protected":false},"excerpt":{"rendered":"<p>Seg\u00fan el \u00faltimo lanzamiento del informe del Panel Intergubernamental del Cambio Clim\u00e1tico (IPCC, por sus siglas en ingl\u00e9s), los gobiernos deben tomar acciones urgentes para abordar la emergencia clim\u00e1tica y&hellip;<\/p>\n","protected":false},"author":23,"featured_media":2048,"comment_status":"closed","ping_status":"open","sticky":false,"template":"","format":"standard","meta":{"ep_exclude_from_search":false,"p4_og_title":"","p4_og_description":"","p4_og_image":"","p4_og_image_id":"","p4_seo_canonical_url":"","p4_campaign_name":"not set","p4_local_project":"","p4_basket_name":"not set","p4_department":"","footnotes":""},"categories":[4],"tags":[36],"p4-page-type":[16],"class_list":["post-2047","post","type-post","status-publish","format-standard","has-post-thumbnail","hentry","category-oceanos","tag-santuariosmarinos","p4-page-type-noticia"],"_links":{"self":[{"href":"https:\/\/www.greenpeace.org\/colombia\/wp-json\/wp\/v2\/posts\/2047","targetHints":{"allow":["GET"]}}],"collection":[{"href":"https:\/\/www.greenpeace.org\/colombia\/wp-json\/wp\/v2\/posts"}],"about":[{"href":"https:\/\/www.greenpeace.org\/colombia\/wp-json\/wp\/v2\/types\/post"}],"author":[{"embeddable":true,"href":"https:\/\/www.greenpeace.org\/colombia\/wp-json\/wp\/v2\/users\/23"}],"replies":[{"embeddable":true,"href":"https:\/\/www.greenpeace.org\/colombia\/wp-json\/wp\/v2\/comments?post=2047"}],"version-history":[{"count":3,"href":"https:\/\/www.greenpeace.org\/colombia\/wp-json\/wp\/v2\/posts\/2047\/revisions"}],"predecessor-version":[{"id":5625,"href":"https:\/\/www.greenpeace.org\/colombia\/wp-json\/wp\/v2\/posts\/2047\/revisions\/5625"}],"wp:featuredmedia":[{"embeddable":true,"href":"https:\/\/www.greenpeace.org\/colombia\/wp-json\/wp\/v2\/media\/2048"}],"wp:attachment":[{"href":"https:\/\/www.greenpeace.org\/colombia\/wp-json\/wp\/v2\/media?parent=2047"}],"wp:term":[{"taxonomy":"category","embeddable":true,"href":"https:\/\/www.greenpeace.org\/colombia\/wp-json\/wp\/v2\/categories?post=2047"},{"taxonomy":"post_tag","embeddable":true,"href":"https:\/\/www.greenpeace.org\/colombia\/wp-json\/wp\/v2\/tags?post=2047"},{"taxonomy":"p4-page-type","embeddable":true,"href":"https:\/\/www.greenpeace.org\/colombia\/wp-json\/wp\/v2\/p4-page-type?post=2047"}],"curies":[{"name":"wp","href":"https:\/\/api.w.org\/{rel}","templated":true}]}}